{"id":26548,"date":"2009-04-01T03:00:00","date_gmt":"2009-04-01T06:00:00","guid":{"rendered":"https:\/\/clam.org.br\/en\/2009\/04\/01\/o-rei-momo-e-o-arco-iris-homossexualidade-e-carnaval-no-rio-de-janeiro\/"},"modified":"2023-05-29T10:35:09","modified_gmt":"2023-05-29T13:35:09","slug":"o-rei-momo-e-o-arco-iris-homossexualidade-e-carnaval-no-rio-de-janeiro","status":"publish","type":"post","link":"https:\/\/clam.org.br\/en\/books\/o-rei-momo-e-o-arco-iris-homossexualidade-e-carnaval-no-rio-de-janeiro\/26548\/","title":{"rendered":"King Momo and the Rainbow: Homosexuality and Carnival in Rio de Janeiro"},"content":{"rendered":"\t\t<div data-elementor-type=\"wp-post\" data-elementor-id=\"26548\" class=\"elementor elementor-26548\">\n\t\t\t\t\t\t<section class=\"elementor-section elementor-top-section elementor-element elementor-element-4b55f345 elementor-section-boxed elementor-section-height-default elementor-section-height-default\" data-id=\"4b55f345\" data-element_type=\"section\" data-e-type=\"section\">\n\t\t\t\t\t\t<div class=\"elementor-container elementor-column-gap-default\">\n\t\t\t\t\t<div class=\"elementor-column elementor-col-100 elementor-top-column elementor-element elementor-element-539c4499\" data-id=\"539c4499\" data-element_type=\"column\" data-e-type=\"column\">\n\t\t\t<div class=\"elementor-widget-wrap elementor-element-populated\">\n\t\t\t\t\t\t<div class=\"elementor-element elementor-element-94abeed elementor-absolute elementor-widget elementor-widget-image\" data-id=\"94abeed\" data-element_type=\"widget\" data-e-type=\"widget\" data-settings=\"{&quot;_position&quot;:&quot;absolute&quot;}\" data-widget_type=\"image.default\">\n\t\t\t\t<div class=\"elementor-widget-container\">\n\t\t\t\t\t\t\t\t\t\t\t\t\t\t\t<img fetchpriority=\"high\" decoding=\"async\" width=\"669\" height=\"1024\" src=\"https:\/\/i0.wp.com\/clam.org.br\/en\/wp-content\/uploads\/sites\/2\/2023\/05\/9788575112632-1200x1799-1-3.jpg?fit=669%2C1024&amp;ssl=1\" class=\"attachment-large size-large wp-image-26549\" alt=\"\" srcset=\"https:\/\/i0.wp.com\/clam.org.br\/en\/wp-content\/uploads\/sites\/2\/2023\/05\/9788575112632-1200x1799-1-3.jpg?w=1143&amp;ssl=1 1143w, https:\/\/i0.wp.com\/clam.org.br\/en\/wp-content\/uploads\/sites\/2\/2023\/05\/9788575112632-1200x1799-1-3.jpg?resize=196%2C300&amp;ssl=1 196w, https:\/\/i0.wp.com\/clam.org.br\/en\/wp-content\/uploads\/sites\/2\/2023\/05\/9788575112632-1200x1799-1-3.jpg?resize=669%2C1024&amp;ssl=1 669w, https:\/\/i0.wp.com\/clam.org.br\/en\/wp-content\/uploads\/sites\/2\/2023\/05\/9788575112632-1200x1799-1-3.jpg?resize=768%2C1176&amp;ssl=1 768w, https:\/\/i0.wp.com\/clam.org.br\/en\/wp-content\/uploads\/sites\/2\/2023\/05\/9788575112632-1200x1799-1-3.jpg?resize=1003%2C1536&amp;ssl=1 1003w, https:\/\/i0.wp.com\/clam.org.br\/en\/wp-content\/uploads\/sites\/2\/2023\/05\/9788575112632-1200x1799-1-3.jpg?resize=523%2C800&amp;ssl=1 523w, https:\/\/i0.wp.com\/clam.org.br\/en\/wp-content\/uploads\/sites\/2\/2023\/05\/9788575112632-1200x1799-1-3.jpg?resize=424%2C649&amp;ssl=1 424w\" sizes=\"(max-width: 669px) 100vw, 669px\" \/>\t\t\t\t\t\t\t\t\t\t\t\t\t\t\t<\/div>\n\t\t\t\t<\/div>\n\t\t\t\t<div class=\"elementor-element elementor-element-728641e3 elementor-widget elementor-widget-text-editor\" data-id=\"728641e3\" data-element_type=\"widget\" data-e-type=\"widget\" data-widget_type=\"text-editor.default\">\n\t\t\t\t<div class=\"elementor-widget-container\">\n\t\t\t\t\t\t\t\t\t<ul>\n<li><strong>Author:<\/strong> Fabiano Gontijo<\/li>\n<li><span class=\"a-list-item\"><span class=\"a-text-bold\"><strong>ISBN-10 \u200f :<\/strong> \u200e\u00a0<\/span>8576171562<\/span><\/li>\n<li><span class=\"a-list-item\"><span class=\"a-text-bold\"><strong>ISBN-13 \u200f :<\/strong> \u200e\u00a0<\/span>978-8576171560<\/span><\/li>\n<\/ul>\n<p id=\"tw-target-text\" class=\"tw-data-text tw-text-large tw-ta\" dir=\"ltr\" data-placeholder=\"Tradu\u00e7\u00e3o\"><span class=\"Y2IQFc\" lang=\"en\">Homosexuality and Aids are the themes that Fabiano Gontijo addresses in this thought-provoking work. Without losing the grace, passion and rigor that such themes demand, Fabiano invites the reader on a journey through the Carioca Carnival and the homosexualities that have inhabited it throughout history. Through Anthropology and Social Sciences, the author presents how theory and field study can dialogue in the construction of a vigorous analysis on how homosexual identities are reconceptualized in interaction with the social dynamics of Carnival.<\/span><\/p>\n<p align=\"right\">\u00a0<\/p>\n\n\n<div class=\"wp-block-buttons is-layout-flex wp-block-buttons-is-layout-flex\">\n<div class=\"wp-block-button\"><a class=\"wp-block-button__link has-ast-global-color-2-color has-ast-global-color-0-background-color has-text-color has-background wp-element-button\" href=\"https:\/\/www.amazon.com.br\/Momo-%C3%8Dris-Homossexualidade-Carnaval-Janeiro\/dp\/8576171562\" target=\"_blank\" rel=\"noreferrer noopener\">Buy Here<\/a><\/div>\n<\/div>\n\t\t\t\t\t\t\t\t<\/div>\n\t\t\t\t<\/div>\n\t\t\t\t\t<\/div>\n\t\t<\/div>\n\t\t\t\t\t<\/div>\n\t\t<\/section>\n\t\t\t\t<\/div>\n\t\t","protected":false},"excerpt":{"rendered":"<p>Carnaval, homossexualidade e Aids s\u00e3o os temas que Fabiano Gontijo aborda neste instigante trabalho. Sem perder a gra\u00e7a, a paix\u00e3o e o rigor que tais temas demandam, Fabiano convida o leitor a uma viagem pelo Carnaval carioca e pelas homossexualidades que nele habitaram ao longo da Hist\u00f3ria.<\/p>\n","protected":false},"author":1,"featured_media":26549,"comment_status":"open","ping_status":"open","sticky":false,"template":"","format":"standard","meta":{"_acf_changed":false,"site-sidebar-layout":"default","site-content-layout":"default","ast-global-header-display":"","ast-main-header-display":"","ast-hfb-above-header-display":"","ast-hfb-below-header-display":"","ast-hfb-mobile-header-display":"","site-post-title":"","ast-breadcrumbs-content":"","ast-featured-img":"","footer-sml-layout":"","theme-transparent-header-meta":"","adv-header-id-meta":"","stick-header-meta":"","header-above-stick-meta":"","header-main-stick-meta":"","header-below-stick-meta":"","_jetpack_memberships_contains_paid_content":false,"footnotes":""},"categories":[12,14],"tags":[17],"class_list":["post-26548","post","type-post","status-publish","format-standard","has-post-thumbnail","hentry","category-books","category-sexualidade-e-cultura-livros","tag-n"],"acf":[],"yoast_head":"<!-- This site is optimized with the Yoast SEO plugin v26.1.1 - https:\/\/yoast.com\/wordpress\/plugins\/seo\/ -->\n<title>King Momo and the Rainbow: Homosexuality and Carnival in Rio de Janeiro - CLAM - EN<\/title>\n<meta name=\"robots\" content=\"index, follow, max-snippet:-1, max-image-preview:large, max-video-preview:-1\" \/>\n<link rel=\"canonical\" href=\"https:\/\/clam.org.br\/en\/books\/o-rei-momo-e-o-arco-iris-homossexualidade-e-carnaval-no-rio-de-janeiro\/26548\/\" \/>\n<meta property=\"og:locale\" content=\"en_US\" \/>\n<meta property=\"og:type\" content=\"article\" \/>\n<meta property=\"og:title\" content=\"King Momo and the Rainbow: Homosexuality and Carnival in Rio de Janeiro - CLAM - EN\" \/>\n<meta property=\"og:description\" content=\"Carnaval, homossexualidade e Aids s\u00e3o os temas que Fabiano Gontijo aborda neste instigante trabalho. Sem perder a gra\u00e7a, a paix\u00e3o e o rigor que tais temas demandam, Fabiano convida o leitor a uma viagem pelo Carnaval carioca e pelas homossexualidades que nele habitaram ao longo da Hist\u00f3ria.\" \/>\n<meta property=\"og:url\" content=\"https:\/\/clam.org.br\/en\/books\/o-rei-momo-e-o-arco-iris-homossexualidade-e-carnaval-no-rio-de-janeiro\/26548\/\" \/>\n<meta property=\"og:site_name\" content=\"CLAM - EN\" \/>\n<meta property=\"article:published_time\" content=\"2009-04-01T06:00:00+00:00\" \/>\n<meta property=\"article:modified_time\" content=\"2023-05-29T13:35:09+00:00\" \/>\n<meta property=\"og:image\" content=\"https:\/\/i0.wp.com\/clam.org.br\/en\/wp-content\/uploads\/sites\/2\/2023\/05\/9788575112632-1200x1799-1-3.jpg?fit=1143%2C1750&ssl=1\" \/>\n\t<meta property=\"og:image:width\" content=\"1143\" \/>\n\t<meta property=\"og:image:height\" content=\"1750\" \/>\n\t<meta property=\"og:image:type\" content=\"image\/jpeg\" \/>\n<meta name=\"author\" content=\"fw2\" \/>\n<meta name=\"twitter:card\" content=\"summary_large_image\" \/>\n<meta name=\"twitter:label1\" content=\"Written by\" \/>\n\t<meta name=\"twitter:data1\" content=\"fw2\" \/>\n\t<meta name=\"twitter:label2\" content=\"Est. reading time\" \/>\n\t<meta name=\"twitter:data2\" content=\"1 minute\" \/>\n<script type=\"application\/ld+json\" class=\"yoast-schema-graph\">{\"@context\":\"https:\/\/schema.org\",\"@graph\":[{\"@type\":\"WebPage\",\"@id\":\"https:\/\/clam.org.br\/en\/books\/o-rei-momo-e-o-arco-iris-homossexualidade-e-carnaval-no-rio-de-janeiro\/26548\/\",\"url\":\"https:\/\/clam.org.br\/en\/books\/o-rei-momo-e-o-arco-iris-homossexualidade-e-carnaval-no-rio-de-janeiro\/26548\/\",\"name\":\"King Momo and the Rainbow: Homosexuality and Carnival in Rio de Janeiro - CLAM - EN\",\"isPartOf\":{\"@id\":\"https:\/\/clam.org.br\/en\/#website\"},\"primaryImageOfPage\":{\"@id\":\"https:\/\/clam.org.br\/en\/books\/o-rei-momo-e-o-arco-iris-homossexualidade-e-carnaval-no-rio-de-janeiro\/26548\/#primaryimage\"},\"image\":{\"@id\":\"https:\/\/clam.org.br\/en\/books\/o-rei-momo-e-o-arco-iris-homossexualidade-e-carnaval-no-rio-de-janeiro\/26548\/#primaryimage\"},\"thumbnailUrl\":\"https:\/\/i0.wp.com\/clam.org.br\/en\/wp-content\/uploads\/sites\/2\/2023\/05\/9788575112632-1200x1799-1-3.jpg?fit=1143%2C1750&ssl=1\",\"datePublished\":\"2009-04-01T06:00:00+00:00\",\"dateModified\":\"2023-05-29T13:35:09+00:00\",\"author\":{\"@id\":\"https:\/\/clam.org.br\/en\/#\/schema\/person\/fbd9a86032bf7479f94b0ded196f1010\"},\"breadcrumb\":{\"@id\":\"https:\/\/clam.org.br\/en\/books\/o-rei-momo-e-o-arco-iris-homossexualidade-e-carnaval-no-rio-de-janeiro\/26548\/#breadcrumb\"},\"inLanguage\":\"en-US\",\"potentialAction\":[{\"@type\":\"ReadAction\",\"target\":[\"https:\/\/clam.org.br\/en\/books\/o-rei-momo-e-o-arco-iris-homossexualidade-e-carnaval-no-rio-de-janeiro\/26548\/\"]}]},{\"@type\":\"ImageObject\",\"inLanguage\":\"en-US\",\"@id\":\"https:\/\/clam.org.br\/en\/books\/o-rei-momo-e-o-arco-iris-homossexualidade-e-carnaval-no-rio-de-janeiro\/26548\/#primaryimage\",\"url\":\"https:\/\/i0.wp.com\/clam.org.br\/en\/wp-content\/uploads\/sites\/2\/2023\/05\/9788575112632-1200x1799-1-3.jpg?fit=1143%2C1750&ssl=1\",\"contentUrl\":\"https:\/\/i0.wp.com\/clam.org.br\/en\/wp-content\/uploads\/sites\/2\/2023\/05\/9788575112632-1200x1799-1-3.jpg?fit=1143%2C1750&ssl=1\",\"width\":1143,\"height\":1750},{\"@type\":\"BreadcrumbList\",\"@id\":\"https:\/\/clam.org.br\/en\/books\/o-rei-momo-e-o-arco-iris-homossexualidade-e-carnaval-no-rio-de-janeiro\/26548\/#breadcrumb\",\"itemListElement\":[{\"@type\":\"ListItem\",\"position\":1,\"name\":\"Home\",\"item\":\"https:\/\/clam.org.br\/en\/\"},{\"@type\":\"ListItem\",\"position\":2,\"name\":\"King Momo and the Rainbow: Homosexuality and Carnival in Rio de Janeiro\"}]},{\"@type\":\"WebSite\",\"@id\":\"https:\/\/clam.org.br\/en\/#website\",\"url\":\"https:\/\/clam.org.br\/en\/\",\"name\":\"CLAM - EN\",\"description\":\"S\u00f3 mais um site CLAM - Centro Latino-Americano em Sexualidade e Direitos Humanos sites\",\"potentialAction\":[{\"@type\":\"SearchAction\",\"target\":{\"@type\":\"EntryPoint\",\"urlTemplate\":\"https:\/\/clam.org.br\/en\/?s={search_term_string}\"},\"query-input\":{\"@type\":\"PropertyValueSpecification\",\"valueRequired\":true,\"valueName\":\"search_term_string\"}}],\"inLanguage\":\"en-US\"},{\"@type\":\"Person\",\"@id\":\"https:\/\/clam.org.br\/en\/#\/schema\/person\/fbd9a86032bf7479f94b0ded196f1010\",\"name\":\"fw2\",\"image\":{\"@type\":\"ImageObject\",\"inLanguage\":\"en-US\",\"@id\":\"https:\/\/clam.org.br\/en\/#\/schema\/person\/image\/\",\"url\":\"https:\/\/secure.gravatar.com\/avatar\/c38472c0cdbde82d9b6fcc26adb3779d?s=96&d=mm&r=g\",\"contentUrl\":\"https:\/\/secure.gravatar.com\/avatar\/c38472c0cdbde82d9b6fcc26adb3779d?s=96&d=mm&r=g\",\"caption\":\"fw2\"},\"sameAs\":[\"https:\/\/clam.fw2web.com.br\"],\"url\":\"https:\/\/clam.org.br\/en\/author\/fw2\/\"}]}<\/script>\n<!-- \/ Yoast SEO plugin. -->","yoast_head_json":{"title":"King Momo and the Rainbow: Homosexuality and Carnival in Rio de Janeiro - CLAM - EN","robots":{"index":"index","follow":"follow","max-snippet":"max-snippet:-1","max-image-preview":"max-image-preview:large","max-video-preview":"max-video-preview:-1"},"canonical":"https:\/\/clam.org.br\/en\/books\/o-rei-momo-e-o-arco-iris-homossexualidade-e-carnaval-no-rio-de-janeiro\/26548\/","og_locale":"en_US","og_type":"article","og_title":"King Momo and the Rainbow: Homosexuality and Carnival in Rio de Janeiro - CLAM - EN","og_description":"Carnaval, homossexualidade e Aids s\u00e3o os temas que Fabiano Gontijo aborda neste instigante trabalho. Sem perder a gra\u00e7a, a paix\u00e3o e o rigor que tais temas demandam, Fabiano convida o leitor a uma viagem pelo Carnaval carioca e pelas homossexualidades que nele habitaram ao longo da Hist\u00f3ria.","og_url":"https:\/\/clam.org.br\/en\/books\/o-rei-momo-e-o-arco-iris-homossexualidade-e-carnaval-no-rio-de-janeiro\/26548\/","og_site_name":"CLAM - EN","article_published_time":"2009-04-01T06:00:00+00:00","article_modified_time":"2023-05-29T13:35:09+00:00","og_image":[{"width":1143,"height":1750,"url":"https:\/\/i0.wp.com\/clam.org.br\/en\/wp-content\/uploads\/sites\/2\/2023\/05\/9788575112632-1200x1799-1-3.jpg?fit=1143%2C1750&ssl=1","type":"image\/jpeg"}],"author":"fw2","twitter_card":"summary_large_image","twitter_misc":{"Written by":"fw2","Est. reading time":"1 minute"},"schema":{"@context":"https:\/\/schema.org","@graph":[{"@type":"WebPage","@id":"https:\/\/clam.org.br\/en\/books\/o-rei-momo-e-o-arco-iris-homossexualidade-e-carnaval-no-rio-de-janeiro\/26548\/","url":"https:\/\/clam.org.br\/en\/books\/o-rei-momo-e-o-arco-iris-homossexualidade-e-carnaval-no-rio-de-janeiro\/26548\/","name":"King Momo and the Rainbow: Homosexuality and Carnival in Rio de Janeiro - CLAM - EN","isPartOf":{"@id":"https:\/\/clam.org.br\/en\/#website"},"primaryImageOfPage":{"@id":"https:\/\/clam.org.br\/en\/books\/o-rei-momo-e-o-arco-iris-homossexualidade-e-carnaval-no-rio-de-janeiro\/26548\/#primaryimage"},"image":{"@id":"https:\/\/clam.org.br\/en\/books\/o-rei-momo-e-o-arco-iris-homossexualidade-e-carnaval-no-rio-de-janeiro\/26548\/#primaryimage"},"thumbnailUrl":"https:\/\/i0.wp.com\/clam.org.br\/en\/wp-content\/uploads\/sites\/2\/2023\/05\/9788575112632-1200x1799-1-3.jpg?fit=1143%2C1750&ssl=1","datePublished":"2009-04-01T06:00:00+00:00","dateModified":"2023-05-29T13:35:09+00:00","author":{"@id":"https:\/\/clam.org.br\/en\/#\/schema\/person\/fbd9a86032bf7479f94b0ded196f1010"},"breadcrumb":{"@id":"https:\/\/clam.org.br\/en\/books\/o-rei-momo-e-o-arco-iris-homossexualidade-e-carnaval-no-rio-de-janeiro\/26548\/#breadcrumb"},"inLanguage":"en-US","potentialAction":[{"@type":"ReadAction","target":["https:\/\/clam.org.br\/en\/books\/o-rei-momo-e-o-arco-iris-homossexualidade-e-carnaval-no-rio-de-janeiro\/26548\/"]}]},{"@type":"ImageObject","inLanguage":"en-US","@id":"https:\/\/clam.org.br\/en\/books\/o-rei-momo-e-o-arco-iris-homossexualidade-e-carnaval-no-rio-de-janeiro\/26548\/#primaryimage","url":"https:\/\/i0.wp.com\/clam.org.br\/en\/wp-content\/uploads\/sites\/2\/2023\/05\/9788575112632-1200x1799-1-3.jpg?fit=1143%2C1750&ssl=1","contentUrl":"https:\/\/i0.wp.com\/clam.org.br\/en\/wp-content\/uploads\/sites\/2\/2023\/05\/9788575112632-1200x1799-1-3.jpg?fit=1143%2C1750&ssl=1","width":1143,"height":1750},{"@type":"BreadcrumbList","@id":"https:\/\/clam.org.br\/en\/books\/o-rei-momo-e-o-arco-iris-homossexualidade-e-carnaval-no-rio-de-janeiro\/26548\/#breadcrumb","itemListElement":[{"@type":"ListItem","position":1,"name":"Home","item":"https:\/\/clam.org.br\/en\/"},{"@type":"ListItem","position":2,"name":"King Momo and the Rainbow: Homosexuality and Carnival in Rio de Janeiro"}]},{"@type":"WebSite","@id":"https:\/\/clam.org.br\/en\/#website","url":"https:\/\/clam.org.br\/en\/","name":"CLAM - EN","description":"S\u00f3 mais um site CLAM - Centro Latino-Americano em Sexualidade e Direitos Humanos sites","potentialAction":[{"@type":"SearchAction","target":{"@type":"EntryPoint","urlTemplate":"https:\/\/clam.org.br\/en\/?s={search_term_string}"},"query-input":{"@type":"PropertyValueSpecification","valueRequired":true,"valueName":"search_term_string"}}],"inLanguage":"en-US"},{"@type":"Person","@id":"https:\/\/clam.org.br\/en\/#\/schema\/person\/fbd9a86032bf7479f94b0ded196f1010","name":"fw2","image":{"@type":"ImageObject","inLanguage":"en-US","@id":"https:\/\/clam.org.br\/en\/#\/schema\/person\/image\/","url":"https:\/\/secure.gravatar.com\/avatar\/c38472c0cdbde82d9b6fcc26adb3779d?s=96&d=mm&r=g","contentUrl":"https:\/\/secure.gravatar.com\/avatar\/c38472c0cdbde82d9b6fcc26adb3779d?s=96&d=mm&r=g","caption":"fw2"},"sameAs":["https:\/\/clam.fw2web.com.br"],"url":"https:\/\/clam.org.br\/en\/author\/fw2\/"}]}},"jetpack_featured_media_url":"https:\/\/i0.wp.com\/clam.org.br\/en\/wp-content\/uploads\/sites\/2\/2023\/05\/9788575112632-1200x1799-1-3.jpg?fit=1143%2C1750&ssl=1","jetpack_sharing_enabled":true,"jetpack_likes_enabled":false,"_links":{"self":[{"href":"https:\/\/clam.org.br\/en\/wp-json\/wp\/v2\/posts\/26548","targetHints":{"allow":["GET"]}}],"collection":[{"href":"https:\/\/clam.org.br\/en\/wp-json\/wp\/v2\/posts"}],"about":[{"href":"https:\/\/clam.org.br\/en\/wp-json\/wp\/v2\/types\/post"}],"author":[{"embeddable":true,"href":"https:\/\/clam.org.br\/en\/wp-json\/wp\/v2\/users\/1"}],"replies":[{"embeddable":true,"href":"https:\/\/clam.org.br\/en\/wp-json\/wp\/v2\/comments?post=26548"}],"version-history":[{"count":4,"href":"https:\/\/clam.org.br\/en\/wp-json\/wp\/v2\/posts\/26548\/revisions"}],"predecessor-version":[{"id":26804,"href":"https:\/\/clam.org.br\/en\/wp-json\/wp\/v2\/posts\/26548\/revisions\/26804"}],"wp:featuredmedia":[{"embeddable":true,"href":"https:\/\/clam.org.br\/en\/wp-json\/wp\/v2\/media\/26549"}],"wp:attachment":[{"href":"https:\/\/clam.org.br\/en\/wp-json\/wp\/v2\/media?parent=26548"}],"wp:term":[{"taxonomy":"category","embeddable":true,"href":"https:\/\/clam.org.br\/en\/wp-json\/wp\/v2\/categories?post=26548"},{"taxonomy":"post_tag","embeddable":true,"href":"https:\/\/clam.org.br\/en\/wp-json\/wp\/v2\/tags?post=26548"}],"curies":[{"name":"wp","href":"https:\/\/api.w.org\/{rel}","templated":true}]}}