{"id":27185,"date":"2024-10-24T11:58:35","date_gmt":"2024-10-24T14:58:35","guid":{"rendered":"https:\/\/clam.org.br\/en\/?p=27185"},"modified":"2024-10-24T12:19:53","modified_gmt":"2024-10-24T15:19:53","slug":"clam-20-years-international-seminar-a-memory-of-the-formation-of-a-field-of-studies-on-sexuality-and-human-rights-in-brazil-and-latin-america","status":"publish","type":"post","link":"https:\/\/clam.org.br\/en\/highlights\/clam-20-years-international-seminar-a-memory-of-the-formation-of-a-field-of-studies-on-sexuality-and-human-rights-in-brazil-and-latin-america\/27185\/","title":{"rendered":"CLAM 20 YEARS International Seminar: a memory of the formation of a field of studies on sexuality and human rights in Brazil and Latin America"},"content":{"rendered":"\n<p>June 6 and 7, 2024<\/p>\n\n\n\n<p>IMS\/UERJ (Maracan\u00e3 campus)<\/p>\n\n\n\n<p>Broadcast: youtube.com\/@ppgscimsuerj<\/p>\n\n\n\n<p>The Latin American Center for Sexuality and Human Rights (CLAM\/IMS\/UERJ) invited colleagues, friends, and collaborators to the international seminar \u201cCLAM 20 YEARS: a memory of the formation of a field of studies on sexuality and human rights in Brazil and Latin America\u201d.<\/p>\n\n\n\n<p>Over the course of two days, the seminar examined the trajectory and future perspectives of studies on gender and sexuality in Brazil and Latin America. The changes that took place in the socio-political context in which CLAM&#8217;s work was developed were addressed, as well as the historical and institutional conditions that made possible the formation of a field of studies on gender, rights, and sexual politics in the social and human sciences of Brazil and Latin America.<\/p>\n\n\n\n<p>CLAM, linked to the Institute of Social Medicine at UERJ, was created in 2002. Throughout its history, it has fostered debates on gender, sexuality, health and human rights, contributing to the reduction of gender inequalities and the fight against discrimination against sexual and ethnic-racial minorities. Its activities include the production, organization and dissemination of knowledge on gender, sexuality and rights from the perspective of social sciences. Since its inception, CLAM has stimulated national and international dialogue in civil society and in the institutional public sphere, contributing to the training and information of activists, scholars, public policy makers, health professionals, educators and legal practitioners, among others, on these topics.<\/p>\n\n\n\n<p>The event was held in person at the Institute of Social Medicine at UERJ, with online transmission, thus enabling remote monitoring. The seminar included an opening conference, three thematic panels and a closing conference, all with the participation of both Brazilian and international researchers and CLAM researchers. We counted an audience of 140 participants, including students, researchers and other interested parties, in person, and 200 online throughout the event.<\/p>\n\n\n\n<p>Participation certificates were issued to the listeners.<\/p>\n\n\n\n<p>A commemorative volume developed from the reflections and debates of the seminar is planned to be published.<\/p>\n\n\n\n<p>To read this news in Spanish, click here.<\/p>\n\n\n\n<p>Access the photos of the seminar here.<\/p>\n\n\n\n<p>June 6 and 7, 2024, from 9:30 am to 6:00 pm.<\/p>\n\n\n\n<p>IMS\/UERJ Auditorium \u2013 6th floor, block E, room 6012, Maracan\u00e3 Campus. Rua S\u00e3o Francisco Xavier, 529, Maracan\u00e3, Rio de Janeiro, RJ.<\/p>\n\n\n\n<p>Broadcast: Youtube @PPGSCIMSUERJ<\/p>\n\n\n\n<p>PROGRAM<\/p>\n\n\n\n<p>Thursday 6\/6<\/p>\n\n\n\n<p>9:30 a.m. to 12:30 p.m.<\/p>\n\n\n\n<p>Institutional opening<\/p>\n\n\n\n<p>Opening conference<\/p>\n\n\n\n<p>S\u00e9rgio Carrara (UERJ)<\/p>\n\n\n\n<p>With comments by Mara Viveros Vigoya (Universidad Nacional de Colombia)<\/p>\n\n\n\n<p>Mediation: Rosana Castro (UERJ)<\/p>\n\n\n\n<p>2:00 p.m. to 4:30 p.m.<\/p>\n\n\n\n<p>Table 1<\/p>\n\n\n\n<p>Sexual Rights and Policies<\/p>\n\n\n\n<p>Adriana Vianna (UFRJ)<\/p>\n\n\n\n<p>Vanessa Leite (UERJ)<\/p>\n\n\n\n<p>Roger Raupp Rios (Unisinos\/ENFAM\/TRF4)<\/p>\n\n\n\n<p>Silvia Agui\u00e3o (UFMA)<\/p>\n\n\n\n<p>Debater: Regina Facchini (Unicamp)<\/p>\n\n\n\n<p>Coordination: Horacio S\u00edvori (UERJ)<\/p>\n\n\n\n<p>Friday 7\/6<\/p>\n\n\n\n<p>9:30 a.m. to 4:30 p.m. 12:00 PM<\/p>\n\n\n\n<p>Table 2<\/p>\n\n\n\n<p>Knowledge about sexuality<\/p>\n\n\n\n<p>Mauro Brigeiro (Independent researcher)<\/p>\n\n\n\n<p>Fab\u00edola Rohden (UFRGS)<\/p>\n\n\n\n<p>Jaime Barrientos (Alberto Hurtado University \u2013 Chile)<\/p>\n\n\n\n<p>Bruno Zilli (UERJ)<\/p>\n\n\n\n<p>Discussor: Luiz Fernando Dias Duarte (UFRJ)<\/p>\n\n\n\n<p>Coordination: Jane Russo (UERJ)<\/p>\n\n\n\n<p>1:30 PM to 4:00 PM<\/p>\n\n\n\n<p>Table 3<\/p>\n\n\n\n<p>Culture and sexual behaviors<\/p>\n\n\n\n<p>Maria Elvira D\u00edaz-Benitez (UFRJ)<\/p>\n\n\n\n<p>Franklin Gil (National University of Colombia)<\/p>\n\n\n\n<p>Laura Moutinho (USP)<\/p>\n\n\n\n<p>Marcos Nascimento (IFF-FIOCRUZ)<\/p>\n\n\n\n<p>Discussor: Maria Filomena Gregori (Unicamp)<\/p>\n\n\n\n<p>Coordination: Elaine Brand\u00e3o (UFRJ)<\/p>\n\n\n\n<p>Coffee<\/p>\n\n\n\n<p>4:30 PM to 6:00 PM<\/p>\n\n\n\n<p>Conference on Closing<\/p>\n\n\n\n<p>Mario Pecheny (University of Buenos Aires\/Gino Germani Research Institute and CONICET)<\/p>\n\n\n\n<p>Mediation: Laura Lowenkron (UERJ)<\/p>\n\n\n\n<p>6:00 p.m.<\/p>\n\n\n\n<p>Closing cocktail<\/p>\n\n\n\n<p>Organizing committee<\/p>\n\n\n\n<p>Claudia Mora (IMS\/UERJ)<\/p>\n\n\n\n<p>Horacio S\u00edvori (IMS\/UERJ)<\/p>\n\n\n\n<p>Jane Russo (IMS\/UERJ)<\/p>\n\n\n\n<p>Laura Lowenkron (IMS\/UERJ)<\/p>\n\n\n\n<p>Vanessa Leite (CLAM\/UERJ)<\/p>\n\n\n\n<p>Marina Nucci (IMS\/UERJ)<\/p>\n\n\n\n<p>Paula Lacerda (ICS\/UERJ)<\/p>\n\n\n\n<p>Martinho Braga Silva (IMS\/UERJ)<\/p>\n\n\n\n<p>Rogerio Azize (IMS\/UERJ)<\/p>\n\n\n\n<p>Rosana Castro (IMS\/UERJ)<\/p>\n\n\n\n<p>Barbara Pires (CLAM\/UERJ)<\/p>\n\n\n\n<p>Bruno Zilli (CLAM\/UERJ)<\/p>\n\n\n\n<p>Scientific Committee<\/p>\n\n\n\n<p>Anna Paula Uziel (IP\/UERJ)<\/p>\n\n\n\n<p>Jane Russo (IMS\/UERJ)<\/p>\n\n\n\n<p>Luiz Fernando Dias Duarte (National Museum\/UFRJ)<\/p>\n\n\n\n<p>Maria Filomena Gregori (IFCH\/Unicamp)<\/p>\n\n\n\n<p>S\u00e9rgio Carrara (IMS\/UERJ)<\/p>\n\n\n\n<p>Communications Team<\/p>\n\n\n\n<p>Maria Clara Gama (CLAM\/UERJ-Proatec)<\/p>\n\n\n\n<p>Maria Beatriz Nonato (CLAM\/UERJ-DEPEXT)<\/p>\n","protected":false},"excerpt":{"rendered":"<p>June 6 and 7, 2024 IMS\/UERJ (Maracan\u00e3 campus) Broadcast: youtube.com\/@ppgscimsuerj The Latin American Center for Sexuality and Human Rights (CLAM\/IMS\/UERJ) invited colleagues, friends, and collaborators to the international seminar \u201cCLAM 20 YEARS: a memory of the formation of a field of studies on sexuality and human rights in Brazil and Latin America\u201d. Over the course of two days, the seminar examined the trajectory and future perspectives of studies on gender and sexuality in Brazil and &hellip;<\/p>\n<p class=\"read-more\"> <a class=\"\" href=\"https:\/\/clam.org.br\/en\/highlights\/clam-20-years-international-seminar-a-memory-of-the-formation-of-a-field-of-studies-on-sexuality-and-human-rights-in-brazil-and-latin-america\/27185\/\"> <span class=\"screen-reader-text\">CLAM 20 YEARS International Seminar: a memory of the formation of a field of studies on sexuality and human rights in Brazil and Latin America<\/span> Read More &raquo;<\/a><\/p>\n","protected":false},"author":2,"featured_media":27186,"comment_status":"open","ping_status":"open","sticky":false,"template":"","format":"standard","meta":{"_acf_changed":false,"site-sidebar-layout":"default","site-content-layout":"default","ast-global-header-display":"","ast-main-header-display":"","ast-hfb-above-header-display":"","ast-hfb-below-header-display":"","ast-hfb-mobile-header-display":"","site-post-title":"","ast-breadcrumbs-content":"","ast-featured-img":"","footer-sml-layout":"","theme-transparent-header-meta":"","adv-header-id-meta":"","stick-header-meta":"","header-above-stick-meta":"","header-main-stick-meta":"","header-below-stick-meta":"","_jetpack_memberships_contains_paid_content":false,"footnotes":""},"categories":[22],"tags":[],"class_list":["post-27185","post","type-post","status-publish","format-standard","has-post-thumbnail","hentry","category-highlights"],"acf":[],"yoast_head":"<!-- This site is optimized with the Yoast SEO plugin v26.1.1 - https:\/\/yoast.com\/wordpress\/plugins\/seo\/ -->\n<title>CLAM 20 YEARS International Seminar: a memory of the formation of a field of studies on sexuality and human rights in Brazil and Latin America - CLAM - EN<\/title>\n<meta name=\"robots\" content=\"index, follow, max-snippet:-1, max-image-preview:large, max-video-preview:-1\" \/>\n<link rel=\"canonical\" href=\"https:\/\/clam.org.br\/en\/highlights\/clam-20-years-international-seminar-a-memory-of-the-formation-of-a-field-of-studies-on-sexuality-and-human-rights-in-brazil-and-latin-america\/27185\/\" \/>\n<meta property=\"og:locale\" content=\"en_US\" \/>\n<meta property=\"og:type\" content=\"article\" \/>\n<meta property=\"og:title\" content=\"CLAM 20 YEARS International Seminar: a memory of the formation of a field of studies on sexuality and human rights in Brazil and Latin America - CLAM - EN\" \/>\n<meta property=\"og:description\" content=\"June 6 and 7, 2024 IMS\/UERJ (Maracan\u00e3 campus) Broadcast: youtube.com\/@ppgscimsuerj The Latin American Center for Sexuality and Human Rights (CLAM\/IMS\/UERJ) invited colleagues, friends, and collaborators to the international seminar \u201cCLAM 20 YEARS: a memory of the formation of a field of studies on sexuality and human rights in Brazil and Latin America\u201d. Over the course of two days, the seminar examined the trajectory and future perspectives of studies on gender and sexuality in Brazil and &hellip; CLAM 20 YEARS International Seminar: a memory of the formation of a field of studies on sexuality and human rights in Brazil and Latin America Read More &raquo;\" \/>\n<meta property=\"og:url\" content=\"https:\/\/clam.org.br\/en\/highlights\/clam-20-years-international-seminar-a-memory-of-the-formation-of-a-field-of-studies-on-sexuality-and-human-rights-in-brazil-and-latin-america\/27185\/\" \/>\n<meta property=\"og:site_name\" content=\"CLAM - EN\" \/>\n<meta property=\"article:published_time\" content=\"2024-10-24T14:58:35+00:00\" \/>\n<meta property=\"article:modified_time\" content=\"2024-10-24T15:19:53+00:00\" \/>\n<meta property=\"og:image\" content=\"https:\/\/i0.wp.com\/clam.org.br\/en\/wp-content\/uploads\/sites\/2\/2024\/10\/seminario-internacional-sexualidade-e-direitos-humanos-balanco-de-um-campo-de-estudos-6-1.png?fit=1024%2C256&ssl=1\" \/>\n\t<meta property=\"og:image:width\" content=\"1024\" \/>\n\t<meta property=\"og:image:height\" content=\"256\" \/>\n\t<meta property=\"og:image:type\" content=\"image\/png\" \/>\n<meta name=\"author\" content=\"clam\" \/>\n<meta name=\"twitter:card\" content=\"summary_large_image\" \/>\n<meta name=\"twitter:label1\" content=\"Written by\" \/>\n\t<meta name=\"twitter:data1\" content=\"clam\" \/>\n\t<meta name=\"twitter:label2\" content=\"Est. reading time\" \/>\n\t<meta name=\"twitter:data2\" content=\"3 minutes\" \/>\n<script type=\"application\/ld+json\" class=\"yoast-schema-graph\">{\"@context\":\"https:\/\/schema.org\",\"@graph\":[{\"@type\":\"WebPage\",\"@id\":\"https:\/\/clam.org.br\/en\/highlights\/clam-20-years-international-seminar-a-memory-of-the-formation-of-a-field-of-studies-on-sexuality-and-human-rights-in-brazil-and-latin-america\/27185\/\",\"url\":\"https:\/\/clam.org.br\/en\/highlights\/clam-20-years-international-seminar-a-memory-of-the-formation-of-a-field-of-studies-on-sexuality-and-human-rights-in-brazil-and-latin-america\/27185\/\",\"name\":\"CLAM 20 YEARS International Seminar: a memory of the formation of a field of studies on sexuality and human rights in Brazil and Latin America - CLAM - EN\",\"isPartOf\":{\"@id\":\"https:\/\/clam.org.br\/en\/#website\"},\"primaryImageOfPage\":{\"@id\":\"https:\/\/clam.org.br\/en\/highlights\/clam-20-years-international-seminar-a-memory-of-the-formation-of-a-field-of-studies-on-sexuality-and-human-rights-in-brazil-and-latin-america\/27185\/#primaryimage\"},\"image\":{\"@id\":\"https:\/\/clam.org.br\/en\/highlights\/clam-20-years-international-seminar-a-memory-of-the-formation-of-a-field-of-studies-on-sexuality-and-human-rights-in-brazil-and-latin-america\/27185\/#primaryimage\"},\"thumbnailUrl\":\"https:\/\/i0.wp.com\/clam.org.br\/en\/wp-content\/uploads\/sites\/2\/2024\/10\/seminario-internacional-sexualidade-e-direitos-humanos-balanco-de-um-campo-de-estudos-6-1.png?fit=1024%2C256&ssl=1\",\"datePublished\":\"2024-10-24T14:58:35+00:00\",\"dateModified\":\"2024-10-24T15:19:53+00:00\",\"author\":{\"@id\":\"https:\/\/clam.org.br\/en\/#\/schema\/person\/bb7ade0266af558f6fdfef28eab3efcd\"},\"breadcrumb\":{\"@id\":\"https:\/\/clam.org.br\/en\/highlights\/clam-20-years-international-seminar-a-memory-of-the-formation-of-a-field-of-studies-on-sexuality-and-human-rights-in-brazil-and-latin-america\/27185\/#breadcrumb\"},\"inLanguage\":\"en-US\",\"potentialAction\":[{\"@type\":\"ReadAction\",\"target\":[\"https:\/\/clam.org.br\/en\/highlights\/clam-20-years-international-seminar-a-memory-of-the-formation-of-a-field-of-studies-on-sexuality-and-human-rights-in-brazil-and-latin-america\/27185\/\"]}]},{\"@type\":\"ImageObject\",\"inLanguage\":\"en-US\",\"@id\":\"https:\/\/clam.org.br\/en\/highlights\/clam-20-years-international-seminar-a-memory-of-the-formation-of-a-field-of-studies-on-sexuality-and-human-rights-in-brazil-and-latin-america\/27185\/#primaryimage\",\"url\":\"https:\/\/i0.wp.com\/clam.org.br\/en\/wp-content\/uploads\/sites\/2\/2024\/10\/seminario-internacional-sexualidade-e-direitos-humanos-balanco-de-um-campo-de-estudos-6-1.png?fit=1024%2C256&ssl=1\",\"contentUrl\":\"https:\/\/i0.wp.com\/clam.org.br\/en\/wp-content\/uploads\/sites\/2\/2024\/10\/seminario-internacional-sexualidade-e-direitos-humanos-balanco-de-um-campo-de-estudos-6-1.png?fit=1024%2C256&ssl=1\",\"width\":1024,\"height\":256},{\"@type\":\"BreadcrumbList\",\"@id\":\"https:\/\/clam.org.br\/en\/highlights\/clam-20-years-international-seminar-a-memory-of-the-formation-of-a-field-of-studies-on-sexuality-and-human-rights-in-brazil-and-latin-america\/27185\/#breadcrumb\",\"itemListElement\":[{\"@type\":\"ListItem\",\"position\":1,\"name\":\"Home\",\"item\":\"https:\/\/clam.org.br\/en\/\"},{\"@type\":\"ListItem\",\"position\":2,\"name\":\"CLAM 20 YEARS International Seminar: a memory of the formation of a field of studies on sexuality and human rights in Brazil and Latin America\"}]},{\"@type\":\"WebSite\",\"@id\":\"https:\/\/clam.org.br\/en\/#website\",\"url\":\"https:\/\/clam.org.br\/en\/\",\"name\":\"CLAM - EN\",\"description\":\"S\u00f3 mais um site CLAM - Centro Latino-Americano em Sexualidade e Direitos Humanos sites\",\"potentialAction\":[{\"@type\":\"SearchAction\",\"target\":{\"@type\":\"EntryPoint\",\"urlTemplate\":\"https:\/\/clam.org.br\/en\/?s={search_term_string}\"},\"query-input\":{\"@type\":\"PropertyValueSpecification\",\"valueRequired\":true,\"valueName\":\"search_term_string\"}}],\"inLanguage\":\"en-US\"},{\"@type\":\"Person\",\"@id\":\"https:\/\/clam.org.br\/en\/#\/schema\/person\/bb7ade0266af558f6fdfef28eab3efcd\",\"name\":\"clam\",\"image\":{\"@type\":\"ImageObject\",\"inLanguage\":\"en-US\",\"@id\":\"https:\/\/clam.org.br\/en\/#\/schema\/person\/image\/\",\"url\":\"https:\/\/secure.gravatar.com\/avatar\/960336c4095eede6adaa27c7bc9c98b5?s=96&d=mm&r=g\",\"contentUrl\":\"https:\/\/secure.gravatar.com\/avatar\/960336c4095eede6adaa27c7bc9c98b5?s=96&d=mm&r=g\",\"caption\":\"clam\"},\"url\":\"https:\/\/clam.org.br\/en\/author\/clam\/\"}]}<\/script>\n<!-- \/ Yoast SEO plugin. -->","yoast_head_json":{"title":"CLAM 20 YEARS International Seminar: a memory of the formation of a field of studies on sexuality and human rights in Brazil and Latin America - CLAM - EN","robots":{"index":"index","follow":"follow","max-snippet":"max-snippet:-1","max-image-preview":"max-image-preview:large","max-video-preview":"max-video-preview:-1"},"canonical":"https:\/\/clam.org.br\/en\/highlights\/clam-20-years-international-seminar-a-memory-of-the-formation-of-a-field-of-studies-on-sexuality-and-human-rights-in-brazil-and-latin-america\/27185\/","og_locale":"en_US","og_type":"article","og_title":"CLAM 20 YEARS International Seminar: a memory of the formation of a field of studies on sexuality and human rights in Brazil and Latin America - CLAM - EN","og_description":"June 6 and 7, 2024 IMS\/UERJ (Maracan\u00e3 campus) Broadcast: youtube.com\/@ppgscimsuerj The Latin American Center for Sexuality and Human Rights (CLAM\/IMS\/UERJ) invited colleagues, friends, and collaborators to the international seminar \u201cCLAM 20 YEARS: a memory of the formation of a field of studies on sexuality and human rights in Brazil and Latin America\u201d. Over the course of two days, the seminar examined the trajectory and future perspectives of studies on gender and sexuality in Brazil and &hellip; CLAM 20 YEARS International Seminar: a memory of the formation of a field of studies on sexuality and human rights in Brazil and Latin America Read More &raquo;","og_url":"https:\/\/clam.org.br\/en\/highlights\/clam-20-years-international-seminar-a-memory-of-the-formation-of-a-field-of-studies-on-sexuality-and-human-rights-in-brazil-and-latin-america\/27185\/","og_site_name":"CLAM - EN","article_published_time":"2024-10-24T14:58:35+00:00","article_modified_time":"2024-10-24T15:19:53+00:00","og_image":[{"width":1024,"height":256,"url":"https:\/\/i0.wp.com\/clam.org.br\/en\/wp-content\/uploads\/sites\/2\/2024\/10\/seminario-internacional-sexualidade-e-direitos-humanos-balanco-de-um-campo-de-estudos-6-1.png?fit=1024%2C256&ssl=1","type":"image\/png"}],"author":"clam","twitter_card":"summary_large_image","twitter_misc":{"Written by":"clam","Est. reading time":"3 minutes"},"schema":{"@context":"https:\/\/schema.org","@graph":[{"@type":"WebPage","@id":"https:\/\/clam.org.br\/en\/highlights\/clam-20-years-international-seminar-a-memory-of-the-formation-of-a-field-of-studies-on-sexuality-and-human-rights-in-brazil-and-latin-america\/27185\/","url":"https:\/\/clam.org.br\/en\/highlights\/clam-20-years-international-seminar-a-memory-of-the-formation-of-a-field-of-studies-on-sexuality-and-human-rights-in-brazil-and-latin-america\/27185\/","name":"CLAM 20 YEARS International Seminar: a memory of the formation of a field of studies on sexuality and human rights in Brazil and Latin America - CLAM - EN","isPartOf":{"@id":"https:\/\/clam.org.br\/en\/#website"},"primaryImageOfPage":{"@id":"https:\/\/clam.org.br\/en\/highlights\/clam-20-years-international-seminar-a-memory-of-the-formation-of-a-field-of-studies-on-sexuality-and-human-rights-in-brazil-and-latin-america\/27185\/#primaryimage"},"image":{"@id":"https:\/\/clam.org.br\/en\/highlights\/clam-20-years-international-seminar-a-memory-of-the-formation-of-a-field-of-studies-on-sexuality-and-human-rights-in-brazil-and-latin-america\/27185\/#primaryimage"},"thumbnailUrl":"https:\/\/i0.wp.com\/clam.org.br\/en\/wp-content\/uploads\/sites\/2\/2024\/10\/seminario-internacional-sexualidade-e-direitos-humanos-balanco-de-um-campo-de-estudos-6-1.png?fit=1024%2C256&ssl=1","datePublished":"2024-10-24T14:58:35+00:00","dateModified":"2024-10-24T15:19:53+00:00","author":{"@id":"https:\/\/clam.org.br\/en\/#\/schema\/person\/bb7ade0266af558f6fdfef28eab3efcd"},"breadcrumb":{"@id":"https:\/\/clam.org.br\/en\/highlights\/clam-20-years-international-seminar-a-memory-of-the-formation-of-a-field-of-studies-on-sexuality-and-human-rights-in-brazil-and-latin-america\/27185\/#breadcrumb"},"inLanguage":"en-US","potentialAction":[{"@type":"ReadAction","target":["https:\/\/clam.org.br\/en\/highlights\/clam-20-years-international-seminar-a-memory-of-the-formation-of-a-field-of-studies-on-sexuality-and-human-rights-in-brazil-and-latin-america\/27185\/"]}]},{"@type":"ImageObject","inLanguage":"en-US","@id":"https:\/\/clam.org.br\/en\/highlights\/clam-20-years-international-seminar-a-memory-of-the-formation-of-a-field-of-studies-on-sexuality-and-human-rights-in-brazil-and-latin-america\/27185\/#primaryimage","url":"https:\/\/i0.wp.com\/clam.org.br\/en\/wp-content\/uploads\/sites\/2\/2024\/10\/seminario-internacional-sexualidade-e-direitos-humanos-balanco-de-um-campo-de-estudos-6-1.png?fit=1024%2C256&ssl=1","contentUrl":"https:\/\/i0.wp.com\/clam.org.br\/en\/wp-content\/uploads\/sites\/2\/2024\/10\/seminario-internacional-sexualidade-e-direitos-humanos-balanco-de-um-campo-de-estudos-6-1.png?fit=1024%2C256&ssl=1","width":1024,"height":256},{"@type":"BreadcrumbList","@id":"https:\/\/clam.org.br\/en\/highlights\/clam-20-years-international-seminar-a-memory-of-the-formation-of-a-field-of-studies-on-sexuality-and-human-rights-in-brazil-and-latin-america\/27185\/#breadcrumb","itemListElement":[{"@type":"ListItem","position":1,"name":"Home","item":"https:\/\/clam.org.br\/en\/"},{"@type":"ListItem","position":2,"name":"CLAM 20 YEARS International Seminar: a memory of the formation of a field of studies on sexuality and human rights in Brazil and Latin America"}]},{"@type":"WebSite","@id":"https:\/\/clam.org.br\/en\/#website","url":"https:\/\/clam.org.br\/en\/","name":"CLAM - EN","description":"S\u00f3 mais um site CLAM - Centro Latino-Americano em Sexualidade e Direitos Humanos sites","potentialAction":[{"@type":"SearchAction","target":{"@type":"EntryPoint","urlTemplate":"https:\/\/clam.org.br\/en\/?s={search_term_string}"},"query-input":{"@type":"PropertyValueSpecification","valueRequired":true,"valueName":"search_term_string"}}],"inLanguage":"en-US"},{"@type":"Person","@id":"https:\/\/clam.org.br\/en\/#\/schema\/person\/bb7ade0266af558f6fdfef28eab3efcd","name":"clam","image":{"@type":"ImageObject","inLanguage":"en-US","@id":"https:\/\/clam.org.br\/en\/#\/schema\/person\/image\/","url":"https:\/\/secure.gravatar.com\/avatar\/960336c4095eede6adaa27c7bc9c98b5?s=96&d=mm&r=g","contentUrl":"https:\/\/secure.gravatar.com\/avatar\/960336c4095eede6adaa27c7bc9c98b5?s=96&d=mm&r=g","caption":"clam"},"url":"https:\/\/clam.org.br\/en\/author\/clam\/"}]}},"jetpack_featured_media_url":"https:\/\/i0.wp.com\/clam.org.br\/en\/wp-content\/uploads\/sites\/2\/2024\/10\/seminario-internacional-sexualidade-e-direitos-humanos-balanco-de-um-campo-de-estudos-6-1.png?fit=1024%2C256&ssl=1","jetpack_sharing_enabled":true,"jetpack_likes_enabled":false,"_links":{"self":[{"href":"https:\/\/clam.org.br\/en\/wp-json\/wp\/v2\/posts\/27185","targetHints":{"allow":["GET"]}}],"collection":[{"href":"https:\/\/clam.org.br\/en\/wp-json\/wp\/v2\/posts"}],"about":[{"href":"https:\/\/clam.org.br\/en\/wp-json\/wp\/v2\/types\/post"}],"author":[{"embeddable":true,"href":"https:\/\/clam.org.br\/en\/wp-json\/wp\/v2\/users\/2"}],"replies":[{"embeddable":true,"href":"https:\/\/clam.org.br\/en\/wp-json\/wp\/v2\/comments?post=27185"}],"version-history":[{"count":1,"href":"https:\/\/clam.org.br\/en\/wp-json\/wp\/v2\/posts\/27185\/revisions"}],"predecessor-version":[{"id":27187,"href":"https:\/\/clam.org.br\/en\/wp-json\/wp\/v2\/posts\/27185\/revisions\/27187"}],"wp:featuredmedia":[{"embeddable":true,"href":"https:\/\/clam.org.br\/en\/wp-json\/wp\/v2\/media\/27186"}],"wp:attachment":[{"href":"https:\/\/clam.org.br\/en\/wp-json\/wp\/v2\/media?parent=27185"}],"wp:term":[{"taxonomy":"category","embeddable":true,"href":"https:\/\/clam.org.br\/en\/wp-json\/wp\/v2\/categories?post=27185"},{"taxonomy":"post_tag","embeddable":true,"href":"https:\/\/clam.org.br\/en\/wp-json\/wp\/v2\/tags?post=27185"}],"curies":[{"name":"wp","href":"https:\/\/api.w.org\/{rel}","templated":true}]}}