{"id":27202,"date":"2024-10-29T13:08:39","date_gmt":"2024-10-29T16:08:39","guid":{"rendered":"https:\/\/clam.org.br\/en\/?p=27202"},"modified":"2024-10-30T09:36:35","modified_gmt":"2024-10-30T12:36:35","slug":"sexualidad-salud-y-sociedad-latin-america-magazine","status":"publish","type":"post","link":"https:\/\/clam.org.br\/en\/highlights\/sexualidad-salud-y-sociedad-latin-america-magazine\/27202\/","title":{"rendered":"Sexualidad, Salud y Sociedad &#8211; Latin America magazine"},"content":{"rendered":"\n<p><strong>Issue 39 (2023) &#8211; available online<\/strong><\/p>\n\n\n\n<p><\/p>\n\n\n\n<p>The CLAM magazine, a reference journal for research on gender and sexuality in Latin America, completed its 2023 issue in December. Below are the texts already available from issue 39.<\/p>\n\n\n\n<p><\/p>\n\n\n\n<p>With fourteen years of history, Sexualidad, Salud y Sociedad is a key journal focused on publishing original articles about the cultural and political dimensions of sexualities in Latin American contexts. Since its founding in 2009, the journal has maintained an editorial line committed to disseminating works and research aligned with the defense of human rights, aiming to contribute to public debate related to the construction of positive political agendas for different sexual minorities.<\/p>\n\n\n\n<p><\/p>\n\n\n\n<p>In recent years, due to the resurgence of far-right movements in Brazil and various parts of the continent, the editorial team of Sexualidad, Salud y Sociedad faces significant challenges. The field of humanities has been particularly affected by the progressive cutting of resources directed at funding scientific projects, stemming from initiatives propelled by intense attacks on public universities and the legitimacy of academic work (Carrara, 2021).<\/p>\n\n\n\n<p>With a work routine linked to CLAM\/IMS\/UERJ, the editorial team of Sexualidad, Salud y Sociedad has operated in a context of heightened surveillance over public discourses related to sexualities. Thus, it is with great satisfaction that we present Issue 39 of the journal, developed throughout 2023. This is the first volume to be published after four years of living with tensions marked by constant attacks on human rights, women&#8217;s rights, and LGBTQIA+ populations in Brazil.<\/p>\n\n\n\n<p><\/p>\n\n\n\n<p>The issue consists of two dossiers\u2014\u201cFeminism, Gender, and Sexuality in Digital Technologies: Latin American Perspectives,\u201d organized by Horacio S\u00edvori, Carolina Parreiras, and Paz Pe\u00f1a, and \u201cSocial Regulations of Gender, Sexuality, and Age: Reflections on Relationships, Practices, and Discourses from a Regional Perspective,\u201d organized by Ana Cec\u00edlia Gait\u00e1n and Pilar Anastas\u00eda Gonz\u00e1lez (the latter to be made available soon on the Scielo platform); in addition to continuously received articles (gradually available on the Scielo platform until the end of 2023) and reviews of significant works in the field.<\/p>\n\n\n\n<p><\/p>\n\n\n\n<p>In this last section, books by Veena Das, Timothy Eugene Murphy, Camila Fernandes, and Rahul Rao were respectively reviewed by Lucas Freire, Alexandre Gaspari, J\u00falia Freire, and Amanda Ferreira, to whom we express our gratitude for their contributions.<\/p>\n\n\n\n<p><\/p>\n\n\n\n<p>Click the links to access the summaries and full texts already available in Portuguese, Spanish, or English.<\/p>\n\n\n\n<p><\/p>\n\n\n\n<p><strong>Editorial<\/strong><\/p>\n\n\n\n<p><\/p>\n\n\n\n<p><strong>New Horizons for Gender and Sexuality Studies in Latin America?<\/strong><\/p>\n\n\n\n<p>Bemerguy, Telma de Sousa<\/p>\n\n\n\n<p>Text:&nbsp;<a href=\"https:\/\/www.scielo.br\/j\/sess\/a\/7Qt4hzvkWH7zRzszNzf5Xrm\/?lang=pt\">Portuguese<\/a><\/p>\n\n\n\n<p>PDF:&nbsp;<a href=\"https:\/\/www.scielo.br\/j\/sess\/a\/7Qt4hzvkWH7zRzszNzf5Xrm\/?format=pdf&amp;lang=pt\">Portuguese<\/a><\/p>\n\n\n\n<p><\/p>\n\n\n\n<p><strong>Continuous Flow Articles<\/strong><\/p>\n\n\n\n<p><\/p>\n\n\n\n<p><strong>Love, Sexuality, Fluidity, and Uncertainty Among Youth: A Comparison Between Men and Women<\/strong><\/p>\n\n\n\n<p>Pedro Neiva and Maria Jacyana Ara\u00fajo<\/p>\n\n\n\n<p>Abstract:&nbsp;<a href=\"https:\/\/www.scielo.br\/j\/sess\/a\/ngbLdRg8Cj3TLPctVmKyb8N\/abstract\/?lang=en\">English&nbsp;<\/a><a href=\"https:\/\/www.scielo.br\/j\/sess\/a\/ngbLdRg8Cj3TLPctVmKyb8N\/abstract\/?lang=es\">Spanish&nbsp;<\/a><a href=\"https:\/\/www.scielo.br\/j\/sess\/a\/ngbLdRg8Cj3TLPctVmKyb8N\/abstract\/?lang=pt\">Portugues<\/a>e<\/p>\n\n\n\n<p>Text:&nbsp;<a href=\"https:\/\/www.scielo.br\/j\/sess\/a\/ngbLdRg8Cj3TLPctVmKyb8N\/?lang=pt\">Portuguese<\/a><\/p>\n\n\n\n<p>PDF:&nbsp;<a href=\"https:\/\/www.scielo.br\/j\/sess\/a\/ngbLdRg8Cj3TLPctVmKyb8N\/?format=pdf&amp;lang=pt\">Portuguese<\/a><\/p>\n\n\n\n<p><\/p>\n\n\n\n<p><strong>The &#8220;Before and After&#8221; Device in Intimate Aesthetic Surgeries: New Forms of Materialization of Gender Norms<\/strong><\/p>\n\n\n\n<p>Fab\u00edola Rohden<\/p>\n\n\n\n<p>Abstract:&nbsp;<a href=\"https:\/\/www.scielo.br\/j\/sess\/a\/SK6fHrh3DB4XnS8XwB6gMHn\/abstract\/?lang=en\">English&nbsp;<\/a><a href=\"https:\/\/www.scielo.br\/j\/sess\/a\/SK6fHrh3DB4XnS8XwB6gMHn\/abstract\/?lang=es\">Spanish&nbsp;<\/a><a href=\"https:\/\/www.scielo.br\/j\/sess\/a\/SK6fHrh3DB4XnS8XwB6gMHn\/abstract\/?lang=pt\">Portuguese<\/a><\/p>\n\n\n\n<p>Texto:&nbsp;<a href=\"https:\/\/www.scielo.br\/j\/sess\/a\/SK6fHrh3DB4XnS8XwB6gMHn\/?lang=pt\">Portuguese<\/a><\/p>\n\n\n\n<p>PDF:&nbsp;<a href=\"https:\/\/www.scielo.br\/j\/sess\/a\/SK6fHrh3DB4XnS8XwB6gMHn\/?format=pdf&amp;lang=pt\">Portuguese<\/a><\/p>\n\n\n\n<p><\/p>\n\n\n\n<p><strong>In Another Voice: Biomedical Practices and Technologies of Gendering<\/strong><\/p>\n\n\n\n<p>L\u00facio Costa Girotto, Flavia do Teixeira, Stelio Marras, Richard Miskolci, and Pedro Paulo Gomes Pereira<\/p>\n\n\n\n<p>Abstract: &nbsp;<a href=\"https:\/\/www.scielo.br\/j\/sess\/a\/HmDq9MffDvsp6qVhkkbjmCh\/abstract\/?lang=en\">English&nbsp;<\/a><a href=\"https:\/\/www.scielo.br\/j\/sess\/a\/HmDq9MffDvsp6qVhkkbjmCh\/abstract\/?lang=es\">Spanish&nbsp;<\/a><a href=\"https:\/\/www.scielo.br\/j\/sess\/a\/HmDq9MffDvsp6qVhkkbjmCh\/abstract\/?lang=pt\">Portuguese<\/a><\/p>\n\n\n\n<p>Text:&nbsp;<a href=\"https:\/\/www.scielo.br\/j\/sess\/a\/HmDq9MffDvsp6qVhkkbjmCh\/?lang=pt\">Portuguese<\/a><\/p>\n\n\n\n<p>PDF:&nbsp;<a href=\"https:\/\/www.scielo.br\/j\/sess\/a\/HmDq9MffDvsp6qVhkkbjmCh\/?format=pdf&amp;lang=pt\">Portuguese<\/a><\/p>\n\n\n\n<p><\/p>\n\n\n\n<p><strong>\u201cWoman, You Don\u2019t Need This\u201d: Conflicting Discourses on the Pill and Menstrual Suppression<\/strong><\/p>\n\n\n\n<p>Joana Casta\u00f1on<\/p>\n\n\n\n<p>Abstract: &nbsp;<a href=\"https:\/\/www.scielo.br\/j\/sess\/a\/q5gcL8WJjyPFsrcYd9JLBnp\/abstract\/?lang=en\">English&nbsp;<\/a><a href=\"https:\/\/www.scielo.br\/j\/sess\/a\/q5gcL8WJjyPFsrcYd9JLBnp\/abstract\/?lang=es\">Spanish&nbsp;<\/a><a href=\"https:\/\/www.scielo.br\/j\/sess\/a\/q5gcL8WJjyPFsrcYd9JLBnp\/abstract\/?lang=pt\">Portuguese<\/a><\/p>\n\n\n\n<p>Text:&nbsp;<a href=\"https:\/\/www.scielo.br\/j\/sess\/a\/q5gcL8WJjyPFsrcYd9JLBnp\/?lang=pt\">Portuguese<\/a><\/p>\n\n\n\n<p>PDF:&nbsp;<a href=\"https:\/\/www.scielo.br\/j\/sess\/a\/q5gcL8WJjyPFsrcYd9JLBnp\/?format=pdf&amp;lang=pt\">Portuguese<\/a><\/p>\n\n\n\n<p><\/p>\n\n\n\n<p><strong>Stories of Lesbian Women United in a Brotherhood in Belo Horizonte (MG)<\/strong><\/p>\n\n\n\n<p>Janice Aparecida de Souza and Alessandra Sampaio Chacham<\/p>\n\n\n\n<p>Abstract: &nbsp;<a href=\"https:\/\/www.scielo.br\/j\/sess\/a\/pXVDPT533LmVHc9WKGBmZBk\/abstract\/?lang=en\">English&nbsp;<\/a><a href=\"https:\/\/www.scielo.br\/j\/sess\/a\/pXVDPT533LmVHc9WKGBmZBk\/abstract\/?lang=es\">Spanish&nbsp;<\/a><a href=\"https:\/\/www.scielo.br\/j\/sess\/a\/pXVDPT533LmVHc9WKGBmZBk\/abstract\/?lang=pt\">Portuguese<\/a><\/p>\n\n\n\n<p>Text:&nbsp;<a href=\"https:\/\/www.scielo.br\/j\/sess\/a\/pXVDPT533LmVHc9WKGBmZBk\/?lang=pt\">Portuguese<\/a><\/p>\n\n\n\n<p>PDF:&nbsp;<a href=\"https:\/\/www.scielo.br\/j\/sess\/a\/pXVDPT533LmVHc9WKGBmZBk\/?format=pdf&amp;lang=pt\">Portuguese<\/a><\/p>\n\n\n\n<p><\/p>\n\n\n\n<p><strong>Brazil: No Longer a Country of Queers? An Analysis of the Discourse of Gender Ideology in Cis-Heterobolsonarism<\/strong><\/p>\n\n\n\n<p>Rick Afonso-Rocha<\/p>\n\n\n\n<p>Abstract: &nbsp;<a href=\"https:\/\/www.scielo.br\/j\/sess\/a\/Mq3NJwv4WGBjCw9nCcnTTGv\/abstract\/?lang=en\">English&nbsp;<\/a><a href=\"https:\/\/www.scielo.br\/j\/sess\/a\/Mq3NJwv4WGBjCw9nCcnTTGv\/abstract\/?lang=es\">Spanish&nbsp;<\/a><a href=\"https:\/\/www.scielo.br\/j\/sess\/a\/Mq3NJwv4WGBjCw9nCcnTTGv\/abstract\/?lang=pt\">Portuguese<\/a><\/p>\n\n\n\n<p>Text:&nbsp;<a href=\"https:\/\/www.scielo.br\/j\/sess\/a\/Mq3NJwv4WGBjCw9nCcnTTGv\/?lang=pt\">Portuguese<\/a><\/p>\n\n\n\n<p>PDF:&nbsp;<a href=\"https:\/\/www.scielo.br\/j\/sess\/a\/Mq3NJwv4WGBjCw9nCcnTTGv\/?format=pdf&amp;lang=pt\">Portuguese<\/a><\/p>\n\n\n\n<p><\/p>\n\n\n\n<p><strong>Seduction in Buenos Aires: A Deconstruction of the Biopolitical Appropriations of Compliments and Flirting (1945-1980)<\/strong><\/p>\n\n\n\n<p>Marisa A. Miranda<\/p>\n\n\n\n<p>Abstract: <a href=\"https:\/\/www.scielo.br\/j\/sess\/a\/khF5DFQv8f6xsTVBZNjwWcG\/abstract\/?lang=en\">English&nbsp;<\/a><a href=\"https:\/\/www.scielo.br\/j\/sess\/a\/khF5DFQv8f6xsTVBZNjwWcG\/abstract\/?lang=es\">Spanish&nbsp;<\/a><a href=\"https:\/\/www.scielo.br\/j\/sess\/a\/khF5DFQv8f6xsTVBZNjwWcG\/abstract\/?lang=pt\">Portuguese<\/a><\/p>\n\n\n\n<p>Text:&nbsp;<a href=\"https:\/\/www.scielo.br\/j\/sess\/a\/khF5DFQv8f6xsTVBZNjwWcG\/?lang=es\">Spanish<\/a><\/p>\n\n\n\n<p>PDF:&nbsp;<a href=\"https:\/\/www.scielo.br\/j\/sess\/a\/khF5DFQv8f6xsTVBZNjwWcG\/?format=pdf&amp;lang=es\">Spanish<\/a><\/p>\n\n\n\n<p><\/p>\n\n\n\n<p><strong>Assisting the Sharing: An Analysis of the Care Practices of Young Parents in a Popular Neighborhood of La Plata<\/strong><\/p>\n\n\n\n<p>Cintia Hasicic<\/p>\n\n\n\n<p>Abstract: &nbsp;<a href=\"https:\/\/www.scielo.br\/j\/sess\/a\/JsBWwRcs3xTh73jbjZHBLNR\/abstract\/?lang=en\">English&nbsp;<\/a><a href=\"https:\/\/www.scielo.br\/j\/sess\/a\/JsBWwRcs3xTh73jbjZHBLNR\/abstract\/?lang=es\">Spanish&nbsp;<\/a><a href=\"https:\/\/www.scielo.br\/j\/sess\/a\/JsBWwRcs3xTh73jbjZHBLNR\/abstract\/?lang=pt\">Portuguese<\/a><\/p>\n\n\n\n<p>Texto:&nbsp;<a href=\"https:\/\/www.scielo.br\/j\/sess\/a\/JsBWwRcs3xTh73jbjZHBLNR\/?lang=es\">Spanish<\/a><\/p>\n\n\n\n<p>PDF:&nbsp;<a href=\"https:\/\/www.scielo.br\/j\/sess\/a\/JsBWwRcs3xTh73jbjZHBLNR\/?format=pdf&amp;lang=es\">Spanish<\/a><\/p>\n\n\n\n<p><\/p>\n\n\n\n<p><strong>\u201cI\u2019m Chill, I Have Undetectable Tests\u201d: The Affective-Sexual Relationships of Young Women Living with HIV with Undetectable Viral Load<\/strong><\/p>\n\n\n\n<p>Leonara Maria Souza da Silva and Lu\u00eds Augusto Vasconcelos da Silva<\/p>\n\n\n\n<p>Abstract: &nbsp;<a href=\"https:\/\/www.scielo.br\/j\/sess\/a\/3gD3BjkDMdxchNHMBHPZRzM\/abstract\/?lang=en\">English&nbsp;<\/a><a href=\"https:\/\/www.scielo.br\/j\/sess\/a\/3gD3BjkDMdxchNHMBHPZRzM\/abstract\/?lang=es\">Spanish&nbsp;<\/a><a href=\"https:\/\/www.scielo.br\/j\/sess\/a\/3gD3BjkDMdxchNHMBHPZRzM\/abstract\/?lang=pt\">Portuguese<\/a><\/p>\n\n\n\n<p>Texto:&nbsp;<a href=\"https:\/\/www.scielo.br\/j\/sess\/a\/3gD3BjkDMdxchNHMBHPZRzM\/?lang=pt\">Portuguese<\/a><\/p>\n\n\n\n<p>PDF:&nbsp;<a href=\"https:\/\/www.scielo.br\/j\/sess\/a\/3gD3BjkDMdxchNHMBHPZRzM\/?format=pdf&amp;lang=pt\">Portuguese<\/a><\/p>\n\n\n\n<p><\/p>\n\n\n\n<p><strong>Among \u201cCrushes,\u201d \u201cHookups,\u201d and \u201cCasual Contacts\u201d: Gender and Sexual Orientation in the Dating Experiences of Young Students<\/strong><\/p>\n\n\n\n<p>Jo\u00e3o Vitor Saldanha de Oliveira, Vanessa Leite, and Cristiane Gon\u00e7alves da Silva<\/p>\n\n\n\n<p>Abstract: &nbsp;<a href=\"https:\/\/www.scielo.br\/j\/sess\/a\/3gD3BjkDMdxchNHMBHPZRzM\/abstract\/?lang=en\">English, <\/a><a href=\"https:\/\/www.scielo.br\/j\/sess\/a\/3gD3BjkDMdxchNHMBHPZRzM\/abstract\/?lang=es\">Spanish&nbsp;<\/a><a href=\"https:\/\/www.scielo.br\/j\/sess\/a\/3gD3BjkDMdxchNHMBHPZRzM\/abstract\/?lang=pt\">Portuguese<\/a><\/p>\n\n\n\n<p>Texto:&nbsp;<a href=\"https:\/\/www.scielo.br\/j\/sess\/a\/3gD3BjkDMdxchNHMBHPZRzM\/?lang=pt\">Portuguese<\/a><\/p>\n\n\n\n<p>PDF:&nbsp;<a href=\"https:\/\/www.scielo.br\/j\/sess\/a\/3gD3BjkDMdxchNHMBHPZRzM\/?format=pdf&amp;lang=pt\">Portuguese<\/a><\/p>\n\n\n\n<p><\/p>\n\n\n\n<p><strong>Dossiers<\/strong><\/p>\n\n\n\n<p><\/p>\n\n\n\n<p><strong>Dossier Feminism, Gender, and Sexuality in Digital Technologies: Latin American Perspectives<\/strong><\/p>\n\n\n\n<p><\/p>\n\n\n\n<p><strong>Why Latin American Perspectives on Feminism, Gender, and Sexuality in Digital Technologies<\/strong><\/p>\n\n\n\n<p>Horacio S\u00edvori, Carolina Parreiras, and Paz Pe\u00f1a<\/p>\n\n\n\n<p>Abstract: &nbsp;<a href=\"https:\/\/www.scielo.br\/j\/sess\/a\/bRgnpTCKt5QvtBRffLvYtyF\/abstract\/?lang=en\">English&nbsp;<\/a><a href=\"https:\/\/www.scielo.br\/j\/sess\/a\/bRgnpTCKt5QvtBRffLvYtyF\/abstract\/?lang=es\">Spanish&nbsp;<\/a><a href=\"https:\/\/www.scielo.br\/j\/sess\/a\/bRgnpTCKt5QvtBRffLvYtyF\/abstract\/?lang=pt\">Portuguese<\/a><\/p>\n\n\n\n<p>Texto:&nbsp;<a href=\"https:\/\/www.scielo.br\/j\/sess\/a\/bRgnpTCKt5QvtBRffLvYtyF\/?lang=en\">English&nbsp;<\/a><a href=\"https:\/\/www.scielo.br\/j\/sess\/a\/bRgnpTCKt5QvtBRffLvYtyF\/?lang=es\">Spanish&nbsp;<\/a><a href=\"https:\/\/www.scielo.br\/j\/sess\/a\/bRgnpTCKt5QvtBRffLvYtyF\/?lang=pt\">Portuguese<\/a><\/p>\n\n\n\n<p>PDF:&nbsp;<a href=\"https:\/\/www.scielo.br\/j\/sess\/a\/bRgnpTCKt5QvtBRffLvYtyF\/?format=pdf&amp;lang=en\">English&nbsp;<\/a><a href=\"https:\/\/www.scielo.br\/j\/sess\/a\/bRgnpTCKt5QvtBRffLvYtyF\/?format=pdf&amp;lang=es\">Spanish&nbsp;<\/a><a href=\"https:\/\/www.scielo.br\/j\/sess\/a\/bRgnpTCKt5QvtBRffLvYtyF\/?format=pdf&amp;lang=pt\">Portuguese<\/a><\/p>\n\n\n\n<p><\/p>\n\n\n\n<p><strong>WhatsApp Ministries: Gender, Sensory Experiences, and Ethical-Political Transformations in the Daily Lives of Evangelical Women<\/strong><\/p>\n\n\n\n<p>Lorena Mochel<\/p>\n\n\n\n<p>Abstract: <a href=\"https:\/\/www.scielo.br\/j\/sess\/a\/xKSKCpL5x6xDnwDNYhmZtRR\/abstract\/?lang=en\">English&nbsp;<\/a><a href=\"https:\/\/www.scielo.br\/j\/sess\/a\/xKSKCpL5x6xDnwDNYhmZtRR\/abstract\/?lang=es\">Spanish&nbsp;<\/a><a href=\"https:\/\/www.scielo.br\/j\/sess\/a\/xKSKCpL5x6xDnwDNYhmZtRR\/abstract\/?lang=pt\">Portuguese<\/a><\/p>\n\n\n\n<p>Texto:&nbsp;<a href=\"https:\/\/www.scielo.br\/j\/sess\/a\/xKSKCpL5x6xDnwDNYhmZtRR\/?lang=en\">English&nbsp;<\/a><a href=\"https:\/\/www.scielo.br\/j\/sess\/a\/xKSKCpL5x6xDnwDNYhmZtRR\/?lang=pt\">Portuguese<\/a><\/p>\n\n\n\n<p>PDF:&nbsp;<a href=\"https:\/\/www.scielo.br\/j\/sess\/a\/xKSKCpL5x6xDnwDNYhmZtRR\/?format=pdf&amp;lang=en\">English&nbsp;<\/a><a href=\"https:\/\/www.scielo.br\/j\/sess\/a\/xKSKCpL5x6xDnwDNYhmZtRR\/?format=pdf&amp;lang=pt\">Portuguese<\/a><\/p>\n\n\n\n<p><\/p>\n\n\n\n<p><strong><bdo lang=\"portugu\u00eas\" dir=\"ltr\">Voices<\/bdo> from the Global South: The Mediatization of Feminisms in a Podcast by Brazilian Women Around the World<\/strong><\/p>\n\n\n\n<p>Larissa Pel\u00facio<\/p>\n\n\n\n<p>Abstract: &nbsp;<a href=\"https:\/\/www.scielo.br\/j\/sess\/a\/JM9SjnmmvFmBrJ9SBs5xnWN\/abstract\/?lang=en\">English<\/a><a href=\"https:\/\/www.scielo.br\/j\/sess\/a\/JM9SjnmmvFmBrJ9SBs5xnWN\/abstract\/?lang=es\">, Spanish&nbsp;<\/a><a href=\"https:\/\/www.scielo.br\/j\/sess\/a\/JM9SjnmmvFmBrJ9SBs5xnWN\/abstract\/?lang=pt\">Portuguese<\/a><\/p>\n\n\n\n<p>Texto:&nbsp;<a href=\"https:\/\/www.scielo.br\/j\/sess\/a\/JM9SjnmmvFmBrJ9SBs5xnWN\/?lang=en\">English&nbsp;<\/a><a href=\"https:\/\/www.scielo.br\/j\/sess\/a\/JM9SjnmmvFmBrJ9SBs5xnWN\/?lang=pt\">Portuguese<\/a><\/p>\n\n\n\n<p>PDF:&nbsp;<a href=\"https:\/\/www.scielo.br\/j\/sess\/a\/JM9SjnmmvFmBrJ9SBs5xnWN\/?format=pdf&amp;lang=en\">English&nbsp;<\/a><a href=\"https:\/\/www.scielo.br\/j\/sess\/a\/JM9SjnmmvFmBrJ9SBs5xnWN\/?format=pdf&amp;lang=pt\">Portuguese<\/a><\/p>\n\n\n\n<p><\/p>\n\n\n\n<p><strong>The Power of Naming Anti-Racist Intellectuals: Brazilian Feminists on Digital Platforms<\/strong><\/p>\n\n\n\n<p>Alejandra J. Josiowicz<\/p>\n\n\n\n<p>Abstract: <a href=\"https:\/\/www.scielo.br\/j\/sess\/a\/PRDrZFvVbBPKNxx55y94wdf\/abstract\/?lang=en\">English<\/a>, <a href=\"https:\/\/www.scielo.br\/j\/sess\/a\/PRDrZFvVbBPKNxx55y94wdf\/abstract\/?lang=es\">Spanish<\/a>, <a href=\"https:\/\/www.scielo.br\/j\/sess\/a\/PRDrZFvVbBPKNxx55y94wdf\/abstract\/?lang=pt\">Portuguese<\/a><\/p>\n\n\n\n<p>Text:<a href=\"https:\/\/www.scielo.br\/j\/sess\/a\/PRDrZFvVbBPKNxx55y94wdf\/?lang=en\"> English<\/a>,<a href=\"https:\/\/www.scielo.br\/j\/sess\/a\/PRDrZFvVbBPKNxx55y94wdf\/?lang=es\"> Spanish<\/a><\/p>\n\n\n\n<p>PDF: <a href=\"https:\/\/www.scielo.br\/j\/sess\/a\/PRDrZFvVbBPKNxx55y94wdf\/?format=pdf&amp;lang=en\">English<\/a>, <a href=\"https:\/\/www.scielo.br\/j\/sess\/a\/PRDrZFvVbBPKNxx55y94wdf\/?format=pdf&amp;lang=es\">Spanish<\/a><\/p>\n\n\n\n<p><\/p>\n\n\n\n<p><strong>Algorithmic Necropolitics<\/strong><\/p>\n\n\n\n<p>Tarc\u00edzio Silva<\/p>\n\n\n\n<p>Abstract: <a href=\"https:\/\/www.scielo.br\/j\/sess\/a\/VZd8vvXyhgNLBswMfgcKczC\/abstract\/?lang=en\">English<\/a>, <a href=\"https:\/\/www.scielo.br\/j\/sess\/a\/VZd8vvXyhgNLBswMfgcKczC\/abstract\/?lang=es\">Spanish<\/a>, <a href=\"https:\/\/www.scielo.br\/j\/sess\/a\/VZd8vvXyhgNLBswMfgcKczC\/abstract\/?lang=pt\">Portuguese<\/a><\/p>\n\n\n\n<p>Text: <a href=\"https:\/\/www.scielo.br\/j\/sess\/a\/VZd8vvXyhgNLBswMfgcKczC\/?lang=en\">English,<\/a> <a href=\"https:\/\/www.scielo.br\/j\/sess\/a\/VZd8vvXyhgNLBswMfgcKczC\/?lang=es\">Spanish<\/a><\/p>\n\n\n\n<p>PDF: <a href=\"https:\/\/www.scielo.br\/j\/sess\/a\/VZd8vvXyhgNLBswMfgcKczC\/?format=pdf&amp;lang=en\">English<\/a>, <a href=\"https:\/\/www.scielo.br\/j\/sess\/a\/VZd8vvXyhgNLBswMfgcKczC\/?format=pdf&amp;lang=es\">Spanish<\/a><\/p>\n\n\n\n<p><\/p>\n\n\n\n<p><strong>My Body is Mine: Menstrual Apps and the Socio-Technical Normalization of Gender<\/strong><\/p>\n\n\n\n<p>Ivanna Mart\u00ednez Polo, Paola Ricaurte Quijano, Lilly Maldonado Dom\u00ednguez, Ximena Rangel Zistecatl, and Natalia Farah Doniz<\/p>\n\n\n\n<p>Abstract: <a href=\"https:\/\/www.scielo.br\/j\/sess\/a\/4vMQL448Qxc4qqNNjCsYL4J\/abstract\/?lang=en\">English<\/a>, <a href=\"https:\/\/www.scielo.br\/j\/sess\/a\/4vMQL448Qxc4qqNNjCsYL4J\/abstract\/?lang=es\">Spanish<\/a>, <a href=\"https:\/\/www.scielo.br\/j\/sess\/a\/4vMQL448Qxc4qqNNjCsYL4J\/abstract\/?lang=pt\">Portuguese<\/a><\/p>\n\n\n\n<p>Text:<a href=\"https:\/\/www.scielo.br\/j\/sess\/a\/RBg3Fdv7GN7RC6h83ct9XNg\/?lang=en\"> English<\/a>, <a href=\"https:\/\/www.scielo.br\/j\/sess\/a\/RBg3Fdv7GN7RC6h83ct9XNg\/?lang=es\">Spanish<\/a><\/p>\n\n\n\n<p>PDF: <a href=\"https:\/\/www.scielo.br\/j\/sess\/a\/RBg3Fdv7GN7RC6h83ct9XNg\/?format=pdf&amp;lang=en\">English<\/a>, <a href=\"https:\/\/www.scielo.br\/j\/sess\/a\/RBg3Fdv7GN7RC6h83ct9XNg\/?format=pdf&amp;lang=es\">Spanish<\/a><\/p>\n\n\n\n<p><\/p>\n\n\n\n<p><strong>Digital Gender Violence in Chile: A Study During the COVID-19 Pandemic<\/strong><\/p>\n\n\n\n<p>Cecilia Alejandra Anan\u00edas Soto, Karen Denisse Vergara S\u00e1nchez, Consuelo Valentina Herrera Monsalve, and Beatriz Yudich Barra Ortiz<\/p>\n\n\n\n<p>Abstract:<a href=\"https:\/\/www.scielo.br\/j\/sess\/a\/RBg3Fdv7GN7RC6h83ct9XNg\/abstract\/?lang=en\"> English<\/a>, <a href=\"https:\/\/www.scielo.br\/j\/sess\/a\/RBg3Fdv7GN7RC6h83ct9XNg\/abstract\/?lang=es\">Spanish<\/a>, <a href=\"https:\/\/www.scielo.br\/j\/sess\/a\/RBg3Fdv7GN7RC6h83ct9XNg\/abstract\/?lang=pt\">Portuguese<\/a><\/p>\n\n\n\n<p>Text: <a href=\"https:\/\/www.scielo.br\/j\/sess\/a\/RBg3Fdv7GN7RC6h83ct9XNg\/?lang=en\">English,<\/a> <a href=\"https:\/\/www.scielo.br\/j\/sess\/a\/RBg3Fdv7GN7RC6h83ct9XNg\/?lang=es\">Spanish<\/a><\/p>\n\n\n\n<p>PDF: <a href=\"https:\/\/www.scielo.br\/j\/sess\/a\/RBg3Fdv7GN7RC6h83ct9XNg\/?format=pdf&amp;lang=en\">English<\/a>,<a href=\"https:\/\/www.scielo.br\/j\/sess\/a\/RBg3Fdv7GN7RC6h83ct9XNg\/?format=pdf&amp;lang=es\"> Spanish<\/a><\/p>\n\n\n\n<p><\/p>\n\n\n\n<p><strong>Capturing and Sending Nudes: The Moral Twists, Pleasures, and Dangers of Producing and Sharing Erotic Images Online<\/strong><\/p>\n\n\n\n<p>Beatriz Accioly Lins<\/p>\n\n\n\n<p>Abstract: <a href=\"https:\/\/www.scielo.br\/j\/sess\/a\/gScrg3NF4YvBvvryrj6cgCw\/abstract\/?lang=en\">English,<\/a> <a href=\"https:\/\/www.scielo.br\/j\/sess\/a\/gScrg3NF4YvBvvryrj6cgCw\/abstract\/?lang=es\">Spanish<\/a>, <a href=\"https:\/\/www.scielo.br\/j\/sess\/a\/gScrg3NF4YvBvvryrj6cgCw\/abstract\/?lang=pt\">Portuguese<\/a><\/p>\n\n\n\n<p>Text: <a href=\"https:\/\/www.scielo.br\/j\/sess\/a\/gScrg3NF4YvBvvryrj6cgCw\/?lang=en\">English,<\/a> <a href=\"https:\/\/www.scielo.br\/j\/sess\/a\/gScrg3NF4YvBvvryrj6cgCw\/?lang=es\">Spanish<\/a><\/p>\n\n\n\n<p>PDF:<a href=\"https:\/\/www.scielo.br\/j\/sess\/a\/gScrg3NF4YvBvvryrj6cgCw\/?format=pdf&amp;lang=en\"> English,<\/a> <a href=\"https:\/\/www.scielo.br\/j\/sess\/a\/gScrg3NF4YvBvvryrj6cgCw\/?format=pdf&amp;lang=es\">Spanish<\/a><\/p>\n\n\n\n<p><\/p>\n\n\n\n<p><strong>Masculinities and Counseling in Digital Media: Subjectivation and Self-Entrepreneurship on Instagram Pages<\/strong><\/p>\n\n\n\n<p>Bruna Loureiro Denkin and Fernando de Figueiredo Balieiro<\/p>\n\n\n\n<p>Abstract: <a href=\"https:\/\/www.scielo.br\/j\/sess\/a\/zwwBB6DZLM5N33tthBQsLFt\/abstract\/?lang=en\">English<\/a>, <a href=\"https:\/\/www.scielo.br\/j\/sess\/a\/zwwBB6DZLM5N33tthBQsLFt\/abstract\/?lang=es\">Spanish,<\/a> <a href=\"https:\/\/www.scielo.br\/j\/sess\/a\/zwwBB6DZLM5N33tthBQsLFt\/abstract\/?lang=pt\">Portuguese<\/a><\/p>\n\n\n\n<p>Text: <a href=\"https:\/\/www.scielo.br\/j\/sess\/a\/zwwBB6DZLM5N33tthBQsLFt\/?lang=en\">English<\/a>, <a href=\"https:\/\/www.scielo.br\/j\/sess\/a\/zwwBB6DZLM5N33tthBQsLFt\/?lang=pt\">Portuguese<\/a><\/p>\n\n\n\n<p>PDF: <a href=\"https:\/\/www.scielo.br\/j\/sess\/a\/zwwBB6DZLM5N33tthBQsLFt\/?format=pdf&amp;lang=en\">English<\/a>, <a href=\"https:\/\/www.scielo.br\/j\/sess\/a\/zwwBB6DZLM5N33tthBQsLFt\/?format=pdf&amp;lang=pt\">Portuguese<\/a><\/p>\n\n\n\n<p><\/p>\n\n\n\n<p><strong>Frouxonauro and Cornservadores: Metaphors of Male Virility in the Digital Activism of the Brazilian Far Right<\/strong><\/p>\n\n\n\n<p>Jair de Souza Ramos<\/p>\n\n\n\n<p>Abstract: <a href=\"https:\/\/www.scielo.br\/j\/sess\/a\/vGPss3hjVcr5MnDKMfy4wJp\/abstract\/?lang=en\">English<\/a>, <a href=\"https:\/\/www.scielo.br\/j\/sess\/a\/vGPss3hjVcr5MnDKMfy4wJp\/abstract\/?lang=es\">Spanish<\/a>, <a href=\"https:\/\/www.scielo.br\/j\/sess\/a\/vGPss3hjVcr5MnDKMfy4wJp\/abstract\/?lang=pt\">Portuguese<\/a><\/p>\n\n\n\n<p>Text: <a href=\"https:\/\/www.scielo.br\/j\/sess\/a\/vGPss3hjVcr5MnDKMfy4wJp\/?lang=en\">English<\/a>, <a href=\"https:\/\/www.scielo.br\/j\/sess\/a\/vGPss3hjVcr5MnDKMfy4wJp\/?lang=pt\">Portuguese<\/a><\/p>\n\n\n\n<p>PDF: <a href=\"https:\/\/www.scielo.br\/j\/sess\/a\/vGPss3hjVcr5MnDKMfy4wJp\/?format=pdf&amp;lang=en\">English<\/a>, <a href=\"https:\/\/www.scielo.br\/j\/sess\/a\/vGPss3hjVcr5MnDKMfy4wJp\/?format=pdf&amp;lang=pt\">Portuguese<\/a><\/p>\n\n\n\n<p><\/p>\n\n\n\n<p><strong>Dossier Social Regulations of Gender, Sexuality, and Age: Reflections on Policies, Practices, and Discourses from a Regional Perspective<\/strong><\/p>\n\n\n\n<p><\/p>\n\n\n\n<p><strong>Presentation: Social Regulations of Gender, Sexuality, and Age: Reflections on Policies, Practices, and Discourses from a Regional Perspective<\/strong><\/p>\n\n\n\n<p>Ana Cecilia Gait\u00e1n and Pilar Anastas\u00eda Gonz\u00e1lez<\/p>\n\n\n\n<p>Abstract: <a href=\"https:\/\/www.scielo.br\/j\/sess\/a\/bvcB4xBmSCzLGNsQdkPhbPK\/abstract\/?lang=en\">English<\/a>, <a href=\"https:\/\/www.scielo.br\/j\/sess\/a\/bvcB4xBmSCzLGNsQdkPhbPK\/abstract\/?lang=es\">Spanish<\/a>, <a href=\"https:\/\/www.scielo.br\/j\/sess\/a\/bvcB4xBmSCzLGNsQdkPhbPK\/abstract\/?lang=pt\">Portuguese<\/a><\/p>\n\n\n\n<p>Text: <a href=\"https:\/\/www.scielo.br\/j\/sess\/a\/bvcB4xBmSCzLGNsQdkPhbPK\/?lang=es\">Spanish<\/a><\/p>\n\n\n\n<p>PDF: <a href=\"https:\/\/www.scielo.br\/j\/sess\/a\/bvcB4xBmSCzLGNsQdkPhbPK\/?format=pdf&amp;lang=es\">Spanish<\/a><\/p>\n\n\n\n<p><\/p>\n\n\n\n<p><strong>Recognizing the Fragile and Elusive Intimacies of Women in Santiago Beyond Care: A First Attempt<\/strong><\/p>\n\n\n\n<p>Marjorie Murray and Constanza Tizzoni<\/p>\n\n\n\n<p>Abstract: <a href=\"https:\/\/www.scielo.br\/j\/sess\/a\/vk59kxPgStGJF5BsV4KPBLJ\/abstract\/?lang=en\">English,<\/a> <a href=\"https:\/\/www.scielo.br\/j\/sess\/a\/vk59kxPgStGJF5BsV4KPBLJ\/abstract\/?lang=es\">Spanish<\/a>,<a href=\"https:\/\/www.scielo.br\/j\/sess\/a\/vk59kxPgStGJF5BsV4KPBLJ\/abstract\/?lang=pt\"> Portuguese<\/a><\/p>\n\n\n\n<p>Text: <a href=\"https:\/\/www.scielo.br\/j\/sess\/a\/vk59kxPgStGJF5BsV4KPBLJ\/?lang=es\">Spanish<\/a><\/p>\n\n\n\n<p>PDF: <a href=\"https:\/\/www.scielo.br\/j\/sess\/a\/vk59kxPgStGJF5BsV4KPBLJ\/?format=pdf&amp;lang=es\">Spanish<\/a><\/p>\n\n\n\n<p><\/p>\n\n\n\n<p><strong>The Regulation of Motherhood, Care Pacts, and Generations in Their Intervals: Ethnographic Notes on Mothers and Daughters in the Brazilian Context (1970-2020)<\/strong><\/p>\n\n\n\n<p>Rosamaria Giatti Carneiro<\/p>\n\n\n\n<p>Abstract: <a href=\"https:\/\/www.scielo.br\/j\/sess\/a\/wTGyr8CPVfcwMLdffY7zdDj\/abstract\/?lang=en\">English<\/a>, <a href=\"https:\/\/www.scielo.br\/j\/sess\/a\/wTGyr8CPVfcwMLdffY7zdDj\/abstract\/?lang=es\">Spanish<\/a>,<a href=\"https:\/\/www.scielo.br\/j\/sess\/a\/wTGyr8CPVfcwMLdffY7zdDj\/abstract\/?lang=pt\"> Portuguese<\/a><\/p>\n\n\n\n<p>Text: <a href=\"https:\/\/www.scielo.br\/j\/sess\/a\/wTGyr8CPVfcwMLdffY7zdDj\/?lang=pt\">Portuguese<\/a><\/p>\n\n\n\n<p>PDF: <a href=\"https:\/\/www.scielo.br\/j\/sess\/a\/wTGyr8CPVfcwMLdffY7zdDj\/?format=pdf&amp;lang=pt\">Portuguese<\/a><\/p>\n\n\n\n<p><\/p>\n\n\n\n<p><strong>\u201cConnecting the Common Points\u201d: Affections and Gender Regulation in Social Inclusion Programs for Youth in Buenos Aires, Argentina<\/strong><\/p>\n\n\n\n<p>Ana Cecilia Gait\u00e1n<\/p>\n\n\n\n<p>Abstract: <a href=\"https:\/\/www.scielo.br\/j\/sess\/a\/t4hJGd5twHMNp5m3rmGp7rc\/abstract\/?lang=en\">English,<\/a> <a href=\"https:\/\/www.scielo.br\/j\/sess\/a\/t4hJGd5twHMNp5m3rmGp7rc\/abstract\/?lang=es\">Spanish<\/a>, <a href=\"https:\/\/www.scielo.br\/j\/sess\/a\/t4hJGd5twHMNp5m3rmGp7rc\/abstract\/?lang=pt\">Portuguese<\/a><\/p>\n\n\n\n<p>Text:<a href=\"https:\/\/www.scielo.br\/j\/sess\/a\/t4hJGd5twHMNp5m3rmGp7rc\/?lang=es\"> Spanish<\/a><\/p>\n\n\n\n<p>PDF: <a href=\"https:\/\/www.scielo.br\/j\/sess\/a\/t4hJGd5twHMNp5m3rmGp7rc\/?format=pdf&amp;lang=es\">Spanish<\/a><\/p>\n\n\n\n<p><\/p>\n\n\n\n<p><strong>Gender Moralities and Violence Against Children: Interpretations of Violence in Child Protection Systems<\/strong><\/p>\n\n\n\n<p>Valeria Llobet and Carla Villalta<\/p>\n\n\n\n<p>Abstract: <a href=\"https:\/\/www.scielo.br\/j\/sess\/a\/5kB4TF5zgv7y5LDxJGSbvhM\/abstract\/?lang=en\">English,<\/a> <a href=\"https:\/\/www.scielo.br\/j\/sess\/a\/5kB4TF5zgv7y5LDxJGSbvhM\/abstract\/?lang=es\">Spanish<\/a>, <a href=\"https:\/\/www.scielo.br\/j\/sess\/a\/5kB4TF5zgv7y5LDxJGSbvhM\/abstract\/?lang=pt\">Portuguese<\/a><\/p>\n\n\n\n<p>Text: <a href=\"https:\/\/www.scielo.br\/j\/sess\/a\/5kB4TF5zgv7y5LDxJGSbvhM\/?lang=es\">Spanish<\/a><\/p>\n\n\n\n<p>PDF:<a href=\"https:\/\/www.scielo.br\/j\/sess\/a\/5kB4TF5zgv7y5LDxJGSbvhM\/?format=pdf&amp;lang=es\"> Spanish<\/a><\/p>\n\n\n\n<p><\/p>\n\n\n\n<p><strong>Moral Panics, Sexuality, and Childhood: The Manufacture of the \u201cGay Kit\u201d as a Political Artifact in the 2018 Presidential Dispute via Twitter<\/strong><\/p>\n\n\n\n<p>B\u00e1rbara Ara\u00fajo Trotti and Laura Lowenkron<\/p>\n\n\n\n<p>Abstract: <a href=\"https:\/\/www.scielo.br\/j\/sess\/a\/q5rrcnY5bDHDLTf7qFk4BRL\/abstract\/?lang=en\">English<\/a>, <a href=\"https:\/\/www.scielo.br\/j\/sess\/a\/q5rrcnY5bDHDLTf7qFk4BRL\/abstract\/?lang=es\">Spanish<\/a>, <a href=\"https:\/\/www.scielo.br\/j\/sess\/a\/q5rrcnY5bDHDLTf7qFk4BRL\/abstract\/?lang=pt\">Portuguese<\/a><\/p>\n\n\n\n<p>Text:<a href=\"https:\/\/www.scielo.br\/j\/sess\/a\/q5rrcnY5bDHDLTf7qFk4BRL\/?lang=pt\"> Portuguese<\/a><\/p>\n\n\n\n<p>PDF:<a href=\"https:\/\/www.scielo.br\/j\/sess\/a\/q5rrcnY5bDHDLTf7qFk4BRL\/?format=pdf&amp;lang=pt\"> Portuguese<\/a><\/p>\n\n\n\n<p><\/p>\n\n\n\n<p><strong>The (A)sexual Citizenship of Children in a Situated Discursive Analysis: The Thematic Repertoire of the Parliamentary Debate on the Recruitment Law in Argentina<\/strong><\/p>\n\n\n\n<p>Pilar Anastas\u00eda Gonz\u00e1lez<\/p>\n\n\n\n<p>Abstract: <a href=\"https:\/\/www.scielo.br\/j\/sess\/a\/TfVrZ4PB473LSCm3Jj7M5Cw\/abstract\/?lang=en\">English<\/a>, <a href=\"https:\/\/www.scielo.br\/j\/sess\/a\/TfVrZ4PB473LSCm3Jj7M5Cw\/abstract\/?lang=es\">Spanish<\/a>, <a href=\"https:\/\/www.scielo.br\/j\/sess\/a\/TfVrZ4PB473LSCm3Jj7M5Cw\/abstract\/?lang=pt\">Portuguese<\/a><\/p>\n\n\n\n<p>Text: <a href=\"https:\/\/www.scielo.br\/j\/sess\/a\/TfVrZ4PB473LSCm3Jj7M5Cw\/?lang=es\">Spanish<\/a><\/p>\n\n\n\n<p>PDF: <a href=\"https:\/\/www.scielo.br\/j\/sess\/a\/TfVrZ4PB473LSCm3Jj7M5Cw\/?format=pdf&amp;lang=es\">Spanish<\/a><\/p>\n\n\n\n<p><\/p>\n\n\n\n<p><strong>Temporalities and Racialization of Black Gay Youth: Between Memories and Future Images<\/strong><\/p>\n\n\n\n<p>R\u00f4mulo Lopes da Silva and Leonardo Lemos de Souza<\/p>\n\n\n\n<p>Abstract: <a href=\"https:\/\/www.scielo.br\/j\/sess\/a\/dYmQpqP4ySpbmhN9g84Nbsw\/abstract\/?lang=en\">English<\/a>, <a href=\"https:\/\/www.scielo.br\/j\/sess\/a\/qDQFMnqWm8X4tdPBpQYxspk\/abstract\/?lang=es\">Spanish<\/a>,<a href=\"https:\/\/www.scielo.br\/j\/sess\/a\/qDQFMnqWm8X4tdPBpQYxspk\/abstract\/?lang=pt\"> Portuguese<\/a><\/p>\n\n\n\n<p>Text:<a href=\"https:\/\/www.scielo.br\/j\/sess\/a\/dYmQpqP4ySpbmhN9g84Nbsw\/?lang=pt\"> Portuguese<\/a><\/p>\n\n\n\n<p>PDF: <a href=\"https:\/\/www.scielo.br\/j\/sess\/a\/dYmQpqP4ySpbmhN9g84Nbsw\/?format=pdf&amp;lang=pt\">Portuguese<\/a><\/p>\n\n\n\n<p><\/p>\n\n\n\n<p><strong>\u201cOne Thing is the Law and Another is Medical Practice\u201d: Trans Adolescents in the Argentine Health System: Between Rights Narratives and Adultocentrism<\/strong><\/p>\n\n\n\n<p>Cecilia Rustoyburu<\/p>\n\n\n\n<p>Abstract: <a href=\"https:\/\/www.scielo.br\/j\/sess\/a\/qDQFMnqWm8X4tdPBpQYxspk\/abstract\/?lang=en\">English<\/a>, <a href=\"https:\/\/www.scielo.br\/j\/sess\/a\/qDQFMnqWm8X4tdPBpQYxspk\/abstract\/?lang=es\">Spanish<\/a>, <a href=\"https:\/\/www.scielo.br\/j\/sess\/a\/qDQFMnqWm8X4tdPBpQYxspk\/abstract\/?lang=pt\">Portuguese<\/a><\/p>\n\n\n\n<p>Text: <a href=\"https:\/\/www.scielo.br\/j\/sess\/a\/qDQFMnqWm8X4tdPBpQYxspk\/?lang=es\">Spanish<\/a><\/p>\n\n\n\n<p>PDF: <a href=\"https:\/\/www.scielo.br\/j\/sess\/a\/qDQFMnqWm8X4tdPBpQYxspk\/?format=pdf&amp;lang=es\">Spanish<\/a><\/p>\n\n\n\n<p><\/p>\n\n\n\n<p><strong>Reviews<\/strong><\/p>\n\n\n\n<p><\/p>\n\n\n\n<p><strong>FERNANDES, Camila. 2021. Figures of Causation: The Young Ones, Nervous Mothers, and Mothers Who Abandon Their Children. Rio de Janeiro: Telha. 314 p.<\/strong><\/p>\n\n\n\n<p>Julia Freire de Alencastro<\/p>\n\n\n\n<p>Text: <a href=\"https:\/\/www.scielo.br\/j\/sess\/a\/BnxBpTCND9pcqxJkYsQSRpH\/?lang=pt\">Portuguese<\/a><\/p>\n\n\n\n<p>PDF: <a href=\"https:\/\/www.scielo.br\/j\/sess\/a\/BnxBpTCND9pcqxJkYsQSRpH\/?format=pdf&amp;lang=pt\">Portuguese<\/a><\/p>\n\n\n\n<p><\/p>\n\n\n\n<p><strong>DAS, Veena. 2023. Affliction: Health, Disease, Poverty. Trans. Bruno Gambarotto. S\u00e3o Paulo: Unifesp. 296 p.<\/strong><\/p>\n\n\n\n<p>Lucas Freire<\/p>\n\n\n\n<p>Text: <a href=\"https:\/\/www.scielo.br\/j\/sess\/a\/bfry4YL5fyggxTQcpLWL7zB\/?lang=pt\">Portuguese<\/a><\/p>\n\n\n\n<p>PDF: <a href=\"https:\/\/www.scielo.br\/j\/sess\/a\/bfry4YL5fyggxTQcpLWL7zB\/?format=pdf&amp;lang=pt\">Portuguese<\/a><\/p>\n\n\n\n<p><\/p>\n\n\n\n<p><strong>MURPHY, Timothy Eugene. Queer Cosmopolitan: Bohemia and Belonging in a City in the Middle of Nowhere. 1st ed. Teresina (PI): EDUFPI, 2022. 173 p.<\/strong><\/p>\n\n\n\n<p>Alexandre Gaspari<\/p>\n\n\n\n<p>Text: <a href=\"https:\/\/www.scielo.br\/j\/sess\/a\/hYjRyJSrVCGfBLPCGnG8gTG\/?lang=pt\">Portuguese<\/a><\/p>\n\n\n\n<p>PDF: <a href=\"https:\/\/www.scielo.br\/j\/sess\/a\/hYjRyJSrVCGfBLPCGnG8gTG\/?format=pdf&amp;lang=pt\">Portuguese<\/a><\/p>\n\n\n\n<p><\/p>\n\n\n\n<p><strong>RAO, Rahul. Out of Time: The Queer Politics of Postcoloniality. 2020. New York: Oxford University Press, 262 p.<\/strong><\/p>\n\n\n\n<p>Amanda \u00c1lvares Ferreira<\/p>\n\n\n\n<p>Text: <a href=\"https:\/\/www.scielo.br\/j\/sess\/a\/R4fbh4JpVmb89bJWnTRs5hz\/?lang=pt\">Portuguese<\/a><\/p>\n\n\n\n<p>PDF: <a href=\"https:\/\/www.scielo.br\/j\/sess\/a\/R4fbh4JpVmb89bJWnTRs5hz\/?format=pdf&amp;lang=pt\">Portuguese<\/a><\/p>\n","protected":false},"excerpt":{"rendered":"<p>Issue 39 (2023) &#8211; available online The CLAM magazine, a reference journal for research on gender and sexuality in Latin America, completed its 2023 issue in December. Below are the texts already available from issue 39. With fourteen years of history, Sexualidad, Salud y Sociedad is a key journal focused on publishing original articles about the cultural and political dimensions of sexualities in Latin American contexts. Since its founding in 2009, the journal has maintained &hellip;<\/p>\n<p class=\"read-more\"> <a class=\"\" href=\"https:\/\/clam.org.br\/en\/highlights\/sexualidad-salud-y-sociedad-latin-america-magazine\/27202\/\"> <span class=\"screen-reader-text\">Sexualidad, Salud y Sociedad &#8211; Latin America magazine<\/span> Read More &raquo;<\/a><\/p>\n","protected":false},"author":2,"featured_media":27236,"comment_status":"open","ping_status":"open","sticky":false,"template":"","format":"standard","meta":{"_acf_changed":false,"site-sidebar-layout":"default","site-content-layout":"default","ast-global-header-display":"","ast-main-header-display":"","ast-hfb-above-header-display":"","ast-hfb-below-header-display":"","ast-hfb-mobile-header-display":"","site-post-title":"","ast-breadcrumbs-content":"","ast-featured-img":"disabled","footer-sml-layout":"","theme-transparent-header-meta":"","adv-header-id-meta":"","stick-header-meta":"","header-above-stick-meta":"","header-main-stick-meta":"","header-below-stick-meta":"","_jetpack_memberships_contains_paid_content":false,"footnotes":""},"categories":[22],"tags":[],"class_list":["post-27202","post","type-post","status-publish","format-standard","has-post-thumbnail","hentry","category-highlights"],"acf":[],"yoast_head":"<!-- This site is optimized with the Yoast SEO plugin v26.1.1 - https:\/\/yoast.com\/wordpress\/plugins\/seo\/ -->\n<title>Sexualidad, Salud y Sociedad - Latin America magazine - CLAM - EN<\/title>\n<meta name=\"robots\" content=\"index, follow, max-snippet:-1, max-image-preview:large, max-video-preview:-1\" \/>\n<link rel=\"canonical\" href=\"https:\/\/clam.org.br\/en\/highlights\/sexualidad-salud-y-sociedad-latin-america-magazine\/27202\/\" \/>\n<meta property=\"og:locale\" content=\"en_US\" \/>\n<meta property=\"og:type\" content=\"article\" \/>\n<meta property=\"og:title\" content=\"Sexualidad, Salud y Sociedad - Latin America magazine - CLAM - EN\" \/>\n<meta property=\"og:description\" content=\"Issue 39 (2023) &#8211; available online The CLAM magazine, a reference journal for research on gender and sexuality in Latin America, completed its 2023 issue in December. Below are the texts already available from issue 39. With fourteen years of history, Sexualidad, Salud y Sociedad is a key journal focused on publishing original articles about the cultural and political dimensions of sexualities in Latin American contexts. Since its founding in 2009, the journal has maintained &hellip; Sexualidad, Salud y Sociedad &#8211; Latin America magazine Read More &raquo;\" \/>\n<meta property=\"og:url\" content=\"https:\/\/clam.org.br\/en\/highlights\/sexualidad-salud-y-sociedad-latin-america-magazine\/27202\/\" \/>\n<meta property=\"og:site_name\" content=\"CLAM - EN\" \/>\n<meta property=\"article:published_time\" content=\"2024-10-29T16:08:39+00:00\" \/>\n<meta property=\"article:modified_time\" content=\"2024-10-30T12:36:35+00:00\" \/>\n<meta property=\"og:image\" content=\"https:\/\/clam.org.br\/en\/wp-content\/uploads\/sites\/2\/2024\/10\/WhatsApp-Image-2024-10-25-at-11.34.35.jpeg\" \/>\n\t<meta property=\"og:image:width\" content=\"1024\" \/>\n\t<meta property=\"og:image:height\" content=\"256\" \/>\n\t<meta property=\"og:image:type\" content=\"image\/jpeg\" \/>\n<meta name=\"author\" content=\"clam\" \/>\n<meta name=\"twitter:card\" content=\"summary_large_image\" \/>\n<meta name=\"twitter:label1\" content=\"Written by\" \/>\n\t<meta name=\"twitter:data1\" content=\"clam\" \/>\n\t<meta name=\"twitter:label2\" content=\"Est. reading time\" \/>\n\t<meta name=\"twitter:data2\" content=\"7 minutes\" \/>\n<script type=\"application\/ld+json\" class=\"yoast-schema-graph\">{\"@context\":\"https:\/\/schema.org\",\"@graph\":[{\"@type\":\"WebPage\",\"@id\":\"https:\/\/clam.org.br\/en\/highlights\/sexualidad-salud-y-sociedad-latin-america-magazine\/27202\/\",\"url\":\"https:\/\/clam.org.br\/en\/highlights\/sexualidad-salud-y-sociedad-latin-america-magazine\/27202\/\",\"name\":\"Sexualidad, Salud y Sociedad - Latin America magazine - CLAM - EN\",\"isPartOf\":{\"@id\":\"https:\/\/clam.org.br\/en\/#website\"},\"primaryImageOfPage\":{\"@id\":\"https:\/\/clam.org.br\/en\/highlights\/sexualidad-salud-y-sociedad-latin-america-magazine\/27202\/#primaryimage\"},\"image\":{\"@id\":\"https:\/\/clam.org.br\/en\/highlights\/sexualidad-salud-y-sociedad-latin-america-magazine\/27202\/#primaryimage\"},\"thumbnailUrl\":\"https:\/\/i0.wp.com\/clam.org.br\/en\/wp-content\/uploads\/sites\/2\/2024\/10\/WhatsApp-Image-2024-10-25-at-11.34.35.jpeg?fit=1024%2C256&ssl=1\",\"datePublished\":\"2024-10-29T16:08:39+00:00\",\"dateModified\":\"2024-10-30T12:36:35+00:00\",\"author\":{\"@id\":\"https:\/\/clam.org.br\/en\/#\/schema\/person\/bb7ade0266af558f6fdfef28eab3efcd\"},\"breadcrumb\":{\"@id\":\"https:\/\/clam.org.br\/en\/highlights\/sexualidad-salud-y-sociedad-latin-america-magazine\/27202\/#breadcrumb\"},\"inLanguage\":\"en-US\",\"potentialAction\":[{\"@type\":\"ReadAction\",\"target\":[\"https:\/\/clam.org.br\/en\/highlights\/sexualidad-salud-y-sociedad-latin-america-magazine\/27202\/\"]}]},{\"@type\":\"ImageObject\",\"inLanguage\":\"en-US\",\"@id\":\"https:\/\/clam.org.br\/en\/highlights\/sexualidad-salud-y-sociedad-latin-america-magazine\/27202\/#primaryimage\",\"url\":\"https:\/\/i0.wp.com\/clam.org.br\/en\/wp-content\/uploads\/sites\/2\/2024\/10\/WhatsApp-Image-2024-10-25-at-11.34.35.jpeg?fit=1024%2C256&ssl=1\",\"contentUrl\":\"https:\/\/i0.wp.com\/clam.org.br\/en\/wp-content\/uploads\/sites\/2\/2024\/10\/WhatsApp-Image-2024-10-25-at-11.34.35.jpeg?fit=1024%2C256&ssl=1\",\"width\":1024,\"height\":256},{\"@type\":\"BreadcrumbList\",\"@id\":\"https:\/\/clam.org.br\/en\/highlights\/sexualidad-salud-y-sociedad-latin-america-magazine\/27202\/#breadcrumb\",\"itemListElement\":[{\"@type\":\"ListItem\",\"position\":1,\"name\":\"Home\",\"item\":\"https:\/\/clam.org.br\/en\/\"},{\"@type\":\"ListItem\",\"position\":2,\"name\":\"Sexualidad, Salud y Sociedad &#8211; Latin America magazine\"}]},{\"@type\":\"WebSite\",\"@id\":\"https:\/\/clam.org.br\/en\/#website\",\"url\":\"https:\/\/clam.org.br\/en\/\",\"name\":\"CLAM - EN\",\"description\":\"S\u00f3 mais um site CLAM - Centro Latino-Americano em Sexualidade e Direitos Humanos sites\",\"potentialAction\":[{\"@type\":\"SearchAction\",\"target\":{\"@type\":\"EntryPoint\",\"urlTemplate\":\"https:\/\/clam.org.br\/en\/?s={search_term_string}\"},\"query-input\":{\"@type\":\"PropertyValueSpecification\",\"valueRequired\":true,\"valueName\":\"search_term_string\"}}],\"inLanguage\":\"en-US\"},{\"@type\":\"Person\",\"@id\":\"https:\/\/clam.org.br\/en\/#\/schema\/person\/bb7ade0266af558f6fdfef28eab3efcd\",\"name\":\"clam\",\"image\":{\"@type\":\"ImageObject\",\"inLanguage\":\"en-US\",\"@id\":\"https:\/\/clam.org.br\/en\/#\/schema\/person\/image\/\",\"url\":\"https:\/\/secure.gravatar.com\/avatar\/960336c4095eede6adaa27c7bc9c98b5?s=96&d=mm&r=g\",\"contentUrl\":\"https:\/\/secure.gravatar.com\/avatar\/960336c4095eede6adaa27c7bc9c98b5?s=96&d=mm&r=g\",\"caption\":\"clam\"},\"url\":\"https:\/\/clam.org.br\/en\/author\/clam\/\"}]}<\/script>\n<!-- \/ Yoast SEO plugin. -->","yoast_head_json":{"title":"Sexualidad, Salud y Sociedad - Latin America magazine - CLAM - EN","robots":{"index":"index","follow":"follow","max-snippet":"max-snippet:-1","max-image-preview":"max-image-preview:large","max-video-preview":"max-video-preview:-1"},"canonical":"https:\/\/clam.org.br\/en\/highlights\/sexualidad-salud-y-sociedad-latin-america-magazine\/27202\/","og_locale":"en_US","og_type":"article","og_title":"Sexualidad, Salud y Sociedad - Latin America magazine - CLAM - EN","og_description":"Issue 39 (2023) &#8211; available online The CLAM magazine, a reference journal for research on gender and sexuality in Latin America, completed its 2023 issue in December. Below are the texts already available from issue 39. With fourteen years of history, Sexualidad, Salud y Sociedad is a key journal focused on publishing original articles about the cultural and political dimensions of sexualities in Latin American contexts. Since its founding in 2009, the journal has maintained &hellip; Sexualidad, Salud y Sociedad &#8211; Latin America magazine Read More &raquo;","og_url":"https:\/\/clam.org.br\/en\/highlights\/sexualidad-salud-y-sociedad-latin-america-magazine\/27202\/","og_site_name":"CLAM - EN","article_published_time":"2024-10-29T16:08:39+00:00","article_modified_time":"2024-10-30T12:36:35+00:00","og_image":[{"width":1024,"height":256,"url":"https:\/\/clam.org.br\/en\/wp-content\/uploads\/sites\/2\/2024\/10\/WhatsApp-Image-2024-10-25-at-11.34.35.jpeg","type":"image\/jpeg"}],"author":"clam","twitter_card":"summary_large_image","twitter_misc":{"Written by":"clam","Est. reading time":"7 minutes"},"schema":{"@context":"https:\/\/schema.org","@graph":[{"@type":"WebPage","@id":"https:\/\/clam.org.br\/en\/highlights\/sexualidad-salud-y-sociedad-latin-america-magazine\/27202\/","url":"https:\/\/clam.org.br\/en\/highlights\/sexualidad-salud-y-sociedad-latin-america-magazine\/27202\/","name":"Sexualidad, Salud y Sociedad - Latin America magazine - CLAM - EN","isPartOf":{"@id":"https:\/\/clam.org.br\/en\/#website"},"primaryImageOfPage":{"@id":"https:\/\/clam.org.br\/en\/highlights\/sexualidad-salud-y-sociedad-latin-america-magazine\/27202\/#primaryimage"},"image":{"@id":"https:\/\/clam.org.br\/en\/highlights\/sexualidad-salud-y-sociedad-latin-america-magazine\/27202\/#primaryimage"},"thumbnailUrl":"https:\/\/i0.wp.com\/clam.org.br\/en\/wp-content\/uploads\/sites\/2\/2024\/10\/WhatsApp-Image-2024-10-25-at-11.34.35.jpeg?fit=1024%2C256&ssl=1","datePublished":"2024-10-29T16:08:39+00:00","dateModified":"2024-10-30T12:36:35+00:00","author":{"@id":"https:\/\/clam.org.br\/en\/#\/schema\/person\/bb7ade0266af558f6fdfef28eab3efcd"},"breadcrumb":{"@id":"https:\/\/clam.org.br\/en\/highlights\/sexualidad-salud-y-sociedad-latin-america-magazine\/27202\/#breadcrumb"},"inLanguage":"en-US","potentialAction":[{"@type":"ReadAction","target":["https:\/\/clam.org.br\/en\/highlights\/sexualidad-salud-y-sociedad-latin-america-magazine\/27202\/"]}]},{"@type":"ImageObject","inLanguage":"en-US","@id":"https:\/\/clam.org.br\/en\/highlights\/sexualidad-salud-y-sociedad-latin-america-magazine\/27202\/#primaryimage","url":"https:\/\/i0.wp.com\/clam.org.br\/en\/wp-content\/uploads\/sites\/2\/2024\/10\/WhatsApp-Image-2024-10-25-at-11.34.35.jpeg?fit=1024%2C256&ssl=1","contentUrl":"https:\/\/i0.wp.com\/clam.org.br\/en\/wp-content\/uploads\/sites\/2\/2024\/10\/WhatsApp-Image-2024-10-25-at-11.34.35.jpeg?fit=1024%2C256&ssl=1","width":1024,"height":256},{"@type":"BreadcrumbList","@id":"https:\/\/clam.org.br\/en\/highlights\/sexualidad-salud-y-sociedad-latin-america-magazine\/27202\/#breadcrumb","itemListElement":[{"@type":"ListItem","position":1,"name":"Home","item":"https:\/\/clam.org.br\/en\/"},{"@type":"ListItem","position":2,"name":"Sexualidad, Salud y Sociedad &#8211; Latin America magazine"}]},{"@type":"WebSite","@id":"https:\/\/clam.org.br\/en\/#website","url":"https:\/\/clam.org.br\/en\/","name":"CLAM - EN","description":"S\u00f3 mais um site CLAM - Centro Latino-Americano em Sexualidade e Direitos Humanos sites","potentialAction":[{"@type":"SearchAction","target":{"@type":"EntryPoint","urlTemplate":"https:\/\/clam.org.br\/en\/?s={search_term_string}"},"query-input":{"@type":"PropertyValueSpecification","valueRequired":true,"valueName":"search_term_string"}}],"inLanguage":"en-US"},{"@type":"Person","@id":"https:\/\/clam.org.br\/en\/#\/schema\/person\/bb7ade0266af558f6fdfef28eab3efcd","name":"clam","image":{"@type":"ImageObject","inLanguage":"en-US","@id":"https:\/\/clam.org.br\/en\/#\/schema\/person\/image\/","url":"https:\/\/secure.gravatar.com\/avatar\/960336c4095eede6adaa27c7bc9c98b5?s=96&d=mm&r=g","contentUrl":"https:\/\/secure.gravatar.com\/avatar\/960336c4095eede6adaa27c7bc9c98b5?s=96&d=mm&r=g","caption":"clam"},"url":"https:\/\/clam.org.br\/en\/author\/clam\/"}]}},"jetpack_featured_media_url":"https:\/\/i0.wp.com\/clam.org.br\/en\/wp-content\/uploads\/sites\/2\/2024\/10\/WhatsApp-Image-2024-10-25-at-11.34.35.jpeg?fit=1024%2C256&ssl=1","jetpack_sharing_enabled":true,"jetpack_likes_enabled":false,"_links":{"self":[{"href":"https:\/\/clam.org.br\/en\/wp-json\/wp\/v2\/posts\/27202","targetHints":{"allow":["GET"]}}],"collection":[{"href":"https:\/\/clam.org.br\/en\/wp-json\/wp\/v2\/posts"}],"about":[{"href":"https:\/\/clam.org.br\/en\/wp-json\/wp\/v2\/types\/post"}],"author":[{"embeddable":true,"href":"https:\/\/clam.org.br\/en\/wp-json\/wp\/v2\/users\/2"}],"replies":[{"embeddable":true,"href":"https:\/\/clam.org.br\/en\/wp-json\/wp\/v2\/comments?post=27202"}],"version-history":[{"count":6,"href":"https:\/\/clam.org.br\/en\/wp-json\/wp\/v2\/posts\/27202\/revisions"}],"predecessor-version":[{"id":27237,"href":"https:\/\/clam.org.br\/en\/wp-json\/wp\/v2\/posts\/27202\/revisions\/27237"}],"wp:featuredmedia":[{"embeddable":true,"href":"https:\/\/clam.org.br\/en\/wp-json\/wp\/v2\/media\/27236"}],"wp:attachment":[{"href":"https:\/\/clam.org.br\/en\/wp-json\/wp\/v2\/media?parent=27202"}],"wp:term":[{"taxonomy":"category","embeddable":true,"href":"https:\/\/clam.org.br\/en\/wp-json\/wp\/v2\/categories?post=27202"},{"taxonomy":"post_tag","embeddable":true,"href":"https:\/\/clam.org.br\/en\/wp-json\/wp\/v2\/tags?post=27202"}],"curies":[{"name":"wp","href":"https:\/\/api.w.org\/{rel}","templated":true}]}}