{"id":27238,"date":"2024-10-30T12:03:35","date_gmt":"2024-10-30T15:03:35","guid":{"rendered":"https:\/\/clam.org.br\/en\/?p=27238"},"modified":"2024-10-30T12:13:14","modified_gmt":"2024-10-30T15:13:14","slug":"abortion-and-care-the-trajectory-of-the-argentine-activism-of-socorristas-en-red","status":"publish","type":"post","link":"https:\/\/clam.org.br\/en\/news\/abortion-and-care-the-trajectory-of-the-argentine-activism-of-socorristas-en-red\/27238\/","title":{"rendered":"Abortion and care: the trajectory of the Argentine activism of Socorristas en Red"},"content":{"rendered":"\n<p>September 28th is celebrated as the Latin American and Caribbean Day of Struggle for the Decriminalization and Legalization of Abortion. On this day, marches and demonstrations take place in the countries of the region to decriminalize abortion, various feminists speak out, debates and seminars are organized, and texts and films on the subject are released.<\/p>\n\n\n\n<p>Still in this context of honoring the fight for the right to legal and safe abortion, in which various actors and institutions are encouraging reflection and disseminating knowledge from a rights perspective, CLAM, which has been researching this subject and providing materials and spaces for debate on these issues, presents the text by activists and first responders Andrea L. Gonz\u00e1lez and Lidia Zurbriggen, which looks at 10 years of feminist first responder activism in Argentina.<\/p>\n\n\n\n<p>The movement in which Gonz\u00e1lez and Zurbriggen work, Socorristas en Red, began in 2012, inspired by previous feminist initiatives, such as the experiences of Italians, French and Americans, who created counseling and accompaniment networks for women and pregnant women who needed abortions. Socorristas en Red works in collaboration with health professionals, following the World Health Organization&#8217;s guidelines for safer abortion practices.<\/p>\n\n\n\n<p>The text presents various strategies used by activists to accompany women and pregnant women when they have abortions, with the aim of providing welcome, advice and safety to these people, voluntarily and free of charge.<\/p>\n\n\n\n<p>In these processes, Gonz\u00e1lez and Zurbriggen highlight the importance of systematizing data, emphasizing the fundamental role of information, both for understanding reality and for producing knowledge on the subject.<\/p>\n\n\n\n<p>The authors point out that, following the legalization of abortion in Argentina in 2020, first aid activism did not cease. On the contrary, accompaniment has intensified, revealing that the implementation of the law still faces challenges, such as resistance from conservative sectors, resistance from health professionals, as well as the difficulty of access to remote areas of the country.<\/p>\n\n\n\n<p>Both also mention some important campaigns, such as \u201cEn un mundo justo las ni\u00f1as no son madres\u201d, which denounces the reality of girls forced to give birth, and present actions carried out during the pandemic, which show the importance of activism in times of crisis.<\/p>\n\n\n\n<p>The work of Socorristas en Red goes beyond supporting and helping women and people who are pregnant and need to terminate their pregnancies. It seeks to transform social perceptions on the subject, promoting abortion as a safe, autonomous and feminist practice; as a right that must be guaranteed.<\/p>\n\n\n\n<p>Access the full text presented by the Argentine rescuers Andrea L. Gonz\u00e1lez and Lidia Zurbriggen here.<\/p>\n\n\n\n<p>The Argentinian activists were special guests at an event organized by CLAM in June 2023. It was a seminar entitled \u201cAbortion and care: experiences, activism and research in Latin America\u201d, which aimed to share journeys, lessons learned and research on activism around abortion, also considering the process of social decriminalization of abortion in Latin America, as well as support networks in the region.<\/p>\n\n\n\n<figure class=\"wp-block-image size-large is-resized\"><img data-recalc-dims=\"1\" fetchpriority=\"high\" decoding=\"async\" width=\"724\" height=\"1024\" src=\"https:\/\/i0.wp.com\/clam.org.br\/en\/wp-content\/uploads\/sites\/2\/2024\/10\/Evento-1.png?resize=724%2C1024&#038;ssl=1\" alt=\"\" class=\"wp-image-27239\" style=\"width:454px;height:auto\" srcset=\"https:\/\/i0.wp.com\/clam.org.br\/en\/wp-content\/uploads\/sites\/2\/2024\/10\/Evento-1.png?resize=724%2C1024&amp;ssl=1 724w, https:\/\/i0.wp.com\/clam.org.br\/en\/wp-content\/uploads\/sites\/2\/2024\/10\/Evento-1.png?resize=212%2C300&amp;ssl=1 212w, https:\/\/i0.wp.com\/clam.org.br\/en\/wp-content\/uploads\/sites\/2\/2024\/10\/Evento-1.png?resize=768%2C1086&amp;ssl=1 768w, https:\/\/i0.wp.com\/clam.org.br\/en\/wp-content\/uploads\/sites\/2\/2024\/10\/Evento-1.png?resize=1086%2C1536&amp;ssl=1 1086w, https:\/\/i0.wp.com\/clam.org.br\/en\/wp-content\/uploads\/sites\/2\/2024\/10\/Evento-1.png?resize=1448%2C2048&amp;ssl=1 1448w, https:\/\/i0.wp.com\/clam.org.br\/en\/wp-content\/uploads\/sites\/2\/2024\/10\/Evento-1.png?resize=566%2C800&amp;ssl=1 566w, https:\/\/i0.wp.com\/clam.org.br\/en\/wp-content\/uploads\/sites\/2\/2024\/10\/Evento-1.png?resize=459%2C649&amp;ssl=1 459w, https:\/\/i0.wp.com\/clam.org.br\/en\/wp-content\/uploads\/sites\/2\/2024\/10\/Evento-1.png?w=1587&amp;ssl=1 1587w\" sizes=\"(max-width: 724px) 100vw, 724px\" \/><\/figure>\n\n\n\n<p>(Event poster and program)<\/p>\n\n\n\n<p><\/p>\n\n\n\n<p>The event&#8217;s program included presentations by Argentine rescuers Andrea L. Gonz\u00e1lez and Lidia Zurbriggen, members of <em>Socorristas en Red<\/em>, who presented the lecture \u201c10 a\u00f1os de activismo feminista socorrista. Tejiendo memorias, saberes, articulaciones y amistades pol\u00edticas\u201d, based on the text shared in this news item.<\/p>\n\n\n\n<figure class=\"wp-block-image size-full is-resized\"><img data-recalc-dims=\"1\" decoding=\"async\" width=\"607\" height=\"456\" src=\"https:\/\/i0.wp.com\/clam.org.br\/en\/wp-content\/uploads\/sites\/2\/2024\/10\/image.png?resize=607%2C456&#038;ssl=1\" alt=\"\" class=\"wp-image-27240\" style=\"width:565px;height:auto\" srcset=\"https:\/\/i0.wp.com\/clam.org.br\/en\/wp-content\/uploads\/sites\/2\/2024\/10\/image.png?w=607&amp;ssl=1 607w, https:\/\/i0.wp.com\/clam.org.br\/en\/wp-content\/uploads\/sites\/2\/2024\/10\/image.png?resize=300%2C225&amp;ssl=1 300w, https:\/\/i0.wp.com\/clam.org.br\/en\/wp-content\/uploads\/sites\/2\/2024\/10\/image.png?resize=600%2C451&amp;ssl=1 600w\" sizes=\"(max-width: 607px) 100vw, 607px\" \/><\/figure>\n\n\n\n<p>Jimena de Garay (IP\/UERJ), Andrea L. Gonz\u00e1lez (Socorristas en Red Argentina), Lidia Zurbriggen (Socorristas en Red Argentina) and Carla de Castro Gomes (Redes da Mar\u00e9; NESEG\/UFRJ; PAGU\/Unicamp).<\/p>\n\n\n\n<p>In addition to the first aid workers, the seminar was attended by researchers and activists Marcelle Souza (PROLAM\/USP), who presented a paper entitled \u201cSafe and accompanied abortion in Latin America: a feminist strategy\u201d and Alessandra Brigo (CLAM\/IMS\/UERJ), who gave a talk entitled \u201cAbortion in Brazil: feminist practices of care and resistance\u201d.<\/p>\n\n\n\n<p><\/p>\n\n\n\n<p><\/p>\n\n\n\n<figure class=\"wp-block-image size-full is-resized\"><img data-recalc-dims=\"1\" decoding=\"async\" width=\"623\" height=\"468\" src=\"https:\/\/i0.wp.com\/clam.org.br\/en\/wp-content\/uploads\/sites\/2\/2024\/10\/image-1.png?resize=623%2C468&#038;ssl=1\" alt=\"\" class=\"wp-image-27241\" style=\"width:458px;height:auto\" srcset=\"https:\/\/i0.wp.com\/clam.org.br\/en\/wp-content\/uploads\/sites\/2\/2024\/10\/image-1.png?w=623&amp;ssl=1 623w, https:\/\/i0.wp.com\/clam.org.br\/en\/wp-content\/uploads\/sites\/2\/2024\/10\/image-1.png?resize=300%2C225&amp;ssl=1 300w, https:\/\/i0.wp.com\/clam.org.br\/en\/wp-content\/uploads\/sites\/2\/2024\/10\/image-1.png?resize=600%2C451&amp;ssl=1 600w\" sizes=\"(max-width: 623px) 100vw, 623px\" \/><\/figure>\n\n\n\n<p>Alessandra Brigo (CLAM\/IMS\/UERJ), Andrea L. Gonz\u00e1lez (Socorristas en Red Argentina), Jimena de Garay (IP\/UERJ), Lidia Zurbriggen (Socorristas en Red Argentina) and Carla Gomes (Redes da Mar\u00e9; NESEG\/UFRJ; PAGU\/Unicamp).<\/p>\n\n\n\n<p><\/p>\n\n\n\n<p><\/p>\n\n\n\n<p><\/p>\n\n\n\n<p>The event was organized in partnership by the Latin American Center on Sexuality and Human Rights (CLAM\/IMS\/UERJ) and the Research Group on Subjectivities and Institutions in Folds (GEPSID\/UERJ), with the support of the Center for Sexuality and Gender Studies (NESEG\/PPGSA\/UFRJ), Redes da Mar\u00e9, N\u00facleo de Estudos sobre Desigualdades Contempor\u00e2neas e Rela\u00e7\u00f5es de G\u00eanero (NUDERG\/UERJ), N\u00facleo de Pesquisa e Desconstru\u00e7\u00e3o de G\u00eaneros (DEGENERA\/UERJ) and Rede Fluminense de N\u00facleos de Pesquisa de G\u00eanero, Sexualidade e Feminismos nas Ci\u00eancias Sociais (REDEGEN).<\/p>\n\n\n\n<p>The seminar was aimed at researchers and activists engaged in issues surrounding the decriminalization of abortion.<\/p>\n\n\n\n<figure class=\"wp-block-image size-full is-resized\"><img data-recalc-dims=\"1\" loading=\"lazy\" decoding=\"async\" width=\"920\" height=\"519\" src=\"https:\/\/i0.wp.com\/clam.org.br\/en\/wp-content\/uploads\/sites\/2\/2024\/10\/image-2.png?resize=920%2C519&#038;ssl=1\" alt=\"\" class=\"wp-image-27242\" style=\"width:899px;height:auto\" srcset=\"https:\/\/i0.wp.com\/clam.org.br\/en\/wp-content\/uploads\/sites\/2\/2024\/10\/image-2.png?w=920&amp;ssl=1 920w, https:\/\/i0.wp.com\/clam.org.br\/en\/wp-content\/uploads\/sites\/2\/2024\/10\/image-2.png?resize=300%2C169&amp;ssl=1 300w, https:\/\/i0.wp.com\/clam.org.br\/en\/wp-content\/uploads\/sites\/2\/2024\/10\/image-2.png?resize=768%2C433&amp;ssl=1 768w, https:\/\/i0.wp.com\/clam.org.br\/en\/wp-content\/uploads\/sites\/2\/2024\/10\/image-2.png?resize=600%2C338&amp;ssl=1 600w\" sizes=\"(max-width: 920px) 100vw, 920px\" \/><\/figure>\n\n\n\n<p>The audience at the seminar \u201cAbortion and care: experiences, activism and research in Latin America\u201d, held in June 2023 at the IMS\/UERJ Auditorium.<\/p>\n","protected":false},"excerpt":{"rendered":"<p>September 28th is celebrated as the Latin American and Caribbean Day of Struggle for the Decriminalization and Legalization of Abortion. On this day, marches and demonstrations take place in the countries of the region to decriminalize abortion, various feminists speak out, debates and seminars are organized, and texts and films on the subject are released. Still in this context of honoring the fight for the right to legal and safe abortion, in which various actors &hellip;<\/p>\n<p class=\"read-more\"> <a class=\"\" href=\"https:\/\/clam.org.br\/en\/news\/abortion-and-care-the-trajectory-of-the-argentine-activism-of-socorristas-en-red\/27238\/\"> <span class=\"screen-reader-text\">Abortion and care: the trajectory of the Argentine activism of Socorristas en Red<\/span> Read More &raquo;<\/a><\/p>\n","protected":false},"author":2,"featured_media":27243,"comment_status":"open","ping_status":"open","sticky":false,"template":"","format":"standard","meta":{"_acf_changed":false,"site-sidebar-layout":"default","site-content-layout":"default","ast-global-header-display":"","ast-main-header-display":"","ast-hfb-above-header-display":"","ast-hfb-below-header-display":"","ast-hfb-mobile-header-display":"","site-post-title":"","ast-breadcrumbs-content":"","ast-featured-img":"","footer-sml-layout":"","theme-transparent-header-meta":"","adv-header-id-meta":"","stick-header-meta":"","header-above-stick-meta":"","header-main-stick-meta":"","header-below-stick-meta":"","_jetpack_memberships_contains_paid_content":false,"footnotes":""},"categories":[7],"tags":[],"class_list":["post-27238","post","type-post","status-publish","format-standard","has-post-thumbnail","hentry","category-news"],"acf":[],"yoast_head":"<!-- This site is optimized with the Yoast SEO plugin v26.1.1 - https:\/\/yoast.com\/wordpress\/plugins\/seo\/ -->\n<title>Abortion and care: the trajectory of the Argentine activism of Socorristas en Red - CLAM - EN<\/title>\n<meta name=\"robots\" content=\"index, follow, max-snippet:-1, max-image-preview:large, max-video-preview:-1\" \/>\n<link rel=\"canonical\" href=\"https:\/\/clam.org.br\/en\/news\/abortion-and-care-the-trajectory-of-the-argentine-activism-of-socorristas-en-red\/27238\/\" \/>\n<meta property=\"og:locale\" content=\"en_US\" \/>\n<meta property=\"og:type\" content=\"article\" \/>\n<meta property=\"og:title\" content=\"Abortion and care: the trajectory of the Argentine activism of Socorristas en Red - CLAM - EN\" \/>\n<meta property=\"og:description\" content=\"September 28th is celebrated as the Latin American and Caribbean Day of Struggle for the Decriminalization and Legalization of Abortion. On this day, marches and demonstrations take place in the countries of the region to decriminalize abortion, various feminists speak out, debates and seminars are organized, and texts and films on the subject are released. Still in this context of honoring the fight for the right to legal and safe abortion, in which various actors &hellip; Abortion and care: the trajectory of the Argentine activism of Socorristas en Red Read More &raquo;\" \/>\n<meta property=\"og:url\" content=\"https:\/\/clam.org.br\/en\/news\/abortion-and-care-the-trajectory-of-the-argentine-activism-of-socorristas-en-red\/27238\/\" \/>\n<meta property=\"og:site_name\" content=\"CLAM - EN\" \/>\n<meta property=\"article:published_time\" content=\"2024-10-30T15:03:35+00:00\" \/>\n<meta property=\"article:modified_time\" content=\"2024-10-30T15:13:14+00:00\" \/>\n<meta property=\"og:image\" content=\"https:\/\/clam.org.br\/en\/wp-content\/uploads\/sites\/2\/2024\/10\/destaquinhos-4.png\" \/>\n\t<meta property=\"og:image:width\" content=\"1748\" \/>\n\t<meta property=\"og:image:height\" content=\"1240\" \/>\n\t<meta property=\"og:image:type\" content=\"image\/png\" \/>\n<meta name=\"author\" content=\"clam\" \/>\n<meta name=\"twitter:card\" content=\"summary_large_image\" \/>\n<meta name=\"twitter:label1\" content=\"Written by\" \/>\n\t<meta name=\"twitter:data1\" content=\"clam\" \/>\n\t<meta name=\"twitter:label2\" content=\"Est. reading time\" \/>\n\t<meta name=\"twitter:data2\" content=\"5 minutes\" \/>\n<script type=\"application\/ld+json\" class=\"yoast-schema-graph\">{\"@context\":\"https:\/\/schema.org\",\"@graph\":[{\"@type\":\"WebPage\",\"@id\":\"https:\/\/clam.org.br\/en\/news\/abortion-and-care-the-trajectory-of-the-argentine-activism-of-socorristas-en-red\/27238\/\",\"url\":\"https:\/\/clam.org.br\/en\/news\/abortion-and-care-the-trajectory-of-the-argentine-activism-of-socorristas-en-red\/27238\/\",\"name\":\"Abortion and care: the trajectory of the Argentine activism of Socorristas en Red - CLAM - EN\",\"isPartOf\":{\"@id\":\"https:\/\/clam.org.br\/en\/#website\"},\"primaryImageOfPage\":{\"@id\":\"https:\/\/clam.org.br\/en\/news\/abortion-and-care-the-trajectory-of-the-argentine-activism-of-socorristas-en-red\/27238\/#primaryimage\"},\"image\":{\"@id\":\"https:\/\/clam.org.br\/en\/news\/abortion-and-care-the-trajectory-of-the-argentine-activism-of-socorristas-en-red\/27238\/#primaryimage\"},\"thumbnailUrl\":\"https:\/\/i0.wp.com\/clam.org.br\/en\/wp-content\/uploads\/sites\/2\/2024\/10\/destaquinhos-4.png?fit=1748%2C1240&ssl=1\",\"datePublished\":\"2024-10-30T15:03:35+00:00\",\"dateModified\":\"2024-10-30T15:13:14+00:00\",\"author\":{\"@id\":\"https:\/\/clam.org.br\/en\/#\/schema\/person\/bb7ade0266af558f6fdfef28eab3efcd\"},\"breadcrumb\":{\"@id\":\"https:\/\/clam.org.br\/en\/news\/abortion-and-care-the-trajectory-of-the-argentine-activism-of-socorristas-en-red\/27238\/#breadcrumb\"},\"inLanguage\":\"en-US\",\"potentialAction\":[{\"@type\":\"ReadAction\",\"target\":[\"https:\/\/clam.org.br\/en\/news\/abortion-and-care-the-trajectory-of-the-argentine-activism-of-socorristas-en-red\/27238\/\"]}]},{\"@type\":\"ImageObject\",\"inLanguage\":\"en-US\",\"@id\":\"https:\/\/clam.org.br\/en\/news\/abortion-and-care-the-trajectory-of-the-argentine-activism-of-socorristas-en-red\/27238\/#primaryimage\",\"url\":\"https:\/\/i0.wp.com\/clam.org.br\/en\/wp-content\/uploads\/sites\/2\/2024\/10\/destaquinhos-4.png?fit=1748%2C1240&ssl=1\",\"contentUrl\":\"https:\/\/i0.wp.com\/clam.org.br\/en\/wp-content\/uploads\/sites\/2\/2024\/10\/destaquinhos-4.png?fit=1748%2C1240&ssl=1\",\"width\":1748,\"height\":1240},{\"@type\":\"BreadcrumbList\",\"@id\":\"https:\/\/clam.org.br\/en\/news\/abortion-and-care-the-trajectory-of-the-argentine-activism-of-socorristas-en-red\/27238\/#breadcrumb\",\"itemListElement\":[{\"@type\":\"ListItem\",\"position\":1,\"name\":\"Home\",\"item\":\"https:\/\/clam.org.br\/en\/\"},{\"@type\":\"ListItem\",\"position\":2,\"name\":\"Abortion and care: the trajectory of the Argentine activism of Socorristas en Red\"}]},{\"@type\":\"WebSite\",\"@id\":\"https:\/\/clam.org.br\/en\/#website\",\"url\":\"https:\/\/clam.org.br\/en\/\",\"name\":\"CLAM - EN\",\"description\":\"S\u00f3 mais um site CLAM - Centro Latino-Americano em Sexualidade e Direitos Humanos sites\",\"potentialAction\":[{\"@type\":\"SearchAction\",\"target\":{\"@type\":\"EntryPoint\",\"urlTemplate\":\"https:\/\/clam.org.br\/en\/?s={search_term_string}\"},\"query-input\":{\"@type\":\"PropertyValueSpecification\",\"valueRequired\":true,\"valueName\":\"search_term_string\"}}],\"inLanguage\":\"en-US\"},{\"@type\":\"Person\",\"@id\":\"https:\/\/clam.org.br\/en\/#\/schema\/person\/bb7ade0266af558f6fdfef28eab3efcd\",\"name\":\"clam\",\"image\":{\"@type\":\"ImageObject\",\"inLanguage\":\"en-US\",\"@id\":\"https:\/\/clam.org.br\/en\/#\/schema\/person\/image\/\",\"url\":\"https:\/\/secure.gravatar.com\/avatar\/960336c4095eede6adaa27c7bc9c98b5?s=96&d=mm&r=g\",\"contentUrl\":\"https:\/\/secure.gravatar.com\/avatar\/960336c4095eede6adaa27c7bc9c98b5?s=96&d=mm&r=g\",\"caption\":\"clam\"},\"url\":\"https:\/\/clam.org.br\/en\/author\/clam\/\"}]}<\/script>\n<!-- \/ Yoast SEO plugin. -->","yoast_head_json":{"title":"Abortion and care: the trajectory of the Argentine activism of Socorristas en Red - CLAM - EN","robots":{"index":"index","follow":"follow","max-snippet":"max-snippet:-1","max-image-preview":"max-image-preview:large","max-video-preview":"max-video-preview:-1"},"canonical":"https:\/\/clam.org.br\/en\/news\/abortion-and-care-the-trajectory-of-the-argentine-activism-of-socorristas-en-red\/27238\/","og_locale":"en_US","og_type":"article","og_title":"Abortion and care: the trajectory of the Argentine activism of Socorristas en Red - CLAM - EN","og_description":"September 28th is celebrated as the Latin American and Caribbean Day of Struggle for the Decriminalization and Legalization of Abortion. On this day, marches and demonstrations take place in the countries of the region to decriminalize abortion, various feminists speak out, debates and seminars are organized, and texts and films on the subject are released. Still in this context of honoring the fight for the right to legal and safe abortion, in which various actors &hellip; Abortion and care: the trajectory of the Argentine activism of Socorristas en Red Read More &raquo;","og_url":"https:\/\/clam.org.br\/en\/news\/abortion-and-care-the-trajectory-of-the-argentine-activism-of-socorristas-en-red\/27238\/","og_site_name":"CLAM - EN","article_published_time":"2024-10-30T15:03:35+00:00","article_modified_time":"2024-10-30T15:13:14+00:00","og_image":[{"width":1748,"height":1240,"url":"https:\/\/clam.org.br\/en\/wp-content\/uploads\/sites\/2\/2024\/10\/destaquinhos-4.png","type":"image\/png"}],"author":"clam","twitter_card":"summary_large_image","twitter_misc":{"Written by":"clam","Est. reading time":"5 minutes"},"schema":{"@context":"https:\/\/schema.org","@graph":[{"@type":"WebPage","@id":"https:\/\/clam.org.br\/en\/news\/abortion-and-care-the-trajectory-of-the-argentine-activism-of-socorristas-en-red\/27238\/","url":"https:\/\/clam.org.br\/en\/news\/abortion-and-care-the-trajectory-of-the-argentine-activism-of-socorristas-en-red\/27238\/","name":"Abortion and care: the trajectory of the Argentine activism of Socorristas en Red - CLAM - EN","isPartOf":{"@id":"https:\/\/clam.org.br\/en\/#website"},"primaryImageOfPage":{"@id":"https:\/\/clam.org.br\/en\/news\/abortion-and-care-the-trajectory-of-the-argentine-activism-of-socorristas-en-red\/27238\/#primaryimage"},"image":{"@id":"https:\/\/clam.org.br\/en\/news\/abortion-and-care-the-trajectory-of-the-argentine-activism-of-socorristas-en-red\/27238\/#primaryimage"},"thumbnailUrl":"https:\/\/i0.wp.com\/clam.org.br\/en\/wp-content\/uploads\/sites\/2\/2024\/10\/destaquinhos-4.png?fit=1748%2C1240&ssl=1","datePublished":"2024-10-30T15:03:35+00:00","dateModified":"2024-10-30T15:13:14+00:00","author":{"@id":"https:\/\/clam.org.br\/en\/#\/schema\/person\/bb7ade0266af558f6fdfef28eab3efcd"},"breadcrumb":{"@id":"https:\/\/clam.org.br\/en\/news\/abortion-and-care-the-trajectory-of-the-argentine-activism-of-socorristas-en-red\/27238\/#breadcrumb"},"inLanguage":"en-US","potentialAction":[{"@type":"ReadAction","target":["https:\/\/clam.org.br\/en\/news\/abortion-and-care-the-trajectory-of-the-argentine-activism-of-socorristas-en-red\/27238\/"]}]},{"@type":"ImageObject","inLanguage":"en-US","@id":"https:\/\/clam.org.br\/en\/news\/abortion-and-care-the-trajectory-of-the-argentine-activism-of-socorristas-en-red\/27238\/#primaryimage","url":"https:\/\/i0.wp.com\/clam.org.br\/en\/wp-content\/uploads\/sites\/2\/2024\/10\/destaquinhos-4.png?fit=1748%2C1240&ssl=1","contentUrl":"https:\/\/i0.wp.com\/clam.org.br\/en\/wp-content\/uploads\/sites\/2\/2024\/10\/destaquinhos-4.png?fit=1748%2C1240&ssl=1","width":1748,"height":1240},{"@type":"BreadcrumbList","@id":"https:\/\/clam.org.br\/en\/news\/abortion-and-care-the-trajectory-of-the-argentine-activism-of-socorristas-en-red\/27238\/#breadcrumb","itemListElement":[{"@type":"ListItem","position":1,"name":"Home","item":"https:\/\/clam.org.br\/en\/"},{"@type":"ListItem","position":2,"name":"Abortion and care: the trajectory of the Argentine activism of Socorristas en Red"}]},{"@type":"WebSite","@id":"https:\/\/clam.org.br\/en\/#website","url":"https:\/\/clam.org.br\/en\/","name":"CLAM - EN","description":"S\u00f3 mais um site CLAM - Centro Latino-Americano em Sexualidade e Direitos Humanos sites","potentialAction":[{"@type":"SearchAction","target":{"@type":"EntryPoint","urlTemplate":"https:\/\/clam.org.br\/en\/?s={search_term_string}"},"query-input":{"@type":"PropertyValueSpecification","valueRequired":true,"valueName":"search_term_string"}}],"inLanguage":"en-US"},{"@type":"Person","@id":"https:\/\/clam.org.br\/en\/#\/schema\/person\/bb7ade0266af558f6fdfef28eab3efcd","name":"clam","image":{"@type":"ImageObject","inLanguage":"en-US","@id":"https:\/\/clam.org.br\/en\/#\/schema\/person\/image\/","url":"https:\/\/secure.gravatar.com\/avatar\/960336c4095eede6adaa27c7bc9c98b5?s=96&d=mm&r=g","contentUrl":"https:\/\/secure.gravatar.com\/avatar\/960336c4095eede6adaa27c7bc9c98b5?s=96&d=mm&r=g","caption":"clam"},"url":"https:\/\/clam.org.br\/en\/author\/clam\/"}]}},"jetpack_featured_media_url":"https:\/\/i0.wp.com\/clam.org.br\/en\/wp-content\/uploads\/sites\/2\/2024\/10\/destaquinhos-4.png?fit=1748%2C1240&ssl=1","jetpack_sharing_enabled":true,"jetpack_likes_enabled":false,"_links":{"self":[{"href":"https:\/\/clam.org.br\/en\/wp-json\/wp\/v2\/posts\/27238","targetHints":{"allow":["GET"]}}],"collection":[{"href":"https:\/\/clam.org.br\/en\/wp-json\/wp\/v2\/posts"}],"about":[{"href":"https:\/\/clam.org.br\/en\/wp-json\/wp\/v2\/types\/post"}],"author":[{"embeddable":true,"href":"https:\/\/clam.org.br\/en\/wp-json\/wp\/v2\/users\/2"}],"replies":[{"embeddable":true,"href":"https:\/\/clam.org.br\/en\/wp-json\/wp\/v2\/comments?post=27238"}],"version-history":[{"count":3,"href":"https:\/\/clam.org.br\/en\/wp-json\/wp\/v2\/posts\/27238\/revisions"}],"predecessor-version":[{"id":27247,"href":"https:\/\/clam.org.br\/en\/wp-json\/wp\/v2\/posts\/27238\/revisions\/27247"}],"wp:featuredmedia":[{"embeddable":true,"href":"https:\/\/clam.org.br\/en\/wp-json\/wp\/v2\/media\/27243"}],"wp:attachment":[{"href":"https:\/\/clam.org.br\/en\/wp-json\/wp\/v2\/media?parent=27238"}],"wp:term":[{"taxonomy":"category","embeddable":true,"href":"https:\/\/clam.org.br\/en\/wp-json\/wp\/v2\/categories?post=27238"},{"taxonomy":"post_tag","embeddable":true,"href":"https:\/\/clam.org.br\/en\/wp-json\/wp\/v2\/tags?post=27238"}],"curies":[{"name":"wp","href":"https:\/\/api.w.org\/{rel}","templated":true}]}}