{"id":28861,"date":"2024-09-02T11:05:53","date_gmt":"2024-09-02T14:05:53","guid":{"rendered":"https:\/\/clam.org.br\/en\/sem-categoria\/mauro-brigeiro\/28861\/"},"modified":"2024-09-02T11:05:53","modified_gmt":"2024-09-02T14:05:53","slug":"mauro-brigeiro","status":"publish","type":"post","link":"https:\/\/clam.org.br\/en\/team\/mauro-brigeiro\/28861\/","title":{"rendered":"Mauro Brigeiro"},"content":{"rendered":"<p><img data-recalc-dims=\"1\" fetchpriority=\"high\" decoding=\"async\" width=\"640\" height=\"640\" src=\"https:\/\/i0.wp.com\/clam.org.br\/en\/wp-content\/uploads\/sites\/2\/2024\/09\/MB.jpg?resize=640%2C640&#038;ssl=1\" alt=\"\" \/>\t\t\t\t\t\t\t\t\t\t\t\t\t<\/p>\n<p>Mauro Brigeiro<\/p>\n<p>Doutor em Antropologia Social (2021) pela Universidade Estadual de Campinas (UNICAMP), tendo realizado interc\u00e2mbio doutoral em Portugal, no Departamento de Antropologia do Instituto Universit\u00e1rio de Lisboa-ISCTE. \u00c9 Mestre em Sa\u00fade Coletiva (2000) pelo Instituto de Medicina Social da Universidade do Estado do Rio de Janeiro (IMS\/UERJ), na \u00e1rea de concentra\u00e7\u00e3o Ci\u00eancias Humanas e Sa\u00fade. Possui gradua\u00e7\u00e3o em Psicologia (1996), pela Universidade Federal do Rio de Janeiro (UFRJ). Tem experi\u00eancia como docente e pesquisador no Brasil e na Col\u00f4mbia, atuando nas \u00e1reas da antropologia, dos estudos de g\u00eanero e da sa\u00fade coletiva. Desde 2015 tem colaborado como pesquisador bolsista no Laborat\u00f3rio de Educa\u00e7\u00e3o em Ambiente e Sa\u00fade (LEAS) do Instituto Oswaldo Cruz (IOC), FIOCRUZ. No Centro Latino-Americano em Sexualidade e Direitos Humanos (CLAM) do IMS\/UERJ tem colaborado com projetos de \u00e2mbito regional e, entre 2015 e 2016, atuou como professor do curso de Especializa\u00e7\u00e3o em G\u00eanero e Sexualidade. Foi professor substituto no Instituto de Estudos em Sa\u00fade Coletiva (IESC) da UFRJ, entre 2013 e 2014. Esteve vinculado como professor na Universidad Nacional de Colombia (UNAL), adscrito ao \\&#8221;Departamento de Antropolog\u00eda\\&#8221; e \u00e0 \\&#8221;Escuela de Estudios de G\u00e9nero\\&#8221;, atuando em programas de gradua\u00e7\u00e3o e p\u00f3s-gradua\u00e7\u00e3o. Ainda em Bogot\u00e1, foi docente da \\&#8221;Escuela de Medicina y Ciencias de la Salud\\&#8221;, da Universidad del Rosario, em 2003 e em 2019, e da Corporaci\u00f3n Universitaria Iberoamericana, entre 2002 e 2004. Seus interesses de pesquisas s\u00e3o: sexualidade, g\u00eanero, curso da vida, gest\u00e3o da velhice, preven\u00e7\u00e3o do HIV, biomedicaliza\u00e7\u00e3o e as rela\u00e7\u00f5es entre ci\u00eancia, natureza e cultura.<\/p>\n<p>Link CV Lattes: <a href=\"http:\/\/lattes.cnpq.br\/8610614558200071\">http:\/\/lattes.cnpq.br\/8610614558200071<\/a><\/p>\n<p><strong>Publica\u00e7\u00f5es<\/strong>:<\/p>\n<p>BRIGEIRO, Mauro; MONTEIRO, Simone. Pre-exposure prophylaxis for HIV in Brazil: hopes and moral panic in the social construction of a biomedical technology. CULTURE HEALTH &amp; SEXUALITY, v. 25, p. 1055-1069, 2023. <a href=\"https:\/\/doi.org\/10.1080\/13691058.2022.2121423\"><strong>https:\/\/doi.org\/10.1080\/13691058.2022.2121423<\/strong><\/a><\/p>\n<p>BRIGEIRO, Mauro; Debert, Guita Grin. A gest\u00e3o do envelhecimento e a sexualidade: revisitando imagens e narrativas. In: ALMEIDA, Heloisa Buarque de; HENNING, Carlos Eduardo. (Org.). <em>Desafios e resist\u00eancias em g\u00eanero e sexualidade no Brasil contempor\u00e2neo<\/em>. 1ed.Goi\u00e2nia: ABA Publica\u00e7\u00f5es, 2024, v. , p. 452-481.<\/p>\n<p><a href=\"https:\/\/files.cercomp.ufg.br\/weby\/up\/688\/o\/Desafios_e_Resistencias_em_Genero_e_Sexualidade_no__Brasil_Contemporaneo.pdf\"><strong>https:\/\/files.cercomp.ufg.br\/weby\/up\/688\/o\/Desafios_e_Resistencias_em_Genero_e_Sexualidade_no__Brasil_Contemporaneo.pdf<\/strong><\/a><\/p>\n<p>FACUNDO, Angela ;\u00a0BRIGEIRO, Mauro. <em>Sexualidad, Ciencia y Profesi\u00f3n em Colombia<\/em>. 1. ed. Rio de Janeiro: CEPESC, 2014. v. 1. 144p.<\/p>\n<p><a href=\"http:\/\/www.clam.org.br\/uploads\/arquivo\/Sexualidad_ciencia_profesion_Colombia.pdf\"><strong>http:\/\/www.clam.org.br\/uploads\/arquivo\/Sexualidad_ciencia_profesion_Colombia.pdf<\/strong><\/a>\u00a0<\/p>\n<p>BRIGEIRO, Mauro. A emerg\u00eancia da assexualidade: notas sobre pol\u00edtica sexual, ethos cient\u00edfico e o desinteresse pelo sexo. SEXUALIDAD, SALUD Y SOCIEDAD (Rio de Janeiro), v. 14, p. 253-283, 2013. <a href=\"https:\/\/doi.org\/10.1590\/S1984-64872013000200012\"><strong>https:\/\/doi.org\/10.1590\/S1984-64872013000200012<\/strong><\/a><\/p>\n<p>BRIGEIRO, Mauro; MELO-MORENO, Marco Alejandro; RIVERA-AMARILLO, Claudia; RODR\u00cdGUEZ-ROND\u00d3N, Flora. <em>La investigaci\u00f3n sobre sexualidad en Colombia (1990-2004): balance bibliogr\u00e1fico<\/em>. 1. ed. Bogot\u00e1 \/ Rio de Janeiro: Universidad Nacional de Colombia\/CLAM-UERJ, 2012. v. 500. 142p.<\/p>\n<p><a href=\"https:\/\/clam.org.br\/uploads\/arquivo\/Estado_del_arte_col.pdf\"><strong>https:\/\/clam.org.br\/uploads\/arquivo\/Estado_del_arte_col.pdf<\/strong><\/a><\/p>\n<p>BRIGEIRO, Mauro; Castillo, Elizabeth; Murad, Roc\u00edo. Encuesta LGBT: Sexualidad y Derechos. Participantes de la Marcha de la Ciudadan\u00eda LGBT, Bogot\u00e1 2007. 1. ed. Bogot\u00e1: Universidad Nacional de Colombia, Profamilia, CLAM, 2009. 144p.<\/p>\n<p><a href=\"https:\/\/clam.org.br\/uploads\/arquivo\/encuesta-lgbt-Bogota-2007.pdf\"><strong>https:\/\/clam.org.br\/uploads\/arquivo\/encuesta-lgbt-Bogota-2007.pdf<\/strong><\/a><\/p>\n<p>BRIGEIRO, Mauro. Gerontology as a new Science of Sexuality and new configurations of the sexual life course. In: Hor\u00e1cio S\u00edvori et al. (Org.). <em>Sexuality, Culture and Politics: a South American Reader<\/em>. 1ed. Rio de Janeiro: CEPESC, 2013, p. 671-684.<\/p>\n<p><a href=\"http:\/\/www.clam.org.br\/uploads\/publicacoes\/book2\/cover.pdf\"><strong>http:\/\/www.clam.org.br\/uploads\/publicacoes\/book2\/cover.pdf<\/strong><\/a><\/p>\n","protected":false},"excerpt":{"rendered":"<p>Mauro Brigeiro Doutor em Antropologia Social (2021) pela Universidade Estadual de Campinas (UNICAMP), tendo realizado interc\u00e2mbio doutoral em Portugal, no Departamento de Antropologia do Instituto Universit\u00e1rio de Lisboa-ISCTE. \u00c9 Mestre em Sa\u00fade Coletiva (2000) pelo Instituto de Medicina Social da Universidade do Estado do Rio de Janeiro (IMS\/UERJ), na \u00e1rea de concentra\u00e7\u00e3o Ci\u00eancias Humanas e Sa\u00fade. Possui gradua\u00e7\u00e3o em Psicologia (1996), pela Universidade Federal do Rio de Janeiro (UFRJ). Tem experi\u00eancia como docente e pesquisador &hellip;<\/p>\n<p class=\"read-more\"> <a class=\"\" href=\"https:\/\/clam.org.br\/en\/team\/mauro-brigeiro\/28861\/\"> <span class=\"screen-reader-text\">Mauro Brigeiro<\/span> Read More &raquo;<\/a><\/p>\n","protected":false},"author":2,"featured_media":28863,"comment_status":"open","ping_status":"open","sticky":false,"template":"","format":"standard","meta":{"_acf_changed":false,"site-sidebar-layout":"default","site-content-layout":"default","ast-global-header-display":"","ast-main-header-display":"","ast-hfb-above-header-display":"","ast-hfb-below-header-display":"","ast-hfb-mobile-header-display":"","site-post-title":"","ast-breadcrumbs-content":"","ast-featured-img":"","footer-sml-layout":"","theme-transparent-header-meta":"","adv-header-id-meta":"","stick-header-meta":"","header-above-stick-meta":"","header-main-stick-meta":"","header-below-stick-meta":"","_jetpack_memberships_contains_paid_content":false,"footnotes":""},"categories":[24],"tags":[],"class_list":["post-28861","post","type-post","status-publish","format-standard","has-post-thumbnail","hentry","category-team"],"acf":[],"yoast_head":"<!-- This site is optimized with the Yoast SEO plugin v26.1.1 - https:\/\/yoast.com\/wordpress\/plugins\/seo\/ -->\n<title>Mauro Brigeiro - CLAM - EN<\/title>\n<meta name=\"robots\" content=\"index, follow, max-snippet:-1, max-image-preview:large, max-video-preview:-1\" \/>\n<link rel=\"canonical\" href=\"https:\/\/clam.org.br\/en\/team\/mauro-brigeiro\/28861\/\" \/>\n<meta property=\"og:locale\" content=\"en_US\" \/>\n<meta property=\"og:type\" content=\"article\" \/>\n<meta property=\"og:title\" content=\"Mauro Brigeiro - CLAM - EN\" \/>\n<meta property=\"og:description\" content=\"Mauro Brigeiro Doutor em Antropologia Social (2021) pela Universidade Estadual de Campinas (UNICAMP), tendo realizado interc\u00e2mbio doutoral em Portugal, no Departamento de Antropologia do Instituto Universit\u00e1rio de Lisboa-ISCTE. \u00c9 Mestre em Sa\u00fade Coletiva (2000) pelo Instituto de Medicina Social da Universidade do Estado do Rio de Janeiro (IMS\/UERJ), na \u00e1rea de concentra\u00e7\u00e3o Ci\u00eancias Humanas e Sa\u00fade. Possui gradua\u00e7\u00e3o em Psicologia (1996), pela Universidade Federal do Rio de Janeiro (UFRJ). Tem experi\u00eancia como docente e pesquisador &hellip; Mauro Brigeiro Read More &raquo;\" \/>\n<meta property=\"og:url\" content=\"https:\/\/clam.org.br\/en\/team\/mauro-brigeiro\/28861\/\" \/>\n<meta property=\"og:site_name\" content=\"CLAM - EN\" \/>\n<meta property=\"article:published_time\" content=\"2024-09-02T14:05:53+00:00\" \/>\n<meta property=\"og:image\" content=\"https:\/\/clam.org.br\/en\/wp-content\/uploads\/sites\/2\/2024\/09\/MB-1.jpg\" \/>\n\t<meta property=\"og:image:width\" content=\"640\" \/>\n\t<meta property=\"og:image:height\" content=\"640\" \/>\n\t<meta property=\"og:image:type\" content=\"image\/jpeg\" \/>\n<meta name=\"author\" content=\"clam\" \/>\n<meta name=\"twitter:card\" content=\"summary_large_image\" \/>\n<meta name=\"twitter:label1\" content=\"Written by\" \/>\n\t<meta name=\"twitter:data1\" content=\"clam\" \/>\n\t<meta name=\"twitter:label2\" content=\"Est. reading time\" \/>\n\t<meta name=\"twitter:data2\" content=\"3 minutes\" \/>\n<script type=\"application\/ld+json\" class=\"yoast-schema-graph\">{\"@context\":\"https:\/\/schema.org\",\"@graph\":[{\"@type\":\"WebPage\",\"@id\":\"https:\/\/clam.org.br\/en\/team\/mauro-brigeiro\/28861\/\",\"url\":\"https:\/\/clam.org.br\/en\/team\/mauro-brigeiro\/28861\/\",\"name\":\"Mauro Brigeiro - CLAM - EN\",\"isPartOf\":{\"@id\":\"https:\/\/clam.org.br\/en\/#website\"},\"primaryImageOfPage\":{\"@id\":\"https:\/\/clam.org.br\/en\/team\/mauro-brigeiro\/28861\/#primaryimage\"},\"image\":{\"@id\":\"https:\/\/clam.org.br\/en\/team\/mauro-brigeiro\/28861\/#primaryimage\"},\"thumbnailUrl\":\"https:\/\/i0.wp.com\/clam.org.br\/en\/wp-content\/uploads\/sites\/2\/2024\/09\/MB-1.jpg?fit=640%2C640&ssl=1\",\"datePublished\":\"2024-09-02T14:05:53+00:00\",\"author\":{\"@id\":\"https:\/\/clam.org.br\/en\/#\/schema\/person\/bb7ade0266af558f6fdfef28eab3efcd\"},\"breadcrumb\":{\"@id\":\"https:\/\/clam.org.br\/en\/team\/mauro-brigeiro\/28861\/#breadcrumb\"},\"inLanguage\":\"en-US\",\"potentialAction\":[{\"@type\":\"ReadAction\",\"target\":[\"https:\/\/clam.org.br\/en\/team\/mauro-brigeiro\/28861\/\"]}]},{\"@type\":\"ImageObject\",\"inLanguage\":\"en-US\",\"@id\":\"https:\/\/clam.org.br\/en\/team\/mauro-brigeiro\/28861\/#primaryimage\",\"url\":\"https:\/\/i0.wp.com\/clam.org.br\/en\/wp-content\/uploads\/sites\/2\/2024\/09\/MB-1.jpg?fit=640%2C640&ssl=1\",\"contentUrl\":\"https:\/\/i0.wp.com\/clam.org.br\/en\/wp-content\/uploads\/sites\/2\/2024\/09\/MB-1.jpg?fit=640%2C640&ssl=1\",\"width\":640,\"height\":640},{\"@type\":\"BreadcrumbList\",\"@id\":\"https:\/\/clam.org.br\/en\/team\/mauro-brigeiro\/28861\/#breadcrumb\",\"itemListElement\":[{\"@type\":\"ListItem\",\"position\":1,\"name\":\"Home\",\"item\":\"https:\/\/clam.org.br\/en\/\"},{\"@type\":\"ListItem\",\"position\":2,\"name\":\"Mauro Brigeiro\"}]},{\"@type\":\"WebSite\",\"@id\":\"https:\/\/clam.org.br\/en\/#website\",\"url\":\"https:\/\/clam.org.br\/en\/\",\"name\":\"CLAM - EN\",\"description\":\"S\u00f3 mais um site CLAM - Centro Latino-Americano em Sexualidade e Direitos Humanos sites\",\"potentialAction\":[{\"@type\":\"SearchAction\",\"target\":{\"@type\":\"EntryPoint\",\"urlTemplate\":\"https:\/\/clam.org.br\/en\/?s={search_term_string}\"},\"query-input\":{\"@type\":\"PropertyValueSpecification\",\"valueRequired\":true,\"valueName\":\"search_term_string\"}}],\"inLanguage\":\"en-US\"},{\"@type\":\"Person\",\"@id\":\"https:\/\/clam.org.br\/en\/#\/schema\/person\/bb7ade0266af558f6fdfef28eab3efcd\",\"name\":\"clam\",\"image\":{\"@type\":\"ImageObject\",\"inLanguage\":\"en-US\",\"@id\":\"https:\/\/clam.org.br\/en\/#\/schema\/person\/image\/\",\"url\":\"https:\/\/secure.gravatar.com\/avatar\/960336c4095eede6adaa27c7bc9c98b5?s=96&d=mm&r=g\",\"contentUrl\":\"https:\/\/secure.gravatar.com\/avatar\/960336c4095eede6adaa27c7bc9c98b5?s=96&d=mm&r=g\",\"caption\":\"clam\"},\"url\":\"https:\/\/clam.org.br\/en\/author\/clam\/\"}]}<\/script>\n<!-- \/ Yoast SEO plugin. -->","yoast_head_json":{"title":"Mauro Brigeiro - CLAM - EN","robots":{"index":"index","follow":"follow","max-snippet":"max-snippet:-1","max-image-preview":"max-image-preview:large","max-video-preview":"max-video-preview:-1"},"canonical":"https:\/\/clam.org.br\/en\/team\/mauro-brigeiro\/28861\/","og_locale":"en_US","og_type":"article","og_title":"Mauro Brigeiro - CLAM - EN","og_description":"Mauro Brigeiro Doutor em Antropologia Social (2021) pela Universidade Estadual de Campinas (UNICAMP), tendo realizado interc\u00e2mbio doutoral em Portugal, no Departamento de Antropologia do Instituto Universit\u00e1rio de Lisboa-ISCTE. \u00c9 Mestre em Sa\u00fade Coletiva (2000) pelo Instituto de Medicina Social da Universidade do Estado do Rio de Janeiro (IMS\/UERJ), na \u00e1rea de concentra\u00e7\u00e3o Ci\u00eancias Humanas e Sa\u00fade. Possui gradua\u00e7\u00e3o em Psicologia (1996), pela Universidade Federal do Rio de Janeiro (UFRJ). Tem experi\u00eancia como docente e pesquisador &hellip; Mauro Brigeiro Read More &raquo;","og_url":"https:\/\/clam.org.br\/en\/team\/mauro-brigeiro\/28861\/","og_site_name":"CLAM - EN","article_published_time":"2024-09-02T14:05:53+00:00","og_image":[{"width":640,"height":640,"url":"https:\/\/clam.org.br\/en\/wp-content\/uploads\/sites\/2\/2024\/09\/MB-1.jpg","type":"image\/jpeg"}],"author":"clam","twitter_card":"summary_large_image","twitter_misc":{"Written by":"clam","Est. reading time":"3 minutes"},"schema":{"@context":"https:\/\/schema.org","@graph":[{"@type":"WebPage","@id":"https:\/\/clam.org.br\/en\/team\/mauro-brigeiro\/28861\/","url":"https:\/\/clam.org.br\/en\/team\/mauro-brigeiro\/28861\/","name":"Mauro Brigeiro - CLAM - EN","isPartOf":{"@id":"https:\/\/clam.org.br\/en\/#website"},"primaryImageOfPage":{"@id":"https:\/\/clam.org.br\/en\/team\/mauro-brigeiro\/28861\/#primaryimage"},"image":{"@id":"https:\/\/clam.org.br\/en\/team\/mauro-brigeiro\/28861\/#primaryimage"},"thumbnailUrl":"https:\/\/i0.wp.com\/clam.org.br\/en\/wp-content\/uploads\/sites\/2\/2024\/09\/MB-1.jpg?fit=640%2C640&ssl=1","datePublished":"2024-09-02T14:05:53+00:00","author":{"@id":"https:\/\/clam.org.br\/en\/#\/schema\/person\/bb7ade0266af558f6fdfef28eab3efcd"},"breadcrumb":{"@id":"https:\/\/clam.org.br\/en\/team\/mauro-brigeiro\/28861\/#breadcrumb"},"inLanguage":"en-US","potentialAction":[{"@type":"ReadAction","target":["https:\/\/clam.org.br\/en\/team\/mauro-brigeiro\/28861\/"]}]},{"@type":"ImageObject","inLanguage":"en-US","@id":"https:\/\/clam.org.br\/en\/team\/mauro-brigeiro\/28861\/#primaryimage","url":"https:\/\/i0.wp.com\/clam.org.br\/en\/wp-content\/uploads\/sites\/2\/2024\/09\/MB-1.jpg?fit=640%2C640&ssl=1","contentUrl":"https:\/\/i0.wp.com\/clam.org.br\/en\/wp-content\/uploads\/sites\/2\/2024\/09\/MB-1.jpg?fit=640%2C640&ssl=1","width":640,"height":640},{"@type":"BreadcrumbList","@id":"https:\/\/clam.org.br\/en\/team\/mauro-brigeiro\/28861\/#breadcrumb","itemListElement":[{"@type":"ListItem","position":1,"name":"Home","item":"https:\/\/clam.org.br\/en\/"},{"@type":"ListItem","position":2,"name":"Mauro Brigeiro"}]},{"@type":"WebSite","@id":"https:\/\/clam.org.br\/en\/#website","url":"https:\/\/clam.org.br\/en\/","name":"CLAM - EN","description":"S\u00f3 mais um site CLAM - Centro Latino-Americano em Sexualidade e Direitos Humanos sites","potentialAction":[{"@type":"SearchAction","target":{"@type":"EntryPoint","urlTemplate":"https:\/\/clam.org.br\/en\/?s={search_term_string}"},"query-input":{"@type":"PropertyValueSpecification","valueRequired":true,"valueName":"search_term_string"}}],"inLanguage":"en-US"},{"@type":"Person","@id":"https:\/\/clam.org.br\/en\/#\/schema\/person\/bb7ade0266af558f6fdfef28eab3efcd","name":"clam","image":{"@type":"ImageObject","inLanguage":"en-US","@id":"https:\/\/clam.org.br\/en\/#\/schema\/person\/image\/","url":"https:\/\/secure.gravatar.com\/avatar\/960336c4095eede6adaa27c7bc9c98b5?s=96&d=mm&r=g","contentUrl":"https:\/\/secure.gravatar.com\/avatar\/960336c4095eede6adaa27c7bc9c98b5?s=96&d=mm&r=g","caption":"clam"},"url":"https:\/\/clam.org.br\/en\/author\/clam\/"}]}},"jetpack_featured_media_url":"https:\/\/i0.wp.com\/clam.org.br\/en\/wp-content\/uploads\/sites\/2\/2024\/09\/MB-1.jpg?fit=640%2C640&ssl=1","jetpack_sharing_enabled":true,"jetpack_likes_enabled":false,"_links":{"self":[{"href":"https:\/\/clam.org.br\/en\/wp-json\/wp\/v2\/posts\/28861","targetHints":{"allow":["GET"]}}],"collection":[{"href":"https:\/\/clam.org.br\/en\/wp-json\/wp\/v2\/posts"}],"about":[{"href":"https:\/\/clam.org.br\/en\/wp-json\/wp\/v2\/types\/post"}],"author":[{"embeddable":true,"href":"https:\/\/clam.org.br\/en\/wp-json\/wp\/v2\/users\/2"}],"replies":[{"embeddable":true,"href":"https:\/\/clam.org.br\/en\/wp-json\/wp\/v2\/comments?post=28861"}],"version-history":[{"count":0,"href":"https:\/\/clam.org.br\/en\/wp-json\/wp\/v2\/posts\/28861\/revisions"}],"wp:featuredmedia":[{"embeddable":true,"href":"https:\/\/clam.org.br\/en\/wp-json\/wp\/v2\/media\/28863"}],"wp:attachment":[{"href":"https:\/\/clam.org.br\/en\/wp-json\/wp\/v2\/media?parent=28861"}],"wp:term":[{"taxonomy":"category","embeddable":true,"href":"https:\/\/clam.org.br\/en\/wp-json\/wp\/v2\/categories?post=28861"},{"taxonomy":"post_tag","embeddable":true,"href":"https:\/\/clam.org.br\/en\/wp-json\/wp\/v2\/tags?post=28861"}],"curies":[{"name":"wp","href":"https:\/\/api.w.org\/{rel}","templated":true}]}}