{"id":29521,"date":"2025-04-12T19:48:46","date_gmt":"2025-04-12T22:48:46","guid":{"rendered":"https:\/\/clam.org.br\/en\/?p=29521"},"modified":"2025-04-19T16:47:45","modified_gmt":"2025-04-19T19:47:45","slug":"maria-clara-gama","status":"publish","type":"post","link":"https:\/\/clam.org.br\/en\/team\/maria-clara-gama\/29521\/","title":{"rendered":"Maria Clara Gama"},"content":{"rendered":"\t\t<div data-elementor-type=\"wp-post\" data-elementor-id=\"29521\" class=\"elementor elementor-29521\">\n\t\t\t\t\t\t<section class=\"elementor-section elementor-top-section elementor-element elementor-element-f9d6de3 elementor-section-boxed elementor-section-height-default elementor-section-height-default\" data-id=\"f9d6de3\" data-element_type=\"section\" data-e-type=\"section\">\n\t\t\t\t\t\t<div class=\"elementor-container elementor-column-gap-default\">\n\t\t\t\t\t<div class=\"elementor-column elementor-col-50 elementor-top-column elementor-element elementor-element-5b409364\" data-id=\"5b409364\" data-element_type=\"column\" data-e-type=\"column\">\n\t\t\t<div class=\"elementor-widget-wrap elementor-element-populated\">\n\t\t\t\t\t\t<div class=\"elementor-element elementor-element-28fdbd30 elementor-widget elementor-widget-image\" data-id=\"28fdbd30\" data-element_type=\"widget\" data-e-type=\"widget\" data-widget_type=\"image.default\">\n\t\t\t\t<div class=\"elementor-widget-container\">\n\t\t\t\t\t\t\t\t\t\t\t\t\t\t\t<img decoding=\"async\" width=\"200\" height=\"200\" src=\"https:\/\/i0.wp.com\/clam.org.br\/en\/wp-content\/uploads\/sites\/2\/2023\/03\/mariaclaragama.jpg?fit=200%2C200&amp;ssl=1\" class=\"attachment-large size-large wp-image-25691\" alt=\"\" srcset=\"https:\/\/i0.wp.com\/clam.org.br\/en\/wp-content\/uploads\/sites\/2\/2023\/03\/mariaclaragama.jpg?w=200&amp;ssl=1 200w, https:\/\/i0.wp.com\/clam.org.br\/en\/wp-content\/uploads\/sites\/2\/2023\/03\/mariaclaragama.jpg?resize=150%2C150&amp;ssl=1 150w\" sizes=\"(max-width: 200px) 100vw, 200px\" \/>\t\t\t\t\t\t\t\t\t\t\t\t\t\t\t<\/div>\n\t\t\t\t<\/div>\n\t\t\t\t\t<\/div>\n\t\t<\/div>\n\t\t\t\t<div class=\"elementor-column elementor-col-50 elementor-top-column elementor-element elementor-element-25231fd4\" data-id=\"25231fd4\" data-element_type=\"column\" data-e-type=\"column\">\n\t\t\t<div class=\"elementor-widget-wrap elementor-element-populated\">\n\t\t\t\t\t\t<div class=\"elementor-element elementor-element-7812be37 elementor-widget elementor-widget-text-editor\" data-id=\"7812be37\" data-element_type=\"widget\" data-e-type=\"widget\" data-widget_type=\"text-editor.default\">\n\t\t\t\t<div class=\"elementor-widget-container\">\n\t\t\t\t\t\t\t\t\t<h4 class=\"elementor-heading-title elementor-size-default\">MARIA CLARA GAMA\u00a0<\/h4><p class=\"\" data-start=\"49\" data-end=\"865\">Maria Clara holds a Ph.D. in Sociology from the Institute of Social and Political Studies at the State University of Rio de Janeiro (IESP\/UERJ), a Master\u2019s degree in Sociology, and a Bachelor&#8217;s degree in Social Sciences from the Federal University of Minas Gerais (UFMG). She currently coordinates the Communication team at the Latin American Center on Sexuality and Human Rights, at the Institute of Social Medicine of the State University of Rio de Janeiro (CLAM\/IMS\/UERJ). She was a postdoctoral fellow (PDJ\/CNPQ) in the Graduate Program in Sociology and Anthropology at the Federal University of Rio de Janeiro (PPGSA\/IFCS\/UFRJ). She is an associate researcher at the Center for Studies on Sexuality and Gender (NESEG\/IFCS\/UFRJ) and the Center for Studies on Social Theory and Latin America (NETSAL\/IESP\/UERJ). She is a member of RedeGen (Fluminense Network of Research Centers on Gender, Sexuality, and Feminisms in the Social Sciences) and the Caleidosc\u00f3pio Feminista Network (National Network for Feminist, Transfeminist, Anti-racist, Transdisciplinary, and Decolonial Studies and Research). She also participates in the Committee on Gender and Sexuality Research of the Brazilian Sociological Society (SBS). Maria Clara has worked as a lecturer at IFCS\/UFRJ, PUC\/MG, and FUMEC University. She also worked at the Department of Social Development of the Municipal Government of Belo Horizonte, Minas Gerais. She has experience in the field of Political Sociology, with a focus on the following topics: sexuality, LGBTQIAPN+ rights (Lesbians, Gays, Bisexuals, Travestis, Transsexuals, Queer, Intersex, Asexuals, Pansexuals, Non-binary people, and other sexual minorities), the National Congress, and the relationship between social movements and the State. She is a regular reviewer for around seven academic journals.<br data-start=\"1881\" data-end=\"1884\" \/>Email: <a rel=\"noopener\" data-start=\"1891\" data-end=\"1918\">mariaclaragama@yahoo.com.br<\/a><\/p><p>Address to access this curriculum: <a href=\"http:\/\/lattes.cnpq.br\/4342047020658553\">http:\/\/lattes.cnpq.br\/4874754171896904<\/a><\/p>\t\t\t\t\t\t\t\t<\/div>\n\t\t\t\t<\/div>\n\t\t\t\t\t<\/div>\n\t\t<\/div>\n\t\t\t\t\t<\/div>\n\t\t<\/section>\n\t\t\t\t<section class=\"elementor-section elementor-top-section elementor-element elementor-element-4942da22 elementor-section-boxed elementor-section-height-default elementor-section-height-default\" data-id=\"4942da22\" data-element_type=\"section\" data-e-type=\"section\" data-settings=\"{&quot;background_background&quot;:&quot;classic&quot;}\">\n\t\t\t\t\t\t<div class=\"elementor-container elementor-column-gap-default\">\n\t\t\t\t\t<div class=\"elementor-column elementor-col-100 elementor-top-column elementor-element elementor-element-39302681\" data-id=\"39302681\" data-element_type=\"column\" data-e-type=\"column\">\n\t\t\t<div class=\"elementor-widget-wrap elementor-element-populated\">\n\t\t\t\t\t\t<div class=\"elementor-element elementor-element-6fc035e elementor-widget elementor-widget-text-editor\" data-id=\"6fc035e\" data-element_type=\"widget\" data-e-type=\"widget\" data-widget_type=\"text-editor.default\">\n\t\t\t\t<div class=\"elementor-widget-container\">\n\t\t\t\t\t\t\t\t\t<p>Publications:<\/p><p>GAMA, Maria Clara Brito. Laicidade estatal nos debates parlamentares sobre a criminaliza\u00e7\u00e3o da LGBTQIA+fobia. Anais do III Semin\u00e1rio G\u00eanero em a\u00e7\u00e3o: pol\u00edtica, cuidado, cultura e movimento, 2022.<br \/><strong><a href=\"https:\/\/www.nesegufrj.com.br\/_files\/ugd\/91567a_17a54e5cdc944bd88cbeedbbb9991026.pdf\">https:\/\/www.nesegufrj.com.br\/_files\/ugd\/91567a_17a54e5cdc944bd88cbeedbbb9991026.pdf<\/a><\/strong><\/p><p>GAMA, Maria Clara; MORA, Claudia. ; BRIGO, Alessandra . A descriminaliza\u00e7\u00e3o do aborto na Am\u00e9rica Latina. Site do Centro Latino- Americano em Sexualidade e Direitos Humanos \u2013 CLAM\/IMS\/UERJ, Rio de Janeiro, p. 01 \u2013 07, 2022.<strong><br \/><a href=\"http:\/\/www.clam.org.br\/destaque\/conteudo.asp?cod=12966\">http:\/\/www.clam.org.br\/destaque\/conteudo.asp?cod=12966<\/a><\/strong><\/p><p>GAMA, Maria Clara Brito. O Movimento Homossexual Brasileiro na Assembleia Nacional Constituinte (1987\/ 1988). Revista Brasileira de Estudos da Homocultura, v. 4, p. 82-108, 2021.\u00a0<strong><a href=\"https:\/\/periodicoscientificos.ufmt.br\/ojs\/index.php\/rebeh\/article\/view\/12155\">https:\/\/periodicoscientificos.ufmt.br\/ojs\/index.php\/rebeh\/article\/view\/12155<\/a><\/strong><\/p><p>GAMA, Maria Clara; FONSECA, A. ; ARAUJO, A. B. (Orgs.). Di\u00e1logos feministas: gera\u00e7\u00f5es, identidades, trabalho e direitos. 1\u00aa. ed. Rio de Janeiro: Editora UFRJ, 2020. v. 1. 228p .<strong><br \/><a href=\"https:\/\/www.academia.edu\/45306693\/Di%C3%A1logos_feministas_gera%C3%A7%C3%B5es_identidades_trabalho_e_direitos\">http:\/\/www.editora.ufrj.br\/DynamicItems\/livrosabertos-1\/dialogos-feministas_cor_18-05-2021.compressed.pdf<\/a><br \/><\/strong><\/p><p>GAMA, Maria Clara Brito. Cura Gay? Debates parlamentares sobre a (des)patologiza\u00e7\u00e3o da homossexualidade. Sexualidad, salud y sociedad \u2013 Revista Latino americana (RIO DE JANEIRO), v. S.I, p. 4-27, 2019.<strong><br \/><a href=\"https:\/\/www.scielo.br\/j\/sess\/a\/xFWY7D4CHtKszMkz36q8txw\/?format=pdf\">https:\/\/www.scielo.br\/j\/sess\/a\/xFWY7D4CHtKszMkz36q8txw\/?format=pdf<\/a><\/strong><\/p>\t\t\t\t\t\t\t\t<\/div>\n\t\t\t\t<\/div>\n\t\t\t\t\t<\/div>\n\t\t<\/div>\n\t\t\t\t\t<\/div>\n\t\t<\/section>\n\t\t\t\t<\/div>\n\t\t","protected":false},"excerpt":{"rendered":"<p>MARIA CLARA GAMA\u00a0 Maria Clara holds a Ph.D. in Sociology from the Institute of Social and Political Studies at the State University of Rio de Janeiro (IESP\/UERJ), a Master\u2019s degree in Sociology, and a Bachelor&#8217;s degree in Social Sciences from the Federal University of Minas Gerais (UFMG). She currently coordinates the Communication team at the Latin American Center on Sexuality and Human Rights, at the Institute of Social Medicine of the State University of Rio &hellip;<\/p>\n<p class=\"read-more\"> <a class=\"\" href=\"https:\/\/clam.org.br\/en\/team\/maria-clara-gama\/29521\/\"> <span class=\"screen-reader-text\">Maria Clara Gama<\/span> Read More &raquo;<\/a><\/p>\n","protected":false},"author":2,"featured_media":25691,"comment_status":"open","ping_status":"open","sticky":false,"template":"","format":"standard","meta":{"_acf_changed":false,"site-sidebar-layout":"default","site-content-layout":"default","ast-global-header-display":"","ast-main-header-display":"","ast-hfb-above-header-display":"","ast-hfb-below-header-display":"","ast-hfb-mobile-header-display":"","site-post-title":"","ast-breadcrumbs-content":"","ast-featured-img":"","footer-sml-layout":"","theme-transparent-header-meta":"","adv-header-id-meta":"","stick-header-meta":"","header-above-stick-meta":"","header-main-stick-meta":"","header-below-stick-meta":"","_jetpack_memberships_contains_paid_content":false,"footnotes":""},"categories":[24],"tags":[],"class_list":["post-29521","post","type-post","status-publish","format-standard","has-post-thumbnail","hentry","category-team"],"acf":[],"yoast_head":"<!-- This site is optimized with the Yoast SEO plugin v26.1.1 - https:\/\/yoast.com\/wordpress\/plugins\/seo\/ -->\n<title>Maria Clara Gama - CLAM - EN<\/title>\n<meta name=\"robots\" content=\"index, follow, max-snippet:-1, max-image-preview:large, max-video-preview:-1\" \/>\n<link rel=\"canonical\" href=\"https:\/\/clam.org.br\/en\/team\/maria-clara-gama\/29521\/\" \/>\n<meta property=\"og:locale\" content=\"en_US\" \/>\n<meta property=\"og:type\" content=\"article\" \/>\n<meta property=\"og:title\" content=\"Maria Clara Gama - CLAM - EN\" \/>\n<meta property=\"og:description\" content=\"MARIA CLARA GAMA\u00a0 Maria Clara holds a Ph.D. in Sociology from the Institute of Social and Political Studies at the State University of Rio de Janeiro (IESP\/UERJ), a Master\u2019s degree in Sociology, and a Bachelor&#8217;s degree in Social Sciences from the Federal University of Minas Gerais (UFMG). She currently coordinates the Communication team at the Latin American Center on Sexuality and Human Rights, at the Institute of Social Medicine of the State University of Rio &hellip; Maria Clara Gama Read More &raquo;\" \/>\n<meta property=\"og:url\" content=\"https:\/\/clam.org.br\/en\/team\/maria-clara-gama\/29521\/\" \/>\n<meta property=\"og:site_name\" content=\"CLAM - EN\" \/>\n<meta property=\"article:published_time\" content=\"2025-04-12T22:48:46+00:00\" \/>\n<meta property=\"article:modified_time\" content=\"2025-04-19T19:47:45+00:00\" \/>\n<meta property=\"og:image\" content=\"https:\/\/clam.org.br\/en\/wp-content\/uploads\/sites\/2\/2023\/03\/mariaclaragama.jpg\" \/>\n\t<meta property=\"og:image:width\" content=\"200\" \/>\n\t<meta property=\"og:image:height\" content=\"200\" \/>\n\t<meta property=\"og:image:type\" content=\"image\/jpeg\" \/>\n<meta name=\"author\" content=\"clam\" \/>\n<meta name=\"twitter:card\" content=\"summary_large_image\" \/>\n<meta name=\"twitter:label1\" content=\"Written by\" \/>\n\t<meta name=\"twitter:data1\" content=\"clam\" \/>\n\t<meta name=\"twitter:label2\" content=\"Est. reading time\" \/>\n\t<meta name=\"twitter:data2\" content=\"3 minutes\" \/>\n<script type=\"application\/ld+json\" class=\"yoast-schema-graph\">{\"@context\":\"https:\/\/schema.org\",\"@graph\":[{\"@type\":\"WebPage\",\"@id\":\"https:\/\/clam.org.br\/en\/team\/maria-clara-gama\/29521\/\",\"url\":\"https:\/\/clam.org.br\/en\/team\/maria-clara-gama\/29521\/\",\"name\":\"Maria Clara Gama - CLAM - EN\",\"isPartOf\":{\"@id\":\"https:\/\/clam.org.br\/en\/#website\"},\"primaryImageOfPage\":{\"@id\":\"https:\/\/clam.org.br\/en\/team\/maria-clara-gama\/29521\/#primaryimage\"},\"image\":{\"@id\":\"https:\/\/clam.org.br\/en\/team\/maria-clara-gama\/29521\/#primaryimage\"},\"thumbnailUrl\":\"https:\/\/i0.wp.com\/clam.org.br\/en\/wp-content\/uploads\/sites\/2\/2023\/03\/mariaclaragama.jpg?fit=200%2C200&ssl=1\",\"datePublished\":\"2025-04-12T22:48:46+00:00\",\"dateModified\":\"2025-04-19T19:47:45+00:00\",\"author\":{\"@id\":\"https:\/\/clam.org.br\/en\/#\/schema\/person\/bb7ade0266af558f6fdfef28eab3efcd\"},\"breadcrumb\":{\"@id\":\"https:\/\/clam.org.br\/en\/team\/maria-clara-gama\/29521\/#breadcrumb\"},\"inLanguage\":\"en-US\",\"potentialAction\":[{\"@type\":\"ReadAction\",\"target\":[\"https:\/\/clam.org.br\/en\/team\/maria-clara-gama\/29521\/\"]}]},{\"@type\":\"ImageObject\",\"inLanguage\":\"en-US\",\"@id\":\"https:\/\/clam.org.br\/en\/team\/maria-clara-gama\/29521\/#primaryimage\",\"url\":\"https:\/\/i0.wp.com\/clam.org.br\/en\/wp-content\/uploads\/sites\/2\/2023\/03\/mariaclaragama.jpg?fit=200%2C200&ssl=1\",\"contentUrl\":\"https:\/\/i0.wp.com\/clam.org.br\/en\/wp-content\/uploads\/sites\/2\/2023\/03\/mariaclaragama.jpg?fit=200%2C200&ssl=1\",\"width\":200,\"height\":200},{\"@type\":\"BreadcrumbList\",\"@id\":\"https:\/\/clam.org.br\/en\/team\/maria-clara-gama\/29521\/#breadcrumb\",\"itemListElement\":[{\"@type\":\"ListItem\",\"position\":1,\"name\":\"Home\",\"item\":\"https:\/\/clam.org.br\/en\/\"},{\"@type\":\"ListItem\",\"position\":2,\"name\":\"Maria Clara Gama\"}]},{\"@type\":\"WebSite\",\"@id\":\"https:\/\/clam.org.br\/en\/#website\",\"url\":\"https:\/\/clam.org.br\/en\/\",\"name\":\"CLAM - EN\",\"description\":\"S\u00f3 mais um site CLAM - Centro Latino-Americano em Sexualidade e Direitos Humanos sites\",\"potentialAction\":[{\"@type\":\"SearchAction\",\"target\":{\"@type\":\"EntryPoint\",\"urlTemplate\":\"https:\/\/clam.org.br\/en\/?s={search_term_string}\"},\"query-input\":{\"@type\":\"PropertyValueSpecification\",\"valueRequired\":true,\"valueName\":\"search_term_string\"}}],\"inLanguage\":\"en-US\"},{\"@type\":\"Person\",\"@id\":\"https:\/\/clam.org.br\/en\/#\/schema\/person\/bb7ade0266af558f6fdfef28eab3efcd\",\"name\":\"clam\",\"image\":{\"@type\":\"ImageObject\",\"inLanguage\":\"en-US\",\"@id\":\"https:\/\/clam.org.br\/en\/#\/schema\/person\/image\/\",\"url\":\"https:\/\/secure.gravatar.com\/avatar\/960336c4095eede6adaa27c7bc9c98b5?s=96&d=mm&r=g\",\"contentUrl\":\"https:\/\/secure.gravatar.com\/avatar\/960336c4095eede6adaa27c7bc9c98b5?s=96&d=mm&r=g\",\"caption\":\"clam\"},\"url\":\"https:\/\/clam.org.br\/en\/author\/clam\/\"}]}<\/script>\n<!-- \/ Yoast SEO plugin. -->","yoast_head_json":{"title":"Maria Clara Gama - CLAM - EN","robots":{"index":"index","follow":"follow","max-snippet":"max-snippet:-1","max-image-preview":"max-image-preview:large","max-video-preview":"max-video-preview:-1"},"canonical":"https:\/\/clam.org.br\/en\/team\/maria-clara-gama\/29521\/","og_locale":"en_US","og_type":"article","og_title":"Maria Clara Gama - CLAM - EN","og_description":"MARIA CLARA GAMA\u00a0 Maria Clara holds a Ph.D. in Sociology from the Institute of Social and Political Studies at the State University of Rio de Janeiro (IESP\/UERJ), a Master\u2019s degree in Sociology, and a Bachelor&#8217;s degree in Social Sciences from the Federal University of Minas Gerais (UFMG). She currently coordinates the Communication team at the Latin American Center on Sexuality and Human Rights, at the Institute of Social Medicine of the State University of Rio &hellip; Maria Clara Gama Read More &raquo;","og_url":"https:\/\/clam.org.br\/en\/team\/maria-clara-gama\/29521\/","og_site_name":"CLAM - EN","article_published_time":"2025-04-12T22:48:46+00:00","article_modified_time":"2025-04-19T19:47:45+00:00","og_image":[{"width":200,"height":200,"url":"https:\/\/clam.org.br\/en\/wp-content\/uploads\/sites\/2\/2023\/03\/mariaclaragama.jpg","type":"image\/jpeg"}],"author":"clam","twitter_card":"summary_large_image","twitter_misc":{"Written by":"clam","Est. reading time":"3 minutes"},"schema":{"@context":"https:\/\/schema.org","@graph":[{"@type":"WebPage","@id":"https:\/\/clam.org.br\/en\/team\/maria-clara-gama\/29521\/","url":"https:\/\/clam.org.br\/en\/team\/maria-clara-gama\/29521\/","name":"Maria Clara Gama - CLAM - EN","isPartOf":{"@id":"https:\/\/clam.org.br\/en\/#website"},"primaryImageOfPage":{"@id":"https:\/\/clam.org.br\/en\/team\/maria-clara-gama\/29521\/#primaryimage"},"image":{"@id":"https:\/\/clam.org.br\/en\/team\/maria-clara-gama\/29521\/#primaryimage"},"thumbnailUrl":"https:\/\/i0.wp.com\/clam.org.br\/en\/wp-content\/uploads\/sites\/2\/2023\/03\/mariaclaragama.jpg?fit=200%2C200&ssl=1","datePublished":"2025-04-12T22:48:46+00:00","dateModified":"2025-04-19T19:47:45+00:00","author":{"@id":"https:\/\/clam.org.br\/en\/#\/schema\/person\/bb7ade0266af558f6fdfef28eab3efcd"},"breadcrumb":{"@id":"https:\/\/clam.org.br\/en\/team\/maria-clara-gama\/29521\/#breadcrumb"},"inLanguage":"en-US","potentialAction":[{"@type":"ReadAction","target":["https:\/\/clam.org.br\/en\/team\/maria-clara-gama\/29521\/"]}]},{"@type":"ImageObject","inLanguage":"en-US","@id":"https:\/\/clam.org.br\/en\/team\/maria-clara-gama\/29521\/#primaryimage","url":"https:\/\/i0.wp.com\/clam.org.br\/en\/wp-content\/uploads\/sites\/2\/2023\/03\/mariaclaragama.jpg?fit=200%2C200&ssl=1","contentUrl":"https:\/\/i0.wp.com\/clam.org.br\/en\/wp-content\/uploads\/sites\/2\/2023\/03\/mariaclaragama.jpg?fit=200%2C200&ssl=1","width":200,"height":200},{"@type":"BreadcrumbList","@id":"https:\/\/clam.org.br\/en\/team\/maria-clara-gama\/29521\/#breadcrumb","itemListElement":[{"@type":"ListItem","position":1,"name":"Home","item":"https:\/\/clam.org.br\/en\/"},{"@type":"ListItem","position":2,"name":"Maria Clara Gama"}]},{"@type":"WebSite","@id":"https:\/\/clam.org.br\/en\/#website","url":"https:\/\/clam.org.br\/en\/","name":"CLAM - EN","description":"S\u00f3 mais um site CLAM - Centro Latino-Americano em Sexualidade e Direitos Humanos sites","potentialAction":[{"@type":"SearchAction","target":{"@type":"EntryPoint","urlTemplate":"https:\/\/clam.org.br\/en\/?s={search_term_string}"},"query-input":{"@type":"PropertyValueSpecification","valueRequired":true,"valueName":"search_term_string"}}],"inLanguage":"en-US"},{"@type":"Person","@id":"https:\/\/clam.org.br\/en\/#\/schema\/person\/bb7ade0266af558f6fdfef28eab3efcd","name":"clam","image":{"@type":"ImageObject","inLanguage":"en-US","@id":"https:\/\/clam.org.br\/en\/#\/schema\/person\/image\/","url":"https:\/\/secure.gravatar.com\/avatar\/960336c4095eede6adaa27c7bc9c98b5?s=96&d=mm&r=g","contentUrl":"https:\/\/secure.gravatar.com\/avatar\/960336c4095eede6adaa27c7bc9c98b5?s=96&d=mm&r=g","caption":"clam"},"url":"https:\/\/clam.org.br\/en\/author\/clam\/"}]}},"jetpack_featured_media_url":"https:\/\/i0.wp.com\/clam.org.br\/en\/wp-content\/uploads\/sites\/2\/2023\/03\/mariaclaragama.jpg?fit=200%2C200&ssl=1","jetpack_sharing_enabled":true,"jetpack_likes_enabled":false,"_links":{"self":[{"href":"https:\/\/clam.org.br\/en\/wp-json\/wp\/v2\/posts\/29521","targetHints":{"allow":["GET"]}}],"collection":[{"href":"https:\/\/clam.org.br\/en\/wp-json\/wp\/v2\/posts"}],"about":[{"href":"https:\/\/clam.org.br\/en\/wp-json\/wp\/v2\/types\/post"}],"author":[{"embeddable":true,"href":"https:\/\/clam.org.br\/en\/wp-json\/wp\/v2\/users\/2"}],"replies":[{"embeddable":true,"href":"https:\/\/clam.org.br\/en\/wp-json\/wp\/v2\/comments?post=29521"}],"version-history":[{"count":10,"href":"https:\/\/clam.org.br\/en\/wp-json\/wp\/v2\/posts\/29521\/revisions"}],"predecessor-version":[{"id":29688,"href":"https:\/\/clam.org.br\/en\/wp-json\/wp\/v2\/posts\/29521\/revisions\/29688"}],"wp:featuredmedia":[{"embeddable":true,"href":"https:\/\/clam.org.br\/en\/wp-json\/wp\/v2\/media\/25691"}],"wp:attachment":[{"href":"https:\/\/clam.org.br\/en\/wp-json\/wp\/v2\/media?parent=29521"}],"wp:term":[{"taxonomy":"category","embeddable":true,"href":"https:\/\/clam.org.br\/en\/wp-json\/wp\/v2\/categories?post=29521"},{"taxonomy":"post_tag","embeddable":true,"href":"https:\/\/clam.org.br\/en\/wp-json\/wp\/v2\/tags?post=29521"}],"curies":[{"name":"wp","href":"https:\/\/api.w.org\/{rel}","templated":true}]}}