{"id":30518,"date":"2025-09-26T15:38:38","date_gmt":"2025-09-26T18:38:38","guid":{"rendered":"https:\/\/clam.org.br\/en\/?p=30518"},"modified":"2025-09-26T15:41:54","modified_gmt":"2025-09-26T18:41:54","slug":"vanessa-herdy","status":"publish","type":"post","link":"https:\/\/clam.org.br\/en\/team\/vanessa-herdy\/30518\/","title":{"rendered":"Vanessa Herdy"},"content":{"rendered":"\t\t<div data-elementor-type=\"wp-post\" data-elementor-id=\"30518\" class=\"elementor elementor-30518\">\n\t\t\t\t\t\t<section class=\"elementor-section elementor-top-section elementor-element elementor-element-f9d6de3 elementor-section-boxed elementor-section-height-default elementor-section-height-default\" data-id=\"f9d6de3\" data-element_type=\"section\" data-e-type=\"section\">\n\t\t\t\t\t\t<div class=\"elementor-container elementor-column-gap-default\">\n\t\t\t\t\t<div class=\"elementor-column elementor-col-50 elementor-top-column elementor-element elementor-element-5b409364\" data-id=\"5b409364\" data-element_type=\"column\" data-e-type=\"column\">\n\t\t\t<div class=\"elementor-widget-wrap elementor-element-populated\">\n\t\t\t\t\t\t<div class=\"elementor-element elementor-element-28fdbd30 elementor-widget elementor-widget-image\" data-id=\"28fdbd30\" data-element_type=\"widget\" data-e-type=\"widget\" data-widget_type=\"image.default\">\n\t\t\t\t<div class=\"elementor-widget-container\">\n\t\t\t\t\t\t\t\t\t\t\t\t\t\t\t<img fetchpriority=\"high\" decoding=\"async\" width=\"768\" height=\"1024\" src=\"https:\/\/i0.wp.com\/clam.org.br\/en\/wp-content\/uploads\/sites\/2\/2025\/09\/Perfil.jpg?fit=768%2C1024&amp;ssl=1\" class=\"attachment-large size-large wp-image-30519\" alt=\"\" srcset=\"https:\/\/i0.wp.com\/clam.org.br\/en\/wp-content\/uploads\/sites\/2\/2025\/09\/Perfil.jpg?w=1200&amp;ssl=1 1200w, https:\/\/i0.wp.com\/clam.org.br\/en\/wp-content\/uploads\/sites\/2\/2025\/09\/Perfil.jpg?resize=225%2C300&amp;ssl=1 225w, https:\/\/i0.wp.com\/clam.org.br\/en\/wp-content\/uploads\/sites\/2\/2025\/09\/Perfil.jpg?resize=768%2C1024&amp;ssl=1 768w, https:\/\/i0.wp.com\/clam.org.br\/en\/wp-content\/uploads\/sites\/2\/2025\/09\/Perfil.jpg?resize=1152%2C1536&amp;ssl=1 1152w, https:\/\/i0.wp.com\/clam.org.br\/en\/wp-content\/uploads\/sites\/2\/2025\/09\/Perfil.jpg?resize=600%2C800&amp;ssl=1 600w, https:\/\/i0.wp.com\/clam.org.br\/en\/wp-content\/uploads\/sites\/2\/2025\/09\/Perfil.jpg?resize=487%2C649&amp;ssl=1 487w\" sizes=\"(max-width: 768px) 100vw, 768px\" \/>\t\t\t\t\t\t\t\t\t\t\t\t\t\t\t<\/div>\n\t\t\t\t<\/div>\n\t\t\t\t\t<\/div>\n\t\t<\/div>\n\t\t\t\t<div class=\"elementor-column elementor-col-50 elementor-top-column elementor-element elementor-element-25231fd4\" data-id=\"25231fd4\" data-element_type=\"column\" data-e-type=\"column\">\n\t\t\t<div class=\"elementor-widget-wrap elementor-element-populated\">\n\t\t\t\t\t\t<div class=\"elementor-element elementor-element-7812be37 elementor-widget elementor-widget-text-editor\" data-id=\"7812be37\" data-element_type=\"widget\" data-e-type=\"widget\" data-widget_type=\"text-editor.default\">\n\t\t\t\t<div class=\"elementor-widget-container\">\n\t\t\t\t\t\t\t\t\t<h4 class=\"elementor-heading-title elementor-size-default\"><span style=\"color: #003300\">Vanessa Herdy<\/span><\/h4><p>Graduated in Psychology from the Federal University of Fluminense (Universidade Federal Fluminense &#8211; UFF). Specialist in Mental Health from the Institute of Psychiatry at the Federal University of Rio de Janeiro (Universidade Federal do Rio de Janeiro &#8211; UFRJ). Master&#8217;s and PhD candidate in Collective Health from the Institute of Social Medicine at the State University of Rio de Janeiro (Universidade do Estado do Rio de Janeiro &#8211; UERJ), in the area of Health Humanities. Worked as a psychologist in Primary Care and in the Psychosocial Care Network (Rede de Aten\u00e7\u00e3o Psicossocial) in the municipality of Rio de Janeiro. Currently develops research and training projects at the interface between gender, care, and public policies in the field of mental health. She is a member of the research and training project &#8220;Caring for the caregiver: teaching, knowledge, and action&#8221; (&#8220;Cuidando de quem cuida: ensino, conhecimento e a\u00e7\u00e3o&#8221;), at the Joaquim Ven\u00e2ncio Polytechnic School of Health (Escola Polit\u00e9cnica de Sa\u00fade Joaquim Ven\u00e2ncio)\/Fiocruz.<\/p><p>Address to access this CV: <a class=\"ng-star-inserted\" href=\"http:\/\/lattes.cnpq.br\/0480615780242315\" target=\"_blank\" rel=\"noopener\">http:\/\/lattes.cnpq.br\/0480615780242315<\/a><\/p><p data-start=\"1565\" data-end=\"1595\">\u00a0<\/p>\t\t\t\t\t\t\t\t<\/div>\n\t\t\t\t<\/div>\n\t\t\t\t\t<\/div>\n\t\t<\/div>\n\t\t\t\t\t<\/div>\n\t\t<\/section>\n\t\t\t\t<section class=\"elementor-section elementor-top-section elementor-element elementor-element-6a861da elementor-section-boxed elementor-section-height-default elementor-section-height-default\" data-id=\"6a861da\" data-element_type=\"section\" data-e-type=\"section\">\n\t\t\t\t\t\t<div class=\"elementor-container elementor-column-gap-default\">\n\t\t\t\t\t<div class=\"elementor-column elementor-col-100 elementor-top-column elementor-element elementor-element-67c3c461\" data-id=\"67c3c461\" data-element_type=\"column\" data-e-type=\"column\">\n\t\t\t<div class=\"elementor-widget-wrap elementor-element-populated\">\n\t\t\t\t\t\t<div class=\"elementor-element elementor-element-40fa187f elementor-widget-divider--view-line elementor-widget elementor-widget-divider\" data-id=\"40fa187f\" data-element_type=\"widget\" data-e-type=\"widget\" data-widget_type=\"divider.default\">\n\t\t\t\t<div class=\"elementor-widget-container\">\n\t\t\t\t\t\t\t<div class=\"elementor-divider\">\n\t\t\t<span class=\"elementor-divider-separator\">\n\t\t\t\t\t\t<\/span>\n\t\t<\/div>\n\t\t\t\t\t\t<\/div>\n\t\t\t\t<\/div>\n\t\t\t\t<div class=\"elementor-element elementor-element-1bf93573 elementor-widget elementor-widget-text-editor\" data-id=\"1bf93573\" data-element_type=\"widget\" data-e-type=\"widget\" data-widget_type=\"text-editor.default\">\n\t\t\t\t<div class=\"elementor-widget-container\">\n\t\t\t\t\t\t\t\t\t<p><strong>Publications:<\/strong><\/p><div>ANDRADE, V. C. H.. G\u00eanero e cuidado na Aten\u00e7\u00e3o Psicossocial: o cotidiano de mulheres cuidadoras em um CAPS no Rio de Janeiro. In: 13\u00ba Semin\u00e1rio Internacional Fazendo G\u00eanero, 2024, Florian\u00f3polis. Anais Eletr\u00f4nicos, 2024. Acesso em:\u00a0<a style=\"color: #00acff\" href=\"https:\/\/www.fg2024.eventos.dype.com.br\/anais\/trabalhos\/lista\" target=\"_blank\" rel=\"noopener noreferrer\">https:\/\/www.fg2024.eventos.dype.com.br\/anais\/trabalhos\/lista<\/a><\/div><div>\u00a0<\/div><div>Artigo no prelo: ANDRADE, V. C. H.; LOWENKRON, L. Familiariza\u00e7\u00e3o e feminiza\u00e7\u00e3o do cuidado na Aten\u00e7\u00e3o Psicossocial: o cotidiano das cuidadoras familiares em um CAPS. PHYSIS. REVISTA DE SA\u00daDE COLETIVA (ONLINE), 2025.<\/div><div>\u00a0<\/div><p>\u00a0<\/p>\t\t\t\t\t\t\t\t<\/div>\n\t\t\t\t<\/div>\n\t\t\t\t\t<\/div>\n\t\t<\/div>\n\t\t\t\t\t<\/div>\n\t\t<\/section>\n\t\t\t\t<\/div>\n\t\t","protected":false},"excerpt":{"rendered":"<p>Vanessa Herdy Graduated in Psychology from the Federal University of Fluminense (Universidade Federal Fluminense &#8211; UFF). Specialist in Mental Health from the Institute of Psychiatry at the Federal University of Rio de Janeiro (Universidade Federal do Rio de Janeiro &#8211; UFRJ). Master&#8217;s and PhD candidate in Collective Health from the Institute of Social Medicine at the State University of Rio de Janeiro (Universidade do Estado do Rio de Janeiro &#8211; UERJ), in the area of &hellip;<\/p>\n<p class=\"read-more\"> <a class=\"\" href=\"https:\/\/clam.org.br\/en\/team\/vanessa-herdy\/30518\/\"> <span class=\"screen-reader-text\">Vanessa Herdy<\/span> Read More &raquo;<\/a><\/p>\n","protected":false},"author":2,"featured_media":25580,"comment_status":"open","ping_status":"open","sticky":false,"template":"","format":"standard","meta":{"_acf_changed":false,"site-sidebar-layout":"default","site-content-layout":"default","ast-global-header-display":"","ast-main-header-display":"","ast-hfb-above-header-display":"","ast-hfb-below-header-display":"","ast-hfb-mobile-header-display":"","site-post-title":"","ast-breadcrumbs-content":"","ast-featured-img":"","footer-sml-layout":"","theme-transparent-header-meta":"","adv-header-id-meta":"","stick-header-meta":"","header-above-stick-meta":"","header-main-stick-meta":"","header-below-stick-meta":"","_jetpack_memberships_contains_paid_content":false,"footnotes":""},"categories":[24],"tags":[],"class_list":["post-30518","post","type-post","status-publish","format-standard","has-post-thumbnail","hentry","category-team"],"acf":[],"yoast_head":"<!-- This site is optimized with the Yoast SEO plugin v26.1.1 - https:\/\/yoast.com\/wordpress\/plugins\/seo\/ -->\n<title>Vanessa Herdy - CLAM - EN<\/title>\n<meta name=\"robots\" content=\"index, follow, max-snippet:-1, max-image-preview:large, max-video-preview:-1\" \/>\n<link rel=\"canonical\" href=\"https:\/\/clam.org.br\/en\/team\/vanessa-herdy\/30518\/\" \/>\n<meta property=\"og:locale\" content=\"en_US\" \/>\n<meta property=\"og:type\" content=\"article\" \/>\n<meta property=\"og:title\" content=\"Vanessa Herdy - CLAM - EN\" \/>\n<meta property=\"og:description\" content=\"Vanessa Herdy Graduated in Psychology from the Federal University of Fluminense (Universidade Federal Fluminense &#8211; UFF). Specialist in Mental Health from the Institute of Psychiatry at the Federal University of Rio de Janeiro (Universidade Federal do Rio de Janeiro &#8211; UFRJ). Master&#8217;s and PhD candidate in Collective Health from the Institute of Social Medicine at the State University of Rio de Janeiro (Universidade do Estado do Rio de Janeiro &#8211; UERJ), in the area of &hellip; Vanessa Herdy Read More &raquo;\" \/>\n<meta property=\"og:url\" content=\"https:\/\/clam.org.br\/en\/team\/vanessa-herdy\/30518\/\" \/>\n<meta property=\"og:site_name\" content=\"CLAM - EN\" \/>\n<meta property=\"article:published_time\" content=\"2025-09-26T18:38:38+00:00\" \/>\n<meta property=\"article:modified_time\" content=\"2025-09-26T18:41:54+00:00\" \/>\n<meta property=\"og:image\" content=\"https:\/\/clam.org.br\/en\/wp-content\/uploads\/sites\/2\/2023\/03\/marialeao.png\" \/>\n\t<meta property=\"og:image:width\" content=\"150\" \/>\n\t<meta property=\"og:image:height\" content=\"150\" \/>\n\t<meta property=\"og:image:type\" content=\"image\/png\" \/>\n<meta name=\"author\" content=\"clam\" \/>\n<meta name=\"twitter:card\" content=\"summary_large_image\" \/>\n<meta name=\"twitter:label1\" content=\"Written by\" \/>\n\t<meta name=\"twitter:data1\" content=\"clam\" \/>\n\t<meta name=\"twitter:label2\" content=\"Est. reading time\" \/>\n\t<meta name=\"twitter:data2\" content=\"2 minutes\" \/>\n<script type=\"application\/ld+json\" class=\"yoast-schema-graph\">{\"@context\":\"https:\/\/schema.org\",\"@graph\":[{\"@type\":\"WebPage\",\"@id\":\"https:\/\/clam.org.br\/en\/team\/vanessa-herdy\/30518\/\",\"url\":\"https:\/\/clam.org.br\/en\/team\/vanessa-herdy\/30518\/\",\"name\":\"Vanessa Herdy - CLAM - EN\",\"isPartOf\":{\"@id\":\"https:\/\/clam.org.br\/en\/#website\"},\"primaryImageOfPage\":{\"@id\":\"https:\/\/clam.org.br\/en\/team\/vanessa-herdy\/30518\/#primaryimage\"},\"image\":{\"@id\":\"https:\/\/clam.org.br\/en\/team\/vanessa-herdy\/30518\/#primaryimage\"},\"thumbnailUrl\":\"https:\/\/i0.wp.com\/clam.org.br\/en\/wp-content\/uploads\/sites\/2\/2023\/03\/marialeao.png?fit=150%2C150&ssl=1\",\"datePublished\":\"2025-09-26T18:38:38+00:00\",\"dateModified\":\"2025-09-26T18:41:54+00:00\",\"author\":{\"@id\":\"https:\/\/clam.org.br\/en\/#\/schema\/person\/bb7ade0266af558f6fdfef28eab3efcd\"},\"breadcrumb\":{\"@id\":\"https:\/\/clam.org.br\/en\/team\/vanessa-herdy\/30518\/#breadcrumb\"},\"inLanguage\":\"en-US\",\"potentialAction\":[{\"@type\":\"ReadAction\",\"target\":[\"https:\/\/clam.org.br\/en\/team\/vanessa-herdy\/30518\/\"]}]},{\"@type\":\"ImageObject\",\"inLanguage\":\"en-US\",\"@id\":\"https:\/\/clam.org.br\/en\/team\/vanessa-herdy\/30518\/#primaryimage\",\"url\":\"https:\/\/i0.wp.com\/clam.org.br\/en\/wp-content\/uploads\/sites\/2\/2023\/03\/marialeao.png?fit=150%2C150&ssl=1\",\"contentUrl\":\"https:\/\/i0.wp.com\/clam.org.br\/en\/wp-content\/uploads\/sites\/2\/2023\/03\/marialeao.png?fit=150%2C150&ssl=1\",\"width\":150,\"height\":150},{\"@type\":\"BreadcrumbList\",\"@id\":\"https:\/\/clam.org.br\/en\/team\/vanessa-herdy\/30518\/#breadcrumb\",\"itemListElement\":[{\"@type\":\"ListItem\",\"position\":1,\"name\":\"Home\",\"item\":\"https:\/\/clam.org.br\/en\/\"},{\"@type\":\"ListItem\",\"position\":2,\"name\":\"Vanessa Herdy\"}]},{\"@type\":\"WebSite\",\"@id\":\"https:\/\/clam.org.br\/en\/#website\",\"url\":\"https:\/\/clam.org.br\/en\/\",\"name\":\"CLAM - EN\",\"description\":\"S\u00f3 mais um site CLAM - Centro Latino-Americano em Sexualidade e Direitos Humanos sites\",\"potentialAction\":[{\"@type\":\"SearchAction\",\"target\":{\"@type\":\"EntryPoint\",\"urlTemplate\":\"https:\/\/clam.org.br\/en\/?s={search_term_string}\"},\"query-input\":{\"@type\":\"PropertyValueSpecification\",\"valueRequired\":true,\"valueName\":\"search_term_string\"}}],\"inLanguage\":\"en-US\"},{\"@type\":\"Person\",\"@id\":\"https:\/\/clam.org.br\/en\/#\/schema\/person\/bb7ade0266af558f6fdfef28eab3efcd\",\"name\":\"clam\",\"image\":{\"@type\":\"ImageObject\",\"inLanguage\":\"en-US\",\"@id\":\"https:\/\/clam.org.br\/en\/#\/schema\/person\/image\/\",\"url\":\"https:\/\/secure.gravatar.com\/avatar\/960336c4095eede6adaa27c7bc9c98b5?s=96&d=mm&r=g\",\"contentUrl\":\"https:\/\/secure.gravatar.com\/avatar\/960336c4095eede6adaa27c7bc9c98b5?s=96&d=mm&r=g\",\"caption\":\"clam\"},\"url\":\"https:\/\/clam.org.br\/en\/author\/clam\/\"}]}<\/script>\n<!-- \/ Yoast SEO plugin. -->","yoast_head_json":{"title":"Vanessa Herdy - CLAM - EN","robots":{"index":"index","follow":"follow","max-snippet":"max-snippet:-1","max-image-preview":"max-image-preview:large","max-video-preview":"max-video-preview:-1"},"canonical":"https:\/\/clam.org.br\/en\/team\/vanessa-herdy\/30518\/","og_locale":"en_US","og_type":"article","og_title":"Vanessa Herdy - CLAM - EN","og_description":"Vanessa Herdy Graduated in Psychology from the Federal University of Fluminense (Universidade Federal Fluminense &#8211; UFF). Specialist in Mental Health from the Institute of Psychiatry at the Federal University of Rio de Janeiro (Universidade Federal do Rio de Janeiro &#8211; UFRJ). Master&#8217;s and PhD candidate in Collective Health from the Institute of Social Medicine at the State University of Rio de Janeiro (Universidade do Estado do Rio de Janeiro &#8211; UERJ), in the area of &hellip; Vanessa Herdy Read More &raquo;","og_url":"https:\/\/clam.org.br\/en\/team\/vanessa-herdy\/30518\/","og_site_name":"CLAM - EN","article_published_time":"2025-09-26T18:38:38+00:00","article_modified_time":"2025-09-26T18:41:54+00:00","og_image":[{"width":150,"height":150,"url":"https:\/\/clam.org.br\/en\/wp-content\/uploads\/sites\/2\/2023\/03\/marialeao.png","type":"image\/png"}],"author":"clam","twitter_card":"summary_large_image","twitter_misc":{"Written by":"clam","Est. reading time":"2 minutes"},"schema":{"@context":"https:\/\/schema.org","@graph":[{"@type":"WebPage","@id":"https:\/\/clam.org.br\/en\/team\/vanessa-herdy\/30518\/","url":"https:\/\/clam.org.br\/en\/team\/vanessa-herdy\/30518\/","name":"Vanessa Herdy - CLAM - EN","isPartOf":{"@id":"https:\/\/clam.org.br\/en\/#website"},"primaryImageOfPage":{"@id":"https:\/\/clam.org.br\/en\/team\/vanessa-herdy\/30518\/#primaryimage"},"image":{"@id":"https:\/\/clam.org.br\/en\/team\/vanessa-herdy\/30518\/#primaryimage"},"thumbnailUrl":"https:\/\/i0.wp.com\/clam.org.br\/en\/wp-content\/uploads\/sites\/2\/2023\/03\/marialeao.png?fit=150%2C150&ssl=1","datePublished":"2025-09-26T18:38:38+00:00","dateModified":"2025-09-26T18:41:54+00:00","author":{"@id":"https:\/\/clam.org.br\/en\/#\/schema\/person\/bb7ade0266af558f6fdfef28eab3efcd"},"breadcrumb":{"@id":"https:\/\/clam.org.br\/en\/team\/vanessa-herdy\/30518\/#breadcrumb"},"inLanguage":"en-US","potentialAction":[{"@type":"ReadAction","target":["https:\/\/clam.org.br\/en\/team\/vanessa-herdy\/30518\/"]}]},{"@type":"ImageObject","inLanguage":"en-US","@id":"https:\/\/clam.org.br\/en\/team\/vanessa-herdy\/30518\/#primaryimage","url":"https:\/\/i0.wp.com\/clam.org.br\/en\/wp-content\/uploads\/sites\/2\/2023\/03\/marialeao.png?fit=150%2C150&ssl=1","contentUrl":"https:\/\/i0.wp.com\/clam.org.br\/en\/wp-content\/uploads\/sites\/2\/2023\/03\/marialeao.png?fit=150%2C150&ssl=1","width":150,"height":150},{"@type":"BreadcrumbList","@id":"https:\/\/clam.org.br\/en\/team\/vanessa-herdy\/30518\/#breadcrumb","itemListElement":[{"@type":"ListItem","position":1,"name":"Home","item":"https:\/\/clam.org.br\/en\/"},{"@type":"ListItem","position":2,"name":"Vanessa Herdy"}]},{"@type":"WebSite","@id":"https:\/\/clam.org.br\/en\/#website","url":"https:\/\/clam.org.br\/en\/","name":"CLAM - EN","description":"S\u00f3 mais um site CLAM - Centro Latino-Americano em Sexualidade e Direitos Humanos sites","potentialAction":[{"@type":"SearchAction","target":{"@type":"EntryPoint","urlTemplate":"https:\/\/clam.org.br\/en\/?s={search_term_string}"},"query-input":{"@type":"PropertyValueSpecification","valueRequired":true,"valueName":"search_term_string"}}],"inLanguage":"en-US"},{"@type":"Person","@id":"https:\/\/clam.org.br\/en\/#\/schema\/person\/bb7ade0266af558f6fdfef28eab3efcd","name":"clam","image":{"@type":"ImageObject","inLanguage":"en-US","@id":"https:\/\/clam.org.br\/en\/#\/schema\/person\/image\/","url":"https:\/\/secure.gravatar.com\/avatar\/960336c4095eede6adaa27c7bc9c98b5?s=96&d=mm&r=g","contentUrl":"https:\/\/secure.gravatar.com\/avatar\/960336c4095eede6adaa27c7bc9c98b5?s=96&d=mm&r=g","caption":"clam"},"url":"https:\/\/clam.org.br\/en\/author\/clam\/"}]}},"jetpack_featured_media_url":"https:\/\/i0.wp.com\/clam.org.br\/en\/wp-content\/uploads\/sites\/2\/2023\/03\/marialeao.png?fit=150%2C150&ssl=1","jetpack_sharing_enabled":true,"jetpack_likes_enabled":false,"_links":{"self":[{"href":"https:\/\/clam.org.br\/en\/wp-json\/wp\/v2\/posts\/30518","targetHints":{"allow":["GET"]}}],"collection":[{"href":"https:\/\/clam.org.br\/en\/wp-json\/wp\/v2\/posts"}],"about":[{"href":"https:\/\/clam.org.br\/en\/wp-json\/wp\/v2\/types\/post"}],"author":[{"embeddable":true,"href":"https:\/\/clam.org.br\/en\/wp-json\/wp\/v2\/users\/2"}],"replies":[{"embeddable":true,"href":"https:\/\/clam.org.br\/en\/wp-json\/wp\/v2\/comments?post=30518"}],"version-history":[{"count":6,"href":"https:\/\/clam.org.br\/en\/wp-json\/wp\/v2\/posts\/30518\/revisions"}],"predecessor-version":[{"id":30526,"href":"https:\/\/clam.org.br\/en\/wp-json\/wp\/v2\/posts\/30518\/revisions\/30526"}],"wp:featuredmedia":[{"embeddable":true,"href":"https:\/\/clam.org.br\/en\/wp-json\/wp\/v2\/media\/25580"}],"wp:attachment":[{"href":"https:\/\/clam.org.br\/en\/wp-json\/wp\/v2\/media?parent=30518"}],"wp:term":[{"taxonomy":"category","embeddable":true,"href":"https:\/\/clam.org.br\/en\/wp-json\/wp\/v2\/categories?post=30518"},{"taxonomy":"post_tag","embeddable":true,"href":"https:\/\/clam.org.br\/en\/wp-json\/wp\/v2\/tags?post=30518"}],"curies":[{"name":"wp","href":"https:\/\/api.w.org\/{rel}","templated":true}]}}