{"id":30764,"date":"2026-02-08T21:19:25","date_gmt":"2026-02-09T00:19:25","guid":{"rendered":"https:\/\/clam.org.br\/en\/?p=30764"},"modified":"2026-02-08T21:19:29","modified_gmt":"2026-02-09T00:19:29","slug":"discover-the-articles-published-by-clam-researchers-in-issue-73-of-the-journal-horizontes-antropologicos","status":"publish","type":"post","link":"https:\/\/clam.org.br\/en\/news\/discover-the-articles-published-by-clam-researchers-in-issue-73-of-the-journal-horizontes-antropologicos\/30764\/","title":{"rendered":"Discover the articles published by CLAM researchers in issue 73 of the journal Horizontes Antropol\u00f3gicos"},"content":{"rendered":"\n<p>Issue number 73 of the journal <em>Horizontes Antropol\u00f3gicos<\/em> has just been published, featuring a dossier on parenting, care, and public policies. The dossier includes articles by researchers affiliated with CLAM.<\/p>\n\n\n\n<p><\/p>\n\n\n\n<p>The article \u201cMotherhood and the pandemic in the popular classes: the relationship between the ordinary and the extraordinary in childcare experiences during the closure of public daycare centers in Rio de Janeiro,\u201d authored by researcher Leticia Hastenreiter and professor Laura Lowenkron (CLAM\/IMS\/UERJ), analyzes the impacts of the prolonged closures of public daycare centers during the Covid-19 pandemic for mothers from the popular classes, especially Black women living in favelas. The research analyzes how these women experienced motherhood in a context marked by care overload, the precarization of daily life, and the interruption and, consequently, absence of supporting public policies.<\/p>\n\n\n\n<p><\/p>\n\n\n\n<p>The investigation was conducted in 2023, based on informal conversations, a roundtable discussion at a public daycare center located in a favela in Rio\u2019s North Zone, and interviews with mothers whose children were enrolled in the institution before the pandemic. The material reveals how the closure of daycare centers intensified structural inequalities already present in the daily lives of these families.<\/p>\n\n\n\n<p><\/p>\n\n\n\n<p>The study dialogues with the concepts of coloniality of care and stratified reproduction from an intersectional perspective, highlighting how the intersections of the variables gender, race, class, and territory can produce diverse experiences of motherhood.<\/p>\n\n\n\n<p><\/p>\n\n\n\n<p>The research contributes to the public debate on care policies, early childhood education, and social justice, reinforcing the urgency of thinking about daycare as a right for children and women, especially in contexts of vulnerability.<\/p>\n\n\n\n<p><\/p>\n\n\n\n<p>This study was carried out within the scope of Leticia Hastenreiter\u2019s academic master\u2019s degree in the Graduate Program in Collective Health at the H\u00e9sio Cordeiro Institute of Social Medicine, State University of Rio de Janeiro (IMS\/UERJ), and the project \u201cGender, family, and State: government of childhood, pandemic, and the management of school (non)reopening in Rio de Janeiro\u201d by Laura Lowenkron (Jovem Cientista do Nosso Estado\/FAPERJ), affiliated with the same institution.<\/p>\n\n\n\n<p><\/p>\n\n\n\n<p>Access the full article <a href=\"https:\/\/www.scielo.br\/j\/ha\/a\/pghWmZMYwk8gQ33j9bXpcHp\/?lang=pt\">here<\/a>.<\/p>\n\n\n\n<p><\/p>\n\n\n\n<p>Article reference: HASTENREITER, Let\u00edcia; LOWENKRON, Laura. Maternidade e pandemia nas classes populares: a rela\u00e7\u00e3o entre o ordin\u00e1rio e o extraordin\u00e1rio nas experi\u00eancias de cuidado de crian\u00e7as durante o fechamento das creches p\u00fablicas no Rio de Janeiro. Horizontes Antropol\u00f3gicos, Porto Alegre, v. 31, n. 73, Sept.\/Dec. 2025.<\/p>\n\n\n\n<p><\/p>\n\n\n\n<p>The article \u201cShared bodies, controlled affections: constitution of kinship and parenting in the experience of surrogacy in Brazil,\u201d authored by Aureliano Lopes da Silva Junior (UFRRJ), M\u00f4nica Fortuna Pontes (UERJ), and Anna Paula Uziel (CLAM\/IP\/UERJ), analyzes how parenting and kinship are constructed in contexts of surrogacy in Brazil\u2014a practice still undergoing regulation in the country and mediated by family and social ties.<\/p>\n\n\n\n<p><\/p>\n\n\n\n<p>The research adopts a socio-anthropological perspective and articulates debates from the field of reproductive biotechnologies with interviews conducted with women who voluntarily gestated for others. The goal was to understand how bodies, affections, and social relations participate in the production of family bonds in this type of experience.<\/p>\n\n\n\n<p><\/p>\n\n\n\n<p>Among the main axes analyzed are the centrality of the surrogate\u2019s body in building bonds with the child she gestated, the relationships established between the surrogate and the family she gestated for, and the ties created between the child and the surrogate\u2019s own children.<\/p>\n\n\n\n<p><\/p>\n\n\n\n<p>The results indicate that, within the limits permitted by Brazilian regulations, the relationships built during pregnancy frequently extend beyond gestation and childbirth. These bonds are managed in different ways over time, allowing for various arrangements among the people participating in these family dynamics.<\/p>\n\n\n\n<p><\/p>\n\n\n\n<p>By highlighting the complexity of the relationships of affection, kinship, and parenting involved in surrogacy, the study contributes to broadening the public debate on new family configurations, showing that they cannot be understood solely through legal or biomedical norms, but also through lived experiences and affective arrangements built in everyday life.<\/p>\n\n\n\n<p><\/p>\n\n\n\n<p>Access the full article <a href=\"https:\/\/www.scielo.br\/j\/ha\/a\/PzZf7LYNJkv8vdHF5PXLbxt\/?lang=pt\">here<\/a>.<\/p>\n\n\n\n<p><\/p>\n\n\n\n<p>Article reference: SILVA JUNIOR, Aureliano Lopes da; PONTES, M\u00f4nica Fortuna; UZIEL, Anna Paula. Corpos partilhados, afetos controlados: constitui\u00e7\u00e3o do parentesco e da parentalidade na experi\u00eancia da gesta\u00e7\u00e3o de substitui\u00e7\u00e3o no Brasil. Horizontes Antropol\u00f3gicos, Porto Alegre, v. 31, n. 73, Sept.\/Dec. 2025.<\/p>\n\n\n\n<p><\/p>\n","protected":false},"excerpt":{"rendered":"<p>Issue number 73 of the journal Horizontes Antropol\u00f3gicos has just been published, featuring a dossier on parenting, care, and public policies. The dossier includes articles by researchers affiliated with CLAM. The article \u201cMotherhood and the pandemic in the popular classes: the relationship between the ordinary and the extraordinary in childcare experiences during the closure of public daycare centers in Rio de Janeiro,\u201d authored by researcher Leticia Hastenreiter and professor Laura Lowenkron (CLAM\/IMS\/UERJ), analyzes the impacts &hellip;<\/p>\n<p class=\"read-more\"> <a class=\"\" href=\"https:\/\/clam.org.br\/en\/news\/discover-the-articles-published-by-clam-researchers-in-issue-73-of-the-journal-horizontes-antropologicos\/30764\/\"> <span class=\"screen-reader-text\">Discover the articles published by CLAM researchers in issue 73 of the journal Horizontes Antropol\u00f3gicos<\/span> Read More &raquo;<\/a><\/p>\n","protected":false},"author":2,"featured_media":30765,"comment_status":"open","ping_status":"open","sticky":false,"template":"","format":"standard","meta":{"_acf_changed":false,"site-sidebar-layout":"default","site-content-layout":"default","ast-global-header-display":"","ast-main-header-display":"","ast-hfb-above-header-display":"","ast-hfb-below-header-display":"","ast-hfb-mobile-header-display":"","site-post-title":"","ast-breadcrumbs-content":"","ast-featured-img":"","footer-sml-layout":"","theme-transparent-header-meta":"","adv-header-id-meta":"","stick-header-meta":"","header-above-stick-meta":"","header-main-stick-meta":"","header-below-stick-meta":"","_jetpack_memberships_contains_paid_content":false,"footnotes":""},"categories":[7],"tags":[],"class_list":["post-30764","post","type-post","status-publish","format-standard","has-post-thumbnail","hentry","category-news"],"acf":[],"yoast_head":"<!-- This site is optimized with the Yoast SEO plugin v26.1.1 - https:\/\/yoast.com\/wordpress\/plugins\/seo\/ -->\n<title>Discover the articles published by CLAM researchers in issue 73 of the journal Horizontes Antropol\u00f3gicos - CLAM - EN<\/title>\n<meta name=\"robots\" content=\"index, follow, max-snippet:-1, max-image-preview:large, max-video-preview:-1\" \/>\n<link rel=\"canonical\" href=\"https:\/\/clam.org.br\/en\/news\/discover-the-articles-published-by-clam-researchers-in-issue-73-of-the-journal-horizontes-antropologicos\/30764\/\" \/>\n<meta property=\"og:locale\" content=\"en_US\" \/>\n<meta property=\"og:type\" content=\"article\" \/>\n<meta property=\"og:title\" content=\"Discover the articles published by CLAM researchers in issue 73 of the journal Horizontes Antropol\u00f3gicos - CLAM - EN\" \/>\n<meta property=\"og:description\" content=\"Issue number 73 of the journal Horizontes Antropol\u00f3gicos has just been published, featuring a dossier on parenting, care, and public policies. The dossier includes articles by researchers affiliated with CLAM. The article \u201cMotherhood and the pandemic in the popular classes: the relationship between the ordinary and the extraordinary in childcare experiences during the closure of public daycare centers in Rio de Janeiro,\u201d authored by researcher Leticia Hastenreiter and professor Laura Lowenkron (CLAM\/IMS\/UERJ), analyzes the impacts &hellip; Discover the articles published by CLAM researchers in issue 73 of the journal Horizontes Antropol\u00f3gicos Read More &raquo;\" \/>\n<meta property=\"og:url\" content=\"https:\/\/clam.org.br\/en\/news\/discover-the-articles-published-by-clam-researchers-in-issue-73-of-the-journal-horizontes-antropologicos\/30764\/\" \/>\n<meta property=\"og:site_name\" content=\"CLAM - EN\" \/>\n<meta property=\"article:published_time\" content=\"2026-02-09T00:19:25+00:00\" \/>\n<meta property=\"article:modified_time\" content=\"2026-02-09T00:19:29+00:00\" \/>\n<meta property=\"og:image\" content=\"https:\/\/clam.org.br\/en\/wp-content\/uploads\/sites\/2\/2026\/02\/destaquinhos-6.png\" \/>\n\t<meta property=\"og:image:width\" content=\"1748\" \/>\n\t<meta property=\"og:image:height\" content=\"1240\" \/>\n\t<meta property=\"og:image:type\" content=\"image\/png\" \/>\n<meta name=\"author\" content=\"clam\" \/>\n<meta name=\"twitter:card\" content=\"summary_large_image\" \/>\n<meta name=\"twitter:label1\" content=\"Written by\" \/>\n\t<meta name=\"twitter:data1\" content=\"clam\" \/>\n\t<meta name=\"twitter:label2\" content=\"Est. reading time\" \/>\n\t<meta name=\"twitter:data2\" content=\"4 minutes\" \/>\n<script type=\"application\/ld+json\" class=\"yoast-schema-graph\">{\"@context\":\"https:\/\/schema.org\",\"@graph\":[{\"@type\":\"WebPage\",\"@id\":\"https:\/\/clam.org.br\/en\/news\/discover-the-articles-published-by-clam-researchers-in-issue-73-of-the-journal-horizontes-antropologicos\/30764\/\",\"url\":\"https:\/\/clam.org.br\/en\/news\/discover-the-articles-published-by-clam-researchers-in-issue-73-of-the-journal-horizontes-antropologicos\/30764\/\",\"name\":\"Discover the articles published by CLAM researchers in issue 73 of the journal Horizontes Antropol\u00f3gicos - CLAM - EN\",\"isPartOf\":{\"@id\":\"https:\/\/clam.org.br\/en\/#website\"},\"primaryImageOfPage\":{\"@id\":\"https:\/\/clam.org.br\/en\/news\/discover-the-articles-published-by-clam-researchers-in-issue-73-of-the-journal-horizontes-antropologicos\/30764\/#primaryimage\"},\"image\":{\"@id\":\"https:\/\/clam.org.br\/en\/news\/discover-the-articles-published-by-clam-researchers-in-issue-73-of-the-journal-horizontes-antropologicos\/30764\/#primaryimage\"},\"thumbnailUrl\":\"https:\/\/i0.wp.com\/clam.org.br\/en\/wp-content\/uploads\/sites\/2\/2026\/02\/destaquinhos-6.png?fit=1748%2C1240&ssl=1\",\"datePublished\":\"2026-02-09T00:19:25+00:00\",\"dateModified\":\"2026-02-09T00:19:29+00:00\",\"author\":{\"@id\":\"https:\/\/clam.org.br\/en\/#\/schema\/person\/bb7ade0266af558f6fdfef28eab3efcd\"},\"breadcrumb\":{\"@id\":\"https:\/\/clam.org.br\/en\/news\/discover-the-articles-published-by-clam-researchers-in-issue-73-of-the-journal-horizontes-antropologicos\/30764\/#breadcrumb\"},\"inLanguage\":\"en-US\",\"potentialAction\":[{\"@type\":\"ReadAction\",\"target\":[\"https:\/\/clam.org.br\/en\/news\/discover-the-articles-published-by-clam-researchers-in-issue-73-of-the-journal-horizontes-antropologicos\/30764\/\"]}]},{\"@type\":\"ImageObject\",\"inLanguage\":\"en-US\",\"@id\":\"https:\/\/clam.org.br\/en\/news\/discover-the-articles-published-by-clam-researchers-in-issue-73-of-the-journal-horizontes-antropologicos\/30764\/#primaryimage\",\"url\":\"https:\/\/i0.wp.com\/clam.org.br\/en\/wp-content\/uploads\/sites\/2\/2026\/02\/destaquinhos-6.png?fit=1748%2C1240&ssl=1\",\"contentUrl\":\"https:\/\/i0.wp.com\/clam.org.br\/en\/wp-content\/uploads\/sites\/2\/2026\/02\/destaquinhos-6.png?fit=1748%2C1240&ssl=1\",\"width\":1748,\"height\":1240},{\"@type\":\"BreadcrumbList\",\"@id\":\"https:\/\/clam.org.br\/en\/news\/discover-the-articles-published-by-clam-researchers-in-issue-73-of-the-journal-horizontes-antropologicos\/30764\/#breadcrumb\",\"itemListElement\":[{\"@type\":\"ListItem\",\"position\":1,\"name\":\"Home\",\"item\":\"https:\/\/clam.org.br\/en\/\"},{\"@type\":\"ListItem\",\"position\":2,\"name\":\"Discover the articles published by CLAM researchers in issue 73 of the journal Horizontes Antropol\u00f3gicos\"}]},{\"@type\":\"WebSite\",\"@id\":\"https:\/\/clam.org.br\/en\/#website\",\"url\":\"https:\/\/clam.org.br\/en\/\",\"name\":\"CLAM - EN\",\"description\":\"S\u00f3 mais um site CLAM - Centro Latino-Americano em Sexualidade e Direitos Humanos sites\",\"potentialAction\":[{\"@type\":\"SearchAction\",\"target\":{\"@type\":\"EntryPoint\",\"urlTemplate\":\"https:\/\/clam.org.br\/en\/?s={search_term_string}\"},\"query-input\":{\"@type\":\"PropertyValueSpecification\",\"valueRequired\":true,\"valueName\":\"search_term_string\"}}],\"inLanguage\":\"en-US\"},{\"@type\":\"Person\",\"@id\":\"https:\/\/clam.org.br\/en\/#\/schema\/person\/bb7ade0266af558f6fdfef28eab3efcd\",\"name\":\"clam\",\"image\":{\"@type\":\"ImageObject\",\"inLanguage\":\"en-US\",\"@id\":\"https:\/\/clam.org.br\/en\/#\/schema\/person\/image\/\",\"url\":\"https:\/\/secure.gravatar.com\/avatar\/960336c4095eede6adaa27c7bc9c98b5?s=96&d=mm&r=g\",\"contentUrl\":\"https:\/\/secure.gravatar.com\/avatar\/960336c4095eede6adaa27c7bc9c98b5?s=96&d=mm&r=g\",\"caption\":\"clam\"},\"url\":\"https:\/\/clam.org.br\/en\/author\/clam\/\"}]}<\/script>\n<!-- \/ Yoast SEO plugin. -->","yoast_head_json":{"title":"Discover the articles published by CLAM researchers in issue 73 of the journal Horizontes Antropol\u00f3gicos - CLAM - EN","robots":{"index":"index","follow":"follow","max-snippet":"max-snippet:-1","max-image-preview":"max-image-preview:large","max-video-preview":"max-video-preview:-1"},"canonical":"https:\/\/clam.org.br\/en\/news\/discover-the-articles-published-by-clam-researchers-in-issue-73-of-the-journal-horizontes-antropologicos\/30764\/","og_locale":"en_US","og_type":"article","og_title":"Discover the articles published by CLAM researchers in issue 73 of the journal Horizontes Antropol\u00f3gicos - CLAM - EN","og_description":"Issue number 73 of the journal Horizontes Antropol\u00f3gicos has just been published, featuring a dossier on parenting, care, and public policies. The dossier includes articles by researchers affiliated with CLAM. The article \u201cMotherhood and the pandemic in the popular classes: the relationship between the ordinary and the extraordinary in childcare experiences during the closure of public daycare centers in Rio de Janeiro,\u201d authored by researcher Leticia Hastenreiter and professor Laura Lowenkron (CLAM\/IMS\/UERJ), analyzes the impacts &hellip; Discover the articles published by CLAM researchers in issue 73 of the journal Horizontes Antropol\u00f3gicos Read More &raquo;","og_url":"https:\/\/clam.org.br\/en\/news\/discover-the-articles-published-by-clam-researchers-in-issue-73-of-the-journal-horizontes-antropologicos\/30764\/","og_site_name":"CLAM - EN","article_published_time":"2026-02-09T00:19:25+00:00","article_modified_time":"2026-02-09T00:19:29+00:00","og_image":[{"width":1748,"height":1240,"url":"https:\/\/clam.org.br\/en\/wp-content\/uploads\/sites\/2\/2026\/02\/destaquinhos-6.png","type":"image\/png"}],"author":"clam","twitter_card":"summary_large_image","twitter_misc":{"Written by":"clam","Est. reading time":"4 minutes"},"schema":{"@context":"https:\/\/schema.org","@graph":[{"@type":"WebPage","@id":"https:\/\/clam.org.br\/en\/news\/discover-the-articles-published-by-clam-researchers-in-issue-73-of-the-journal-horizontes-antropologicos\/30764\/","url":"https:\/\/clam.org.br\/en\/news\/discover-the-articles-published-by-clam-researchers-in-issue-73-of-the-journal-horizontes-antropologicos\/30764\/","name":"Discover the articles published by CLAM researchers in issue 73 of the journal Horizontes Antropol\u00f3gicos - CLAM - EN","isPartOf":{"@id":"https:\/\/clam.org.br\/en\/#website"},"primaryImageOfPage":{"@id":"https:\/\/clam.org.br\/en\/news\/discover-the-articles-published-by-clam-researchers-in-issue-73-of-the-journal-horizontes-antropologicos\/30764\/#primaryimage"},"image":{"@id":"https:\/\/clam.org.br\/en\/news\/discover-the-articles-published-by-clam-researchers-in-issue-73-of-the-journal-horizontes-antropologicos\/30764\/#primaryimage"},"thumbnailUrl":"https:\/\/i0.wp.com\/clam.org.br\/en\/wp-content\/uploads\/sites\/2\/2026\/02\/destaquinhos-6.png?fit=1748%2C1240&ssl=1","datePublished":"2026-02-09T00:19:25+00:00","dateModified":"2026-02-09T00:19:29+00:00","author":{"@id":"https:\/\/clam.org.br\/en\/#\/schema\/person\/bb7ade0266af558f6fdfef28eab3efcd"},"breadcrumb":{"@id":"https:\/\/clam.org.br\/en\/news\/discover-the-articles-published-by-clam-researchers-in-issue-73-of-the-journal-horizontes-antropologicos\/30764\/#breadcrumb"},"inLanguage":"en-US","potentialAction":[{"@type":"ReadAction","target":["https:\/\/clam.org.br\/en\/news\/discover-the-articles-published-by-clam-researchers-in-issue-73-of-the-journal-horizontes-antropologicos\/30764\/"]}]},{"@type":"ImageObject","inLanguage":"en-US","@id":"https:\/\/clam.org.br\/en\/news\/discover-the-articles-published-by-clam-researchers-in-issue-73-of-the-journal-horizontes-antropologicos\/30764\/#primaryimage","url":"https:\/\/i0.wp.com\/clam.org.br\/en\/wp-content\/uploads\/sites\/2\/2026\/02\/destaquinhos-6.png?fit=1748%2C1240&ssl=1","contentUrl":"https:\/\/i0.wp.com\/clam.org.br\/en\/wp-content\/uploads\/sites\/2\/2026\/02\/destaquinhos-6.png?fit=1748%2C1240&ssl=1","width":1748,"height":1240},{"@type":"BreadcrumbList","@id":"https:\/\/clam.org.br\/en\/news\/discover-the-articles-published-by-clam-researchers-in-issue-73-of-the-journal-horizontes-antropologicos\/30764\/#breadcrumb","itemListElement":[{"@type":"ListItem","position":1,"name":"Home","item":"https:\/\/clam.org.br\/en\/"},{"@type":"ListItem","position":2,"name":"Discover the articles published by CLAM researchers in issue 73 of the journal Horizontes Antropol\u00f3gicos"}]},{"@type":"WebSite","@id":"https:\/\/clam.org.br\/en\/#website","url":"https:\/\/clam.org.br\/en\/","name":"CLAM - EN","description":"S\u00f3 mais um site CLAM - Centro Latino-Americano em Sexualidade e Direitos Humanos sites","potentialAction":[{"@type":"SearchAction","target":{"@type":"EntryPoint","urlTemplate":"https:\/\/clam.org.br\/en\/?s={search_term_string}"},"query-input":{"@type":"PropertyValueSpecification","valueRequired":true,"valueName":"search_term_string"}}],"inLanguage":"en-US"},{"@type":"Person","@id":"https:\/\/clam.org.br\/en\/#\/schema\/person\/bb7ade0266af558f6fdfef28eab3efcd","name":"clam","image":{"@type":"ImageObject","inLanguage":"en-US","@id":"https:\/\/clam.org.br\/en\/#\/schema\/person\/image\/","url":"https:\/\/secure.gravatar.com\/avatar\/960336c4095eede6adaa27c7bc9c98b5?s=96&d=mm&r=g","contentUrl":"https:\/\/secure.gravatar.com\/avatar\/960336c4095eede6adaa27c7bc9c98b5?s=96&d=mm&r=g","caption":"clam"},"url":"https:\/\/clam.org.br\/en\/author\/clam\/"}]}},"jetpack_featured_media_url":"https:\/\/i0.wp.com\/clam.org.br\/en\/wp-content\/uploads\/sites\/2\/2026\/02\/destaquinhos-6.png?fit=1748%2C1240&ssl=1","jetpack_sharing_enabled":true,"jetpack_likes_enabled":false,"_links":{"self":[{"href":"https:\/\/clam.org.br\/en\/wp-json\/wp\/v2\/posts\/30764","targetHints":{"allow":["GET"]}}],"collection":[{"href":"https:\/\/clam.org.br\/en\/wp-json\/wp\/v2\/posts"}],"about":[{"href":"https:\/\/clam.org.br\/en\/wp-json\/wp\/v2\/types\/post"}],"author":[{"embeddable":true,"href":"https:\/\/clam.org.br\/en\/wp-json\/wp\/v2\/users\/2"}],"replies":[{"embeddable":true,"href":"https:\/\/clam.org.br\/en\/wp-json\/wp\/v2\/comments?post=30764"}],"version-history":[{"count":1,"href":"https:\/\/clam.org.br\/en\/wp-json\/wp\/v2\/posts\/30764\/revisions"}],"predecessor-version":[{"id":30766,"href":"https:\/\/clam.org.br\/en\/wp-json\/wp\/v2\/posts\/30764\/revisions\/30766"}],"wp:featuredmedia":[{"embeddable":true,"href":"https:\/\/clam.org.br\/en\/wp-json\/wp\/v2\/media\/30765"}],"wp:attachment":[{"href":"https:\/\/clam.org.br\/en\/wp-json\/wp\/v2\/media?parent=30764"}],"wp:term":[{"taxonomy":"category","embeddable":true,"href":"https:\/\/clam.org.br\/en\/wp-json\/wp\/v2\/categories?post=30764"},{"taxonomy":"post_tag","embeddable":true,"href":"https:\/\/clam.org.br\/en\/wp-json\/wp\/v2\/tags?post=30764"}],"curies":[{"name":"wp","href":"https:\/\/api.w.org\/{rel}","templated":true}]}}