{"id":1112,"date":"2007-03-14T00:00:00","date_gmt":"2007-03-14T03:00:00","guid":{"rendered":"https:\/\/clam.fw2web.com.br\/es\/2007\/03\/14\/la-historia-de-las-mujeres-negras\/"},"modified":"2007-03-14T00:00:00","modified_gmt":"2007-03-14T03:00:00","slug":"la-historia-de-las-mujeres-negras","status":"publish","type":"post","link":"https:\/\/clam.org.br\/es\/entrevistas\/la-historia-de-las-mujeres-negras\/1112\/","title":{"rendered":"La historia de las mujeres negras"},"content":{"rendered":"<p>Parte das comemora\u00e7\u00f5es pelo dia internacional da mulher, o lan\u00e7amento do livro <I>Mulheres negras do Brasil<\/I>(Editoras Senac) significa para os organizadores da obra, Schuma Schumaher e \u00c9rico Vital Brazil, &ldquo;um profundo mergulho em contundentes sil\u00eancios da historiografia brasileira&rdquo;. \u00c0 \u00e9poca das comemora\u00e7\u00f5es pelos 500 anos do Brasil, lembra Schuma, a id\u00e9ia era fazer uma publica\u00e7\u00e3o que trouxesse \u00e0 luz a participa\u00e7\u00e3o das mulheres nos cinco s\u00e9culos de hist\u00f3ria do pa\u00eds.<BR>  <P>&ldquo;Pens\u00e1vamos em fazer um levantamento sobre o papel das mulheres em nossa hist\u00f3ria e dar visibilidade a essas contribui\u00e7\u00f5es. A primeira id\u00e9ia foi fazer um dicion\u00e1rio que agrupasse biografias de mulheres de diferentes segmentos. Logo nos deparamos com as dificuldades em encontrar biografias ou quaisquer registros de mulheres negras. As informa\u00e7\u00f5es dispon\u00edveis n\u00e3o batiam. Ent\u00e3o decidimos que estava na hora de ir buscar essas refer\u00eancias e dar visibilidade a elas&rdquo;, diz Schuma.<BR>  <P>Depois de lan\u00e7ar, ainda em 2000, o <I>Dicion\u00e1rio Mulheres do Brasil &mdash; de 1500 at\u00e9 a Atualidade<\/I>, Schuma Schumaher e \u00c9rico Vital Brazil resolveram fazer um livro, n\u00e3o mais no formato de dicion\u00e1rio, mas que fizesse um relato hist\u00f3rico dos 500 anos das mulheres negras no Brasil. Assim foi concebida a obra, que come\u00e7a na \u00c1frica, em 1450, e mostra como as mulheres negras foram arrastadas de suas p\u00e1trias e levadas para o novo mundo. Neste primeiro cap\u00edtulo, o livro fala tamb\u00e9m da bula papal de 1454, documento no qual o papa Nicolau V autorizava a escraviza\u00e7\u00e3o de pag\u00e3os.<BR>  <P>Os outros tr\u00eas cap\u00edtulos trazem o leitor at\u00e9 os dias atuais, apresentando cerca de 950 reprodu\u00e7\u00f5es selecionadas entre os mais de 10 mil documentos iconogr\u00e1ficos pesquisados, incluindo pinturas a \u00f3leo, aquarelas, gravuras, desenhos e fotografias. Al\u00e9m dos dados pessoais que conseguiram reunir, os organizadores narram alguns fatos e processos sociais relativos \u00e0s mulheres afro-descendentes, muitos deles ainda in\u00e9ditos na historiografia.<BR>  <P>Ao ler os cap\u00edtulos <I>Abolindo o imp\u00e9rio<\/I> e <I>Rep\u00fablica das mulheres<\/I>, e ver o papel que as mulheres negras desempenhavam tanto no imp\u00e9rio quanto nos cem anos que se seguiram \u00e0 proclama\u00e7\u00e3o da Rep\u00fablica, o leitor vai perceber o quanto elas avan\u00e7aram em termos de direitos. &ldquo;Houve avan\u00e7o porque as mulheres negras atuaram com for\u00e7a e compet\u00eancia, at\u00e9 conseguirem reverter a posi\u00e7\u00e3o de escravid\u00e3o e de submiss\u00e3o&rdquo;, afirma Schuma.<BR>  <P>Uma das mais atuantes feministas no cen\u00e1rio nacional, Schuma lembra que houve um tempo em que o feminismo, que dizia &ldquo;somos todas iguais&rdquo;, n\u00e3o percebia as diferen\u00e7as. &ldquo;Fomos percebendo as especificidades e que n\u00e3o \u00e9ramos todas iguais. Se o prop\u00f3sito era a busca de direitos iguais, ent\u00e3o era necess\u00e1rio olhar as diferen\u00e7as&rdquo;, observa.<BR>  <P>Atualmente, segundo ela, o feminismo j\u00e1 incorporou em sua agenda a quest\u00e3o da supera\u00e7\u00e3o do racismo. &ldquo;N\u00e3o diria que, na pr\u00e1tica, isso j\u00e1 aconteceu totalmente. A aus\u00eancia de mulheres negras \u00e9 t\u00e3o naturalizada e incorporada neste cen\u00e1rio embranquecido, que elas ainda n\u00e3o protagonizam discuss\u00f5es importantes. Mas \u00e9 claro que houve um grande avan\u00e7o&rdquo;, conclui.<BR>  <P>Para a autora, este avan\u00e7o fica bem claro no \u00faltimo cap\u00edtulo do livro &#8211; <I>Rasgando os panos <\/I>&#8211; que apresenta as mulheres negras no mundo da pol\u00edtica e sua participa\u00e7\u00e3o no movimento negro nas \u00faltimas tr\u00eas d\u00e9cadas, na cultura (artesanato, dan\u00e7a e literatura) e nos esportes.<BR>  <P>O livro estar\u00e1 dispon\u00edvel para compra em todas as livrarias a partir do dia 14 de mar\u00e7o.<BR>  <P>Schuma Schumaher \u00e9 pedagoga, especialista em Orienta\u00e7\u00e3o Educacional e Administra\u00e7\u00e3o Escolar. Integra o Movimento Feminista desde 1978. Foi Secret\u00e1ria Executiva e Diretora de Articula\u00e7\u00e3o Pol\u00edtica do Conselho Nacional dos Direitos da Mulher (1985-88). Atualmente \u00e9 Coordenadora Executiva da Organiza\u00e7\u00e3o N\u00e3o Governamental Feminista- REDEH &#8211; Rede de Desenvolvimento Humano. Em 2004 recebeu o pr\u00eamio de Mulher do Ano (Diploma Bertha Lutz) concedido pelo Senado Federal e foi uma das 52 mulheres brasileiras indicadas ao Pr\u00eamio Nobel da Paz, em 2005.<\/P><\/p>\n","protected":false},"excerpt":{"rendered":"<p>Como parte de las conmemoraciones por el d\u00eda internacional de la mujer, la presentaci\u00f3n del libro <EM>Mujeres negras de Brasil<\/EM>, organizado por Schuma Schumaher y \u00c9rico Vital Brazil, significa &ldquo;un profundo rastreo por los contundentes silencios de la historiograf\u00eda brasilera\u00bb. <EM>Texto en portugu\u00e9s.<\/EM><\/p>\n","protected":false},"author":1,"featured_media":0,"comment_status":"open","ping_status":"open","sticky":false,"template":"","format":"standard","meta":{"_acf_changed":false,"site-sidebar-layout":"default","site-content-layout":"default","ast-global-header-display":"","ast-main-header-display":"","ast-hfb-above-header-display":"","ast-hfb-below-header-display":"","ast-hfb-mobile-header-display":"","site-post-title":"","ast-breadcrumbs-content":"","ast-featured-img":"","footer-sml-layout":"","theme-transparent-header-meta":"","adv-header-id-meta":"","stick-header-meta":"","header-above-stick-meta":"","header-main-stick-meta":"","header-below-stick-meta":"","_jetpack_memberships_contains_paid_content":false,"footnotes":""},"categories":[8],"tags":[],"class_list":["post-1112","post","type-post","status-publish","format-standard","hentry","category-entrevistas"],"acf":[],"yoast_head":"<!-- This site is optimized with the Yoast SEO plugin v26.1.1 - https:\/\/yoast.com\/wordpress\/plugins\/seo\/ -->\n<title>La historia de las mujeres negras - CLAM - ES<\/title>\n<meta name=\"robots\" content=\"index, follow, max-snippet:-1, max-image-preview:large, max-video-preview:-1\" \/>\n<link rel=\"canonical\" href=\"https:\/\/clam.org.br\/es\/entrevistas\/la-historia-de-las-mujeres-negras\/1112\/\" \/>\n<meta property=\"og:locale\" content=\"es_ES\" \/>\n<meta property=\"og:type\" content=\"article\" \/>\n<meta property=\"og:title\" content=\"La historia de las mujeres negras - CLAM - ES\" \/>\n<meta property=\"og:description\" content=\"Como parte de las conmemoraciones por el d\u00eda internacional de la mujer, la presentaci\u00f3n del libro Mujeres negras de Brasil, organizado por Schuma Schumaher y \u00c9rico Vital Brazil, significa &ldquo;un profundo rastreo por los contundentes silencios de la historiograf\u00eda brasilera&quot;. Texto en portugu\u00e9s.\" \/>\n<meta property=\"og:url\" content=\"https:\/\/clam.org.br\/es\/entrevistas\/la-historia-de-las-mujeres-negras\/1112\/\" \/>\n<meta property=\"og:site_name\" content=\"CLAM - ES\" \/>\n<meta property=\"article:published_time\" content=\"2007-03-14T03:00:00+00:00\" \/>\n<meta name=\"author\" content=\"fw2\" \/>\n<meta name=\"twitter:card\" content=\"summary_large_image\" \/>\n<meta name=\"twitter:label1\" content=\"Escrito por\" \/>\n\t<meta name=\"twitter:data1\" content=\"fw2\" \/>\n\t<meta name=\"twitter:label2\" content=\"Tiempo de lectura\" \/>\n\t<meta name=\"twitter:data2\" content=\"3 minutos\" \/>\n<script type=\"application\/ld+json\" class=\"yoast-schema-graph\">{\"@context\":\"https:\/\/schema.org\",\"@graph\":[{\"@type\":\"WebPage\",\"@id\":\"https:\/\/clam.org.br\/es\/entrevistas\/la-historia-de-las-mujeres-negras\/1112\/\",\"url\":\"https:\/\/clam.org.br\/es\/entrevistas\/la-historia-de-las-mujeres-negras\/1112\/\",\"name\":\"La historia de las mujeres negras - CLAM - ES\",\"isPartOf\":{\"@id\":\"https:\/\/clam.org.br\/es\/#website\"},\"datePublished\":\"2007-03-14T03:00:00+00:00\",\"author\":{\"@id\":\"https:\/\/clam.org.br\/es\/#\/schema\/person\/fbd9a86032bf7479f94b0ded196f1010\"},\"breadcrumb\":{\"@id\":\"https:\/\/clam.org.br\/es\/entrevistas\/la-historia-de-las-mujeres-negras\/1112\/#breadcrumb\"},\"inLanguage\":\"es\",\"potentialAction\":[{\"@type\":\"ReadAction\",\"target\":[\"https:\/\/clam.org.br\/es\/entrevistas\/la-historia-de-las-mujeres-negras\/1112\/\"]}]},{\"@type\":\"BreadcrumbList\",\"@id\":\"https:\/\/clam.org.br\/es\/entrevistas\/la-historia-de-las-mujeres-negras\/1112\/#breadcrumb\",\"itemListElement\":[{\"@type\":\"ListItem\",\"position\":1,\"name\":\"In\u00edcio\",\"item\":\"https:\/\/clam.org.br\/es\/\"},{\"@type\":\"ListItem\",\"position\":2,\"name\":\"La historia de las mujeres negras\"}]},{\"@type\":\"WebSite\",\"@id\":\"https:\/\/clam.org.br\/es\/#website\",\"url\":\"https:\/\/clam.org.br\/es\/\",\"name\":\"CLAM - ES\",\"description\":\"S\u00f3 mais um site CLAM - Centro Latino-Americano em Sexualidade e Direitos Humanos sites\",\"potentialAction\":[{\"@type\":\"SearchAction\",\"target\":{\"@type\":\"EntryPoint\",\"urlTemplate\":\"https:\/\/clam.org.br\/es\/?s={search_term_string}\"},\"query-input\":{\"@type\":\"PropertyValueSpecification\",\"valueRequired\":true,\"valueName\":\"search_term_string\"}}],\"inLanguage\":\"es\"},{\"@type\":\"Person\",\"@id\":\"https:\/\/clam.org.br\/es\/#\/schema\/person\/fbd9a86032bf7479f94b0ded196f1010\",\"name\":\"fw2\",\"image\":{\"@type\":\"ImageObject\",\"inLanguage\":\"es\",\"@id\":\"https:\/\/clam.org.br\/es\/#\/schema\/person\/image\/\",\"url\":\"https:\/\/secure.gravatar.com\/avatar\/c38472c0cdbde82d9b6fcc26adb3779d?s=96&d=mm&r=g\",\"contentUrl\":\"https:\/\/secure.gravatar.com\/avatar\/c38472c0cdbde82d9b6fcc26adb3779d?s=96&d=mm&r=g\",\"caption\":\"fw2\"},\"sameAs\":[\"https:\/\/clam.fw2web.com.br\"],\"url\":\"https:\/\/clam.org.br\/es\/author\/fw2\/\"}]}<\/script>\n<!-- \/ Yoast SEO plugin. -->","yoast_head_json":{"title":"La historia de las mujeres negras - CLAM - ES","robots":{"index":"index","follow":"follow","max-snippet":"max-snippet:-1","max-image-preview":"max-image-preview:large","max-video-preview":"max-video-preview:-1"},"canonical":"https:\/\/clam.org.br\/es\/entrevistas\/la-historia-de-las-mujeres-negras\/1112\/","og_locale":"es_ES","og_type":"article","og_title":"La historia de las mujeres negras - CLAM - ES","og_description":"Como parte de las conmemoraciones por el d\u00eda internacional de la mujer, la presentaci\u00f3n del libro Mujeres negras de Brasil, organizado por Schuma Schumaher y \u00c9rico Vital Brazil, significa &ldquo;un profundo rastreo por los contundentes silencios de la historiograf\u00eda brasilera\". Texto en portugu\u00e9s.","og_url":"https:\/\/clam.org.br\/es\/entrevistas\/la-historia-de-las-mujeres-negras\/1112\/","og_site_name":"CLAM - ES","article_published_time":"2007-03-14T03:00:00+00:00","author":"fw2","twitter_card":"summary_large_image","twitter_misc":{"Escrito por":"fw2","Tiempo de lectura":"3 minutos"},"schema":{"@context":"https:\/\/schema.org","@graph":[{"@type":"WebPage","@id":"https:\/\/clam.org.br\/es\/entrevistas\/la-historia-de-las-mujeres-negras\/1112\/","url":"https:\/\/clam.org.br\/es\/entrevistas\/la-historia-de-las-mujeres-negras\/1112\/","name":"La historia de las mujeres negras - CLAM - ES","isPartOf":{"@id":"https:\/\/clam.org.br\/es\/#website"},"datePublished":"2007-03-14T03:00:00+00:00","author":{"@id":"https:\/\/clam.org.br\/es\/#\/schema\/person\/fbd9a86032bf7479f94b0ded196f1010"},"breadcrumb":{"@id":"https:\/\/clam.org.br\/es\/entrevistas\/la-historia-de-las-mujeres-negras\/1112\/#breadcrumb"},"inLanguage":"es","potentialAction":[{"@type":"ReadAction","target":["https:\/\/clam.org.br\/es\/entrevistas\/la-historia-de-las-mujeres-negras\/1112\/"]}]},{"@type":"BreadcrumbList","@id":"https:\/\/clam.org.br\/es\/entrevistas\/la-historia-de-las-mujeres-negras\/1112\/#breadcrumb","itemListElement":[{"@type":"ListItem","position":1,"name":"In\u00edcio","item":"https:\/\/clam.org.br\/es\/"},{"@type":"ListItem","position":2,"name":"La historia de las mujeres negras"}]},{"@type":"WebSite","@id":"https:\/\/clam.org.br\/es\/#website","url":"https:\/\/clam.org.br\/es\/","name":"CLAM - ES","description":"S\u00f3 mais um site CLAM - Centro Latino-Americano em Sexualidade e Direitos Humanos sites","potentialAction":[{"@type":"SearchAction","target":{"@type":"EntryPoint","urlTemplate":"https:\/\/clam.org.br\/es\/?s={search_term_string}"},"query-input":{"@type":"PropertyValueSpecification","valueRequired":true,"valueName":"search_term_string"}}],"inLanguage":"es"},{"@type":"Person","@id":"https:\/\/clam.org.br\/es\/#\/schema\/person\/fbd9a86032bf7479f94b0ded196f1010","name":"fw2","image":{"@type":"ImageObject","inLanguage":"es","@id":"https:\/\/clam.org.br\/es\/#\/schema\/person\/image\/","url":"https:\/\/secure.gravatar.com\/avatar\/c38472c0cdbde82d9b6fcc26adb3779d?s=96&d=mm&r=g","contentUrl":"https:\/\/secure.gravatar.com\/avatar\/c38472c0cdbde82d9b6fcc26adb3779d?s=96&d=mm&r=g","caption":"fw2"},"sameAs":["https:\/\/clam.fw2web.com.br"],"url":"https:\/\/clam.org.br\/es\/author\/fw2\/"}]}},"jetpack_featured_media_url":"","jetpack_sharing_enabled":true,"_links":{"self":[{"href":"https:\/\/clam.org.br\/es\/wp-json\/wp\/v2\/posts\/1112","targetHints":{"allow":["GET"]}}],"collection":[{"href":"https:\/\/clam.org.br\/es\/wp-json\/wp\/v2\/posts"}],"about":[{"href":"https:\/\/clam.org.br\/es\/wp-json\/wp\/v2\/types\/post"}],"author":[{"embeddable":true,"href":"https:\/\/clam.org.br\/es\/wp-json\/wp\/v2\/users\/1"}],"replies":[{"embeddable":true,"href":"https:\/\/clam.org.br\/es\/wp-json\/wp\/v2\/comments?post=1112"}],"version-history":[{"count":0,"href":"https:\/\/clam.org.br\/es\/wp-json\/wp\/v2\/posts\/1112\/revisions"}],"wp:attachment":[{"href":"https:\/\/clam.org.br\/es\/wp-json\/wp\/v2\/media?parent=1112"}],"wp:term":[{"taxonomy":"category","embeddable":true,"href":"https:\/\/clam.org.br\/es\/wp-json\/wp\/v2\/categories?post=1112"},{"taxonomy":"post_tag","embeddable":true,"href":"https:\/\/clam.org.br\/es\/wp-json\/wp\/v2\/tags?post=1112"}],"curies":[{"name":"wp","href":"https:\/\/api.w.org\/{rel}","templated":true}]}}