{"id":1164,"date":"2008-04-30T00:00:00","date_gmt":"2008-04-30T03:00:00","guid":{"rendered":"https:\/\/clam.fw2web.com.br\/es\/2008\/04\/30\/alcances-del-fallo\/"},"modified":"2008-04-30T00:00:00","modified_gmt":"2008-04-30T03:00:00","slug":"alcances-del-fallo","status":"publish","type":"post","link":"https:\/\/clam.org.br\/es\/entrevistas\/alcances-del-fallo\/1164\/","title":{"rendered":"Alcances del fallo"},"content":{"rendered":"<p>M\u00e1s que aquietar las aguas y calmar los \u00e1nimos, el fallo del Tribunal Constitucional moviliz\u00f3 a un pa\u00eds entero. Primero fueron las organizaciones de mujeres las que reclamaron. Se sumaron las matronas y los trabajadores de la salud y tambi\u00e9n los alcaldes progresistas y varios parlamentarios. Hasta organizaciones de otros pa\u00edses han entregado su respaldo y organizado manifestaciones de apoyo como la <a href=\"http:\/\/www.clae.info\/\" target=\"_blank\" rel=\"noopener\">carta del Consorcio Latinoamericano de Anticoncepci\u00f3n de emergencia, Cat\u00f3licas por el Derechos a Decidir, CLADEM<\/A>  <P>El Movimiento por la Defensa de la Anticoncepci\u00f3n &ndash;espacio que articula a numerosas organizaciones de mujeres, federaciones estudiantiles, organizaciones pol\u00edticas y sociales, junto a la Central Unitaria de Trabajadores, la Asociaci\u00f3n Nacional de Empleados Fiscales (ANEF), Amnist\u00eda Internacional, gremios, colegios profesionales, partidos pol\u00edticos y artistas&ndash; llamaron a rechazar el fallo del Tribunal Constitucional y a defender el derecho a la libertad de decisi\u00f3n de todas las chilenas y chilenos.<BR>  <P>La respuesta fue multitudinaria. En todo el pa\u00eds mujeres y hombres, estudiantes universitarias\/os, profesionales y organizaciones feministas y de derechos humanos, se manifestaron por las calles bajo la consigna &ldquo;por el derecho a decidir&rdquo; y rechazando la &ldquo;dictadura moral&rdquo; del Tribunal Constitucional. S\u00f3lo en Santiago se congregaron m\u00e1s de 17.000 personas en la tarde del martes 22.<BR>  <P>Mientras el real alcance del fallo sigue generando pol\u00e9mica, porque el Gobierno, la oposici\u00f3n y las iglesias tienen posiciones contrapuestas respecto a si los consultorios municipales pueden seguir distribuy\u00e9ndola, conversamos con Lidia Casas, abogada y profesora de la Universidad Diego Portales, representante de los parlamentarios de la Concertaci\u00f3n de Partidos por la Democracia (coalici\u00f3n que re\u00fane a la mayor\u00eda de los partidos contrarios al ex dictador Augusto Pinochet) frente al Tribunal Constitucional, as\u00ed como de ocho organizaciones del \u00e1mbito biom\u00e9dico, entre ellas el Instituto Chileno de Medicina Reproductiva (ICMER) y la Asociaci\u00f3n Chilena de Protecci\u00f3n de la Familia (APROFA).<BR>  <P><B>\u00bfQu\u00e9 signific\u00f3 la multitudinaria marcha contra la decisi\u00f3n del Tribunal Constitucional? <\/B> <P>La marcha mostr\u00f3 un cambio generacional: j\u00f3venes que daban por hecho que en este pa\u00eds los anticonceptivos circulaban libremente se dieron cuenta que, de repente, ya no es as\u00ed. Esta situaci\u00f3n despierta un movimiento ciudadano dispuesto a rebelarse frente a una minor\u00eda que tiene poder, que es capaz de manipular los medios de prensa y a los jueces con un poder pol\u00edtico importante, dado el sistema que tenemos en Chile.<BR>  <P>Si fue fundamental la presencia de j\u00f3venes, tambi\u00e9n fue ver en la marcha a mujeres mayores y a muchos hombres comprometidos contra el cercenamiento de libertades, entendiendo la globalidad del conflicto. Hubo adem\u00e1s personas de distintos sectores sociales y profesiones, demostrando as\u00ed que es una oposici\u00f3n muy transversal.<BR>  <P><B>La marcha dej\u00f3 ver que hay inter\u00e9s y preocupaci\u00f3n ciudadana por este tema. Incluso, participaron parlamentarios. Con este antecedente, \u00bfexiste la posibilidad de crear un gran movimiento ciudadano capaz de incidir con nuevas leyes, vinculadas con esta tem\u00e1tica? <\/B> <P>Existen varios proyectos de ley que est\u00e1n en el Congreso hace casi una d\u00e9cada y apuntan en este sentido, como por ejemplo el proyecto de Ley Marco sobre derechos sexuales y reproductivos. Sin embargo, estos mismos sectores conservadores han sido reticentes a iniciar una discusi\u00f3n pol\u00edtica pese a que no reflejan el sentir de la ciudadan\u00eda. Ahora bien, hay tambi\u00e9n un espacio de omisi\u00f3n de algunos sectores pol\u00edticos, que llamaremos de &ldquo;centro&rdquo;.<BR>  <P>Si recordamos c\u00f3mo se han gestado los grandes cambios en Chile, \u00e9stos han sido terriblemente lentos. Un ejemplo es la Ley de Divorcio. Las manifestaciones de la opini\u00f3n p\u00fablica eran muy claras sobre la necesidad de contar con una ley que regulara esta materia. Y en ese contexto, adem\u00e1s de los conservadores, aquel sector que estaba al medio del espectro pol\u00edtico tampoco estaba dispuesto a legislar. S\u00f3lo cuando ellos fueron capaces de tener internamente esa discusi\u00f3n, hubo un clima propicio para avanzar. Dicho de otra manera: hubo votos suficientes para legislar.<BR>  <P>El primer \u00e9xito ciudadano fue el voto favorable a la idea de legislar sobre el divorcio. Hubo abrazos y expresiones de alegr\u00eda. Era el a\u00f1o 95. Nos tomamos una d\u00e9cada para resolver. Se puede afirmar que pol\u00edticamente en Chile existen ciertos sectores que tienen un poder pol\u00edtico fuerte y que no necesariamente responden siempre a la derecha, sino a este sector intermedio. Movilizar este grupo cuesta mucho m\u00e1s.<BR>  <P>Ahora bien, la manifestaci\u00f3n reciente es distinta a las que hubo por el divorcio. Por ser un a\u00f1o de elecciones municipales, hay m\u00e1s claridad y disposici\u00f3n a pasar &ldquo;la cuenta&rdquo; a quienes elegimos en las urnas y que hoy &ndash;a trav\u00e9s de sus votos&ndash; simplemente bloquean iniciativas, como la del Ministerio de Salud.<BR>  <P><B>\u00bfExisten v\u00edas de impugnaci\u00f3n contra la resoluci\u00f3n del Tribunal Constitucional? <\/B> <P>Con mayor claridad est\u00e1 la posibilidad de recurrir a instancias internacionales que pueden ser dos: la Comisi\u00f3n Interamericana de Derechos Humanos, que recibe denuncias bajo el amparo de las obligaciones que Chile ha suscrito bajo el pacto de San Jos\u00e9 de Costa Rica; y el Comit\u00e9 de Derechos Humanos de la Organizaci\u00f3n de Naciones Unidas, que tiene competencias para recibir denuncias bajo el Pacto de derechos civiles y pol\u00edticos.<BR>  <P><B>\u00bfQu\u00e9 pasa con los municipios y la posibilidad de que ellos, como poder local, repartan la p\u00edldora? <\/B> <P>Hay un escenario distinto a lo esperado. Existe una norma que permite a las municipalidades desarrollar sus propias acciones en Salud, distintas a las que se\u00f1ala el Ministerio y que fueron prohibidas por el TC. Esta situaci\u00f3n da cuenta de un espacio de apertura distinta al de hace unos a\u00f1os. La respuesta desde el poder local, de organizaciones de la sociedad civil, incluso desde el propio Ministerio son claras: \u00e9sta era una pol\u00edtica justa y vamos a encontrar la forma para que las mujeres tengan acceso a un m\u00e9todo anticonceptivo, en la medida que est\u00e9 previsto por alguna reglamentaci\u00f3n.<BR>  <P>La medida municipal no es un resquicio legal. Tampoco la venta de la p\u00edldora en farmacias ni que las organizaciones de la sociedad civil puedan libremente distribuirla. El fallo s\u00f3lo proh\u00edbe la normativa t\u00e9cnica de entrega del m\u00e9todo en los servicios p\u00fablicos de salud.<BR>  <P>Es importante aclarar que el fallo no tiene ning\u00fan efecto sobre los registros sanitarios (que consiste en la autorizaci\u00f3n del Instituto de Salud P\u00fablica para que ciertos medicamentos puedan circular libremente en el mercado nacional), considerando que esto fue una cuesti\u00f3n largamente debatida. Es decir, el fallo no tiene alcance m\u00e1s all\u00e1 de lo que los diputados de derecha pidieron.<BR>  <P>Antes intentaron prohibir el registro sanitario del Postinor2 y lo perdieron con un contundente fallo de 5-0 de la Corte Suprema. Lo que hicieron ahora fue un ejercicio t\u00e1ctico: utilizar una v\u00eda distinta que impide una pol\u00edtica p\u00fablica en los consultorios del pa\u00eds.<BR>  <P><B>A juicio del abogado Jorge Reyes, que present\u00f3 el recurso al Tribunal Constitucional, esta medida es correcta porque, seg\u00fan \u00e9l, es una decisi\u00f3n individual de la Secretar\u00eda, por cuanto en Chile no existe legislaci\u00f3n sobre el aborto. \u00bfQu\u00e9 le dir\u00eda al profesional y a la derecha chilena sobre esta postura? <\/B> <P>El voto de mayor\u00eda del fallo no dice que la p\u00edldora sea abortiva. Lo que plantea es la posibilidad de &ldquo;duda razonable&rdquo;. El voto de minor\u00eda, el disidente, dice que ni siquiera hay duda razonable. No hay ni siquiera un &ldquo;concebido&rdquo;, es decir, no estamos discutiendo aborto.<BR>  <P>La pregunta de los m\u00e9dicos que fueron a declarar al Tribunal Constitucional era sobre mecanismos de acci\u00f3n; nadie estaba ah\u00ed para pensar si el espermatozoide o el \u00f3vulo son parte o no del gran c\u00famulo de lo que constituye vida humana, esa no era la pregunta; por lo que ac\u00e1, claramente, hay una manipulaci\u00f3n de la informaci\u00f3n.<BR>  <P><B>\u00bfQu\u00e9 viene ahora? <\/B> <P>Veremos qu\u00e9 va a pasar con las elecciones municipales en noviembre pr\u00f3ximo: \u00bfqu\u00e9 har\u00e1n ahora los alcaldes? Veremos tambi\u00e9n si esta derecha, conservadora y poderosa, est\u00e1 dispuesta a seguir batallas judiciales: no s\u00f3lo contra el gobierno, tambi\u00e9n contra los alcaldes que distribuyan la p\u00edldora.<BR>  <P>Lo que hay aqu\u00ed es la completa p\u00e9rdida de eficacia de este intento por restringir el Conocimiento, el avance de la Ciencia y el ejercicio del Derecho.<\/P><\/p>\n","protected":false},"excerpt":{"rendered":"<p>Se abre un nuevo escenario en Chile despu\u00e9s del fallo del Tribunal Constitucional que prohibi\u00f3 la entrega de la p\u00edldora del d\u00eda despu\u00e9s en consultorios p\u00fablicos. La abogada Lidia Casas explica los efectos del fallo y la posici\u00f3n de los municipios del pa\u00eds.<\/p>\n","protected":false},"author":1,"featured_media":0,"comment_status":"open","ping_status":"open","sticky":false,"template":"","format":"standard","meta":{"_acf_changed":false,"site-sidebar-layout":"default","site-content-layout":"default","ast-global-header-display":"","ast-main-header-display":"","ast-hfb-above-header-display":"","ast-hfb-below-header-display":"","ast-hfb-mobile-header-display":"","site-post-title":"","ast-breadcrumbs-content":"","ast-featured-img":"","footer-sml-layout":"","theme-transparent-header-meta":"","adv-header-id-meta":"","stick-header-meta":"","header-above-stick-meta":"","header-main-stick-meta":"","header-below-stick-meta":"","_jetpack_memberships_contains_paid_content":false,"footnotes":""},"categories":[8],"tags":[],"class_list":["post-1164","post","type-post","status-publish","format-standard","hentry","category-entrevistas"],"acf":[],"yoast_head":"<!-- This site is optimized with the Yoast SEO plugin v26.1.1 - https:\/\/yoast.com\/wordpress\/plugins\/seo\/ -->\n<title>Alcances del fallo - CLAM - ES<\/title>\n<meta name=\"robots\" content=\"index, follow, max-snippet:-1, max-image-preview:large, max-video-preview:-1\" \/>\n<link rel=\"canonical\" href=\"https:\/\/clam.org.br\/es\/entrevistas\/alcances-del-fallo\/1164\/\" \/>\n<meta property=\"og:locale\" content=\"es_ES\" \/>\n<meta property=\"og:type\" content=\"article\" \/>\n<meta property=\"og:title\" content=\"Alcances del fallo - CLAM - ES\" \/>\n<meta property=\"og:description\" content=\"Se abre un nuevo escenario en Chile despu\u00e9s del fallo del Tribunal Constitucional que prohibi\u00f3 la entrega de la p\u00edldora del d\u00eda despu\u00e9s en consultorios p\u00fablicos. La abogada Lidia Casas explica los efectos del fallo y la posici\u00f3n de los municipios del pa\u00eds.\" \/>\n<meta property=\"og:url\" content=\"https:\/\/clam.org.br\/es\/entrevistas\/alcances-del-fallo\/1164\/\" \/>\n<meta property=\"og:site_name\" content=\"CLAM - ES\" \/>\n<meta property=\"article:published_time\" content=\"2008-04-30T03:00:00+00:00\" \/>\n<meta name=\"author\" content=\"fw2\" \/>\n<meta name=\"twitter:card\" content=\"summary_large_image\" \/>\n<meta name=\"twitter:label1\" content=\"Escrito por\" \/>\n\t<meta name=\"twitter:data1\" content=\"fw2\" \/>\n\t<meta name=\"twitter:label2\" content=\"Tiempo de lectura\" \/>\n\t<meta name=\"twitter:data2\" content=\"7 minutos\" \/>\n<script type=\"application\/ld+json\" class=\"yoast-schema-graph\">{\"@context\":\"https:\/\/schema.org\",\"@graph\":[{\"@type\":\"WebPage\",\"@id\":\"https:\/\/clam.org.br\/es\/entrevistas\/alcances-del-fallo\/1164\/\",\"url\":\"https:\/\/clam.org.br\/es\/entrevistas\/alcances-del-fallo\/1164\/\",\"name\":\"Alcances del fallo - CLAM - ES\",\"isPartOf\":{\"@id\":\"https:\/\/clam.org.br\/es\/#website\"},\"datePublished\":\"2008-04-30T03:00:00+00:00\",\"author\":{\"@id\":\"https:\/\/clam.org.br\/es\/#\/schema\/person\/fbd9a86032bf7479f94b0ded196f1010\"},\"breadcrumb\":{\"@id\":\"https:\/\/clam.org.br\/es\/entrevistas\/alcances-del-fallo\/1164\/#breadcrumb\"},\"inLanguage\":\"es\",\"potentialAction\":[{\"@type\":\"ReadAction\",\"target\":[\"https:\/\/clam.org.br\/es\/entrevistas\/alcances-del-fallo\/1164\/\"]}]},{\"@type\":\"BreadcrumbList\",\"@id\":\"https:\/\/clam.org.br\/es\/entrevistas\/alcances-del-fallo\/1164\/#breadcrumb\",\"itemListElement\":[{\"@type\":\"ListItem\",\"position\":1,\"name\":\"In\u00edcio\",\"item\":\"https:\/\/clam.org.br\/es\/\"},{\"@type\":\"ListItem\",\"position\":2,\"name\":\"Alcances del fallo\"}]},{\"@type\":\"WebSite\",\"@id\":\"https:\/\/clam.org.br\/es\/#website\",\"url\":\"https:\/\/clam.org.br\/es\/\",\"name\":\"CLAM - ES\",\"description\":\"S\u00f3 mais um site CLAM - Centro Latino-Americano em Sexualidade e Direitos Humanos sites\",\"potentialAction\":[{\"@type\":\"SearchAction\",\"target\":{\"@type\":\"EntryPoint\",\"urlTemplate\":\"https:\/\/clam.org.br\/es\/?s={search_term_string}\"},\"query-input\":{\"@type\":\"PropertyValueSpecification\",\"valueRequired\":true,\"valueName\":\"search_term_string\"}}],\"inLanguage\":\"es\"},{\"@type\":\"Person\",\"@id\":\"https:\/\/clam.org.br\/es\/#\/schema\/person\/fbd9a86032bf7479f94b0ded196f1010\",\"name\":\"fw2\",\"image\":{\"@type\":\"ImageObject\",\"inLanguage\":\"es\",\"@id\":\"https:\/\/clam.org.br\/es\/#\/schema\/person\/image\/\",\"url\":\"https:\/\/secure.gravatar.com\/avatar\/c38472c0cdbde82d9b6fcc26adb3779d?s=96&d=mm&r=g\",\"contentUrl\":\"https:\/\/secure.gravatar.com\/avatar\/c38472c0cdbde82d9b6fcc26adb3779d?s=96&d=mm&r=g\",\"caption\":\"fw2\"},\"sameAs\":[\"https:\/\/clam.fw2web.com.br\"],\"url\":\"https:\/\/clam.org.br\/es\/author\/fw2\/\"}]}<\/script>\n<!-- \/ Yoast SEO plugin. -->","yoast_head_json":{"title":"Alcances del fallo - CLAM - ES","robots":{"index":"index","follow":"follow","max-snippet":"max-snippet:-1","max-image-preview":"max-image-preview:large","max-video-preview":"max-video-preview:-1"},"canonical":"https:\/\/clam.org.br\/es\/entrevistas\/alcances-del-fallo\/1164\/","og_locale":"es_ES","og_type":"article","og_title":"Alcances del fallo - CLAM - ES","og_description":"Se abre un nuevo escenario en Chile despu\u00e9s del fallo del Tribunal Constitucional que prohibi\u00f3 la entrega de la p\u00edldora del d\u00eda despu\u00e9s en consultorios p\u00fablicos. La abogada Lidia Casas explica los efectos del fallo y la posici\u00f3n de los municipios del pa\u00eds.","og_url":"https:\/\/clam.org.br\/es\/entrevistas\/alcances-del-fallo\/1164\/","og_site_name":"CLAM - ES","article_published_time":"2008-04-30T03:00:00+00:00","author":"fw2","twitter_card":"summary_large_image","twitter_misc":{"Escrito por":"fw2","Tiempo de lectura":"7 minutos"},"schema":{"@context":"https:\/\/schema.org","@graph":[{"@type":"WebPage","@id":"https:\/\/clam.org.br\/es\/entrevistas\/alcances-del-fallo\/1164\/","url":"https:\/\/clam.org.br\/es\/entrevistas\/alcances-del-fallo\/1164\/","name":"Alcances del fallo - CLAM - ES","isPartOf":{"@id":"https:\/\/clam.org.br\/es\/#website"},"datePublished":"2008-04-30T03:00:00+00:00","author":{"@id":"https:\/\/clam.org.br\/es\/#\/schema\/person\/fbd9a86032bf7479f94b0ded196f1010"},"breadcrumb":{"@id":"https:\/\/clam.org.br\/es\/entrevistas\/alcances-del-fallo\/1164\/#breadcrumb"},"inLanguage":"es","potentialAction":[{"@type":"ReadAction","target":["https:\/\/clam.org.br\/es\/entrevistas\/alcances-del-fallo\/1164\/"]}]},{"@type":"BreadcrumbList","@id":"https:\/\/clam.org.br\/es\/entrevistas\/alcances-del-fallo\/1164\/#breadcrumb","itemListElement":[{"@type":"ListItem","position":1,"name":"In\u00edcio","item":"https:\/\/clam.org.br\/es\/"},{"@type":"ListItem","position":2,"name":"Alcances del fallo"}]},{"@type":"WebSite","@id":"https:\/\/clam.org.br\/es\/#website","url":"https:\/\/clam.org.br\/es\/","name":"CLAM - ES","description":"S\u00f3 mais um site CLAM - Centro Latino-Americano em Sexualidade e Direitos Humanos sites","potentialAction":[{"@type":"SearchAction","target":{"@type":"EntryPoint","urlTemplate":"https:\/\/clam.org.br\/es\/?s={search_term_string}"},"query-input":{"@type":"PropertyValueSpecification","valueRequired":true,"valueName":"search_term_string"}}],"inLanguage":"es"},{"@type":"Person","@id":"https:\/\/clam.org.br\/es\/#\/schema\/person\/fbd9a86032bf7479f94b0ded196f1010","name":"fw2","image":{"@type":"ImageObject","inLanguage":"es","@id":"https:\/\/clam.org.br\/es\/#\/schema\/person\/image\/","url":"https:\/\/secure.gravatar.com\/avatar\/c38472c0cdbde82d9b6fcc26adb3779d?s=96&d=mm&r=g","contentUrl":"https:\/\/secure.gravatar.com\/avatar\/c38472c0cdbde82d9b6fcc26adb3779d?s=96&d=mm&r=g","caption":"fw2"},"sameAs":["https:\/\/clam.fw2web.com.br"],"url":"https:\/\/clam.org.br\/es\/author\/fw2\/"}]}},"jetpack_featured_media_url":"","jetpack_sharing_enabled":true,"_links":{"self":[{"href":"https:\/\/clam.org.br\/es\/wp-json\/wp\/v2\/posts\/1164","targetHints":{"allow":["GET"]}}],"collection":[{"href":"https:\/\/clam.org.br\/es\/wp-json\/wp\/v2\/posts"}],"about":[{"href":"https:\/\/clam.org.br\/es\/wp-json\/wp\/v2\/types\/post"}],"author":[{"embeddable":true,"href":"https:\/\/clam.org.br\/es\/wp-json\/wp\/v2\/users\/1"}],"replies":[{"embeddable":true,"href":"https:\/\/clam.org.br\/es\/wp-json\/wp\/v2\/comments?post=1164"}],"version-history":[{"count":0,"href":"https:\/\/clam.org.br\/es\/wp-json\/wp\/v2\/posts\/1164\/revisions"}],"wp:attachment":[{"href":"https:\/\/clam.org.br\/es\/wp-json\/wp\/v2\/media?parent=1164"}],"wp:term":[{"taxonomy":"category","embeddable":true,"href":"https:\/\/clam.org.br\/es\/wp-json\/wp\/v2\/categories?post=1164"},{"taxonomy":"post_tag","embeddable":true,"href":"https:\/\/clam.org.br\/es\/wp-json\/wp\/v2\/tags?post=1164"}],"curies":[{"name":"wp","href":"https:\/\/api.w.org\/{rel}","templated":true}]}}