{"id":1183,"date":"2008-08-26T00:00:00","date_gmt":"2008-08-26T03:00:00","guid":{"rendered":"https:\/\/clam.fw2web.com.br\/es\/2008\/08\/26\/activista-sin-fronteras\/"},"modified":"2008-08-26T00:00:00","modified_gmt":"2008-08-26T03:00:00","slug":"activista-sin-fronteras","status":"publish","type":"post","link":"https:\/\/clam.org.br\/es\/entrevistas\/activista-sin-fronteras\/1183\/","title":{"rendered":"Activista sin fronteras"},"content":{"rendered":"<p>Pedro Gonz\u00e1lez Zerolo es espa\u00f1ol, aunque naci\u00f3 durante el exilio de sus padres en Venezuela. De profesi\u00f3n abogado, es concejal del Ayuntamiento de Madrid, miembro de la Ejecutiva Federal Nacional del Partido Socialista Obrero Espa\u00f1ol (PSOE) y Secretario de Movimientos Sociales y Pol\u00edticas Migratorias; adem\u00e1s de Embajador de ONUSIDA para Am\u00e9rica Latina y el Caribe y ex presidente de la Federaci\u00f3n Estatal de Lesbianas, Gays, Transexuales y Bisexuales de Espa\u00f1a. Sin embargo, a la hora de definirse deja de lado los r\u00f3tulos y habla de s\u00ed mismo como activista, reconociendo la importancia de armar redes de activismo. Sostiene tambi\u00e9n que, desde que entr\u00f3 en la lucha, siempre supo que las realidades de lesbianas, gays y transexuales deb\u00edan estar juntas.<BR>  <P>En su car\u00e1cter de Concejal, la ley lo habilita a celebrar matrimonios y cuenta haberlo hecho en m\u00e1s de 300 bodas. Zerolo sostiene que muchas de esas bodas han sido entre personas del mismo sexo que est\u00e1n integradas por un espa\u00f1ol o espa\u00f1ola y su pareja latinoamericana. &ldquo;Tarde o temprano muchos de ellos intentar\u00e1n el reconocimiento de esos matrimonios en sus pa\u00edses de origen. Esa es una forma m\u00e1s de luchar&rdquo;, comenta.<BR>  <P>En su paso por Buenos Aires, el activista espa\u00f1ol se encarg\u00f3 de dar apoyo p\u00fablico al proyecto de ley de matrimonio entre personas del mismo sexo, promovido por la Federaci\u00f3n Argentina de Lesbianas, Gays, Bisexuales y Trans (FALGBT) y el Instituto Nacional Contra la Discriminaci\u00f3n, la Xenofobia y el Racismo (INADI). Zerolo cuenta que sue\u00f1a con que Argentina sea el primer pa\u00eds de Am\u00e9rica Latina en reconocer el matrimonio entre personas del mismo sexo. Dice que, para ello, lo \u00fanico que hace falta es valent\u00eda.<BR>  <P><B>Una preocupaci\u00f3n de las naciones latinoamericanas es la situaci\u00f3n de sus emigrantes en tierras del llamado primer mundo. En los Estados de la Comunidad Econ\u00f3mica Europea se ejerce cada vez m\u00e1s violencia contra los ciudadanos extracomunitarios que vienen a trabajar en su territorio. \u00bfCu\u00e1l es la realidad de los inmigrantes LGBT en Espa\u00f1a? <\/B> <P>Por primera vez tenemos un modelo de pol\u00edtica migratoria. Antes de que llegara Zapatero, la regulaci\u00f3n de la inmigraci\u00f3n estaba radicada en el Ministerio del Interior, por lo tanto lo \u00fanico que desarrollaba el gobierno de Espa\u00f1a eran pol\u00edticas de tipo policial. Con el nuevo gobierno estamos dise\u00f1ando un modelo de pol\u00edtica migratoria basado en la legalidad, la lucha contra las mafias que trafican con seres humanos y el reconocimiento de la igualdad y la apuesta por la integraci\u00f3n. Es un modelo migratorio en el cual participan todos menos la derecha. En Espa\u00f1a hay inmigrantes gays, lesbianas y transexuales que se acogen a las leyes aprobadas. Es muy importante se\u00f1alar que muchos de ellos disfrutan de la igualdad y la transmiten a sus pa\u00edses de origen.<BR>  <P><B>En Am\u00e9rica Latina, Argentina, M\u00e9xico y Uruguay se han convertido en los precursores del tema matrimonio entre personas del mismo sexo. \u00bfCu\u00e1l es la estrategia para que los avances legales se traduzcan en cambios culturales y sociales? <\/B> <P>La estrategia es trabajar para lograr el cambio en la mentalidad social. Eso no es f\u00e1cil; se hace, fundamentalmente, a trav\u00e9s del tejido asociativo. Soy de los que piensan que todo cambia de abajo para arriba, principalmente cuando la ciudadan\u00eda es capaz de organizarse y trabajar a trav\u00e9s de colectivos reivindicativos, de movimientos sociales. Hist\u00f3ricamente el movimiento de liberaci\u00f3n homosexual y transexual trae causas del movimiento de liberaci\u00f3n racial, del movimiento de liberaci\u00f3n antiesclavista y por supuesto del movimiento feminista. Mis maestras han sido las mujeres pol\u00edticas de izquierda y feministas. Hay que trabajar desde los colectivos, creando redes. En Espa\u00f1a esa red entre lo que es el movimiento de liberaci\u00f3n feminista y los movimientos de liberaci\u00f3n homosexual y transexual funcion\u00f3 a trav\u00e9s de mucho trabajo y debate; sobretodo saliendo a la palestra, dando la cara y explicando las cosas. Cuando uno explica la realidad, cuando subraya la realidad, inmediatamente te entienden. De este modo se crea la conciencia necesaria para que luego los sindicatos, los partidos pol\u00edticos y el gobierno la tomen en consideraci\u00f3n y act\u00faen en consecuencia. Eso es lo que pas\u00f3 en Espa\u00f1a, el cambio se produce gracias al trabajo de tantas mujeres y de tantos hombres que durante tanto tiempo dedicamos mucho de nuestra vida a trabajar y reivindicar en los colectivos. Resultado de esa forma de trabajo es la igualdad efectiva entre mujeres y hombres, la igualdad formal para las mujeres y tambi\u00e9n, tiempo despu\u00e9s, en el caso de los homosexuales y transexuales. Hemos conseguido la igualdad formal, el reconocimiento de la dignidad tanto como para unos como para otros, pero hay que seguir adelante y la mejor manera es trabajar y educar.<BR>  <P><B>\u00bfQu\u00e9 rol juega la educaci\u00f3n en la igualdad de derechos? <\/B> <P>La educaci\u00f3n es la mejor manera de profundizar en la igualdad, que no tiene que ser s\u00f3lo formal sino tambi\u00e9n social y material; es por eso que&nbsp;luchamos. En Espa\u00f1a ha habido que aprobar leyes para procurar la igualdad efectiva, material y social de las mujeres, y eso que llevan ya mucho tiempo reconocidas en igualdad formal. Sin embargo, fue necesario no s\u00f3lo aprobar una ley de reconocimiento de la igualdad efectiva, sino otra para que en las escuelas p\u00fablicas y en las escuelas sostenidas con fondos p\u00fablicos exista una asignatura de educaci\u00f3n para la ciudadan\u00eda, donde a nuestros hijos y a nuestras hijas se les ense\u00f1e las habilidades necesarias y oportunas para evitar el machismo, el racismo, la xenofobia, la homofobia o la transfobia.<BR>  <P><B>\u00bfPor d\u00f3nde empezar ese trabajo? <\/B> <P>Como activista luch\u00e9 siempre por el reconocimiento de la igualdad formal porque es la mejor medida educativa que existe. Si tenemos que esperar que algunos se pongan las pilas y digan qu\u00e9 cosas hay que cambiar o si tenemos que esperar que los cambios sucedan por su propia din\u00e1mica pues <EM>largo me lo fi\u00e1is,<\/EM> porque los que no quieren que nada cambie siempre est\u00e1n ah\u00ed y tienen much\u00edsimo poder para seguir conservando sus privilegios. Esto hay que tenerlo bien claro. En el mejor de los casos, los partidos de progreso y los partidos de izquierda gobiernan, pero el poder lo siguen teniendo los de siempre, los que no quieren que nada cambie y en sus discursos dejan bien claro que son machistas, hom\u00f3fobos, xen\u00f3fobos y racistas. Todas esas fobias son parte de un mismo trastorno: quien es hom\u00f3fono, machista, normalmente es xen\u00f3fobo y racista. Un trastorno como la falta de habilidades sociales se cura con educaci\u00f3n.<BR>  <P>La manera de acelerar el cambio es luchar por la igualdad formal. \u00bfPor qu\u00e9? -porque es una medida educativa magnifica tanto para la realidad discriminada como para los que discriminan. Primero para la realidad discriminada, porque hab\u00eda y sigue habiendo en muchas partes del mundo mujeres que piensan que han nacido para ser las sirvientas de un hombre o que han nacido s\u00f3lo para estar esclavizadas por un hombre &ndash;como en su momento hubo negros que pensaban haber nacido para ser esclavos de un blanco y homosexuales que pensaban haber nacido enfermos o pecadores. Las leyes son educativas para las realidades discriminadas porque se les dice a ellas &ldquo;ustedes son iguales que los dem\u00e1s&rdquo; y para los discriminadores por que la igualdad formal sirve para luchar contra la discriminaci\u00f3n.<BR>  <P><B>\u00bfCree que est\u00e1n dadas las condiciones para que en Am\u00e9rica latina se discuta socialmente y en los parlamentos el matrimonio entre personas del mismo sexo? <\/B> <P>S\u00ed, s\u00ed y s\u00ed. Si Espa\u00f1a lo ha conseguido, si Espa\u00f1a lo hizo, lo pueden hacer todos los pa\u00edses que forman parte de la regi\u00f3n. La sociedad argentina est\u00e1 tan preparada como lo estaba la espa\u00f1ola. Lo importante es que el cambio se produzca y considero que se est\u00e1n siguiendo los pasos oportunos: la creaci\u00f3n de una federaci\u00f3n argentina de lesbianas, gays, transexuales y bisexuales ha sido un paso important\u00edsimo. En tan s\u00f3lo tres a\u00f1os se han dado pasos importantes como los recursos planteados ante la Corte Suprema de Justicia sobre la negativa para el matrimonio entre personas del mismo sexo o el hecho de que en este momento exista en el Congreso un proyecto de ley avalado por m\u00e1s de veinte representantes para procurar el matrimonio. Si en Espa\u00f1a se ha conseguido, en Argentina se puede conseguir tambi\u00e9n; lo \u00fanico que hace falta es tener pol\u00edticos valientes. En Espa\u00f1a los tenemos y en Argentina pues creo que tambi\u00e9n se pudiera lograr.<BR>  <P><B>\u00bfExisten diferencias en otros pa\u00edses? <\/B> <P>En Chile, por ejemplo, se han dado pasos importantes pero tambi\u00e9n hay que conocer la realidad latinoamericana, sobre todo en el cono sur. Chile tiene una magnifica Presidenta pero que est\u00e1 dentro de una concertaci\u00f3n que no facilita las cosas para desarrollar pol\u00edticas con perspectiva de g\u00e9nero y ampliar derechos a determinadas realidades. En cambio en Argentina la Presidenta es libre para pasar a la historia y a la historia se pasa hoy siendo valientes. Si la Presidenta es valiente pasar\u00e1 a la historia y adem\u00e1s colocar\u00e1 a Argentina en el mapa de la igualdad, como estuvo hace muchos a\u00f1os. Fue de los pa\u00edses m\u00e1s avanzados del mundo. Colocar a la Argentina en el mapa de la igualdad, la libertad y la fraternidad ser\u00e1 un cambio que no s\u00f3lo le subir\u00e1 la autoestima a este pa\u00eds, sino que producir\u00e1 avances sociales, efervescencia cultural y prosperidad econ\u00f3mica.<BR>  <P><B>\u00bfQu\u00e9 le dir\u00eda a interesados en avanzar por la igualdad y contra la discriminaci\u00f3n de lesbianas, gays, bisexuales y trans? <\/B> <P>El mensaje que traigo como activista es contar lo que hicimos en Espa\u00f1a, que es perfectamente extrapolable: organizarse, construir redes, crear organizaciones de car\u00e1cter estatal como la Federaci\u00f3n Argentina y la Federaci\u00f3n Uruguaya y trabajar procurando siempre la visibilidad, convencer a la realidad homosexual, transexual y bisexual, que es una realidad discriminada, para que se visibilice. Luego, con la visibilizaci\u00f3n y el discurso, acercarse a otros movimientos sociales y a los partidos pol\u00edticos para procurar el cambio. Es lo que han hecho todos los movimientos de reivindicaci\u00f3n: llegar convenciendo. En Espa\u00f1a las leyes de igualdad ten\u00edan respaldo ciudadano mayoritario antes de aprobarse y durante su aprobaci\u00f3n. Ahora han obtenido tres avales fundamentales: el aval social, el pol\u00edtico y el parlamentario. Es fundamental alcanzar el apoyo de los partidos de izquierda para procurar la igualdad y luego el apoyo de la sociedad.<\/P><\/p>\n","protected":false},"excerpt":{"rendered":"<p>En su paso por Buenos Aires, el activista LGBT espa\u00f1ol Pedro Zerolo apoy\u00f3 p\u00fablicamente el proyecto de ley de matrimonio entre personas del mismo sexo. La estrategia es trabajar para un cambio de mentalidades a trav\u00e9s del tejido asociativo, se\u00f1al\u00f3.<\/p>\n","protected":false},"author":1,"featured_media":0,"comment_status":"open","ping_status":"open","sticky":false,"template":"","format":"standard","meta":{"_acf_changed":false,"site-sidebar-layout":"default","site-content-layout":"default","ast-global-header-display":"","ast-main-header-display":"","ast-hfb-above-header-display":"","ast-hfb-below-header-display":"","ast-hfb-mobile-header-display":"","site-post-title":"","ast-breadcrumbs-content":"","ast-featured-img":"","footer-sml-layout":"","theme-transparent-header-meta":"","adv-header-id-meta":"","stick-header-meta":"","header-above-stick-meta":"","header-main-stick-meta":"","header-below-stick-meta":"","_jetpack_memberships_contains_paid_content":false,"footnotes":""},"categories":[8],"tags":[],"class_list":["post-1183","post","type-post","status-publish","format-standard","hentry","category-entrevistas"],"acf":[],"yoast_head":"<!-- This site is optimized with the Yoast SEO plugin v26.1.1 - https:\/\/yoast.com\/wordpress\/plugins\/seo\/ -->\n<title>Activista sin fronteras - CLAM - ES<\/title>\n<meta name=\"robots\" content=\"index, follow, max-snippet:-1, max-image-preview:large, max-video-preview:-1\" \/>\n<link rel=\"canonical\" href=\"https:\/\/clam.org.br\/es\/entrevistas\/activista-sin-fronteras\/1183\/\" \/>\n<meta property=\"og:locale\" content=\"es_ES\" \/>\n<meta property=\"og:type\" content=\"article\" \/>\n<meta property=\"og:title\" content=\"Activista sin fronteras - CLAM - ES\" \/>\n<meta property=\"og:description\" content=\"En su paso por Buenos Aires, el activista LGBT espa\u00f1ol Pedro Zerolo apoy\u00f3 p\u00fablicamente el proyecto de ley de matrimonio entre personas del mismo sexo. La estrategia es trabajar para un cambio de mentalidades a trav\u00e9s del tejido asociativo, se\u00f1al\u00f3.\" \/>\n<meta property=\"og:url\" content=\"https:\/\/clam.org.br\/es\/entrevistas\/activista-sin-fronteras\/1183\/\" \/>\n<meta property=\"og:site_name\" content=\"CLAM - ES\" \/>\n<meta property=\"article:published_time\" content=\"2008-08-26T03:00:00+00:00\" \/>\n<meta name=\"author\" content=\"fw2\" \/>\n<meta name=\"twitter:card\" content=\"summary_large_image\" \/>\n<meta name=\"twitter:label1\" content=\"Escrito por\" \/>\n\t<meta name=\"twitter:data1\" content=\"fw2\" \/>\n\t<meta name=\"twitter:label2\" content=\"Tiempo de lectura\" \/>\n\t<meta name=\"twitter:data2\" content=\"9 minutos\" \/>\n<script type=\"application\/ld+json\" class=\"yoast-schema-graph\">{\"@context\":\"https:\/\/schema.org\",\"@graph\":[{\"@type\":\"WebPage\",\"@id\":\"https:\/\/clam.org.br\/es\/entrevistas\/activista-sin-fronteras\/1183\/\",\"url\":\"https:\/\/clam.org.br\/es\/entrevistas\/activista-sin-fronteras\/1183\/\",\"name\":\"Activista sin fronteras - CLAM - ES\",\"isPartOf\":{\"@id\":\"https:\/\/clam.org.br\/es\/#website\"},\"datePublished\":\"2008-08-26T03:00:00+00:00\",\"author\":{\"@id\":\"https:\/\/clam.org.br\/es\/#\/schema\/person\/fbd9a86032bf7479f94b0ded196f1010\"},\"breadcrumb\":{\"@id\":\"https:\/\/clam.org.br\/es\/entrevistas\/activista-sin-fronteras\/1183\/#breadcrumb\"},\"inLanguage\":\"es\",\"potentialAction\":[{\"@type\":\"ReadAction\",\"target\":[\"https:\/\/clam.org.br\/es\/entrevistas\/activista-sin-fronteras\/1183\/\"]}]},{\"@type\":\"BreadcrumbList\",\"@id\":\"https:\/\/clam.org.br\/es\/entrevistas\/activista-sin-fronteras\/1183\/#breadcrumb\",\"itemListElement\":[{\"@type\":\"ListItem\",\"position\":1,\"name\":\"In\u00edcio\",\"item\":\"https:\/\/clam.org.br\/es\/\"},{\"@type\":\"ListItem\",\"position\":2,\"name\":\"Activista sin fronteras\"}]},{\"@type\":\"WebSite\",\"@id\":\"https:\/\/clam.org.br\/es\/#website\",\"url\":\"https:\/\/clam.org.br\/es\/\",\"name\":\"CLAM - ES\",\"description\":\"S\u00f3 mais um site CLAM - Centro Latino-Americano em Sexualidade e Direitos Humanos sites\",\"potentialAction\":[{\"@type\":\"SearchAction\",\"target\":{\"@type\":\"EntryPoint\",\"urlTemplate\":\"https:\/\/clam.org.br\/es\/?s={search_term_string}\"},\"query-input\":{\"@type\":\"PropertyValueSpecification\",\"valueRequired\":true,\"valueName\":\"search_term_string\"}}],\"inLanguage\":\"es\"},{\"@type\":\"Person\",\"@id\":\"https:\/\/clam.org.br\/es\/#\/schema\/person\/fbd9a86032bf7479f94b0ded196f1010\",\"name\":\"fw2\",\"image\":{\"@type\":\"ImageObject\",\"inLanguage\":\"es\",\"@id\":\"https:\/\/clam.org.br\/es\/#\/schema\/person\/image\/\",\"url\":\"https:\/\/secure.gravatar.com\/avatar\/c38472c0cdbde82d9b6fcc26adb3779d?s=96&d=mm&r=g\",\"contentUrl\":\"https:\/\/secure.gravatar.com\/avatar\/c38472c0cdbde82d9b6fcc26adb3779d?s=96&d=mm&r=g\",\"caption\":\"fw2\"},\"sameAs\":[\"https:\/\/clam.fw2web.com.br\"],\"url\":\"https:\/\/clam.org.br\/es\/author\/fw2\/\"}]}<\/script>\n<!-- \/ Yoast SEO plugin. -->","yoast_head_json":{"title":"Activista sin fronteras - CLAM - ES","robots":{"index":"index","follow":"follow","max-snippet":"max-snippet:-1","max-image-preview":"max-image-preview:large","max-video-preview":"max-video-preview:-1"},"canonical":"https:\/\/clam.org.br\/es\/entrevistas\/activista-sin-fronteras\/1183\/","og_locale":"es_ES","og_type":"article","og_title":"Activista sin fronteras - CLAM - ES","og_description":"En su paso por Buenos Aires, el activista LGBT espa\u00f1ol Pedro Zerolo apoy\u00f3 p\u00fablicamente el proyecto de ley de matrimonio entre personas del mismo sexo. La estrategia es trabajar para un cambio de mentalidades a trav\u00e9s del tejido asociativo, se\u00f1al\u00f3.","og_url":"https:\/\/clam.org.br\/es\/entrevistas\/activista-sin-fronteras\/1183\/","og_site_name":"CLAM - ES","article_published_time":"2008-08-26T03:00:00+00:00","author":"fw2","twitter_card":"summary_large_image","twitter_misc":{"Escrito por":"fw2","Tiempo de lectura":"9 minutos"},"schema":{"@context":"https:\/\/schema.org","@graph":[{"@type":"WebPage","@id":"https:\/\/clam.org.br\/es\/entrevistas\/activista-sin-fronteras\/1183\/","url":"https:\/\/clam.org.br\/es\/entrevistas\/activista-sin-fronteras\/1183\/","name":"Activista sin fronteras - CLAM - ES","isPartOf":{"@id":"https:\/\/clam.org.br\/es\/#website"},"datePublished":"2008-08-26T03:00:00+00:00","author":{"@id":"https:\/\/clam.org.br\/es\/#\/schema\/person\/fbd9a86032bf7479f94b0ded196f1010"},"breadcrumb":{"@id":"https:\/\/clam.org.br\/es\/entrevistas\/activista-sin-fronteras\/1183\/#breadcrumb"},"inLanguage":"es","potentialAction":[{"@type":"ReadAction","target":["https:\/\/clam.org.br\/es\/entrevistas\/activista-sin-fronteras\/1183\/"]}]},{"@type":"BreadcrumbList","@id":"https:\/\/clam.org.br\/es\/entrevistas\/activista-sin-fronteras\/1183\/#breadcrumb","itemListElement":[{"@type":"ListItem","position":1,"name":"In\u00edcio","item":"https:\/\/clam.org.br\/es\/"},{"@type":"ListItem","position":2,"name":"Activista sin fronteras"}]},{"@type":"WebSite","@id":"https:\/\/clam.org.br\/es\/#website","url":"https:\/\/clam.org.br\/es\/","name":"CLAM - ES","description":"S\u00f3 mais um site CLAM - Centro Latino-Americano em Sexualidade e Direitos Humanos sites","potentialAction":[{"@type":"SearchAction","target":{"@type":"EntryPoint","urlTemplate":"https:\/\/clam.org.br\/es\/?s={search_term_string}"},"query-input":{"@type":"PropertyValueSpecification","valueRequired":true,"valueName":"search_term_string"}}],"inLanguage":"es"},{"@type":"Person","@id":"https:\/\/clam.org.br\/es\/#\/schema\/person\/fbd9a86032bf7479f94b0ded196f1010","name":"fw2","image":{"@type":"ImageObject","inLanguage":"es","@id":"https:\/\/clam.org.br\/es\/#\/schema\/person\/image\/","url":"https:\/\/secure.gravatar.com\/avatar\/c38472c0cdbde82d9b6fcc26adb3779d?s=96&d=mm&r=g","contentUrl":"https:\/\/secure.gravatar.com\/avatar\/c38472c0cdbde82d9b6fcc26adb3779d?s=96&d=mm&r=g","caption":"fw2"},"sameAs":["https:\/\/clam.fw2web.com.br"],"url":"https:\/\/clam.org.br\/es\/author\/fw2\/"}]}},"jetpack_featured_media_url":"","jetpack_sharing_enabled":true,"_links":{"self":[{"href":"https:\/\/clam.org.br\/es\/wp-json\/wp\/v2\/posts\/1183","targetHints":{"allow":["GET"]}}],"collection":[{"href":"https:\/\/clam.org.br\/es\/wp-json\/wp\/v2\/posts"}],"about":[{"href":"https:\/\/clam.org.br\/es\/wp-json\/wp\/v2\/types\/post"}],"author":[{"embeddable":true,"href":"https:\/\/clam.org.br\/es\/wp-json\/wp\/v2\/users\/1"}],"replies":[{"embeddable":true,"href":"https:\/\/clam.org.br\/es\/wp-json\/wp\/v2\/comments?post=1183"}],"version-history":[{"count":0,"href":"https:\/\/clam.org.br\/es\/wp-json\/wp\/v2\/posts\/1183\/revisions"}],"wp:attachment":[{"href":"https:\/\/clam.org.br\/es\/wp-json\/wp\/v2\/media?parent=1183"}],"wp:term":[{"taxonomy":"category","embeddable":true,"href":"https:\/\/clam.org.br\/es\/wp-json\/wp\/v2\/categories?post=1183"},{"taxonomy":"post_tag","embeddable":true,"href":"https:\/\/clam.org.br\/es\/wp-json\/wp\/v2\/tags?post=1183"}],"curies":[{"name":"wp","href":"https:\/\/api.w.org\/{rel}","templated":true}]}}