{"id":1184,"date":"2008-08-26T00:00:00","date_gmt":"2008-08-26T03:00:00","guid":{"rendered":"https:\/\/clam.fw2web.com.br\/es\/2008\/08\/26\/nuevos-desafios-de-la-cedaw\/"},"modified":"2008-08-26T00:00:00","modified_gmt":"2008-08-26T03:00:00","slug":"nuevos-desafios-de-la-cedaw","status":"publish","type":"post","link":"https:\/\/clam.org.br\/es\/entrevistas\/nuevos-desafios-de-la-cedaw\/1184\/","title":{"rendered":"Nuevos desaf\u00edos de la CEDAW"},"content":{"rendered":"<p>Os novos desafios da Cedaw A professora brasileira de Direito (PUC-SP) S\u00edlvia Pimentel foi reeleita no dia 30 de julho, na sede da ONU, para integrar a Comiss\u00e3o para Elimina\u00e7\u00e3o de Todas as Formas de Discrimina\u00e7\u00e3o contra a Mulher (Cedaw), cujo objetivo \u00e9 analisar a implementa\u00e7\u00e3o do grupo de medidas em defesa da mulher pelos 185 pa\u00edses-membros.<BR>  <P>S\u00edlvia Pimentel, que \u00e9 professora de Filosofia do Direito da PUC de S\u00e3o Paulo, ocupou a vice-presid\u00eancia da Cedaw, no ano passado, e foi reeleita este ano com 129 votos, 30 a mais que os obtidos h\u00e1 quatro anos. Al\u00e9m da professora brasileira, foram escolhidas outras 10 integrantes da Cedaw. A comiss\u00e3o, que existe h\u00e1 mais de 25 anos, se re\u00fane a cada semestre em Nova York e Genebra para sess\u00f5es de trabalho. Na \u00faltima reuni\u00e3o, a Cedaw analisou a situa\u00e7\u00e3o das mulheres em oito pa\u00edses, incluindo a Gr\u00e3-Bretanha e a Nig\u00e9ria, onde o tr\u00e1fico de mulheres e meninas \u00e9 uma das principais quest\u00f5es. No \u00e2mbito da Am\u00e9rica Latina, a jurista destaca, nesta entrevista ao CLAM, a desigualdade s\u00f3cio-econ\u00f4mica e educacional como obst\u00e1culos espec\u00edficos \u00e0s mulheres para alcan\u00e7ar uma situa\u00e7\u00e3o de igualdade e de n\u00e3o discrimina\u00e7\u00e3o na sociedade.<BR>  <P><B>Que quest\u00f5es relativas aos direitos das mulheres s\u00e3o prioridades para a Cedaw? <\/B> <P>As prioridades do Comit\u00ea CEDAW em rela\u00e7\u00e3o a cada pa\u00eds s\u00e3o definidas a partir da an\u00e1lise dos relat\u00f3rios que recebe periodicamente. De forma crescente, o Comit\u00ea est\u00e1 recebendo, al\u00e9m dos relat\u00f3rios governamentais dos v\u00e1rios pa\u00edses que ratificaram a Conven\u00e7\u00e3o CEDAW, relat\u00f3rios alternativos da sociedade civil. Estes, denominados <I>Shadow Reports<\/I>, ampliam as condi\u00e7\u00f5es do Comit\u00ea CEDAW no sentido de melhor conhecer e priorizar problem\u00e1ticas que afetam \u00e0s mulheres. Confesso que, \u00e0s vezes, \u00e9 dif\u00edcil priorizar devido \u00e0 grandeza, \u00e0 pluralidade e \u00e0 diversidade das desigualdades estruturais subjacentes.<BR>  <P>Como tem\u00e1ticas relevantes \u00e0 regi\u00e3o da Am\u00e9rica-Latina e do Caribe, dentre tantas, destacaria a enorme desigualdade s\u00f3cio-econ\u00f4mica e educacional vivenciada por nossas popula\u00e7\u00f5es, o que causa obst\u00e1culos espec\u00edficos \u00e0s mulheres para alcan\u00e7ar uma situa\u00e7\u00e3o de igualdade e de n\u00e3o discrimina\u00e7\u00e3o na sociedade; o tr\u00e1fico de mulheres e de meninas, intra e internacional; a viol\u00eancia f\u00edsica e sexual, inclusive o abuso incestuoso, e por fim, a resist\u00eancia de grupos conservadores e fundamentalistas aos direitos sexuais e aos direitos reprodutivos das mulheres, \u00e1reas de tabus, discrimina\u00e7\u00f5es e sofrimentos.<BR>  <P><B>Na \u00faltima reuni\u00e3o de trabalho, a Cedaw analisou a situa\u00e7\u00e3o de mulheres em 8 pa\u00edses. Quais os maiores problemas que esses pa\u00edses apresentam e que recomenda\u00e7\u00f5es foram dadas? <\/B> <P>\u00c9 interessante observar que ao monitorar os 185 pa\u00edses &#8211; Estados-Parte da Conven\u00e7\u00e3o CEDAW &ndash; o Comit\u00ea, mesmo lidando com diversidades pol\u00edtico-s\u00f3cio-econ\u00f4micas e culturais t\u00e3o amplas, sempre se depara com o n\u00facleo comum do patriacarlismo machista. O que varia \u00e9 a forma e a intensidade de sua incid\u00eancia opressora sobre as mulheres e as meninas. \u00c1 Gr\u00e3-Bretanha, recomendamos em nossa <I>Concluding Observations<\/I> que garanta a plena implementa\u00e7\u00e3o da legisla\u00e7\u00e3o sobre a viol\u00eancia contra a mulher, sua judicializa\u00e7\u00e3o e inclusive a aplica\u00e7\u00e3o de san\u00e7\u00f5es aos perpetradores deste tipo de viol\u00eancia. O Comit\u00ea congratulou o pa\u00eds pela inten\u00e7\u00e3o de ratificar a Conven\u00e7\u00e3o sobre A\u00e7\u00e3o Contra o Tr\u00e1fico de Seres Humanos, do Conselho da Europa, ao mesmo tempo em que instou-o a dirigir medidas de justi\u00e7a criminal e de persegui\u00e7\u00e3o aos traficantes, bem como medidas de prote\u00e7\u00e3o e de reabilita\u00e7\u00e3o \u00e0s v\u00edtimas do tr\u00e1fico. Quanto \u00e0 \u00e1rea da sa\u00fade, o Comit\u00ea recomendou a continua\u00e7\u00e3o de esfor\u00e7os para diminuir a taxa de gravidez entre as adolescentes, inclusive atrav\u00e9s do aperfei\u00e7oamento no oferecimento de servi\u00e7os de sa\u00fade sexual e reprodutiva, como m\u00e9todos contraceptivos, inclusive, educa\u00e7\u00e3o sexual. Reiterando ao pa\u00eds a Recomenda\u00e7\u00e3o anterior instou-o a iniciar processo de consulta p\u00fablica na Irlanda do Norte sobre a lei do aborto, na linha da Recomenda\u00e7\u00e3o Geral n\u00ba 24 do Comit\u00ea CEDAW e da Plataforma de A\u00e7\u00e3o de Beijing.<BR>  <P>\u00c0 Nig\u00e9ria, o Comit\u00ea recomendou a elabora\u00e7\u00e3o de programas e a amplia\u00e7\u00e3o de atividades de capacita\u00e7\u00e3o dirigidos aos parlamentares, ao Judici\u00e1rio e aos funcion\u00e1rios p\u00fablicos, particularmente da \u00e1rea da sa\u00fade e da pol\u00edcia, a fim de que se garanta maior sensibiliza\u00e7\u00e3o e encaminhamentos apropriados a todas as formas de viol\u00eancia contra as mulheres. Sobre o tr\u00e1fico de pessoas, o Comit\u00ea instou ao pa\u00eds a que estabele\u00e7a medidas de preven\u00e7\u00e3o, inclusive, no sentido da redu\u00e7\u00e3o da vulnerabilidade de mulheres e meninas, bem como campanhas de informa\u00e7\u00e3o e de conscientiza\u00e7\u00e3o, particularmente nas comunidades de maior risco.<BR>  <P><B>A viol\u00eancia contra a mulher \u00e9 uma quest\u00e3o enfrentada pela Comiss\u00e3o. H\u00e1 dois anos, o governo brasileiro deu um grande passo no enfrentamento da viol\u00eancia dom\u00e9stica, com a implementa\u00e7\u00e3o da lei 11340\/2006, conhecida como Lei Maria da Penha. Segundo uma pesquisa do Ibope, em parceria com a organiza\u00e7\u00e3o Themis, as pessoas est\u00e3o cada vez mais denunciando este tipo de abuso\/discrimina\u00e7\u00e3o devido \u00e0 nova lei. Como a sra. a avalia? <\/B> <P>A Lei representa um avan\u00e7o significativo na luta contra a viol\u00eancia de que \u00e9 v\u00edtima a mulher em nosso pa\u00eds. Esta lei \u00e9 fruto de esfor\u00e7os de grupos feministas que, j\u00e1 h\u00e1 alguns anos, buscavam sua concretiza\u00e7\u00e3o. Pode-se dizer que a Recomenda\u00e7\u00e3o do Comit\u00ea CEDAW ao governo brasileiro, em 2003, representou fator relevante ao protagonismo da Ministra Nilc\u00e9a Freire que deu o empurr\u00e3o decisivo \u00e0 sua ado\u00e7\u00e3o, compondo Comiss\u00e3o Interministerial, que contando com a presen\u00e7a das ONGs feministas j\u00e1 presentes no processo, finalizou o pr\u00e9-projeto e encaminhou-o para o Congresso Nacional a fim de que fosse debatido e aprovado.<\/P><\/p>\n","protected":false},"excerpt":{"rendered":"<p>La jurista brasile\u00f1a Silvia Pimentel fue reelecta para integrar la Comisi\u00f3n para la Eliminaci\u00f3n de Todas las Formas de Discriminaci\u00f3n contra la Mujer, CEDAW. En esta entrevista habla de los obst\u00e1culos de las mujeres latinoamericanas para alcanzar la igualdad. <EM>(Texto en portugu\u00e9s)<\/EM><\/p>\n","protected":false},"author":1,"featured_media":0,"comment_status":"open","ping_status":"open","sticky":false,"template":"","format":"standard","meta":{"_acf_changed":false,"site-sidebar-layout":"default","site-content-layout":"default","ast-global-header-display":"","ast-main-header-display":"","ast-hfb-above-header-display":"","ast-hfb-below-header-display":"","ast-hfb-mobile-header-display":"","site-post-title":"","ast-breadcrumbs-content":"","ast-featured-img":"","footer-sml-layout":"","theme-transparent-header-meta":"","adv-header-id-meta":"","stick-header-meta":"","header-above-stick-meta":"","header-main-stick-meta":"","header-below-stick-meta":"","_jetpack_memberships_contains_paid_content":false,"footnotes":""},"categories":[8],"tags":[],"class_list":["post-1184","post","type-post","status-publish","format-standard","hentry","category-entrevistas"],"acf":[],"yoast_head":"<!-- This site is optimized with the Yoast SEO plugin v26.1.1 - https:\/\/yoast.com\/wordpress\/plugins\/seo\/ -->\n<title>Nuevos desaf\u00edos de la CEDAW - CLAM - ES<\/title>\n<meta name=\"robots\" content=\"index, follow, max-snippet:-1, max-image-preview:large, max-video-preview:-1\" \/>\n<link rel=\"canonical\" href=\"https:\/\/clam.org.br\/es\/entrevistas\/nuevos-desafios-de-la-cedaw\/1184\/\" \/>\n<meta property=\"og:locale\" content=\"es_ES\" \/>\n<meta property=\"og:type\" content=\"article\" \/>\n<meta property=\"og:title\" content=\"Nuevos desaf\u00edos de la CEDAW - CLAM - ES\" \/>\n<meta property=\"og:description\" content=\"La jurista brasile\u00f1a Silvia Pimentel fue reelecta para integrar la Comisi\u00f3n para la Eliminaci\u00f3n de Todas las Formas de Discriminaci\u00f3n contra la Mujer, CEDAW. En esta entrevista habla de los obst\u00e1culos de las mujeres latinoamericanas para alcanzar la igualdad. (Texto en portugu\u00e9s)\" \/>\n<meta property=\"og:url\" content=\"https:\/\/clam.org.br\/es\/entrevistas\/nuevos-desafios-de-la-cedaw\/1184\/\" \/>\n<meta property=\"og:site_name\" content=\"CLAM - ES\" \/>\n<meta property=\"article:published_time\" content=\"2008-08-26T03:00:00+00:00\" \/>\n<meta name=\"author\" content=\"fw2\" \/>\n<meta name=\"twitter:card\" content=\"summary_large_image\" \/>\n<meta name=\"twitter:label1\" content=\"Escrito por\" \/>\n\t<meta name=\"twitter:data1\" content=\"fw2\" \/>\n\t<meta name=\"twitter:label2\" content=\"Tiempo de lectura\" \/>\n\t<meta name=\"twitter:data2\" content=\"5 minutos\" \/>\n<script type=\"application\/ld+json\" class=\"yoast-schema-graph\">{\"@context\":\"https:\/\/schema.org\",\"@graph\":[{\"@type\":\"WebPage\",\"@id\":\"https:\/\/clam.org.br\/es\/entrevistas\/nuevos-desafios-de-la-cedaw\/1184\/\",\"url\":\"https:\/\/clam.org.br\/es\/entrevistas\/nuevos-desafios-de-la-cedaw\/1184\/\",\"name\":\"Nuevos desaf\u00edos de la CEDAW - CLAM - ES\",\"isPartOf\":{\"@id\":\"https:\/\/clam.org.br\/es\/#website\"},\"datePublished\":\"2008-08-26T03:00:00+00:00\",\"author\":{\"@id\":\"https:\/\/clam.org.br\/es\/#\/schema\/person\/fbd9a86032bf7479f94b0ded196f1010\"},\"breadcrumb\":{\"@id\":\"https:\/\/clam.org.br\/es\/entrevistas\/nuevos-desafios-de-la-cedaw\/1184\/#breadcrumb\"},\"inLanguage\":\"es\",\"potentialAction\":[{\"@type\":\"ReadAction\",\"target\":[\"https:\/\/clam.org.br\/es\/entrevistas\/nuevos-desafios-de-la-cedaw\/1184\/\"]}]},{\"@type\":\"BreadcrumbList\",\"@id\":\"https:\/\/clam.org.br\/es\/entrevistas\/nuevos-desafios-de-la-cedaw\/1184\/#breadcrumb\",\"itemListElement\":[{\"@type\":\"ListItem\",\"position\":1,\"name\":\"In\u00edcio\",\"item\":\"https:\/\/clam.org.br\/es\/\"},{\"@type\":\"ListItem\",\"position\":2,\"name\":\"Nuevos desaf\u00edos de la CEDAW\"}]},{\"@type\":\"WebSite\",\"@id\":\"https:\/\/clam.org.br\/es\/#website\",\"url\":\"https:\/\/clam.org.br\/es\/\",\"name\":\"CLAM - ES\",\"description\":\"S\u00f3 mais um site CLAM - Centro Latino-Americano em Sexualidade e Direitos Humanos sites\",\"potentialAction\":[{\"@type\":\"SearchAction\",\"target\":{\"@type\":\"EntryPoint\",\"urlTemplate\":\"https:\/\/clam.org.br\/es\/?s={search_term_string}\"},\"query-input\":{\"@type\":\"PropertyValueSpecification\",\"valueRequired\":true,\"valueName\":\"search_term_string\"}}],\"inLanguage\":\"es\"},{\"@type\":\"Person\",\"@id\":\"https:\/\/clam.org.br\/es\/#\/schema\/person\/fbd9a86032bf7479f94b0ded196f1010\",\"name\":\"fw2\",\"image\":{\"@type\":\"ImageObject\",\"inLanguage\":\"es\",\"@id\":\"https:\/\/clam.org.br\/es\/#\/schema\/person\/image\/\",\"url\":\"https:\/\/secure.gravatar.com\/avatar\/c38472c0cdbde82d9b6fcc26adb3779d?s=96&d=mm&r=g\",\"contentUrl\":\"https:\/\/secure.gravatar.com\/avatar\/c38472c0cdbde82d9b6fcc26adb3779d?s=96&d=mm&r=g\",\"caption\":\"fw2\"},\"sameAs\":[\"https:\/\/clam.fw2web.com.br\"],\"url\":\"https:\/\/clam.org.br\/es\/author\/fw2\/\"}]}<\/script>\n<!-- \/ Yoast SEO plugin. -->","yoast_head_json":{"title":"Nuevos desaf\u00edos de la CEDAW - CLAM - ES","robots":{"index":"index","follow":"follow","max-snippet":"max-snippet:-1","max-image-preview":"max-image-preview:large","max-video-preview":"max-video-preview:-1"},"canonical":"https:\/\/clam.org.br\/es\/entrevistas\/nuevos-desafios-de-la-cedaw\/1184\/","og_locale":"es_ES","og_type":"article","og_title":"Nuevos desaf\u00edos de la CEDAW - CLAM - ES","og_description":"La jurista brasile\u00f1a Silvia Pimentel fue reelecta para integrar la Comisi\u00f3n para la Eliminaci\u00f3n de Todas las Formas de Discriminaci\u00f3n contra la Mujer, CEDAW. En esta entrevista habla de los obst\u00e1culos de las mujeres latinoamericanas para alcanzar la igualdad. (Texto en portugu\u00e9s)","og_url":"https:\/\/clam.org.br\/es\/entrevistas\/nuevos-desafios-de-la-cedaw\/1184\/","og_site_name":"CLAM - ES","article_published_time":"2008-08-26T03:00:00+00:00","author":"fw2","twitter_card":"summary_large_image","twitter_misc":{"Escrito por":"fw2","Tiempo de lectura":"5 minutos"},"schema":{"@context":"https:\/\/schema.org","@graph":[{"@type":"WebPage","@id":"https:\/\/clam.org.br\/es\/entrevistas\/nuevos-desafios-de-la-cedaw\/1184\/","url":"https:\/\/clam.org.br\/es\/entrevistas\/nuevos-desafios-de-la-cedaw\/1184\/","name":"Nuevos desaf\u00edos de la CEDAW - CLAM - ES","isPartOf":{"@id":"https:\/\/clam.org.br\/es\/#website"},"datePublished":"2008-08-26T03:00:00+00:00","author":{"@id":"https:\/\/clam.org.br\/es\/#\/schema\/person\/fbd9a86032bf7479f94b0ded196f1010"},"breadcrumb":{"@id":"https:\/\/clam.org.br\/es\/entrevistas\/nuevos-desafios-de-la-cedaw\/1184\/#breadcrumb"},"inLanguage":"es","potentialAction":[{"@type":"ReadAction","target":["https:\/\/clam.org.br\/es\/entrevistas\/nuevos-desafios-de-la-cedaw\/1184\/"]}]},{"@type":"BreadcrumbList","@id":"https:\/\/clam.org.br\/es\/entrevistas\/nuevos-desafios-de-la-cedaw\/1184\/#breadcrumb","itemListElement":[{"@type":"ListItem","position":1,"name":"In\u00edcio","item":"https:\/\/clam.org.br\/es\/"},{"@type":"ListItem","position":2,"name":"Nuevos desaf\u00edos de la CEDAW"}]},{"@type":"WebSite","@id":"https:\/\/clam.org.br\/es\/#website","url":"https:\/\/clam.org.br\/es\/","name":"CLAM - ES","description":"S\u00f3 mais um site CLAM - Centro Latino-Americano em Sexualidade e Direitos Humanos sites","potentialAction":[{"@type":"SearchAction","target":{"@type":"EntryPoint","urlTemplate":"https:\/\/clam.org.br\/es\/?s={search_term_string}"},"query-input":{"@type":"PropertyValueSpecification","valueRequired":true,"valueName":"search_term_string"}}],"inLanguage":"es"},{"@type":"Person","@id":"https:\/\/clam.org.br\/es\/#\/schema\/person\/fbd9a86032bf7479f94b0ded196f1010","name":"fw2","image":{"@type":"ImageObject","inLanguage":"es","@id":"https:\/\/clam.org.br\/es\/#\/schema\/person\/image\/","url":"https:\/\/secure.gravatar.com\/avatar\/c38472c0cdbde82d9b6fcc26adb3779d?s=96&d=mm&r=g","contentUrl":"https:\/\/secure.gravatar.com\/avatar\/c38472c0cdbde82d9b6fcc26adb3779d?s=96&d=mm&r=g","caption":"fw2"},"sameAs":["https:\/\/clam.fw2web.com.br"],"url":"https:\/\/clam.org.br\/es\/author\/fw2\/"}]}},"jetpack_featured_media_url":"","jetpack_sharing_enabled":true,"_links":{"self":[{"href":"https:\/\/clam.org.br\/es\/wp-json\/wp\/v2\/posts\/1184","targetHints":{"allow":["GET"]}}],"collection":[{"href":"https:\/\/clam.org.br\/es\/wp-json\/wp\/v2\/posts"}],"about":[{"href":"https:\/\/clam.org.br\/es\/wp-json\/wp\/v2\/types\/post"}],"author":[{"embeddable":true,"href":"https:\/\/clam.org.br\/es\/wp-json\/wp\/v2\/users\/1"}],"replies":[{"embeddable":true,"href":"https:\/\/clam.org.br\/es\/wp-json\/wp\/v2\/comments?post=1184"}],"version-history":[{"count":0,"href":"https:\/\/clam.org.br\/es\/wp-json\/wp\/v2\/posts\/1184\/revisions"}],"wp:attachment":[{"href":"https:\/\/clam.org.br\/es\/wp-json\/wp\/v2\/media?parent=1184"}],"wp:term":[{"taxonomy":"category","embeddable":true,"href":"https:\/\/clam.org.br\/es\/wp-json\/wp\/v2\/categories?post=1184"},{"taxonomy":"post_tag","embeddable":true,"href":"https:\/\/clam.org.br\/es\/wp-json\/wp\/v2\/tags?post=1184"}],"curies":[{"name":"wp","href":"https:\/\/api.w.org\/{rel}","templated":true}]}}