{"id":1369,"date":"2007-08-21T00:00:00","date_gmt":"2007-08-21T03:00:00","guid":{"rendered":"https:\/\/clam.fw2web.com.br\/es\/2007\/08\/21\/equidad-de-genero-en-chile\/"},"modified":"2007-08-21T00:00:00","modified_gmt":"2007-08-21T03:00:00","slug":"equidad-de-genero-en-chile","status":"publish","type":"post","link":"https:\/\/clam.org.br\/es\/entrevistas\/equidad-de-genero-en-chile\/1369\/","title":{"rendered":"Equidad de g\u00e9nero en Chile"},"content":{"rendered":"<p>&nbsp;La implantaci\u00f3n de un gabinete paritario, la necesidad de impulsar pol\u00edticas de equidad social y de g\u00e9nero, una ley contra la discriminaci\u00f3n y las iniciativas en reconocimiento de los derechos sexuales y reproductivos fueron temas importantes en la agenda de la campa\u00f1a que condujo a Michelle Bachelet a la presidencia de Chile.<BR>  <P>Como tel\u00f3n de fondo, peri\u00f3dicamente nuevos casos de violencia extrema conmocionan la opini\u00f3n p\u00fablica chilena: el \u00faltimo fue el de la joven embarazada de 8 meses que fuera brutalmente quemada por su pareja en la ciudad Punta Arenas. El hecho reinstal\u00f3 la idea de incorporar la figura del femicidio en la legislaci\u00f3n penal, para dar mayor visibilidad al problema. En lo que va de este a\u00f1o, 31 mujeres fueron asesinadas a manos de su pareja.<BR>  <P>El Centro de Estudios y Acci\u00f3n Pol\u00edtica Feminista, m\u00e1s conocido como Corporaci\u00f3n Humanas, evalu\u00f3 y fiscaliz\u00f3 la forma en que el Estado cumple sus obligaciones internacionales en relaci\u00f3n con los derechos humanos de las mujeres y quiere incidir en el dise\u00f1o e implementaci\u00f3n de pol\u00edticas que permitan avanzar en esta materia.<BR>  <P>Lorena Fr\u00edes, especialista en derechos humanos de las mujeres y justicia de g\u00e9nero, presidenta de la Corporaci\u00f3n Humanas, docente de la Facultad de Derecho y del Centro de Derechos Humanos de la Universidad de Chile, habla sobre el femicidio, la discriminaci\u00f3n en el trabajo, la despenalizaci\u00f3n del aborto, el rechazo hacia la mujer en su proceso de incorporaci\u00f3n pol\u00edtica y la violencia que se ejerce contra ellas.<BR>  <P><B>Para usted, \u00bfcu\u00e1les son los principales puntos que dejan manifiesto el trato discriminatorio hac\u00eda la mujer? <\/B> <P>Un campo muy sentido por las mujeres es el trabajo, donde tenemos un promedio de 30% de diferencia entre sueldos de hombres y de mujeres por la misma labor. A mayor acceso a la educaci\u00f3n y a mayores cargos en el trabajo, esa diferencia puede aumentar incluso hasta en un 60%. El segundo es la pol\u00edtica, todav\u00eda, un mundo claramente dominado por lo masculino donde la propia Presidenta no ha logrado llevar adelante una agenda de promoci\u00f3n de mujeres en espacios de poder. Y el otro tema es la violencia, la manifestaci\u00f3n m\u00e1s brutal de la subordinaci\u00f3n de las mujeres en la sociedad.<BR>  <P><B>En comparaci\u00f3n con otros pa\u00edses de la regi\u00f3n \u00bfC\u00f3mo es la realidad chilena en cuanto a discriminaci\u00f3n femenina? <\/B> <P>Yo creo que Chile es uno de los pa\u00edses m\u00e1s atrasados en Am\u00e9rica Latina. Esta realidad se puede apreciar en lo costoso que significa promover leyes para superar la discriminaci\u00f3n de las mujeres, tales como la despenalizaci\u00f3n del aborto o la ley de divorcio que s\u00f3lo fue aprobada hace un par de a\u00f1os.<BR>  <P>Adem\u00e1s, no hay reconocimiento de los derechos sexuales y reproductivos como en otros pa\u00edses, por lo tanto, aqu\u00ed estamos con una especie de l\u00f3gica de igualdad neutra. En esa l\u00f3gica las mujeres salimos perdiendo porque la realidad no es neutra.<BR>  <P><B>Cada vez, se escucha hablar m\u00e1s de femicidio y de la posibilidad de legislar en torno a este crimen. \u00bfCu\u00e1les ser\u00edan las dificultades legales para implementar esta nueva figura? <\/B> <P>Hay factores de orden pol\u00edtico y de \u00edndole legal para legislar en torno a la figura del femicidio. Pol\u00edtico porque tiene que ver con las mayor\u00edas en el Congreso; legal en cuanto a si se requiere esta tipificaci\u00f3n que s\u00f3lo recaer\u00eda en muertes por el hecho de ser mujeres o, m\u00e1s bien, este tipo de cr\u00edmenes podr\u00eda ser considerado entre los tipos generales y universales, sin necesidad de contar con una nueva figura legal.<BR>  <P><B>Muchos juristas proponen profundizar la figura del homicidio y no crear esta nueva figura legal, \u00bfCu\u00e1les ser\u00edan las diferencias entre esta medida y la creaci\u00f3n del femicidio como delito? <\/B> <P>Por una parte, se dice que se trata de una violencia espec\u00edfica que tiene su base en el g\u00e9nero y que, por lo tanto, no es asimilable a homicidios individuales ni a otras figuras de da\u00f1o a la integridad f\u00edsica. Por otra parte, incorporar el femicidio como un delito permite visibilizar algo que estaba oculto en la sociedad. En varias legislaciones existe esa figura, sin embargo, el derecho penal no resuelve este tipo de problemas, ya que debe ser universal y aplicarse a todos por igual. Siendo as\u00ed, el femicidio podr\u00eda conjugarse con otras figuras agravadas o con agravantes generales para no empezar a legislar de forma tal que lleve a una divisi\u00f3n jur\u00eddica total entre los aspectos que tocan a las mujeres y los aspectos que tocan a los hombres.<BR>  <P><B>En definitiva, \u00bfest\u00e1 a favor de que se instaure la figura legal del femicidio o prefiere que se profundice en la normativa actual? <\/B> <P>En principio me parece que no es necesario tipificar el femicidio. En primer lugar creo que hay que analizar nuevamente lo que aqu\u00ed hemos llamado &ldquo;delito de maltrato habitual&rdquo; cuya calificaci\u00f3n previa en los tribunales de familia debe ser eliminada. Soy partidaria de tipificar la violencia contra las mujeres en el C\u00f3digo Penal: para m\u00ed la pregunta que habr\u00eda que contestar es si le damos o no el car\u00e1cter de delito residual. En la eventualidad de que no sea parricidio, homicidio, lesiones, mutilaciones, etc. \u00bfes violencia contra las mujeres, o queremos que sea un delito en s\u00ed mismo, que por lo tanto puede tener consecuencias &ndash;resultado de lesiones, muerte, etc.? Dicho esto, me parece que culturalmente al asesinato de mujeres por parte de sus ex parejas, actuales parejas o maridos hay que llamarle femicidio, porque a las cosas hay que nombrarlas.<BR>  <P><B>El 28 de septiembre es el D\u00eda Latinoamericano de Lucha por la Despenalizaci\u00f3n del Aborto, \u00bfCu\u00e1les son los avances chilenos en la materia? <\/B> <P>Avances no hay. En materia de aborto hay una creciente conciencia ciudadana, particularmente de las mujeres, respecto a que es un tema que tiene que ver con ellas mismas y que deber\u00eda legislarse respecto al menos de tres situaciones: aborto terap\u00e9utico, por malformaci\u00f3n del feto y en caso de embarazo fruto de una violaci\u00f3n o incesto.<BR>  <P>En esos tres casos, y de acuerdo a las encuestas que hemos hecho, hay un acuerdo de pr\u00e1cticamente el 70%. Sin embargo, hasta ahora es una agenda totalmente bloqueada desde la derecha y la iglesia cat\u00f3lica. El Gobierno, por lo tanto, no va a iniciar ninguna gesti\u00f3n en este sentido. Quiz\u00e1s lo m\u00e1s interesante &ndash;que es una ganancia colateral- es que se haya instalado la posibilidad de la p\u00edldora de anticoncepci\u00f3n de emergencia, lo que para algunos es un tema abortivo y para otros, de la misma l\u00ednea conservadora, es la puerta de entrada para terminar hablando sobre el aborto. La verdad, es que son dos cosas distintas que se unen en la idea del embarazo no deseado, pero solamente eso.<BR>  <P><B>\u00bfCree que en Chile ser\u00e1 posible volver a incorporar el aborto terap\u00e9utico eliminado durante la dictadura de Pinochet? \u00bfA su juicio, existe voluntad pol\u00edtica para esta discusi\u00f3n? <\/B> <P>Yo creo que a la larga el aborto terap\u00e9utico se instalar\u00e1 nuevamente. Es decir, reci\u00e9n estamos empezando un proceso democr\u00e1tico de mayor debate, de mayor conflicto social, por lo tanto hay que esperar que eso madure tambi\u00e9n para poder poner temas en la agenda.<BR>  <P><B>\u00bfQu\u00e9 opini\u00f3n le merece el anuncio hecho por la Presidenta Bachelet sobre el proyecto de ley que aumenta la participaci\u00f3n de las mujeres en pol\u00edtica? <\/B> <P>La verdad, es una repetici\u00f3n de lo que ya ven\u00eda anunciando y en ese sentido no es nada novedoso. Es m\u00e1s, le baja el perfil porque inicialmente lo que ella plante\u00f3 fueron medidas de promoci\u00f3n de las mujeres, una de ellas a trav\u00e9s de la ley de cuotas, lo que no fue aceptado. Hay tres proyectos en el Parlamento, y el tercero es &ndash;digamos&ndash; una fusi\u00f3n de los dos anteriores. El hecho de que los partidos de la concertaci\u00f3n hayan hecho el anuncio y\/o declaren estar de acuerdo s\u00f3lo da cuenta de lo limitada que estar\u00e1 la iniciativa, ya que se circunscribir\u00e1 a temas de incentivo monetario a los partidos que lleven candidatas y que elijan.<BR>  <P>Adem\u00e1s, la comisi\u00f3n presidencial que cre\u00f3 la Presidenta Bachelet para la reforma electoral entreg\u00f3 un informe donde se dec\u00eda que el g\u00e9nero no pod\u00eda estar fuera del cambio de la reforma al sistema binominal y propon\u00edan el tema de los incentivos econ\u00f3micos para los partidos.<BR>  <P><B>\u00bfEs correcto que se tenga que incentivar con dinero a los partidos pol\u00edticos para que postulen a un mayor n\u00famero de mujeres a los cargos de elecci\u00f3n popular? <\/B> <P>Esa es una medida que se utiliza en Europa y da buen resultado, siempre y cuando vaya acompa\u00f1ada de otra serie de medidas, por ejemplo, la sanci\u00f3n para aquellos partidos que no tengan a mujeres en las listas o una mayor diferencia en el incentivo. La diferencia entre lo que hay hoy y lo que habr\u00eda en t\u00e9rminos de incentivo no es determinante, por lo que me temo que pasar\u00e1 lo mismo que en Francia, donde los partidos prefieren pagar multas que inscribir mujeres. Por otra parte, si se va a hacer algo as\u00ed se requieren sanciones que efectivamente penalicen el hecho de no incorporar mujeres. La experiencia de Argentina da cuenta de que lo \u00fanico que funciona es la imposibilidad de inscribir una lista en que no vayan mujeres en puestos &ldquo;ganadores&rdquo;, es decir en lugares de la lista en los que efectivamente puedan salir electas.<\/P><\/p>\n","protected":false},"excerpt":{"rendered":"<p>&nbsp;La presidencia de Bachelet, primera mujer en ese puesto en la historia de Chile, ha generado altas expectativas en las organizaciones de mujeres. Lorena Fr\u00edes, de la Corporaci\u00f3n Humanas, expone el estado de situaci\u00f3n con respecto a la equidad de g\u00e9nero en ese pa\u00eds.<\/p>\n","protected":false},"author":1,"featured_media":0,"comment_status":"open","ping_status":"open","sticky":false,"template":"","format":"standard","meta":{"_acf_changed":false,"site-sidebar-layout":"default","site-content-layout":"default","ast-global-header-display":"","ast-main-header-display":"","ast-hfb-above-header-display":"","ast-hfb-below-header-display":"","ast-hfb-mobile-header-display":"","site-post-title":"","ast-breadcrumbs-content":"","ast-featured-img":"","footer-sml-layout":"","theme-transparent-header-meta":"","adv-header-id-meta":"","stick-header-meta":"","header-above-stick-meta":"","header-main-stick-meta":"","header-below-stick-meta":"","_jetpack_memberships_contains_paid_content":false,"footnotes":""},"categories":[8],"tags":[],"class_list":["post-1369","post","type-post","status-publish","format-standard","hentry","category-entrevistas"],"acf":[],"yoast_head":"<!-- This site is optimized with the Yoast SEO plugin v26.1.1 - https:\/\/yoast.com\/wordpress\/plugins\/seo\/ -->\n<title>Equidad de g\u00e9nero en Chile - CLAM - ES<\/title>\n<meta name=\"robots\" content=\"index, follow, max-snippet:-1, max-image-preview:large, max-video-preview:-1\" \/>\n<link rel=\"canonical\" href=\"https:\/\/clam.org.br\/es\/entrevistas\/equidad-de-genero-en-chile\/1369\/\" \/>\n<meta property=\"og:locale\" content=\"es_ES\" \/>\n<meta property=\"og:type\" content=\"article\" \/>\n<meta property=\"og:title\" content=\"Equidad de g\u00e9nero en Chile - CLAM - ES\" \/>\n<meta property=\"og:description\" content=\"&nbsp;La presidencia de Bachelet, primera mujer en ese puesto en la historia de Chile, ha generado altas expectativas en las organizaciones de mujeres. Lorena Fr\u00edes, de la Corporaci\u00f3n Humanas, expone el estado de situaci\u00f3n con respecto a la equidad de g\u00e9nero en ese pa\u00eds.\" \/>\n<meta property=\"og:url\" content=\"https:\/\/clam.org.br\/es\/entrevistas\/equidad-de-genero-en-chile\/1369\/\" \/>\n<meta property=\"og:site_name\" content=\"CLAM - ES\" \/>\n<meta property=\"article:published_time\" content=\"2007-08-21T03:00:00+00:00\" \/>\n<meta name=\"author\" content=\"fw2\" \/>\n<meta name=\"twitter:card\" content=\"summary_large_image\" \/>\n<meta name=\"twitter:label1\" content=\"Escrito por\" \/>\n\t<meta name=\"twitter:data1\" content=\"fw2\" \/>\n\t<meta name=\"twitter:label2\" content=\"Tiempo de lectura\" \/>\n\t<meta name=\"twitter:data2\" content=\"8 minutos\" \/>\n<script type=\"application\/ld+json\" class=\"yoast-schema-graph\">{\"@context\":\"https:\/\/schema.org\",\"@graph\":[{\"@type\":\"WebPage\",\"@id\":\"https:\/\/clam.org.br\/es\/entrevistas\/equidad-de-genero-en-chile\/1369\/\",\"url\":\"https:\/\/clam.org.br\/es\/entrevistas\/equidad-de-genero-en-chile\/1369\/\",\"name\":\"Equidad de g\u00e9nero en Chile - CLAM - ES\",\"isPartOf\":{\"@id\":\"https:\/\/clam.org.br\/es\/#website\"},\"datePublished\":\"2007-08-21T03:00:00+00:00\",\"author\":{\"@id\":\"https:\/\/clam.org.br\/es\/#\/schema\/person\/fbd9a86032bf7479f94b0ded196f1010\"},\"breadcrumb\":{\"@id\":\"https:\/\/clam.org.br\/es\/entrevistas\/equidad-de-genero-en-chile\/1369\/#breadcrumb\"},\"inLanguage\":\"es\",\"potentialAction\":[{\"@type\":\"ReadAction\",\"target\":[\"https:\/\/clam.org.br\/es\/entrevistas\/equidad-de-genero-en-chile\/1369\/\"]}]},{\"@type\":\"BreadcrumbList\",\"@id\":\"https:\/\/clam.org.br\/es\/entrevistas\/equidad-de-genero-en-chile\/1369\/#breadcrumb\",\"itemListElement\":[{\"@type\":\"ListItem\",\"position\":1,\"name\":\"In\u00edcio\",\"item\":\"https:\/\/clam.org.br\/es\/\"},{\"@type\":\"ListItem\",\"position\":2,\"name\":\"Equidad de g\u00e9nero en Chile\"}]},{\"@type\":\"WebSite\",\"@id\":\"https:\/\/clam.org.br\/es\/#website\",\"url\":\"https:\/\/clam.org.br\/es\/\",\"name\":\"CLAM - ES\",\"description\":\"S\u00f3 mais um site CLAM - Centro Latino-Americano em Sexualidade e Direitos Humanos sites\",\"potentialAction\":[{\"@type\":\"SearchAction\",\"target\":{\"@type\":\"EntryPoint\",\"urlTemplate\":\"https:\/\/clam.org.br\/es\/?s={search_term_string}\"},\"query-input\":{\"@type\":\"PropertyValueSpecification\",\"valueRequired\":true,\"valueName\":\"search_term_string\"}}],\"inLanguage\":\"es\"},{\"@type\":\"Person\",\"@id\":\"https:\/\/clam.org.br\/es\/#\/schema\/person\/fbd9a86032bf7479f94b0ded196f1010\",\"name\":\"fw2\",\"image\":{\"@type\":\"ImageObject\",\"inLanguage\":\"es\",\"@id\":\"https:\/\/clam.org.br\/es\/#\/schema\/person\/image\/\",\"url\":\"https:\/\/secure.gravatar.com\/avatar\/c38472c0cdbde82d9b6fcc26adb3779d?s=96&d=mm&r=g\",\"contentUrl\":\"https:\/\/secure.gravatar.com\/avatar\/c38472c0cdbde82d9b6fcc26adb3779d?s=96&d=mm&r=g\",\"caption\":\"fw2\"},\"sameAs\":[\"https:\/\/clam.fw2web.com.br\"],\"url\":\"https:\/\/clam.org.br\/es\/author\/fw2\/\"}]}<\/script>\n<!-- \/ Yoast SEO plugin. -->","yoast_head_json":{"title":"Equidad de g\u00e9nero en Chile - CLAM - ES","robots":{"index":"index","follow":"follow","max-snippet":"max-snippet:-1","max-image-preview":"max-image-preview:large","max-video-preview":"max-video-preview:-1"},"canonical":"https:\/\/clam.org.br\/es\/entrevistas\/equidad-de-genero-en-chile\/1369\/","og_locale":"es_ES","og_type":"article","og_title":"Equidad de g\u00e9nero en Chile - CLAM - ES","og_description":"&nbsp;La presidencia de Bachelet, primera mujer en ese puesto en la historia de Chile, ha generado altas expectativas en las organizaciones de mujeres. Lorena Fr\u00edes, de la Corporaci\u00f3n Humanas, expone el estado de situaci\u00f3n con respecto a la equidad de g\u00e9nero en ese pa\u00eds.","og_url":"https:\/\/clam.org.br\/es\/entrevistas\/equidad-de-genero-en-chile\/1369\/","og_site_name":"CLAM - ES","article_published_time":"2007-08-21T03:00:00+00:00","author":"fw2","twitter_card":"summary_large_image","twitter_misc":{"Escrito por":"fw2","Tiempo de lectura":"8 minutos"},"schema":{"@context":"https:\/\/schema.org","@graph":[{"@type":"WebPage","@id":"https:\/\/clam.org.br\/es\/entrevistas\/equidad-de-genero-en-chile\/1369\/","url":"https:\/\/clam.org.br\/es\/entrevistas\/equidad-de-genero-en-chile\/1369\/","name":"Equidad de g\u00e9nero en Chile - CLAM - ES","isPartOf":{"@id":"https:\/\/clam.org.br\/es\/#website"},"datePublished":"2007-08-21T03:00:00+00:00","author":{"@id":"https:\/\/clam.org.br\/es\/#\/schema\/person\/fbd9a86032bf7479f94b0ded196f1010"},"breadcrumb":{"@id":"https:\/\/clam.org.br\/es\/entrevistas\/equidad-de-genero-en-chile\/1369\/#breadcrumb"},"inLanguage":"es","potentialAction":[{"@type":"ReadAction","target":["https:\/\/clam.org.br\/es\/entrevistas\/equidad-de-genero-en-chile\/1369\/"]}]},{"@type":"BreadcrumbList","@id":"https:\/\/clam.org.br\/es\/entrevistas\/equidad-de-genero-en-chile\/1369\/#breadcrumb","itemListElement":[{"@type":"ListItem","position":1,"name":"In\u00edcio","item":"https:\/\/clam.org.br\/es\/"},{"@type":"ListItem","position":2,"name":"Equidad de g\u00e9nero en Chile"}]},{"@type":"WebSite","@id":"https:\/\/clam.org.br\/es\/#website","url":"https:\/\/clam.org.br\/es\/","name":"CLAM - ES","description":"S\u00f3 mais um site CLAM - Centro Latino-Americano em Sexualidade e Direitos Humanos sites","potentialAction":[{"@type":"SearchAction","target":{"@type":"EntryPoint","urlTemplate":"https:\/\/clam.org.br\/es\/?s={search_term_string}"},"query-input":{"@type":"PropertyValueSpecification","valueRequired":true,"valueName":"search_term_string"}}],"inLanguage":"es"},{"@type":"Person","@id":"https:\/\/clam.org.br\/es\/#\/schema\/person\/fbd9a86032bf7479f94b0ded196f1010","name":"fw2","image":{"@type":"ImageObject","inLanguage":"es","@id":"https:\/\/clam.org.br\/es\/#\/schema\/person\/image\/","url":"https:\/\/secure.gravatar.com\/avatar\/c38472c0cdbde82d9b6fcc26adb3779d?s=96&d=mm&r=g","contentUrl":"https:\/\/secure.gravatar.com\/avatar\/c38472c0cdbde82d9b6fcc26adb3779d?s=96&d=mm&r=g","caption":"fw2"},"sameAs":["https:\/\/clam.fw2web.com.br"],"url":"https:\/\/clam.org.br\/es\/author\/fw2\/"}]}},"jetpack_featured_media_url":"","jetpack_sharing_enabled":true,"_links":{"self":[{"href":"https:\/\/clam.org.br\/es\/wp-json\/wp\/v2\/posts\/1369","targetHints":{"allow":["GET"]}}],"collection":[{"href":"https:\/\/clam.org.br\/es\/wp-json\/wp\/v2\/posts"}],"about":[{"href":"https:\/\/clam.org.br\/es\/wp-json\/wp\/v2\/types\/post"}],"author":[{"embeddable":true,"href":"https:\/\/clam.org.br\/es\/wp-json\/wp\/v2\/users\/1"}],"replies":[{"embeddable":true,"href":"https:\/\/clam.org.br\/es\/wp-json\/wp\/v2\/comments?post=1369"}],"version-history":[{"count":0,"href":"https:\/\/clam.org.br\/es\/wp-json\/wp\/v2\/posts\/1369\/revisions"}],"wp:attachment":[{"href":"https:\/\/clam.org.br\/es\/wp-json\/wp\/v2\/media?parent=1369"}],"wp:term":[{"taxonomy":"category","embeddable":true,"href":"https:\/\/clam.org.br\/es\/wp-json\/wp\/v2\/categories?post=1369"},{"taxonomy":"post_tag","embeddable":true,"href":"https:\/\/clam.org.br\/es\/wp-json\/wp\/v2\/tags?post=1369"}],"curies":[{"name":"wp","href":"https:\/\/api.w.org\/{rel}","templated":true}]}}