{"id":1375,"date":"2007-09-12T00:00:00","date_gmt":"2007-09-12T03:00:00","guid":{"rendered":"https:\/\/clam.fw2web.com.br\/es\/2007\/09\/12\/demanda-legitima\/"},"modified":"2007-09-12T00:00:00","modified_gmt":"2007-09-12T03:00:00","slug":"demanda-legitima","status":"publish","type":"post","link":"https:\/\/clam.org.br\/es\/entrevistas\/demanda-legitima\/1375\/","title":{"rendered":"Demanda leg\u00edtima"},"content":{"rendered":"<p>Em artigo publicado no jornal <I>Folha de S\u00e3o Paulo<\/I> (ed. 19\/8\/2007) &ndash; intitulado &rdquo;A igualdade \u00e9 colorida&rdquo; &#8211;&nbsp;o ministro Marco Aur\u00e9lio Mello, do Tribunal Superior Eleitoral, apontou que, em se tratando de homofobia, o Brasil \u00e9 o pa\u00eds que ocupa o primeiro lugar, com mais de cem homic\u00eddios anuais cujas v\u00edtimas foram assassinadas devido \u00e0 sua orienta\u00e7\u00e3o sexual. Para ele, tal estat\u00edstica \u00e9 ignorada porque a sociedade brasileira n\u00e3o reconhece as rela\u00e7\u00f5es homoafetivas como geradoras de direito. O ministro ressaltou ainda os avan\u00e7os dos poderes judici\u00e1rios estaduais no reconhecimento dos direitos de fam\u00edlia para casais homossexuais, como o Tribunal de Justi\u00e7a do Rio Grande do Sul, que recentemente reconheceu a rela\u00e7\u00e3o afetiva de um casal de homens gays, assegurando o direito de um deles aos bens do parceiro, falecido ap\u00f3s 47 anos de vida em comum.<BR>  <P>De fato, um intenso debate em torno da conjugalidade e da homoparentalidade tem sido produzido no Brasil, permitindo a reflex\u00e3o sobre os princ\u00edpios que caracterizam a fam\u00edlia e tamb\u00e9m sobre a aplica\u00e7\u00e3o da categoria jur\u00eddica \u00abcasamento\u00bb na regulamenta\u00e7\u00e3o das rela\u00e7\u00f5es entre pessoas do mesmo sexo. &ldquo;A demanda pelo reconhecimento destas uni\u00f5es \u00e9 leg\u00edtima&rdquo;, afirma o juiz federal Roger Raupp Rios, do Tribunal Federal do Rio Grande do Sul, um dos organizadores do livro \u00abEm defesa dos Direitos Sexuais\u00bb (Porto Alegre: Editora Livraria do Advogado, 2007), fruto de dois anos de estudo e pesquisas coletivas de um grupo de professores e operadores do Direito, entre eles o tamb\u00e9m juiz do TJRS, Roberto Arriada Lorea e Samantha Buglione, professora de Teoria do Direito e Bio\u00e9tica, doutoranda em Ci\u00eancias Humanas na Universidade Federal de Santa Catarina (UFSC). O livro discute fundamentos filos\u00f3ficos (liberdade e igualdade) e temas importantes como homofobia e laicidade e suas repercuss\u00f5es em situa\u00e7\u00f5es emblem\u00e1ticas, como a transexualidade.<BR>  <P>&ldquo;Trata-se de uma reflex\u00e3o a partir daquilo que j\u00e1 existe (decis\u00f5es judiciais e alguma discuss\u00e3o doutrin\u00e1ria) no mundo jur\u00eddico. Nosso esfor\u00e7o foi sistematizar e fundamentar, no \u00e2mbito do direito, a no\u00e7\u00e3o de direitos sexuais.&rdquo;, afirma Roger, que participou, nos dias 5 e 6 de setembro, do Semin\u00e1rio Homofobia, Identidades e Cidadania LGBTTT, realizado na UFSC. O juiz integrou a mesa que discutiu o Projeto de Lei da Parceria Civil e o tema da conjugalidade homoer\u00f3tica, e tamb\u00e9m \u00e9 autor do artigo &ldquo;Uni\u00f5es homossexuais: adaptar-se ao direito de fam\u00edlia ou transforma-lo? Por uma nova modalidade de comunidade familiar&rdquo;, que comp\u00f5e a colet\u00e2nea <a href=\"http:\/\/www.clam.org.br\/publique\/cgi\/cgilua.exe\/sys\/start.htm?infoid=2907&amp;sid=6\" target=\"_blank\" rel=\"noopener\">Conjugalidades, parentalidades e identidades l\u00e9sbicas, gays e travestis (CLAM\/Editora Garamond)<\/A>, lan\u00e7ada durante o Semin\u00e1rio. Na entrevista a seguir, ele analisa a quest\u00e3o e tamb\u00e9m fala sobre o Projeto de Lei que prop\u00f5e a criminaliza\u00e7\u00e3o da homofobia no pa\u00eds.<BR>  <P><B>Como o sr. analisa as propostas do Projeto de Lei de Parceria Civil no Brasil?<\/B>  <P>A reivindica\u00e7\u00e3o pol\u00edtica e jur\u00eddica pelo combate \u00e0 discrimina\u00e7\u00e3o alcan\u00e7a v\u00e1rias frentes. Duas destas, com conseq\u00fc\u00eancias pr\u00e1ticas importantes na vida dos indiv\u00edduos e na organiza\u00e7\u00e3o social mais ampla, dizem respeito \u00e0 configura\u00e7\u00e3o familiar, seja conjugal, seja parental. Neste contexto, a demanda pelo reconhecimento destas uni\u00f5es \u00e9 leg\u00edtima. O que n\u00e3o se pode perder de vista, no entanto, \u00e9 o conte\u00fado associado aos modelos propostos: que este reconhecimento seja espa\u00e7o de liberdade e n\u00e3o-discrimina\u00e7\u00e3o diante dos modelos tradicionais, de cunho institucional e fusional, de fam\u00edlia. Creio que as propostas de parceria civil devem evitar a simples adapta\u00e7\u00e3o aos modelos e \u00e0s l\u00f3gicas conjugais existentes, fortemente heterossexistas. Devem pugnar, isto sim, por horizontes transformadores do direito de fam\u00edlia. Na pr\u00e1tica, isto significa n\u00e3o s\u00f3 acabar com a exclus\u00e3o de homossexuais das institui\u00e7\u00f5es jur\u00eddicas existentes, como tamb\u00e9m propor a possibilidade de novos arranjos interpessoais. Neste sentido, \u00e9 important\u00edssimo imaginar novas categorias jur\u00eddicas familiares, modelos abertos para a defini\u00e7\u00e3o dos arranjos sexuais e existenciais, sem se prender \u00e0 maneira ditada pela heterossexualidade compuls\u00f3ria.<BR>  <P><B>Ao lado do Projeto de Lei da Parceria Civil, o PL 122, que prop\u00f5e a criminaliza\u00e7\u00e3o da homofobia no pa\u00eds, tornou-se a grande bandeira do movimento GLBT brasileiro na atualidade. Como o sr avalia tal projeto?<\/B>  <P>N\u00e3o se pode perder de vista que o assassinato e o espancamento de homossexuais, para tomar dois exemplos extremos, em virtude da homossexualidade, \u00e9 algo mais que um \u00absimples\u00bb assassinato, onde inexiste \u00f3dio em face da manifesta\u00e7\u00e3o da diversidade. Deste modo, entendo que a criminaliza\u00e7\u00e3o \u00e9 justa e necess\u00e1ria, pois decorrente do levar a s\u00e9rio as premissas da democracia e do pluralismo, inclusive sexual, na sociedade brasileira. A inclus\u00e3o da orienta\u00e7\u00e3o sexual e da identidade de g\u00eanero dentre as situa\u00e7\u00f5es cuja discrimina\u00e7\u00e3o \u00e9 sancionada penalmente, portanto, parece-me correta e adequada. N\u00e3o se trata, por \u00f3bvio, de incitar uma mentalidade punitiva, nem de imaginar que o direito penal seja uma panac\u00e9ia para todos os problemas. Mas sim de atentar para a gravidade de viola\u00e7\u00f5es b\u00e1rbaras de direitos humanos e de prover a sociedade de meios para combat\u00ea-la, com a mesma dignidade e intensidade que outras discrimina\u00e7\u00f5es, igualmente inadmiss\u00edveis, como ocorre com origem social ou ra\u00e7a.<\/P><\/p>\n","protected":false},"excerpt":{"rendered":"<p>El juez federal Roger Raup Rios, del Tribunal Federal de Rio Grande do Sul, analiza las propuestas del Proyecto de ley de Uni\u00f3n Civil y eval\u00faa la actual bandera de lucha del movimiento GLBT brasile\u00f1o: la penalizaci\u00f3n de la homofobia. <EM>(Texto en portugu\u00e9s)<\/EM><\/p>\n","protected":false},"author":1,"featured_media":0,"comment_status":"open","ping_status":"open","sticky":false,"template":"","format":"standard","meta":{"_acf_changed":false,"site-sidebar-layout":"default","site-content-layout":"default","ast-global-header-display":"","ast-main-header-display":"","ast-hfb-above-header-display":"","ast-hfb-below-header-display":"","ast-hfb-mobile-header-display":"","site-post-title":"","ast-breadcrumbs-content":"","ast-featured-img":"","footer-sml-layout":"","theme-transparent-header-meta":"","adv-header-id-meta":"","stick-header-meta":"","header-above-stick-meta":"","header-main-stick-meta":"","header-below-stick-meta":"","_jetpack_memberships_contains_paid_content":false,"footnotes":""},"categories":[8],"tags":[],"class_list":["post-1375","post","type-post","status-publish","format-standard","hentry","category-entrevistas"],"acf":[],"yoast_head":"<!-- This site is optimized with the Yoast SEO plugin v26.1.1 - https:\/\/yoast.com\/wordpress\/plugins\/seo\/ -->\n<title>Demanda leg\u00edtima - CLAM - ES<\/title>\n<meta name=\"robots\" content=\"index, follow, max-snippet:-1, max-image-preview:large, max-video-preview:-1\" \/>\n<link rel=\"canonical\" href=\"https:\/\/clam.org.br\/es\/entrevistas\/demanda-legitima\/1375\/\" \/>\n<meta property=\"og:locale\" content=\"es_ES\" \/>\n<meta property=\"og:type\" content=\"article\" \/>\n<meta property=\"og:title\" content=\"Demanda leg\u00edtima - CLAM - ES\" \/>\n<meta property=\"og:description\" content=\"El juez federal Roger Raup Rios, del Tribunal Federal de Rio Grande do Sul, analiza las propuestas del Proyecto de ley de Uni\u00f3n Civil y eval\u00faa la actual bandera de lucha del movimiento GLBT brasile\u00f1o: la penalizaci\u00f3n de la homofobia. (Texto en portugu\u00e9s)\" \/>\n<meta property=\"og:url\" content=\"https:\/\/clam.org.br\/es\/entrevistas\/demanda-legitima\/1375\/\" \/>\n<meta property=\"og:site_name\" content=\"CLAM - ES\" \/>\n<meta property=\"article:published_time\" content=\"2007-09-12T03:00:00+00:00\" \/>\n<meta name=\"author\" content=\"fw2\" \/>\n<meta name=\"twitter:card\" content=\"summary_large_image\" \/>\n<meta name=\"twitter:label1\" content=\"Escrito por\" \/>\n\t<meta name=\"twitter:data1\" content=\"fw2\" \/>\n\t<meta name=\"twitter:label2\" content=\"Tiempo de lectura\" \/>\n\t<meta name=\"twitter:data2\" content=\"5 minutos\" \/>\n<script type=\"application\/ld+json\" class=\"yoast-schema-graph\">{\"@context\":\"https:\/\/schema.org\",\"@graph\":[{\"@type\":\"WebPage\",\"@id\":\"https:\/\/clam.org.br\/es\/entrevistas\/demanda-legitima\/1375\/\",\"url\":\"https:\/\/clam.org.br\/es\/entrevistas\/demanda-legitima\/1375\/\",\"name\":\"Demanda leg\u00edtima - CLAM - ES\",\"isPartOf\":{\"@id\":\"https:\/\/clam.org.br\/es\/#website\"},\"datePublished\":\"2007-09-12T03:00:00+00:00\",\"author\":{\"@id\":\"https:\/\/clam.org.br\/es\/#\/schema\/person\/fbd9a86032bf7479f94b0ded196f1010\"},\"breadcrumb\":{\"@id\":\"https:\/\/clam.org.br\/es\/entrevistas\/demanda-legitima\/1375\/#breadcrumb\"},\"inLanguage\":\"es\",\"potentialAction\":[{\"@type\":\"ReadAction\",\"target\":[\"https:\/\/clam.org.br\/es\/entrevistas\/demanda-legitima\/1375\/\"]}]},{\"@type\":\"BreadcrumbList\",\"@id\":\"https:\/\/clam.org.br\/es\/entrevistas\/demanda-legitima\/1375\/#breadcrumb\",\"itemListElement\":[{\"@type\":\"ListItem\",\"position\":1,\"name\":\"In\u00edcio\",\"item\":\"https:\/\/clam.org.br\/es\/\"},{\"@type\":\"ListItem\",\"position\":2,\"name\":\"Demanda leg\u00edtima\"}]},{\"@type\":\"WebSite\",\"@id\":\"https:\/\/clam.org.br\/es\/#website\",\"url\":\"https:\/\/clam.org.br\/es\/\",\"name\":\"CLAM - ES\",\"description\":\"S\u00f3 mais um site CLAM - Centro Latino-Americano em Sexualidade e Direitos Humanos sites\",\"potentialAction\":[{\"@type\":\"SearchAction\",\"target\":{\"@type\":\"EntryPoint\",\"urlTemplate\":\"https:\/\/clam.org.br\/es\/?s={search_term_string}\"},\"query-input\":{\"@type\":\"PropertyValueSpecification\",\"valueRequired\":true,\"valueName\":\"search_term_string\"}}],\"inLanguage\":\"es\"},{\"@type\":\"Person\",\"@id\":\"https:\/\/clam.org.br\/es\/#\/schema\/person\/fbd9a86032bf7479f94b0ded196f1010\",\"name\":\"fw2\",\"image\":{\"@type\":\"ImageObject\",\"inLanguage\":\"es\",\"@id\":\"https:\/\/clam.org.br\/es\/#\/schema\/person\/image\/\",\"url\":\"https:\/\/secure.gravatar.com\/avatar\/c38472c0cdbde82d9b6fcc26adb3779d?s=96&d=mm&r=g\",\"contentUrl\":\"https:\/\/secure.gravatar.com\/avatar\/c38472c0cdbde82d9b6fcc26adb3779d?s=96&d=mm&r=g\",\"caption\":\"fw2\"},\"sameAs\":[\"https:\/\/clam.fw2web.com.br\"],\"url\":\"https:\/\/clam.org.br\/es\/author\/fw2\/\"}]}<\/script>\n<!-- \/ Yoast SEO plugin. -->","yoast_head_json":{"title":"Demanda leg\u00edtima - CLAM - ES","robots":{"index":"index","follow":"follow","max-snippet":"max-snippet:-1","max-image-preview":"max-image-preview:large","max-video-preview":"max-video-preview:-1"},"canonical":"https:\/\/clam.org.br\/es\/entrevistas\/demanda-legitima\/1375\/","og_locale":"es_ES","og_type":"article","og_title":"Demanda leg\u00edtima - CLAM - ES","og_description":"El juez federal Roger Raup Rios, del Tribunal Federal de Rio Grande do Sul, analiza las propuestas del Proyecto de ley de Uni\u00f3n Civil y eval\u00faa la actual bandera de lucha del movimiento GLBT brasile\u00f1o: la penalizaci\u00f3n de la homofobia. (Texto en portugu\u00e9s)","og_url":"https:\/\/clam.org.br\/es\/entrevistas\/demanda-legitima\/1375\/","og_site_name":"CLAM - ES","article_published_time":"2007-09-12T03:00:00+00:00","author":"fw2","twitter_card":"summary_large_image","twitter_misc":{"Escrito por":"fw2","Tiempo de lectura":"5 minutos"},"schema":{"@context":"https:\/\/schema.org","@graph":[{"@type":"WebPage","@id":"https:\/\/clam.org.br\/es\/entrevistas\/demanda-legitima\/1375\/","url":"https:\/\/clam.org.br\/es\/entrevistas\/demanda-legitima\/1375\/","name":"Demanda leg\u00edtima - CLAM - ES","isPartOf":{"@id":"https:\/\/clam.org.br\/es\/#website"},"datePublished":"2007-09-12T03:00:00+00:00","author":{"@id":"https:\/\/clam.org.br\/es\/#\/schema\/person\/fbd9a86032bf7479f94b0ded196f1010"},"breadcrumb":{"@id":"https:\/\/clam.org.br\/es\/entrevistas\/demanda-legitima\/1375\/#breadcrumb"},"inLanguage":"es","potentialAction":[{"@type":"ReadAction","target":["https:\/\/clam.org.br\/es\/entrevistas\/demanda-legitima\/1375\/"]}]},{"@type":"BreadcrumbList","@id":"https:\/\/clam.org.br\/es\/entrevistas\/demanda-legitima\/1375\/#breadcrumb","itemListElement":[{"@type":"ListItem","position":1,"name":"In\u00edcio","item":"https:\/\/clam.org.br\/es\/"},{"@type":"ListItem","position":2,"name":"Demanda leg\u00edtima"}]},{"@type":"WebSite","@id":"https:\/\/clam.org.br\/es\/#website","url":"https:\/\/clam.org.br\/es\/","name":"CLAM - ES","description":"S\u00f3 mais um site CLAM - Centro Latino-Americano em Sexualidade e Direitos Humanos sites","potentialAction":[{"@type":"SearchAction","target":{"@type":"EntryPoint","urlTemplate":"https:\/\/clam.org.br\/es\/?s={search_term_string}"},"query-input":{"@type":"PropertyValueSpecification","valueRequired":true,"valueName":"search_term_string"}}],"inLanguage":"es"},{"@type":"Person","@id":"https:\/\/clam.org.br\/es\/#\/schema\/person\/fbd9a86032bf7479f94b0ded196f1010","name":"fw2","image":{"@type":"ImageObject","inLanguage":"es","@id":"https:\/\/clam.org.br\/es\/#\/schema\/person\/image\/","url":"https:\/\/secure.gravatar.com\/avatar\/c38472c0cdbde82d9b6fcc26adb3779d?s=96&d=mm&r=g","contentUrl":"https:\/\/secure.gravatar.com\/avatar\/c38472c0cdbde82d9b6fcc26adb3779d?s=96&d=mm&r=g","caption":"fw2"},"sameAs":["https:\/\/clam.fw2web.com.br"],"url":"https:\/\/clam.org.br\/es\/author\/fw2\/"}]}},"jetpack_featured_media_url":"","jetpack_sharing_enabled":true,"_links":{"self":[{"href":"https:\/\/clam.org.br\/es\/wp-json\/wp\/v2\/posts\/1375","targetHints":{"allow":["GET"]}}],"collection":[{"href":"https:\/\/clam.org.br\/es\/wp-json\/wp\/v2\/posts"}],"about":[{"href":"https:\/\/clam.org.br\/es\/wp-json\/wp\/v2\/types\/post"}],"author":[{"embeddable":true,"href":"https:\/\/clam.org.br\/es\/wp-json\/wp\/v2\/users\/1"}],"replies":[{"embeddable":true,"href":"https:\/\/clam.org.br\/es\/wp-json\/wp\/v2\/comments?post=1375"}],"version-history":[{"count":0,"href":"https:\/\/clam.org.br\/es\/wp-json\/wp\/v2\/posts\/1375\/revisions"}],"wp:attachment":[{"href":"https:\/\/clam.org.br\/es\/wp-json\/wp\/v2\/media?parent=1375"}],"wp:term":[{"taxonomy":"category","embeddable":true,"href":"https:\/\/clam.org.br\/es\/wp-json\/wp\/v2\/categories?post=1375"},{"taxonomy":"post_tag","embeddable":true,"href":"https:\/\/clam.org.br\/es\/wp-json\/wp\/v2\/tags?post=1375"}],"curies":[{"name":"wp","href":"https:\/\/api.w.org\/{rel}","templated":true}]}}