{"id":1398,"date":"2006-08-14T00:00:00","date_gmt":"2006-08-14T03:00:00","guid":{"rendered":"https:\/\/clam.fw2web.com.br\/es\/2006\/08\/14\/genero-e-preconceitos\/"},"modified":"2006-08-14T00:00:00","modified_gmt":"2006-08-14T03:00:00","slug":"genero-e-preconceitos","status":"publish","type":"post","link":"https:\/\/clam.org.br\/es\/entrevistas\/genero-e-preconceitos\/1398\/","title":{"rendered":"G\u00eanero e preconceitos"},"content":{"rendered":"<p>A historiadora Cristina Scheibe Wolff, uma das coordenadoras do <a href=\"http:\/\/www.fazendogenero7.ufsc.br\/\" target=\"_blank\" rel=\"noopener\">Semin\u00e1rio Internacional Fazendo G\u00eanero<\/A>, considera significativos os avan\u00e7os alcan\u00e7ados no pa\u00eds no que diz respeito \u00e0 articula\u00e7\u00e3o g\u00eanero\/preconceito, tema central da 7\u00aa edi\u00e7\u00e3o do evento, que acontece entre os dias 28 e 30 de agosto, na UFSC, em Florian\u00f3polis. &ldquo;Avan\u00e7amos muito, especialmente em termos da legisla\u00e7\u00e3o e portanto do reconhecimento legal dos preconceitos ligados ao g\u00eanero&rdquo;, reconhece ela.<BR>  <P>Entretanto, ela lamenta ainda perceber exemplos de preconceitos sofridos pelas mulheres, como no mercado de trabalho. &ldquo;A mulheres t\u00eam ainda renda m\u00e9dia bastante inferior aos homens e ocupam muito menos cargos de dire\u00e7\u00e3o&rdquo;, afirma. Chamar a aten\u00e7\u00e3o para o fato foi, segundo ela, um dos motivos que nortearam a organiza\u00e7\u00e3o do evento &ndash; coordenado tamb\u00e9m pelas professoras Marlene de F\u00e1veri e T\u00e2nia Regina Oliveira Ramos, da UFSC, &ndash; a escolherem o tema G\u00eanero e Preconceitos.<BR>  <P>&ldquo;Nossa sociedade precisa ainda transformar-se muito em rela\u00e7\u00e3o \u00e0s pr\u00e1ticas, \u00e0 distribui\u00e7\u00e3o da renda, da educa\u00e7\u00e3o, das decis\u00f5es&rdquo;, diz. Doutora em Hist\u00f3ria Social pela Universidade de S\u00e3o Paulo, Cristina atualmente \u00e9 professora adjunta da Universidade Federal de Santa Catarina e Membro de corpo editorial da Revista Estudos Feministas. Nesta entrevista, ela fala das expectativas para a 7\u00aa edi\u00e7\u00e3o do evento, que este ano reunir\u00e1 1600 pesquisadores. O evento \u00e9 promovido pela Universidade Federal de Santa Catarina e pela Universidade do Estado de Santa Catarina.<BR>  <P><B>Em sua avalia\u00e7\u00e3o, o que representa, dentro do cen\u00e1rio acad\u00eamico e tamb\u00e9m dos movimentos sociais, um evento como o semin\u00e1rio Fazendo G\u00eanero?<\/B>  <P>O Semin\u00e1rio Fazendo G\u00eanero come\u00e7ou com uma reuni\u00e3o de pesquisadoras(es) que estudavam mulheres, g\u00eanero e sexualidades na Universidade Federal de Santa Catarina. A partir da\u00ed, o semin\u00e1rio foi tomando vulto e incorporando convidadas(os) e participantes de outras partes do pa\u00eds, bem como da Am\u00e9rica Latina e de outros pa\u00edses. Creio que hoje o Fazendo G\u00eanero se tornou uma refer\u00eancia para os estudos de g\u00eanero no pa\u00eds, pois \u00e9 um evento multi e inter disciplinar e oferece uma oportunidade de debate e de discuss\u00e3o dos temas referentes ao g\u00eanero, mulheres, feminismo e sexualidades, tanto para o espa\u00e7o acad\u00eamico como para os pr\u00f3prios movimentos sociais, cujos atores t\u00eam sido chamados a participar do evento. Para al\u00e9m do encontro, temos sempre procurado realizar publica\u00e7\u00f5es a partir dos trabalhos apresentados, que possibilitam um alcance maior das discuss\u00f5es e seu uso em cursos e pesquisas. Este ano, al\u00e9m dos livros que dever\u00e3o sair com trabalhos selecionados, faremos um CD com todos os trabalhos que foram enviados previamente e estamos tamb\u00e9m tentando viabilizar a transmiss\u00e3o via Internet dos principais debates que ocorrer\u00e3o. Foram inscritos quase 1500 trabalhos nos Simp\u00f3sios Tem\u00e1ticos, e 160 p\u00f4steres.<BR>  <P><B>O tema deste ano ser\u00e1 g\u00eanero e preconceitos. Os Encontros anteriores articularam a categoria g\u00eanero com temas como cultura, pol\u00edtica, sexualidade e os saberes. Por que privilegiar a tem\u00e1tica preconceito este ano?<\/B>  <P>O evento deste ano parte das quest\u00f5es levantadas nos eventos anteriores e coloca em foco o preconceito. A categoria g\u00eanero \u00e9 uma categoria relacional. Isso quer dizer, por um lado, que os g\u00eaneros se definem na rela\u00e7\u00e3o com o outro, mas por outro lado, sendo um aspecto das rela\u00e7\u00f5es sociais de poder e de subjetiva\u00e7\u00e3o, o g\u00eanero se articula com outros tipos de rela\u00e7\u00f5es sociais &ndash; gera\u00e7\u00e3o, ra\u00e7a, etnia, classe, profiss\u00e3o, sexualidade &#8211; de maneiras cada vez mais diversas. Os preconceitos acompanham o g\u00eanero de perto. As identifica\u00e7\u00f5es de g\u00eanero s\u00e3o tamb\u00e9m representa\u00e7\u00f5es muito fortes que implicam comportamentos, sentimentos, interdi\u00e7\u00f5es; e que ajudam a moldar as vidas de homens e mulheres. A supera\u00e7\u00e3o dos preconceitos pressup\u00f5e reconhecimento e entendimento para que a a\u00e7\u00e3o pol\u00edtica coletiva e individual seja poss\u00edvel.<BR>  <P><B>Em rela\u00e7\u00e3o aos preconceitos de g\u00eanero, quais os avan\u00e7os que precisamos obter na sociedade contempor\u00e2nea?<\/B>  <P>Considero que s\u00e3o muito importantes e significativos os avan\u00e7os nessa \u00e1rea, especialmente em termos da legisla\u00e7\u00e3o e, portanto, do reconhecimento legal dos preconceitos ligados ao g\u00eanero. Por\u00e9m, quando analisamos dados estat\u00edsticos ou estudos de casos, podemos perceber o quanto ainda em nossa sociedade as mulheres t\u00eam ainda renda m\u00e9dia bastante inferior aos homens, ocupam muito menos cargos de dire\u00e7\u00e3o e sofrem viol\u00eancias f\u00edsicas e morais por serem mulheres. Quando se articula a categoria g\u00eanero com outras como ra\u00e7a\/etnia, por exemplo, ou orienta\u00e7\u00e3o sexual e gera\u00e7\u00e3o, os exemplos de preconceito, e as conseq\u00fc\u00eancias destes preconceitos para a vida das pessoas que est\u00e3o nos p\u00f3los mais estigmatizados destas rela\u00e7\u00f5es, s\u00e3o verdadeiros desastres. Esta nossa sociedade precisa ainda transformar-se muito em rela\u00e7\u00e3o \u00e0s pr\u00e1ticas, \u00e0 distribui\u00e7\u00e3o da renda, da educa\u00e7\u00e3o, das decis\u00f5es.<BR>  <P><B>Como a sra. avalia o campo dos estudos de g\u00eanero e dos estudos feministas no pa\u00eds na atualidade? Que contribui\u00e7\u00f5es um Encontro como Fazendo G\u00eanero pode oferecer ao campo?<\/B>  <P>O campo dos estudos feministas e de g\u00eanero no pa\u00eds est\u00e1 em franca expans\u00e3o, como demonstra o pr\u00f3prio Semin\u00e1rio Fazendo G\u00eanero 7. No semin\u00e1rio Fazendo G\u00eanero 6, bem como nos dois ou tr\u00eas encontros anteriores, tivemos entre 450 e 600 trabalhos inscritos para apresenta\u00e7\u00e3o. Desta vez, 1600 pesquisadores inscreveram seus trabalhos no evento, o que \u00e9 um crescimento espantoso e demonstra a vitalidade deste campo de estudos multidisciplinar. Al\u00e9m disso, creio que o campo tamb\u00e9m pode ser avaliado pela produ\u00e7\u00e3o bibliogr\u00e1fica que tem sido intensa e de grande qualidade, como atestam as revistas de estudos de g\u00eanero e feministas, como a Revista Estudos Feministas, a Cadernos Pagu, a Revista G\u00eanero, entre outras, que t\u00eam recebido excelentes avalia\u00e7\u00f5es na CAPES. A contribui\u00e7\u00e3o do Fazendo G\u00eanero tem sido a de propiciar um espa\u00e7o de encontro, de debates, de trocas e de publica\u00e7\u00f5es para muitas (os) pesquisadoras (es) que trabalham em suas disciplinas e em suas universidades ou organiza\u00e7\u00f5es variadas. Neste encontro, mantendo o princ\u00edpio da interdisciplinaridade, propusemos pela primeira vez o formato de Simp\u00f3sios Tem\u00e1ticos, organizados por pesquisadoras de institui\u00e7\u00f5es diferentes e que ao longo do encontro discutir\u00e3o temas espec\u00edficos.<BR>  <P><B>Que outros temas ser\u00e3o debatidos?<\/B>  <P>As mesas redondas enfocar\u00e3o o preconceito nas suas diversas intersec\u00e7\u00f5es com o g\u00eanero: as a\u00e7\u00f5es afirmativas, o preconceito racial, as gera\u00e7\u00f5es, a m\u00eddia, o erotismo e sexualidade, a quest\u00e3o da pobreza, a ci\u00eancia, a viol\u00eancia, a linguagem e representa\u00e7\u00f5es. Haver\u00e1 tamb\u00e9m uma mesa sobre g\u00eanero e ditadura na Am\u00e9rica Latina, uma sobre identidades p\u00f3s-coloniais e um painel sobre o feminismo e preconceito no mundo. Al\u00e9m dessas atividades maiores, teremos 62 Simp\u00f3sios tem\u00e1ticos que enfocam quest\u00f5es muito variadas e que passam por especialidades e disciplinas muito diferentes. Convido a todos que visitem o site <a href=\"http:\/\/www.fazendogenero7.ufsc.br\/\" target=\"_blank\" rel=\"noopener\">www.fazendogenero7.ufsc.br<\/A>, no qual encontrar\u00e3o a programa\u00e7\u00e3o completa, a lista de Simp\u00f3sios Tem\u00e1ticos e os procedimentos para inscri\u00e7\u00e3o. Qualquer outra d\u00favida pode ser dirigida para o e-mail <A href=\"mailto:fgenero@cfh.ufsc.br\">fgenero@cfh.ufsc.br<\/A>.<\/P><\/p>\n","protected":false},"excerpt":{"rendered":"<p>A historiadora Cristina Scheibe Wolff, uma das coordenadoras do Semin\u00e1rio Internacional Fazendo G\u00eanero, considera significativos os avan\u00e7os alcan\u00e7ados no pa\u00eds no que diz respeito \u00e0 articula\u00e7\u00e3o g\u00eanero\/preconceito, tema central da 7\u00aa edi\u00e7\u00e3o do evento, que acontece entre os dias 28 e 30 de agosto.<\/p>\n","protected":false},"author":1,"featured_media":0,"comment_status":"open","ping_status":"open","sticky":false,"template":"","format":"standard","meta":{"_acf_changed":false,"site-sidebar-layout":"default","site-content-layout":"default","ast-global-header-display":"","ast-main-header-display":"","ast-hfb-above-header-display":"","ast-hfb-below-header-display":"","ast-hfb-mobile-header-display":"","site-post-title":"","ast-breadcrumbs-content":"","ast-featured-img":"","footer-sml-layout":"","theme-transparent-header-meta":"","adv-header-id-meta":"","stick-header-meta":"","header-above-stick-meta":"","header-main-stick-meta":"","header-below-stick-meta":"","_jetpack_memberships_contains_paid_content":false,"footnotes":""},"categories":[8],"tags":[],"class_list":["post-1398","post","type-post","status-publish","format-standard","hentry","category-entrevistas"],"acf":[],"yoast_head":"<!-- This site is optimized with the Yoast SEO plugin v26.1.1 - https:\/\/yoast.com\/wordpress\/plugins\/seo\/ -->\n<title>G\u00eanero e preconceitos - CLAM - ES<\/title>\n<meta name=\"robots\" content=\"index, follow, max-snippet:-1, max-image-preview:large, max-video-preview:-1\" \/>\n<link rel=\"canonical\" href=\"https:\/\/clam.org.br\/es\/entrevistas\/genero-e-preconceitos\/1398\/\" \/>\n<meta property=\"og:locale\" content=\"es_ES\" \/>\n<meta property=\"og:type\" content=\"article\" \/>\n<meta property=\"og:title\" content=\"G\u00eanero e preconceitos - CLAM - ES\" \/>\n<meta property=\"og:description\" content=\"A historiadora Cristina Scheibe Wolff, uma das coordenadoras do Semin\u00e1rio Internacional Fazendo G\u00eanero, considera significativos os avan\u00e7os alcan\u00e7ados no pa\u00eds no que diz respeito \u00e0 articula\u00e7\u00e3o g\u00eanero\/preconceito, tema central da 7\u00aa edi\u00e7\u00e3o do evento, que acontece entre os dias 28 e 30 de agosto.\" \/>\n<meta property=\"og:url\" content=\"https:\/\/clam.org.br\/es\/entrevistas\/genero-e-preconceitos\/1398\/\" \/>\n<meta property=\"og:site_name\" content=\"CLAM - ES\" \/>\n<meta property=\"article:published_time\" content=\"2006-08-14T03:00:00+00:00\" \/>\n<meta name=\"author\" content=\"fw2\" \/>\n<meta name=\"twitter:card\" content=\"summary_large_image\" \/>\n<meta name=\"twitter:label1\" content=\"Escrito por\" \/>\n\t<meta name=\"twitter:data1\" content=\"fw2\" \/>\n\t<meta name=\"twitter:label2\" content=\"Tiempo de lectura\" \/>\n\t<meta name=\"twitter:data2\" content=\"6 minutos\" \/>\n<script type=\"application\/ld+json\" class=\"yoast-schema-graph\">{\"@context\":\"https:\/\/schema.org\",\"@graph\":[{\"@type\":\"WebPage\",\"@id\":\"https:\/\/clam.org.br\/es\/entrevistas\/genero-e-preconceitos\/1398\/\",\"url\":\"https:\/\/clam.org.br\/es\/entrevistas\/genero-e-preconceitos\/1398\/\",\"name\":\"G\u00eanero e preconceitos - CLAM - ES\",\"isPartOf\":{\"@id\":\"https:\/\/clam.org.br\/es\/#website\"},\"datePublished\":\"2006-08-14T03:00:00+00:00\",\"author\":{\"@id\":\"https:\/\/clam.org.br\/es\/#\/schema\/person\/fbd9a86032bf7479f94b0ded196f1010\"},\"breadcrumb\":{\"@id\":\"https:\/\/clam.org.br\/es\/entrevistas\/genero-e-preconceitos\/1398\/#breadcrumb\"},\"inLanguage\":\"es\",\"potentialAction\":[{\"@type\":\"ReadAction\",\"target\":[\"https:\/\/clam.org.br\/es\/entrevistas\/genero-e-preconceitos\/1398\/\"]}]},{\"@type\":\"BreadcrumbList\",\"@id\":\"https:\/\/clam.org.br\/es\/entrevistas\/genero-e-preconceitos\/1398\/#breadcrumb\",\"itemListElement\":[{\"@type\":\"ListItem\",\"position\":1,\"name\":\"In\u00edcio\",\"item\":\"https:\/\/clam.org.br\/es\/\"},{\"@type\":\"ListItem\",\"position\":2,\"name\":\"G\u00eanero e preconceitos\"}]},{\"@type\":\"WebSite\",\"@id\":\"https:\/\/clam.org.br\/es\/#website\",\"url\":\"https:\/\/clam.org.br\/es\/\",\"name\":\"CLAM - ES\",\"description\":\"S\u00f3 mais um site CLAM - Centro Latino-Americano em Sexualidade e Direitos Humanos sites\",\"potentialAction\":[{\"@type\":\"SearchAction\",\"target\":{\"@type\":\"EntryPoint\",\"urlTemplate\":\"https:\/\/clam.org.br\/es\/?s={search_term_string}\"},\"query-input\":{\"@type\":\"PropertyValueSpecification\",\"valueRequired\":true,\"valueName\":\"search_term_string\"}}],\"inLanguage\":\"es\"},{\"@type\":\"Person\",\"@id\":\"https:\/\/clam.org.br\/es\/#\/schema\/person\/fbd9a86032bf7479f94b0ded196f1010\",\"name\":\"fw2\",\"image\":{\"@type\":\"ImageObject\",\"inLanguage\":\"es\",\"@id\":\"https:\/\/clam.org.br\/es\/#\/schema\/person\/image\/\",\"url\":\"https:\/\/secure.gravatar.com\/avatar\/c38472c0cdbde82d9b6fcc26adb3779d?s=96&d=mm&r=g\",\"contentUrl\":\"https:\/\/secure.gravatar.com\/avatar\/c38472c0cdbde82d9b6fcc26adb3779d?s=96&d=mm&r=g\",\"caption\":\"fw2\"},\"sameAs\":[\"https:\/\/clam.fw2web.com.br\"],\"url\":\"https:\/\/clam.org.br\/es\/author\/fw2\/\"}]}<\/script>\n<!-- \/ Yoast SEO plugin. -->","yoast_head_json":{"title":"G\u00eanero e preconceitos - CLAM - ES","robots":{"index":"index","follow":"follow","max-snippet":"max-snippet:-1","max-image-preview":"max-image-preview:large","max-video-preview":"max-video-preview:-1"},"canonical":"https:\/\/clam.org.br\/es\/entrevistas\/genero-e-preconceitos\/1398\/","og_locale":"es_ES","og_type":"article","og_title":"G\u00eanero e preconceitos - CLAM - ES","og_description":"A historiadora Cristina Scheibe Wolff, uma das coordenadoras do Semin\u00e1rio Internacional Fazendo G\u00eanero, considera significativos os avan\u00e7os alcan\u00e7ados no pa\u00eds no que diz respeito \u00e0 articula\u00e7\u00e3o g\u00eanero\/preconceito, tema central da 7\u00aa edi\u00e7\u00e3o do evento, que acontece entre os dias 28 e 30 de agosto.","og_url":"https:\/\/clam.org.br\/es\/entrevistas\/genero-e-preconceitos\/1398\/","og_site_name":"CLAM - ES","article_published_time":"2006-08-14T03:00:00+00:00","author":"fw2","twitter_card":"summary_large_image","twitter_misc":{"Escrito por":"fw2","Tiempo de lectura":"6 minutos"},"schema":{"@context":"https:\/\/schema.org","@graph":[{"@type":"WebPage","@id":"https:\/\/clam.org.br\/es\/entrevistas\/genero-e-preconceitos\/1398\/","url":"https:\/\/clam.org.br\/es\/entrevistas\/genero-e-preconceitos\/1398\/","name":"G\u00eanero e preconceitos - CLAM - ES","isPartOf":{"@id":"https:\/\/clam.org.br\/es\/#website"},"datePublished":"2006-08-14T03:00:00+00:00","author":{"@id":"https:\/\/clam.org.br\/es\/#\/schema\/person\/fbd9a86032bf7479f94b0ded196f1010"},"breadcrumb":{"@id":"https:\/\/clam.org.br\/es\/entrevistas\/genero-e-preconceitos\/1398\/#breadcrumb"},"inLanguage":"es","potentialAction":[{"@type":"ReadAction","target":["https:\/\/clam.org.br\/es\/entrevistas\/genero-e-preconceitos\/1398\/"]}]},{"@type":"BreadcrumbList","@id":"https:\/\/clam.org.br\/es\/entrevistas\/genero-e-preconceitos\/1398\/#breadcrumb","itemListElement":[{"@type":"ListItem","position":1,"name":"In\u00edcio","item":"https:\/\/clam.org.br\/es\/"},{"@type":"ListItem","position":2,"name":"G\u00eanero e preconceitos"}]},{"@type":"WebSite","@id":"https:\/\/clam.org.br\/es\/#website","url":"https:\/\/clam.org.br\/es\/","name":"CLAM - ES","description":"S\u00f3 mais um site CLAM - Centro Latino-Americano em Sexualidade e Direitos Humanos sites","potentialAction":[{"@type":"SearchAction","target":{"@type":"EntryPoint","urlTemplate":"https:\/\/clam.org.br\/es\/?s={search_term_string}"},"query-input":{"@type":"PropertyValueSpecification","valueRequired":true,"valueName":"search_term_string"}}],"inLanguage":"es"},{"@type":"Person","@id":"https:\/\/clam.org.br\/es\/#\/schema\/person\/fbd9a86032bf7479f94b0ded196f1010","name":"fw2","image":{"@type":"ImageObject","inLanguage":"es","@id":"https:\/\/clam.org.br\/es\/#\/schema\/person\/image\/","url":"https:\/\/secure.gravatar.com\/avatar\/c38472c0cdbde82d9b6fcc26adb3779d?s=96&d=mm&r=g","contentUrl":"https:\/\/secure.gravatar.com\/avatar\/c38472c0cdbde82d9b6fcc26adb3779d?s=96&d=mm&r=g","caption":"fw2"},"sameAs":["https:\/\/clam.fw2web.com.br"],"url":"https:\/\/clam.org.br\/es\/author\/fw2\/"}]}},"jetpack_featured_media_url":"","jetpack_sharing_enabled":true,"_links":{"self":[{"href":"https:\/\/clam.org.br\/es\/wp-json\/wp\/v2\/posts\/1398","targetHints":{"allow":["GET"]}}],"collection":[{"href":"https:\/\/clam.org.br\/es\/wp-json\/wp\/v2\/posts"}],"about":[{"href":"https:\/\/clam.org.br\/es\/wp-json\/wp\/v2\/types\/post"}],"author":[{"embeddable":true,"href":"https:\/\/clam.org.br\/es\/wp-json\/wp\/v2\/users\/1"}],"replies":[{"embeddable":true,"href":"https:\/\/clam.org.br\/es\/wp-json\/wp\/v2\/comments?post=1398"}],"version-history":[{"count":0,"href":"https:\/\/clam.org.br\/es\/wp-json\/wp\/v2\/posts\/1398\/revisions"}],"wp:attachment":[{"href":"https:\/\/clam.org.br\/es\/wp-json\/wp\/v2\/media?parent=1398"}],"wp:term":[{"taxonomy":"category","embeddable":true,"href":"https:\/\/clam.org.br\/es\/wp-json\/wp\/v2\/categories?post=1398"},{"taxonomy":"post_tag","embeddable":true,"href":"https:\/\/clam.org.br\/es\/wp-json\/wp\/v2\/tags?post=1398"}],"curies":[{"name":"wp","href":"https:\/\/api.w.org\/{rel}","templated":true}]}}