{"id":1460,"date":"2013-05-15T00:00:00","date_gmt":"2013-05-15T03:00:00","guid":{"rendered":"https:\/\/clam.fw2web.com.br\/es\/2013\/05\/15\/matrimonio-gay-una-posibilidad-concreta\/"},"modified":"2013-05-15T00:00:00","modified_gmt":"2013-05-15T03:00:00","slug":"matrimonio-gay-una-posibilidad-concreta","status":"publish","type":"post","link":"https:\/\/clam.org.br\/es\/entrevistas\/matrimonio-gay-una-posibilidad-concreta\/1460\/","title":{"rendered":"Matrimonio gay: una posibilidad concreta"},"content":{"rendered":"<p>O Conselho Nacional de Justi&ccedil;a (CNJ) brasileiro aprovou esta semana uma resolu&ccedil;&atilde;o determinando que cart&oacute;rios convertam uni&otilde;es civis entre pessoas do mesmo sexo em casamento.<\/p>\n<p>A decis&atilde;o segue o reconhecimento das uni&otilde;es est&aacute;veis promovida pelo Supremo Tribunal Federal (STF), em 2011. Para o ministro e presidente do STF, Joaquim Barbosa, que tamb&eacute;m preside o CNJ, a resolu&ccedil;&atilde;o remove &ldquo;obst&aacute;culos administrativos de uma decis&atilde;o do STF que &eacute; vinculante&rdquo;. A medida foi prontamente criticada pelo deputado federal Jo&atilde;o Campos, l&iacute;der da bancada evang&eacute;lica no Congresso, que a chamou de &ldquo;absurda&rdquo; e considerou como mais um gesto de &ldquo;ativismo judici&aacute;rio&rdquo; da Corte Suprema.<\/p>\n<p>&ldquo;Absurdo &eacute; o pa&iacute;s oferecer direitos de maneira desigual para os cidad&atilde;os, como se houvesse escala de superioridade&rdquo;, afirma em entrevista ao CLAM a advogada e presidente da Comiss&atilde;o Especial de Diversidade Sexual da OAB, Maria Berenice Dias, que considera a a&ccedil;&atilde;o do CNJ &ldquo;altamente positiva&rdquo; e um reflexo da omiss&atilde;o do Poder Legislativo.<\/p>\n<p><b>O que a decis&atilde;o do CNJ representa?<\/b><\/p>\n<p>Penso que &eacute; uma decis&atilde;o positiva e muito bem-vinda, que coloca em posi&ccedil;&atilde;o de igualdade as m&uacute;ltiplas possibilidades de conjugalidade. Em segundo lugar, porque d&aacute; aos casais gays a garantia de ser feliz. Para todos os efeitos, &eacute; uma decis&atilde;o que sinaliza um avan&ccedil;o social para o Brasil.<\/p>\n<p><b>O que o casamento avan&ccedil;a em rela&ccedil;&atilde;o &agrave; uni&atilde;o est&aacute;vel?<\/b><\/p>\n<p>O casamento, na verdade, &eacute; uma certifica&ccedil;&atilde;o que oferece alguns direitos a mais que a uni&atilde;o est&aacute;vel.<\/p>\n<p><b>Surgiram cr&iacute;ticas que julgam a resolu&ccedil;&atilde;o do CNJ como inapropriada, pois fugiria da compet&ecirc;ncia do &oacute;rg&atilde;o. Tais vozes argumentam que, para permitir o casamento civil entre pessoas do mesmo sexo, o Congresso teria de aprovar um projeto de lei.<\/b><\/p>\n<p>O Conselho Nacional de Justi&ccedil;a &eacute; um &oacute;rg&atilde;o deliberativo. Ele tem, sim, a compet&ecirc;ncia e a atribui&ccedil;&atilde;o de agir administrativamente, sobretudo quando n&atilde;o h&aacute; lei espec&iacute;fica sobre o casamento. Portanto, o CNJ nada mais fez do que uniformizar procedimentos, determinando que os cart&oacute;rios de todo o pa&iacute;s convertam uni&otilde;es est&aacute;veis em casamento, quando forem demandados.<\/p>\n<p><b>Voltando a quest&atilde;o de direitos espec&iacute;ficos que decorrem do casamento, como a heran&ccedil;a e a ado&ccedil;&atilde;o. A resolu&ccedil;&atilde;o do CNJ concede automaticamente tais direitos aos casamentos gays?<\/b><\/p>\n<p>O casamento, do momento em que &eacute; assinado, vale como tal, isto &eacute;, se duas pessoas se casam e uma delas morre, a outra se torna vi&uacute;va automaticamente, o que lhe garante, de imediato, direitos como a heran&ccedil;a. Na verdade, a heran&ccedil;a est&aacute; acess&iacute;vel tamb&eacute;m nas uni&otilde;es est&aacute;veis. NO entanto, a uni&atilde;o est&aacute;vel &eacute; uma conviv&ecirc;ncia p&uacute;blica e que precisa ser duradoura para ser reconhecida como tal. Agora, em rela&ccedil;&atilde;o &agrave; ado&ccedil;&atilde;o, n&atilde;o faz muita diferen&ccedil;a, afinal pessoas solteiras tamb&eacute;m podem adotar. Conjugalidade n&atilde;o &eacute; determinante para casos de ado&ccedil;&atilde;o. O que se refor&ccedil;a, com essa medida do CNJ, &eacute; justamente a cr&iacute;tica &agrave; omiss&atilde;o do Estado em legislar sobre o tema.<\/p>\n<p><b>E &eacute; justamente por falta de leis que o Judici&aacute;rio tem atuado, n&atilde;o? Inclusive sendo criticado por um suposto ativismo&#8230;<br \/> <\/b><\/p>\n<p>Exatamente. Temos um Poder Legislativo extremamente omisso em rela&ccedil;&atilde;o a quest&otilde;es como essas, que age prioritariamente em fun&ccedil;&atilde;o de conveni&ecirc;ncias eleitorais. Nesses casos de direitos LGBT, &eacute; uma atua&ccedil;&atilde;o que espelha a homofobia que existe no pa&iacute;s, pois os parlamentares se eximem de votar em temas moralmente sens&iacute;veis em nome de seus mandatos. Ora, eles est&atilde;o l&aacute; para promover direitos, independente da cren&ccedil;a religiosa. Ficamos, assim, com &oacute;rg&atilde;os e poderes agindo em mat&eacute;rias que deveriam ser apreciadas pelo Poder Legislativo.<\/p>\n<p>Semana passada, o Conselho Federal de Medicina autorizou a reprodu&ccedil;&atilde;o assistida para casais gays. No entanto, n&atilde;o temos lei que amplie a possibilidade de registro para al&eacute;m do padr&atilde;o &ldquo;pai&rdquo; e &ldquo;m&atilde;e&rdquo;. S&atilde;o quest&otilde;es que acabam rolando para o campo do Judici&aacute;rio, que tem que se pronunciar na falta de lei. Estamos tentando prover a popula&ccedil;&atilde;o LGBT com todos os direitos atrav&eacute;s do Estatuto da Diversidade Sexual, que procura estabelecer regras de direitos de fam&iacute;lia, sucess&oacute;rio e previdenci&aacute;rio.<\/p>\n<p><b>Recentemente, a PEC 33\/11 gerou pol&ecirc;mica por prever que decis&otilde;es do STF sejam analisadas pelo Congresso. Como v&ecirc; tal proposta, que foi patrocinada por setores religiosos cr&iacute;ticos a medidas que o Judici&aacute;rio tem tomado no campo dos direitos sexuais?<\/b><\/p>\n<p>Conforme comentei, n&atilde;o se pode esperar muito do Congresso. Em mat&eacute;ria de leis no campo dos direitos LGBT, somos um pa&iacute;s muito atrasado. &Eacute; uma PEC que exorbita a fun&ccedil;&atilde;o do Congresso. N&atilde;o faz sentido colocar a atua&ccedil;&atilde;o do STF sob an&aacute;lise dos parlamentares. E &eacute; curioso como as coisas s&atilde;o: o legislador se omite em rela&ccedil;&atilde;o a certos temas e, quando o Judici&aacute;rio se pronuncia, esse mesmo legislador quer suspender a decis&atilde;o.<\/p>\n","protected":false},"excerpt":{"rendered":"<p>En la semana que se conmemora el D\u00eda Mundial de Combate a la Homofobia (17 de mayo), una resoluci\u00f3n del Consejo Nacional de Justicia (CNJ) brasile\u00f1o obliga a las notarias a convertir en matrimonio las uniones estables homosexuales. Para la abogada Maria Berenice Dias, la resoluci\u00f3n del CNJ deja en posici\u00f3n de igualdad las m\u00faltiples formas de conyugalidad. <i>(Texto en portugu\u00e9s)<\/i><\/p>\n","protected":false},"author":1,"featured_media":1461,"comment_status":"open","ping_status":"open","sticky":false,"template":"","format":"standard","meta":{"_acf_changed":false,"site-sidebar-layout":"default","site-content-layout":"default","ast-global-header-display":"","ast-main-header-display":"","ast-hfb-above-header-display":"","ast-hfb-below-header-display":"","ast-hfb-mobile-header-display":"","site-post-title":"","ast-breadcrumbs-content":"","ast-featured-img":"","footer-sml-layout":"","theme-transparent-header-meta":"","adv-header-id-meta":"","stick-header-meta":"","header-above-stick-meta":"","header-main-stick-meta":"","header-below-stick-meta":"","_jetpack_memberships_contains_paid_content":false,"footnotes":""},"categories":[8],"tags":[],"class_list":["post-1460","post","type-post","status-publish","format-standard","has-post-thumbnail","hentry","category-entrevistas"],"acf":[],"yoast_head":"<!-- This site is optimized with the Yoast SEO plugin v26.1.1 - https:\/\/yoast.com\/wordpress\/plugins\/seo\/ -->\n<title>Matrimonio gay: una posibilidad concreta - CLAM - ES<\/title>\n<meta name=\"robots\" content=\"index, follow, max-snippet:-1, max-image-preview:large, max-video-preview:-1\" \/>\n<link rel=\"canonical\" href=\"https:\/\/clam.org.br\/es\/entrevistas\/matrimonio-gay-una-posibilidad-concreta\/1460\/\" \/>\n<meta property=\"og:locale\" content=\"es_ES\" \/>\n<meta property=\"og:type\" content=\"article\" \/>\n<meta property=\"og:title\" content=\"Matrimonio gay: una posibilidad concreta - CLAM - ES\" \/>\n<meta property=\"og:description\" content=\"En la semana que se conmemora el D\u00eda Mundial de Combate a la Homofobia (17 de mayo), una resoluci\u00f3n del Consejo Nacional de Justicia (CNJ) brasile\u00f1o obliga a las notarias a convertir en matrimonio las uniones estables homosexuales. Para la abogada Maria Berenice Dias, la resoluci\u00f3n del CNJ deja en posici\u00f3n de igualdad las m\u00faltiples formas de conyugalidad. (Texto en portugu\u00e9s)\" \/>\n<meta property=\"og:url\" content=\"https:\/\/clam.org.br\/es\/entrevistas\/matrimonio-gay-una-posibilidad-concreta\/1460\/\" \/>\n<meta property=\"og:site_name\" content=\"CLAM - ES\" \/>\n<meta property=\"article:published_time\" content=\"2013-05-15T03:00:00+00:00\" \/>\n<meta property=\"og:image\" content=\"https:\/\/clam.org.br\/es\/wp-content\/uploads\/sites\/3\/2023\/05\/10498_foto_bereniceDias2.jpg\" \/>\n\t<meta property=\"og:image:width\" content=\"130\" \/>\n\t<meta property=\"og:image:height\" content=\"106\" \/>\n\t<meta property=\"og:image:type\" content=\"image\/jpeg\" \/>\n<meta name=\"author\" content=\"fw2\" \/>\n<meta name=\"twitter:card\" content=\"summary_large_image\" \/>\n<meta name=\"twitter:label1\" content=\"Escrito por\" \/>\n\t<meta name=\"twitter:data1\" content=\"fw2\" \/>\n\t<meta name=\"twitter:label2\" content=\"Tiempo de lectura\" \/>\n\t<meta name=\"twitter:data2\" content=\"5 minutos\" \/>\n<script type=\"application\/ld+json\" class=\"yoast-schema-graph\">{\"@context\":\"https:\/\/schema.org\",\"@graph\":[{\"@type\":\"WebPage\",\"@id\":\"https:\/\/clam.org.br\/es\/entrevistas\/matrimonio-gay-una-posibilidad-concreta\/1460\/\",\"url\":\"https:\/\/clam.org.br\/es\/entrevistas\/matrimonio-gay-una-posibilidad-concreta\/1460\/\",\"name\":\"Matrimonio gay: una posibilidad concreta - CLAM - ES\",\"isPartOf\":{\"@id\":\"https:\/\/clam.org.br\/es\/#website\"},\"primaryImageOfPage\":{\"@id\":\"https:\/\/clam.org.br\/es\/entrevistas\/matrimonio-gay-una-posibilidad-concreta\/1460\/#primaryimage\"},\"image\":{\"@id\":\"https:\/\/clam.org.br\/es\/entrevistas\/matrimonio-gay-una-posibilidad-concreta\/1460\/#primaryimage\"},\"thumbnailUrl\":\"https:\/\/clam.org.br\/es\/wp-content\/uploads\/sites\/3\/2023\/05\/10498_foto_bereniceDias2.jpg\",\"datePublished\":\"2013-05-15T03:00:00+00:00\",\"author\":{\"@id\":\"https:\/\/clam.org.br\/es\/#\/schema\/person\/fbd9a86032bf7479f94b0ded196f1010\"},\"breadcrumb\":{\"@id\":\"https:\/\/clam.org.br\/es\/entrevistas\/matrimonio-gay-una-posibilidad-concreta\/1460\/#breadcrumb\"},\"inLanguage\":\"es\",\"potentialAction\":[{\"@type\":\"ReadAction\",\"target\":[\"https:\/\/clam.org.br\/es\/entrevistas\/matrimonio-gay-una-posibilidad-concreta\/1460\/\"]}]},{\"@type\":\"ImageObject\",\"inLanguage\":\"es\",\"@id\":\"https:\/\/clam.org.br\/es\/entrevistas\/matrimonio-gay-una-posibilidad-concreta\/1460\/#primaryimage\",\"url\":\"https:\/\/clam.org.br\/es\/wp-content\/uploads\/sites\/3\/2023\/05\/10498_foto_bereniceDias2.jpg\",\"contentUrl\":\"https:\/\/clam.org.br\/es\/wp-content\/uploads\/sites\/3\/2023\/05\/10498_foto_bereniceDias2.jpg\",\"width\":130,\"height\":106},{\"@type\":\"BreadcrumbList\",\"@id\":\"https:\/\/clam.org.br\/es\/entrevistas\/matrimonio-gay-una-posibilidad-concreta\/1460\/#breadcrumb\",\"itemListElement\":[{\"@type\":\"ListItem\",\"position\":1,\"name\":\"In\u00edcio\",\"item\":\"https:\/\/clam.org.br\/es\/\"},{\"@type\":\"ListItem\",\"position\":2,\"name\":\"Matrimonio gay: una posibilidad concreta\"}]},{\"@type\":\"WebSite\",\"@id\":\"https:\/\/clam.org.br\/es\/#website\",\"url\":\"https:\/\/clam.org.br\/es\/\",\"name\":\"CLAM - ES\",\"description\":\"S\u00f3 mais um site CLAM - Centro Latino-Americano em Sexualidade e Direitos Humanos sites\",\"potentialAction\":[{\"@type\":\"SearchAction\",\"target\":{\"@type\":\"EntryPoint\",\"urlTemplate\":\"https:\/\/clam.org.br\/es\/?s={search_term_string}\"},\"query-input\":{\"@type\":\"PropertyValueSpecification\",\"valueRequired\":true,\"valueName\":\"search_term_string\"}}],\"inLanguage\":\"es\"},{\"@type\":\"Person\",\"@id\":\"https:\/\/clam.org.br\/es\/#\/schema\/person\/fbd9a86032bf7479f94b0ded196f1010\",\"name\":\"fw2\",\"image\":{\"@type\":\"ImageObject\",\"inLanguage\":\"es\",\"@id\":\"https:\/\/clam.org.br\/es\/#\/schema\/person\/image\/\",\"url\":\"https:\/\/secure.gravatar.com\/avatar\/c38472c0cdbde82d9b6fcc26adb3779d?s=96&d=mm&r=g\",\"contentUrl\":\"https:\/\/secure.gravatar.com\/avatar\/c38472c0cdbde82d9b6fcc26adb3779d?s=96&d=mm&r=g\",\"caption\":\"fw2\"},\"sameAs\":[\"https:\/\/clam.fw2web.com.br\"],\"url\":\"https:\/\/clam.org.br\/es\/author\/fw2\/\"}]}<\/script>\n<!-- \/ Yoast SEO plugin. -->","yoast_head_json":{"title":"Matrimonio gay: una posibilidad concreta - CLAM - ES","robots":{"index":"index","follow":"follow","max-snippet":"max-snippet:-1","max-image-preview":"max-image-preview:large","max-video-preview":"max-video-preview:-1"},"canonical":"https:\/\/clam.org.br\/es\/entrevistas\/matrimonio-gay-una-posibilidad-concreta\/1460\/","og_locale":"es_ES","og_type":"article","og_title":"Matrimonio gay: una posibilidad concreta - CLAM - ES","og_description":"En la semana que se conmemora el D\u00eda Mundial de Combate a la Homofobia (17 de mayo), una resoluci\u00f3n del Consejo Nacional de Justicia (CNJ) brasile\u00f1o obliga a las notarias a convertir en matrimonio las uniones estables homosexuales. Para la abogada Maria Berenice Dias, la resoluci\u00f3n del CNJ deja en posici\u00f3n de igualdad las m\u00faltiples formas de conyugalidad. (Texto en portugu\u00e9s)","og_url":"https:\/\/clam.org.br\/es\/entrevistas\/matrimonio-gay-una-posibilidad-concreta\/1460\/","og_site_name":"CLAM - ES","article_published_time":"2013-05-15T03:00:00+00:00","og_image":[{"width":130,"height":106,"url":"https:\/\/clam.org.br\/es\/wp-content\/uploads\/sites\/3\/2023\/05\/10498_foto_bereniceDias2.jpg","type":"image\/jpeg"}],"author":"fw2","twitter_card":"summary_large_image","twitter_misc":{"Escrito por":"fw2","Tiempo de lectura":"5 minutos"},"schema":{"@context":"https:\/\/schema.org","@graph":[{"@type":"WebPage","@id":"https:\/\/clam.org.br\/es\/entrevistas\/matrimonio-gay-una-posibilidad-concreta\/1460\/","url":"https:\/\/clam.org.br\/es\/entrevistas\/matrimonio-gay-una-posibilidad-concreta\/1460\/","name":"Matrimonio gay: una posibilidad concreta - CLAM - ES","isPartOf":{"@id":"https:\/\/clam.org.br\/es\/#website"},"primaryImageOfPage":{"@id":"https:\/\/clam.org.br\/es\/entrevistas\/matrimonio-gay-una-posibilidad-concreta\/1460\/#primaryimage"},"image":{"@id":"https:\/\/clam.org.br\/es\/entrevistas\/matrimonio-gay-una-posibilidad-concreta\/1460\/#primaryimage"},"thumbnailUrl":"https:\/\/clam.org.br\/es\/wp-content\/uploads\/sites\/3\/2023\/05\/10498_foto_bereniceDias2.jpg","datePublished":"2013-05-15T03:00:00+00:00","author":{"@id":"https:\/\/clam.org.br\/es\/#\/schema\/person\/fbd9a86032bf7479f94b0ded196f1010"},"breadcrumb":{"@id":"https:\/\/clam.org.br\/es\/entrevistas\/matrimonio-gay-una-posibilidad-concreta\/1460\/#breadcrumb"},"inLanguage":"es","potentialAction":[{"@type":"ReadAction","target":["https:\/\/clam.org.br\/es\/entrevistas\/matrimonio-gay-una-posibilidad-concreta\/1460\/"]}]},{"@type":"ImageObject","inLanguage":"es","@id":"https:\/\/clam.org.br\/es\/entrevistas\/matrimonio-gay-una-posibilidad-concreta\/1460\/#primaryimage","url":"https:\/\/clam.org.br\/es\/wp-content\/uploads\/sites\/3\/2023\/05\/10498_foto_bereniceDias2.jpg","contentUrl":"https:\/\/clam.org.br\/es\/wp-content\/uploads\/sites\/3\/2023\/05\/10498_foto_bereniceDias2.jpg","width":130,"height":106},{"@type":"BreadcrumbList","@id":"https:\/\/clam.org.br\/es\/entrevistas\/matrimonio-gay-una-posibilidad-concreta\/1460\/#breadcrumb","itemListElement":[{"@type":"ListItem","position":1,"name":"In\u00edcio","item":"https:\/\/clam.org.br\/es\/"},{"@type":"ListItem","position":2,"name":"Matrimonio gay: una posibilidad concreta"}]},{"@type":"WebSite","@id":"https:\/\/clam.org.br\/es\/#website","url":"https:\/\/clam.org.br\/es\/","name":"CLAM - ES","description":"S\u00f3 mais um site CLAM - Centro Latino-Americano em Sexualidade e Direitos Humanos sites","potentialAction":[{"@type":"SearchAction","target":{"@type":"EntryPoint","urlTemplate":"https:\/\/clam.org.br\/es\/?s={search_term_string}"},"query-input":{"@type":"PropertyValueSpecification","valueRequired":true,"valueName":"search_term_string"}}],"inLanguage":"es"},{"@type":"Person","@id":"https:\/\/clam.org.br\/es\/#\/schema\/person\/fbd9a86032bf7479f94b0ded196f1010","name":"fw2","image":{"@type":"ImageObject","inLanguage":"es","@id":"https:\/\/clam.org.br\/es\/#\/schema\/person\/image\/","url":"https:\/\/secure.gravatar.com\/avatar\/c38472c0cdbde82d9b6fcc26adb3779d?s=96&d=mm&r=g","contentUrl":"https:\/\/secure.gravatar.com\/avatar\/c38472c0cdbde82d9b6fcc26adb3779d?s=96&d=mm&r=g","caption":"fw2"},"sameAs":["https:\/\/clam.fw2web.com.br"],"url":"https:\/\/clam.org.br\/es\/author\/fw2\/"}]}},"jetpack_featured_media_url":"https:\/\/clam.org.br\/es\/wp-content\/uploads\/sites\/3\/2023\/05\/10498_foto_bereniceDias2.jpg","jetpack_sharing_enabled":true,"_links":{"self":[{"href":"https:\/\/clam.org.br\/es\/wp-json\/wp\/v2\/posts\/1460","targetHints":{"allow":["GET"]}}],"collection":[{"href":"https:\/\/clam.org.br\/es\/wp-json\/wp\/v2\/posts"}],"about":[{"href":"https:\/\/clam.org.br\/es\/wp-json\/wp\/v2\/types\/post"}],"author":[{"embeddable":true,"href":"https:\/\/clam.org.br\/es\/wp-json\/wp\/v2\/users\/1"}],"replies":[{"embeddable":true,"href":"https:\/\/clam.org.br\/es\/wp-json\/wp\/v2\/comments?post=1460"}],"version-history":[{"count":0,"href":"https:\/\/clam.org.br\/es\/wp-json\/wp\/v2\/posts\/1460\/revisions"}],"wp:featuredmedia":[{"embeddable":true,"href":"https:\/\/clam.org.br\/es\/wp-json\/wp\/v2\/media\/1461"}],"wp:attachment":[{"href":"https:\/\/clam.org.br\/es\/wp-json\/wp\/v2\/media?parent=1460"}],"wp:term":[{"taxonomy":"category","embeddable":true,"href":"https:\/\/clam.org.br\/es\/wp-json\/wp\/v2\/categories?post=1460"},{"taxonomy":"post_tag","embeddable":true,"href":"https:\/\/clam.org.br\/es\/wp-json\/wp\/v2\/tags?post=1460"}],"curies":[{"name":"wp","href":"https:\/\/api.w.org\/{rel}","templated":true}]}}