{"id":1465,"date":"2013-07-03T00:00:00","date_gmt":"2013-07-03T03:00:00","guid":{"rendered":"https:\/\/clam.fw2web.com.br\/es\/2013\/07\/03\/se-reafirmo-la-sociedad-laica\/"},"modified":"2013-07-03T00:00:00","modified_gmt":"2013-07-03T03:00:00","slug":"se-reafirmo-la-sociedad-laica","status":"publish","type":"post","link":"https:\/\/clam.org.br\/es\/entrevistas\/se-reafirmo-la-sociedad-laica\/1465\/","title":{"rendered":"\u2018SE REAFIRM\u00d3 LA SOCIEDAD LAICA\u2019"},"content":{"rendered":"<p>El domingo 23 de junio la sociedad uruguaya reafirm&oacute; su apoyo a la despenalizaci&oacute;n del aborto, los derechos de las mujeres y la separaci&oacute;n Iglesia-Estado. El llamado a refer&eacute;ndum promovido por sectores conservadores y religiosos para votar la derogaci&oacute;n de la <a href=\"http:\/\/www.parlamento.gub.uy\/leyes\/ley18987.htm\">Ley 18.987 de Interrupci&oacute;n Voluntaria del Embarazo<\/a> experiment&oacute; un estrepitoso fracaso al obtener s&oacute;lo 8,92% de adhesiones del padr&oacute;n electoral para llevar a cabo la consulta popular. Para el referendo ser convocado precisaba el apoyo de al menos 25% de los votantes del pa&iacute;s. Este resultado deja firme la norma y se convierte en motivo de celebraci&oacute;n para el movimiento feminista, que en adelante trabajar&aacute; para lograr una mejor difusi&oacute;n de la misma y para vigilar su adecuada implementaci&oacute;n.<\/p>\n<p><a href=\"http:\/\/www.clam.org.br\/es\/noticias-clam\/conteudo.asp?cod=9962\">La ley aprobada en octubre del a&ntilde;o pasado<\/a> estipula un plazo para que mujeres puedan realizarse un aborto en las primeras 12 semanas de gestaci&oacute;n, que se extiende a 14 en caso de violaci&oacute;n. Sin embargo, cuando exista riesgo para la salud y la vida de la madre no impone l&iacute;mites de tiempo. En el caso de solicitud del procedimiento por parte de una menor de edad, la ley prev&eacute; el acceso a la pr&aacute;ctica con el acompa&ntilde;amiento de una o un adulto que la represente, aunque no requiere su autorizaci&oacute;n. El acompa&ntilde;ante puede ser incluso otra persona menor. Tambi&eacute;n establece que la objeci&oacute;n de conciencia por parte de profesionales de la salud s&oacute;lo pueda ser ejercida de forma individual, por lo que cada cl&iacute;nica u hospital deber&aacute; garantizar al menos un equipo habilitado para llevar a cabo el procedimiento.<\/p>\n<p>Lucy Garrido, feminista, periodista, responsable de diversas campa&ntilde;as de comunicaci&oacute;n &ndash;como la c&eacute;lebre &ldquo;Tu boca, fundamental contra los fundamentalismos&rdquo;&ndash;, integrante de <a href=\"http:\/\/www.cotidianomujer.org.uy\/sitio\/\">Codiano Mujer<\/a> y de la <a href=\"http:\/\/www.mujeresdelsur-afm.org.uy\">Articulaci&oacute;n Feminista Marcosur<\/a>, habl&oacute; con el CLAM sobre el significado del rechazo al llamado a plebiscito en el marco de la tradici&oacute;n republicana uruguaya, detalla los pormenores de las movilizaciones a favor y en contra de la ley, a la luz de los retos que enfrentan los feminismos latinoamericanos.<\/p>\n<p><b>En su opini&oacute;n, &iquest;qu&eacute; significa que s&oacute;lo el 8,92% de la poblaci&oacute;n haya apoyado el llamado a refer&eacute;ndum? <\/b><\/p>\n<p>Como dijimos en el comunicado de Cotidiano Mujer, significa que realmente en Uruguay, pese a los impulsos fundamentalistas y al fortalecimiento que durante d&eacute;cadas se le dio a la ense&ntilde;anza privada confesional &ndash;porque una de las cosas que trajo consigo el modelo neoliberal es la destrucci&oacute;n de la ense&ntilde;anza p&uacute;blica&ndash;, seguimos teniendo un bagaje laico muy grande. En el per&iacute;odo anterior de gobierno gan&oacute; el Frente Amplio y despu&eacute;s de la crisis econ&oacute;mica de 2002 &ndash;que afect&oacute; sobre todo a Argentina, pero que tuvo grandes repercusiones en Uruguay&ndash; el gobierno progresista que encabez&oacute; Tabar&eacute; V&aacute;squez invirti&oacute; mucho en educaci&oacute;n, como tambi&eacute;n lo ha hecho Jos&eacute; Mujica. Pese a que en los estudios sobre c&oacute;mo va la educaci&oacute;n en el mundo Uruguay sigue mal punteado, ahora se est&aacute; invirtiendo mucho en educaci&oacute;n p&uacute;blica y yo creo que eso va a terminar de lograr que los uruguayos y uruguayas volvamos a una cosa que era fundamental y que en mi opini&oacute;n nos marca como pa&iacute;s: durante 100 a&ntilde;os largos hemos tenido ense&ntilde;anza laica, gratuita, obligatoria y p&uacute;blica. A la ense&ntilde;anza p&uacute;blica fueron muchos de los presidentes de nuestro pa&iacute;s, fui yo, fue la limpiadora de la farmacia que est&aacute; frente a mi casa, fuimos todos. A las escuelas privadas no iba casi nadie, s&oacute;lo los cat&oacute;licos. Y esto, de alguna manera, nos dio un piso com&uacute;n laico e igualitario.<\/p>\n<p>Es posible que el domingo haya habido gente que no fue a votar porque se qued&oacute; viendo el partido de f&uacute;tbol o porque estaba haciendo fr&iacute;o&hellip; pero esas razones no alcanzan porque &iexcl;el 91% de los uruguayos prefiri&oacute; no ir a votar! O sea que lo interesante es que mucha gente incluso cat&oacute;lica tampoco vot&oacute;. A nosotros algo que nos caracteriza como sociedad es la legalidad, el respeto a la ley y las instituciones. Cuando una cosa se hace ley hay que remar mucho para cambiarla; y esto se hizo ley despu&eacute;s de muchos a&ntilde;os de remar por ella. Eso hace que incluso aquellos que pueden discrepar con algunos puntos de esta ley respeten que se haya promulgado. Y tambi&eacute;n est&aacute; el respeto a las mujeres. Vos habl&aacute;s con la gente en la calle y te qued&aacute;s helada al ver que tenemos m&aacute;s respaldo del que pens&aacute;bamos. Creo que en todos los pueblos la gente es mejor que lo que los pol&iacute;ticos creen de ella. Por eso, a veces no entiendo por qu&eacute; los l&iacute;deres pol&iacute;ticos se asustan tanto y son tan obsecuentes con las jerarqu&iacute;as religiosas. Lo primero que se confirm&oacute; el domingo 23 es que se reafirm&oacute; la sociedad laica uruguaya.<\/p>\n<p>Tambi&eacute;n qued&oacute; demostrado el divorcio entre la clase pol&iacute;tica y la gente. Candidatos de todos los partidos pol&iacute;ticos, incluso del Frente Amplio, fueron a votar\/adherir para llamar a refer&eacute;ndum. Todos ellos hicieron lo que sus bases no hicieron. Tabar&eacute; V&aacute;squez no es a&uacute;n el candidato presidencial del Frente Amplio, pero cuando haya consultas internas no tengo dudas de que va a ser el m&aacute;s votado. Sin embargo, esta vez le va a costar m&aacute;s trabajo conseguir los votos en la interna del Frente Amplio. Porque la gente no perdona que cuando fue Presidente vet&oacute; el proyecto que legalizaba el aborto. Ese era un proyecto m&aacute;s abarcador que &eacute;ste, mucho mejor, sin duda. Las feministas defendemos  la ley vigente sobre aborto, pero sabemos que es una ley m&iacute;nima, porque en Uruguay el aborto est&aacute; despenalizado por causales desde 1938. Tenemos mucho m&aacute;s ahora, es cierto, porque por la sola voluntad de la mujer se puede practicar el aborto en cl&iacute;nicas privadas y p&uacute;blicas; no obstante, hay mucha gente que no est&aacute; cubierta por esa ley, que s&oacute;lo permite el aborto hasta las 12 semanas.<\/p>\n<p><b>&iquest;Y la Iglesia cat&oacute;lica? <\/b><\/p>\n<p>Nosotras vamos a seguir peleando para que esta ley sea mejor de lo que es. Pero mientras tanto vamos a festejar un rato, porque la verdad es que son pocas las ocasiones en que la gente de los movimientos sociales puede festejar; y esta es una de ellas. Pero adem&aacute;s hay otra cosa fundamental: en el apoyo que nos dieron todas las latinoamericanas y caribe&ntilde;as nos sentimos muy unidas a lo que pasa en la regi&oacute;n. Tambi&eacute;n a las espa&ntilde;olas. En muchas partes el fundamentalismo pretende que los derechos de las mujeres no avancen y por eso es tan importante lo que sucedi&oacute; en Uruguay. En Brasil est&aacute;n queriendo pasar el estatuto del nascituro y la &quot;beca estupro&quot;; en Per&uacute; est&aacute;n tirando abajo lo poco que tienen; en Espa&ntilde;a pretenden retroceder. Hay pa&iacute;ses como Rep&uacute;blica Dominicana donde no est&aacute; permitido ni el aborto terap&eacute;utico&hellip; En ese sentido, lo que ocurri&oacute; en Uruguay es un frenazo al fundamentalismo y creo que esta victoria demuestra que se puede y eso es muy importante para los movimientos de Am&eacute;rica Latina y el Caribe.<\/p>\n<p>Iglesia Cat&oacute;lica esa es la otra gran fracasada. Las jerarqu&iacute;as de las iglesias en general &ndash;aunque ac&aacute; hay iglesias que est&aacute;n a favor de la despenalizaci&oacute;n del aborto, como la Iglesia valdense, tambi&eacute;n algunos protestantes y muchos jud&iacute;os se manifestaron a favor de la ley&ndash;. Pero los obispos cat&oacute;licos salieron a pedir el voto por el refer&eacute;ndum. En los liceos privados religiosos, la Iglesia regal&oacute; fetos de pl&aacute;stico a los ni&ntilde;os, mand&oacute; cartas a los padres dici&eacute;ndoles que ten&iacute;an que ir a votar y en la prensa convocaron a votar. &iquest;Y qu&eacute; pas&oacute;? Algunos explicaron la poca votaci&oacute;n porque hubo partido de f&uacute;tbol, pero ellos hab&iacute;an publicitado el llamado a refer&eacute;ndum como un tema de conciencia. Entonces, &iquest;por qu&eacute; los cat&oacute;licos no salieron a votar? &iquest;Prefirieron quedarse mirando el partido?<\/p>\n<p><b>&iquest;Qu&eacute; papel desempe&ntilde;&oacute; V&aacute;squez en el debate? <\/b><\/p>\n<p>Tabar&eacute; V&aacute;squez tuvo que salir p&uacute;blicamente a decir &ndash;antes de que se llevara a cabo la votaci&oacute;n&ndash; que no iba a permitir que se usara su imagen en este debate. El Opus Dei, obviamente, la estaba empleando para movilizar votos porque un mes antes &eacute;l hab&iacute;a lanzado un libro con la Universidad de Montevideo &ndash;apoyada por el Opus Dei&ndash; sobre las tesis que lo llevaron a vetar la ley anterior. Cuando hizo eso, fue tan grande la reacci&oacute;n de las mujeres y de los j&oacute;venes frenteamplistas que incluso tuvo que salir a afirmar que lo que sucediera este domingo iba a ser &ldquo;punto final&rdquo; e iba a dar por resuelto el tema. As&iacute; que ahora, si llega a Presidente, se tiene que aguantar que el aborto est&eacute; despenalizado. Por eso no creo que tengan suerte con el trabajo parlamentario.<\/p>\n<p>Tabar&eacute; es un tipo muy carism&aacute;tico y es casi la &uacute;nica figura de consenso dentro del Frente Amplio. Los partidos que lo integran lo necesitan como candidato y &eacute;l se basa en ese poder para hacer exigencias como si fuera una rey. El veto es un resabio de la monarqu&iacute;a&hellip; cuando el vet&oacute; el proyecto de ley anterior, lo hizo pese al Plenario del Frente Amplio, pese al Poder Legislativo y pese a la ciudadan&iacute;a.<\/p>\n<p><b>&iquest;Y el Frente Amplio? <\/b><\/p>\n<p>Hubo una lista de senadores, diputados, intendentes y ministros que defendieron p&uacute;blicamente la ley. Pero el Frente Amplio si bien ten&iacute;a el mandato del plenario nacional para hacerlo, no puso casi nada de dinero para publicitar el no ir a votar. Todo lo que se hizo fue a trav&eacute;s de las redes sociales. Lo hicieron feministas, j&oacute;venes y algunos frenteamplistas sueltos, pero no como partido. Y eso es algo que molesta bastante, porque la lectura es que no se comprometieron para no incomodar a Tabar&eacute; V&aacute;squez.<\/p>\n<p>Es cierto que, al principio, la mejor estrategia era no hacer publicidad en los grandes medios. Si el tema no estaba puesto en la pauta, &iquest;para qu&eacute; ibas a hacerlo vos? Pero hubo un momento en que los que estaban a favor del refer&eacute;ndum sacaron <i>spots<\/i> de un minuto y medio en televisi&oacute;n que apuntaban confundir: gente m&aacute;s o menos de izquierda, m&aacute;s o menos de derecha, futbolistas, alg&uacute;n cura, un hombre del campo, una cantante, una modelo&hellip; Invirtieron mucho dinero. Todos los d&iacute;as, durante dos semanas, ellos, s&oacute;lo ellos, hicieron publicidad en televisi&oacute;n. Y ni as&iacute; llegaron. Pero de todas maneras a las y los frenteamplistas les ha dolido bastante que el partido no haya salido con algo, aunque fuera en los &uacute;ltimos d&iacute;as.<\/p>\n<p><b>Organizaciones feministas y de derechos humanos denunciaron que hubo manipulaci&oacute;n de informaci&oacute;n por parte de sectores antiaborto para que la gente se sintiera obligada a acudir a las urnas&hellip;<\/b><\/p>\n<p>S&iacute;, adem&aacute;s de su publicidad, que ya tend&iacute;a a confundir a todo el mundo, hac&iacute;an encuestas por tel&eacute;fono en las que sonaba una grabaci&oacute;n que dec&iacute;a: &quot;Estamos haciendo una encuesta. Si usted est&aacute; a favor de la vida, digite 1&quot;. Pero &iquest;qu&eacute; significa si no digito 1? &iquest;Que no estoy a favor de la vida? Lo primero que hago es marcar que s&iacute; estoy a favor de la vida. Hicieron ese tipo de cosas. La grabaci&oacute;n no estaba firmada, no dec&iacute;a qui&eacute;n estaba haciendo la encuesta. Por otro lado, en la publicidad usaron el color verde. El voto verde en Uruguay qued&oacute; asociado a un plebiscito en el que, cuando termin&oacute; la dictadura, votamos para que no hubiera impunidad. Ese es el m&iacute;tico voto verde de Uruguay. Es una cosa que te duele en el alma, que apela a tu cabeza, pero a tu coraz&oacute;n sobre todo, porque fue una pelea tremenda contra la impunidad. <a href=\"http:\/\/www.youtube.com\/watch?v=_1yxRt8A26c\">En la publicidad a favor del refer&eacute;ndum aparece un voto verde que entra en una urna y luego un letrero dice: &quot;voz y voto&quot;<\/a>. Hablaban como si fu&eacute;ramos nosotros. Adem&aacute;s dec&iacute;an &quot;todos y todas tenemos derecho&quot;. Era perfecto en el lenguaje, con perspectiva de g&eacute;nero, pol&iacute;ticamente correcto. Fue muy indignante. Adem&aacute;s, pusieron mucho dinero en eso. Nosotras, en cambio, las organizaciones sociales, no tenemos un peso. Cotidiano Mujer puso 800 d&oacute;lares. Nos juntamos con tres organizaciones m&aacute;s y as&iacute; llegamos a imprimir volantes, sacando plata de cualquier lado. Lo que m&aacute;s hicimos fue comunicaci&oacute;n boca a boca, pusimos, claro, los salarios nuestros en el sentido que casi todo lo que hac&iacute;amos era &ldquo;para&rdquo; esa causa, trabajamos desde nuestras casas&hellip; y como nosotras, much&iacute;simas organizaciones y mujeres hicieron lo mismo.<\/p>\n<p>Tambi&eacute;n tuvimos el apoyo de la gente joven. Si vos ves la foto que han puesto en la tapa de los diarios, aparecemos dos o tres con canas, todas las dem&aacute;s son j&oacute;venes. Vos te pregunt&aacute;s de d&oacute;nde salieron tantos estudiantes universitarios, mujeres y varones, que fueron a festejar a Cotidiano Mujer ese d&iacute;a. A trav&eacute;s de los tel&eacute;fonos celulares hicieron campa&ntilde;a y lograron varias cosas. A las 4 de la tarde del d&iacute;a de la votaci&oacute;n, por ejemplo, yo mand&eacute; un correo electr&oacute;nico a varias organizaciones de Am&eacute;rica Latina dici&eacute;ndoles: &quot;Son las 4 de la tarde y la votaci&oacute;n no llega al 10%&quot;. Y yo, &iquest;c&oacute;mo lo sab&iacute;a? Porque los gurises [j&oacute;venes] del interior del pa&iacute;s y de todos lados iban diciendo a cada hora cu&aacute;nta gente entraba a votar. Si vos sab&eacute;s, por ejemplo, que en determinado circuito son 500 personas las que habitualmente votan y a las 4 de la tarde fueron 10, conoc&eacute;s pues el resultado.<\/p>\n<p><b>&iquest;Qu&eacute; han anunciado los sectores antiaborto al respecto? <\/b><\/p>\n<p>A ellos ya se les cerr&oacute; el camino. Ac&aacute; la ley te permite juntar firmas (65.000 en este caso), para hacer el llamado a refer&eacute;ndum, luego de ser validadas por la Corte Electoral. Si ellos hubiesen llegado a los 655.000 votos, en el mes de octubre se tendr&iacute;a que llevar a cabo el refer&eacute;ndum. Algunos est&aacute;n diciendo que van a acudir a la Corte Interamericana de Derechos Humanos. Nosotras estar&iacute;amos encantadas de que vayan, porque la Corte Interamericana no les va a dar pelota. Tampoco pueden decir que el pueblo no decidi&oacute;. Esta ley qued&oacute; firme y punto.<\/p>\n<p>Por otro lado est&aacute;n los grupos provida, que van a intentar derogarla, pero bueno, ese es el juego de toda democracia. Siempre se pueden derogar o mejorar las leyes. Depender&aacute; de cu&aacute;ntos diputados y senadores les hagan caso. Tampoco creo que vayan a tener suerte por ese lado, porque para los uruguayos esta cuesti&oacute;n ya est&aacute; saldada. Aunque seas cat&oacute;lico, vos sab&eacute;s que en tu familia hubo un aborto y no lo fuiste a denunciar. Adem&aacute;s, est&aacute; probado que, en general, las mujeres en Uruguay no mueren por aborto. Hubo dos muertes el a&ntilde;o pasado. As&iacute; que no es s&oacute;lo una cuesti&oacute;n de salud p&uacute;blica, sino tambi&eacute;n de derechos. Ya no se puede seguir sosteniendo que el cuerpo de las mujeres no les pertenezca a ellas y que las decisiones al respecto las tome el Estado o la Iglesia. Ac&aacute;, por lo menos, no.<\/p>\n<p>Esto puede sonar incre&iacute;ble para personas de otros pa&iacute;ses de Am&eacute;rica Latina y el Caribe, pero en Uruguay desde hace 120 a&ntilde;os no hay un crucifijo en las escuelas p&uacute;blicas, tampoco en los hospitales. En otros pa&iacute;ses de la regi&oacute;n s&iacute; los hay, pese a que son Estados laicos, porque su Constituci&oacute;n lo dice. En algunos, el presidente a&uacute;n jura con la Biblia; nosotros no. M&eacute;xico es el &uacute;nico otro pa&iacute;s donde ese tipo de interferencia no tiene lugar. No entiendo por qu&eacute;, por ejemplo, respecto a temas como el conflicto armado en Colombia se llama a un cura para ver qu&eacute; dice la Iglesia al respecto. Yo me pregunto qu&eacute; tiene que decir. En Uruguay, incluso la gente conservadora ha interiorizado la laicidad. La mayor&iacute;a de los cat&oacute;licos tampoco cree que la Iglesia deba meterse en la pol&iacute;tica p&uacute;blica.<\/p>\n<p><b>Hace un momento mencionaba el uso del color verde en la campa&ntilde;a a favor del refer&eacute;ndum. &iquest;Percibe cambios en el discurso de estos sectores en los &uacute;ltimos a&ntilde;os?<\/b><\/p>\n<p>S&iacute;. Ellos han aprendido mucho. Eso queda claro en las Conferencias de Naciones Unidas a las que hemos asistido. La perspectiva de g&eacute;nero se la aprendieron toda, aunque el resultado sea un disparate. Ellos saben hablar. Esto de llamar a &quot;todos y todas&quot; fue ejemplar. Adem&aacute;s, hab&iacute;a mujeres con pinta de pituconas, rubiecitas de ojos claros y mujeres morochas. Est&aacute;bamos representadas todas, no se pod&iacute;a decir que los avisos fueran clasistas. Incluso hab&iacute;a una mujer negra que es de izquierda, que est&aacute; interesada en religiones afro como el Candombl&eacute; y que estaba llamando a ir el domingo. Buscaron personas reconocidas del Frente Amplio. Esta es la primera vez que hay un llamado a refer&eacute;ndum que no es convocado por nosotros. Todos los anteriores los ha llamado la izquierda. Algunos los ganamos y otros los perdimos. Y esta vez era dif&iacute;cil no sentirse convocado, porque siempre le hab&iacute;amos pedido a la gente que fuera a votar. &iquest;Ser&aacute; que a la vista de este resultado nosotras s&iacute; hubi&eacute;ramos juntado m&aacute;s de 600.000 votos? &iexcl;Porque la diferencia fue enorme! Pese a que la publicidad estaba tan bien hecha que a m&iacute; misma me daban ganas de ir a votar, el argumento que usaron era muy democr&aacute;tico: si vos vas y vot&aacute;s, vas a permitir que todo el pueblo se exprese en el refer&eacute;ndum. Apelaban a eso. Lo que pasa es que en esta ocasi&oacute;n la papeleta dec&iacute;a: \u00abrefer&eacute;ndum contra la ley de despenalizaci&oacute;n&hellip;\u00bb, y ni yo ni el 91% de la ciudadan&iacute;a iba a votar una cosa que fuera contra un derecho conquistado.<\/p>\n<p><b>&iquest;Qu&eacute; efectos cree que puede tener este debate a nivel regional? <\/b><\/p>\n<p>Bueno, esperamos que ayude a abrir los di&aacute;logos y que adem&aacute;s podamos mostrar muy buenos resultados. Ahora podemos dedicarnos a que todas las mujeres del pa&iacute;s conozcan el derecho que tienen; porque no lo conocen. No todo el mundo se enter&oacute; de esta ley, que fue aprobada a finales de diciembre. Luego vamos a hacer un monitoreo para saber c&oacute;mo se est&aacute; implementando la ley, qu&eacute; est&aacute; haciendo el Ministerio de Salud P&uacute;blica. Estamos trabajando en conjunto con el Ministerio, aunque cada uno en su lugar. El Ministerio ha recibido bien a las feministas, nos ha proporcionado informaci&oacute;n. Y nosotras debemos hacer bien nuestro trabajo: controlar que la ley se cumpla.<\/p>\n<p>Sin embargo, tenemos un problema grande que es la &ldquo;objeci&oacute;n de conciencia&rdquo;. En el departamento de Salto todos los ginec&oacute;logos objetaron. Si vos mir&aacute;s eso y compar&aacute;s c&oacute;mo se vot&oacute; en Salto el domingo, ves que esta gente no representa a nadie; porque all&aacute; la gente tampoco fue a votar. &iquest;C&oacute;mo puede ser que todos los ginec&oacute;logos de Salto objeten? Lo que se est&aacute; viendo es que muchos ginec&oacute;logos est&aacute;n usando esto como una medida sindical. Quieren que el aborto sea declarado acto m&eacute;dico para poder cobrarlo. Si es un acto m&eacute;dico m&iacute;nimo, ganar&iacute;an 150 d&oacute;lares por cada aborto. Pero no creo que el Ministerio se deje chantajear.<\/p>\n<p>El problema de la objeci&oacute;n de conciencia es importante para toda la regi&oacute;n. El 9 de agosto, durante los tres d&iacute;as previos a la Conferencia sobre Poblaci&oacute;n y Desarrollo de Cairo+20 que se llevar&aacute; a cabo en Uruguay, vamos a celebrar un seminario regional sobre este tema.<\/p>\n<p>A nivel de la regi&oacute;n espero que se contagie. Creo que la igualdad y la libertad se contagian. Me parece bueno que un pa&iacute;s tan chiquito haya podido lograr esto. Nosotras creemos en el efecto emulaci&oacute;n. A ver si ahora en Argentina se logra que la presidenta afloje, porque all&aacute; hay un movimiento muy grande por la despenalizaci&oacute;n. Nos gustar&iacute;a mucho que Dilma Rousseff en Brasil pensara un poquito en lo que est&aacute; pasando con la <i>&quot;bolsa estupro&quot;<\/i> y el estatuto del nascituro. &iquest;C&oacute;mo van a vender al Brasil como un pa&iacute;s moderno si hacen esas cosas? La modernidad y la esclavitud no se llevan bien, y cuando uno no decide sobre su cuerpo es esclavo. Tambi&eacute;n est&aacute; lo que ocurre en M&eacute;xico, donde luego de que el Distrito Federal despenalizara el aborto varios estados iniciaron reformas constitucionales para proteger la vida desde la concepci&oacute;n; lo que pasa en Colombia con el Procurador que quiere acabar la ley que despenaliza el aborto por causales. Creo que tenemos que seguir hablando y coordinando todas, podemos ir a cualquier pa&iacute;s y recibir a quienes quieran venir, podemos decir lo que los dem&aacute;s no puedan decir, podemos contagiarnos todos en una nueva oleada de libertad e igualdad, de estados m&aacute;s laicos con m&aacute;s y mejor democracia para toda la regi&oacute;n.<\/p>\n<p><b>En Uruguay es el resultado de a&ntilde;os de trabajo de las organizaciones feministas&hellip;<\/b><\/p>\n<p>En Cotidiano Mujer en 1989 publicamos un libro que se llam&oacute; <i>Yo aborto, t&uacute; abortas, todos callamos.<\/i> Luego, pasados los a&ntilde;os, cuando nos juntamos todas las organizaciones se nos ocurri&oacute; el logo de las manos naranjas, porque quer&iacute;amos que los parlamentarios se atrevieran a levantar su mano para votar en favor de la legalizaci&oacute;n del aborto. Esa ley la vet&oacute; Tabar&eacute; V&aacute;squez. Pero despu&eacute;s hicimos muchas cosas m&aacute;s que finalmente nos han llevado a este resultado. Por ejemplo, rodeamos la parte de la entrada de los senadores al Parlamento con plantitas de perejil. No hab&iacute;a manera de que entraran sin tener que esquivar esas plantas. Le dimos a cada senador un ramito de perejil envuelto en papel celof&aacute;n, con una tarjetita que dec&iacute;a: &quot;Se&ntilde;or legislador, atr&eacute;vase. Con ramitos como este, las mujeres mueren por practicarse un aborto clandestino&quot;. Entre todas las organizaciones formamos una coordinaci&oacute;n para realizar infinidad de acciones. Y el PIT\/CNT &ndash;la Central de Trabajadores&ndash; se fue juntando, tambi&eacute;n la Federaci&oacute;n de Estudiantes&hellip; algunas iglesias, algunos m&eacute;dicos, muchas organizaciones. Uno de los &uacute;ltimos panfletos que imprimimos, le contestaba al t&iacute;tulo de aqu&eacute;l primer libro. Esta vez el eslogan dec&iacute;a: <i>Yo aborto, tu abortas. Nadie m&aacute;s se calla.<\/i> Y con ese &quot;nadie m&aacute;s se calla&quot;, llegamos al ahora. Es interesante, porque sin darnos cuenta mantuvimos la misma consigna que despu&eacute;s de 25 a&ntilde;os dio resultado. L&aacute;stima que en el medio hayan muerto tantas mujeres. L&aacute;stima que nos hayan vetado la despenalizaci&oacute;n.  Hubi&eacute;ramos ganado 5 a&ntilde;os.<\/p>\n","protected":false},"excerpt":{"rendered":"<p>La sociedad uruguaya respald\u00f3 los derechos de las mujeres al no adherir el llamado a refer\u00e9ndum para derogar la ley que despenaliza el aborto. Lucy Garrido, integrante de Cotidiano Mujer, habl\u00f3 con el CLAM sobre los pormenores de las movilizaciones a favor y en contra de la ley. Su perspectiva ilumina los desaf\u00edos que enfrentan los feminismos latinoamericanos.<\/p>\n","protected":false},"author":1,"featured_media":1466,"comment_status":"open","ping_status":"open","sticky":false,"template":"","format":"standard","meta":{"_acf_changed":false,"site-sidebar-layout":"default","site-content-layout":"default","ast-global-header-display":"","ast-main-header-display":"","ast-hfb-above-header-display":"","ast-hfb-below-header-display":"","ast-hfb-mobile-header-display":"","site-post-title":"","ast-breadcrumbs-content":"","ast-featured-img":"","footer-sml-layout":"","theme-transparent-header-meta":"","adv-header-id-meta":"","stick-header-meta":"","header-above-stick-meta":"","header-main-stick-meta":"","header-below-stick-meta":"","_jetpack_memberships_contains_paid_content":false,"footnotes":""},"categories":[8],"tags":[],"class_list":["post-1465","post","type-post","status-publish","format-standard","has-post-thumbnail","hentry","category-entrevistas"],"acf":[],"yoast_head":"<!-- This site is optimized with the Yoast SEO plugin v26.1.1 - https:\/\/yoast.com\/wordpress\/plugins\/seo\/ -->\n<title>\u2018SE REAFIRM\u00d3 LA SOCIEDAD LAICA\u2019 - CLAM - ES<\/title>\n<meta name=\"robots\" content=\"index, follow, max-snippet:-1, max-image-preview:large, max-video-preview:-1\" \/>\n<link rel=\"canonical\" href=\"https:\/\/clam.org.br\/es\/entrevistas\/se-reafirmo-la-sociedad-laica\/1465\/\" \/>\n<meta property=\"og:locale\" content=\"es_ES\" \/>\n<meta property=\"og:type\" content=\"article\" \/>\n<meta property=\"og:title\" content=\"\u2018SE REAFIRM\u00d3 LA SOCIEDAD LAICA\u2019 - CLAM - ES\" \/>\n<meta property=\"og:description\" content=\"La sociedad uruguaya respald\u00f3 los derechos de las mujeres al no adherir el llamado a refer\u00e9ndum para derogar la ley que despenaliza el aborto. Lucy Garrido, integrante de Cotidiano Mujer, habl\u00f3 con el CLAM sobre los pormenores de las movilizaciones a favor y en contra de la ley. Su perspectiva ilumina los desaf\u00edos que enfrentan los feminismos latinoamericanos.\" \/>\n<meta property=\"og:url\" content=\"https:\/\/clam.org.br\/es\/entrevistas\/se-reafirmo-la-sociedad-laica\/1465\/\" \/>\n<meta property=\"og:site_name\" content=\"CLAM - ES\" \/>\n<meta property=\"article:published_time\" content=\"2013-07-03T03:00:00+00:00\" \/>\n<meta property=\"og:image\" content=\"https:\/\/clam.org.br\/es\/wp-content\/uploads\/sites\/3\/2023\/05\/10756_lucy_garrido.jpg\" \/>\n\t<meta property=\"og:image:width\" content=\"129\" \/>\n\t<meta property=\"og:image:height\" content=\"130\" \/>\n\t<meta property=\"og:image:type\" content=\"image\/jpeg\" \/>\n<meta name=\"author\" content=\"fw2\" \/>\n<meta name=\"twitter:card\" content=\"summary_large_image\" \/>\n<meta name=\"twitter:label1\" content=\"Escrito por\" \/>\n\t<meta name=\"twitter:data1\" content=\"fw2\" \/>\n\t<meta name=\"twitter:label2\" content=\"Tiempo de lectura\" \/>\n\t<meta name=\"twitter:data2\" content=\"22 minutos\" \/>\n<script type=\"application\/ld+json\" class=\"yoast-schema-graph\">{\"@context\":\"https:\/\/schema.org\",\"@graph\":[{\"@type\":\"WebPage\",\"@id\":\"https:\/\/clam.org.br\/es\/entrevistas\/se-reafirmo-la-sociedad-laica\/1465\/\",\"url\":\"https:\/\/clam.org.br\/es\/entrevistas\/se-reafirmo-la-sociedad-laica\/1465\/\",\"name\":\"\u2018SE REAFIRM\u00d3 LA SOCIEDAD LAICA\u2019 - CLAM - ES\",\"isPartOf\":{\"@id\":\"https:\/\/clam.org.br\/es\/#website\"},\"primaryImageOfPage\":{\"@id\":\"https:\/\/clam.org.br\/es\/entrevistas\/se-reafirmo-la-sociedad-laica\/1465\/#primaryimage\"},\"image\":{\"@id\":\"https:\/\/clam.org.br\/es\/entrevistas\/se-reafirmo-la-sociedad-laica\/1465\/#primaryimage\"},\"thumbnailUrl\":\"https:\/\/clam.org.br\/es\/wp-content\/uploads\/sites\/3\/2023\/05\/10756_lucy_garrido.jpg\",\"datePublished\":\"2013-07-03T03:00:00+00:00\",\"author\":{\"@id\":\"https:\/\/clam.org.br\/es\/#\/schema\/person\/fbd9a86032bf7479f94b0ded196f1010\"},\"breadcrumb\":{\"@id\":\"https:\/\/clam.org.br\/es\/entrevistas\/se-reafirmo-la-sociedad-laica\/1465\/#breadcrumb\"},\"inLanguage\":\"es\",\"potentialAction\":[{\"@type\":\"ReadAction\",\"target\":[\"https:\/\/clam.org.br\/es\/entrevistas\/se-reafirmo-la-sociedad-laica\/1465\/\"]}]},{\"@type\":\"ImageObject\",\"inLanguage\":\"es\",\"@id\":\"https:\/\/clam.org.br\/es\/entrevistas\/se-reafirmo-la-sociedad-laica\/1465\/#primaryimage\",\"url\":\"https:\/\/clam.org.br\/es\/wp-content\/uploads\/sites\/3\/2023\/05\/10756_lucy_garrido.jpg\",\"contentUrl\":\"https:\/\/clam.org.br\/es\/wp-content\/uploads\/sites\/3\/2023\/05\/10756_lucy_garrido.jpg\",\"width\":129,\"height\":130},{\"@type\":\"BreadcrumbList\",\"@id\":\"https:\/\/clam.org.br\/es\/entrevistas\/se-reafirmo-la-sociedad-laica\/1465\/#breadcrumb\",\"itemListElement\":[{\"@type\":\"ListItem\",\"position\":1,\"name\":\"In\u00edcio\",\"item\":\"https:\/\/clam.org.br\/es\/\"},{\"@type\":\"ListItem\",\"position\":2,\"name\":\"\u2018SE REAFIRM\u00d3 LA SOCIEDAD LAICA\u2019\"}]},{\"@type\":\"WebSite\",\"@id\":\"https:\/\/clam.org.br\/es\/#website\",\"url\":\"https:\/\/clam.org.br\/es\/\",\"name\":\"CLAM - ES\",\"description\":\"S\u00f3 mais um site CLAM - Centro Latino-Americano em Sexualidade e Direitos Humanos sites\",\"potentialAction\":[{\"@type\":\"SearchAction\",\"target\":{\"@type\":\"EntryPoint\",\"urlTemplate\":\"https:\/\/clam.org.br\/es\/?s={search_term_string}\"},\"query-input\":{\"@type\":\"PropertyValueSpecification\",\"valueRequired\":true,\"valueName\":\"search_term_string\"}}],\"inLanguage\":\"es\"},{\"@type\":\"Person\",\"@id\":\"https:\/\/clam.org.br\/es\/#\/schema\/person\/fbd9a86032bf7479f94b0ded196f1010\",\"name\":\"fw2\",\"image\":{\"@type\":\"ImageObject\",\"inLanguage\":\"es\",\"@id\":\"https:\/\/clam.org.br\/es\/#\/schema\/person\/image\/\",\"url\":\"https:\/\/secure.gravatar.com\/avatar\/c38472c0cdbde82d9b6fcc26adb3779d?s=96&d=mm&r=g\",\"contentUrl\":\"https:\/\/secure.gravatar.com\/avatar\/c38472c0cdbde82d9b6fcc26adb3779d?s=96&d=mm&r=g\",\"caption\":\"fw2\"},\"sameAs\":[\"https:\/\/clam.fw2web.com.br\"],\"url\":\"https:\/\/clam.org.br\/es\/author\/fw2\/\"}]}<\/script>\n<!-- \/ Yoast SEO plugin. -->","yoast_head_json":{"title":"\u2018SE REAFIRM\u00d3 LA SOCIEDAD LAICA\u2019 - CLAM - ES","robots":{"index":"index","follow":"follow","max-snippet":"max-snippet:-1","max-image-preview":"max-image-preview:large","max-video-preview":"max-video-preview:-1"},"canonical":"https:\/\/clam.org.br\/es\/entrevistas\/se-reafirmo-la-sociedad-laica\/1465\/","og_locale":"es_ES","og_type":"article","og_title":"\u2018SE REAFIRM\u00d3 LA SOCIEDAD LAICA\u2019 - CLAM - ES","og_description":"La sociedad uruguaya respald\u00f3 los derechos de las mujeres al no adherir el llamado a refer\u00e9ndum para derogar la ley que despenaliza el aborto. Lucy Garrido, integrante de Cotidiano Mujer, habl\u00f3 con el CLAM sobre los pormenores de las movilizaciones a favor y en contra de la ley. Su perspectiva ilumina los desaf\u00edos que enfrentan los feminismos latinoamericanos.","og_url":"https:\/\/clam.org.br\/es\/entrevistas\/se-reafirmo-la-sociedad-laica\/1465\/","og_site_name":"CLAM - ES","article_published_time":"2013-07-03T03:00:00+00:00","og_image":[{"width":129,"height":130,"url":"https:\/\/clam.org.br\/es\/wp-content\/uploads\/sites\/3\/2023\/05\/10756_lucy_garrido.jpg","type":"image\/jpeg"}],"author":"fw2","twitter_card":"summary_large_image","twitter_misc":{"Escrito por":"fw2","Tiempo de lectura":"22 minutos"},"schema":{"@context":"https:\/\/schema.org","@graph":[{"@type":"WebPage","@id":"https:\/\/clam.org.br\/es\/entrevistas\/se-reafirmo-la-sociedad-laica\/1465\/","url":"https:\/\/clam.org.br\/es\/entrevistas\/se-reafirmo-la-sociedad-laica\/1465\/","name":"\u2018SE REAFIRM\u00d3 LA SOCIEDAD LAICA\u2019 - CLAM - ES","isPartOf":{"@id":"https:\/\/clam.org.br\/es\/#website"},"primaryImageOfPage":{"@id":"https:\/\/clam.org.br\/es\/entrevistas\/se-reafirmo-la-sociedad-laica\/1465\/#primaryimage"},"image":{"@id":"https:\/\/clam.org.br\/es\/entrevistas\/se-reafirmo-la-sociedad-laica\/1465\/#primaryimage"},"thumbnailUrl":"https:\/\/clam.org.br\/es\/wp-content\/uploads\/sites\/3\/2023\/05\/10756_lucy_garrido.jpg","datePublished":"2013-07-03T03:00:00+00:00","author":{"@id":"https:\/\/clam.org.br\/es\/#\/schema\/person\/fbd9a86032bf7479f94b0ded196f1010"},"breadcrumb":{"@id":"https:\/\/clam.org.br\/es\/entrevistas\/se-reafirmo-la-sociedad-laica\/1465\/#breadcrumb"},"inLanguage":"es","potentialAction":[{"@type":"ReadAction","target":["https:\/\/clam.org.br\/es\/entrevistas\/se-reafirmo-la-sociedad-laica\/1465\/"]}]},{"@type":"ImageObject","inLanguage":"es","@id":"https:\/\/clam.org.br\/es\/entrevistas\/se-reafirmo-la-sociedad-laica\/1465\/#primaryimage","url":"https:\/\/clam.org.br\/es\/wp-content\/uploads\/sites\/3\/2023\/05\/10756_lucy_garrido.jpg","contentUrl":"https:\/\/clam.org.br\/es\/wp-content\/uploads\/sites\/3\/2023\/05\/10756_lucy_garrido.jpg","width":129,"height":130},{"@type":"BreadcrumbList","@id":"https:\/\/clam.org.br\/es\/entrevistas\/se-reafirmo-la-sociedad-laica\/1465\/#breadcrumb","itemListElement":[{"@type":"ListItem","position":1,"name":"In\u00edcio","item":"https:\/\/clam.org.br\/es\/"},{"@type":"ListItem","position":2,"name":"\u2018SE REAFIRM\u00d3 LA SOCIEDAD LAICA\u2019"}]},{"@type":"WebSite","@id":"https:\/\/clam.org.br\/es\/#website","url":"https:\/\/clam.org.br\/es\/","name":"CLAM - ES","description":"S\u00f3 mais um site CLAM - Centro Latino-Americano em Sexualidade e Direitos Humanos sites","potentialAction":[{"@type":"SearchAction","target":{"@type":"EntryPoint","urlTemplate":"https:\/\/clam.org.br\/es\/?s={search_term_string}"},"query-input":{"@type":"PropertyValueSpecification","valueRequired":true,"valueName":"search_term_string"}}],"inLanguage":"es"},{"@type":"Person","@id":"https:\/\/clam.org.br\/es\/#\/schema\/person\/fbd9a86032bf7479f94b0ded196f1010","name":"fw2","image":{"@type":"ImageObject","inLanguage":"es","@id":"https:\/\/clam.org.br\/es\/#\/schema\/person\/image\/","url":"https:\/\/secure.gravatar.com\/avatar\/c38472c0cdbde82d9b6fcc26adb3779d?s=96&d=mm&r=g","contentUrl":"https:\/\/secure.gravatar.com\/avatar\/c38472c0cdbde82d9b6fcc26adb3779d?s=96&d=mm&r=g","caption":"fw2"},"sameAs":["https:\/\/clam.fw2web.com.br"],"url":"https:\/\/clam.org.br\/es\/author\/fw2\/"}]}},"jetpack_featured_media_url":"https:\/\/clam.org.br\/es\/wp-content\/uploads\/sites\/3\/2023\/05\/10756_lucy_garrido.jpg","jetpack_sharing_enabled":true,"_links":{"self":[{"href":"https:\/\/clam.org.br\/es\/wp-json\/wp\/v2\/posts\/1465","targetHints":{"allow":["GET"]}}],"collection":[{"href":"https:\/\/clam.org.br\/es\/wp-json\/wp\/v2\/posts"}],"about":[{"href":"https:\/\/clam.org.br\/es\/wp-json\/wp\/v2\/types\/post"}],"author":[{"embeddable":true,"href":"https:\/\/clam.org.br\/es\/wp-json\/wp\/v2\/users\/1"}],"replies":[{"embeddable":true,"href":"https:\/\/clam.org.br\/es\/wp-json\/wp\/v2\/comments?post=1465"}],"version-history":[{"count":0,"href":"https:\/\/clam.org.br\/es\/wp-json\/wp\/v2\/posts\/1465\/revisions"}],"wp:featuredmedia":[{"embeddable":true,"href":"https:\/\/clam.org.br\/es\/wp-json\/wp\/v2\/media\/1466"}],"wp:attachment":[{"href":"https:\/\/clam.org.br\/es\/wp-json\/wp\/v2\/media?parent=1465"}],"wp:term":[{"taxonomy":"category","embeddable":true,"href":"https:\/\/clam.org.br\/es\/wp-json\/wp\/v2\/categories?post=1465"},{"taxonomy":"post_tag","embeddable":true,"href":"https:\/\/clam.org.br\/es\/wp-json\/wp\/v2\/tags?post=1465"}],"curies":[{"name":"wp","href":"https:\/\/api.w.org\/{rel}","templated":true}]}}