{"id":203,"date":"2006-05-23T00:00:00","date_gmt":"2006-05-23T03:00:00","guid":{"rendered":"https:\/\/clam.org.br\/es\/2006\/05\/23\/educacao-lula-assina-protocolos\/"},"modified":"2006-05-23T00:00:00","modified_gmt":"2006-05-23T03:00:00","slug":"educacao-lula-assina-protocolos","status":"publish","type":"post","link":"https:\/\/clam.org.br\/es\/noticias-clam\/educacao-lula-assina-protocolos\/203\/","title":{"rendered":"Educa\u00e7\u00e3o: Lula assina protocolos"},"content":{"rendered":"<p><STRONG>EAD: presidente assina protocolos<\/STRONG>  <P>O presidente da Rep\u00fablica Luis In\u00e1cio Lula da Silva, assinou, nesta quarta-feira, 24 de maio, os protocolos de coopera\u00e7\u00e3o entre o governo federal e os seis munic\u00edpios nos quais est\u00e1 sendo implementado o curso <I>on line<\/I> <a href=\"http:\/\/www.clam.org.br\/generoediversidade\/\" target=\"_blank\" rel=\"noopener\">G\u00eanero e Diversidade na Escola<\/A>, projeto de educa\u00e7\u00e3o a dist\u00e2ncia para profissionais de educa\u00e7\u00e3o nas tem\u00e1ticas de g\u00eanero, ra\u00e7a e orienta\u00e7\u00e3o sexual. A proposta principal do curso prev\u00ea que os profissionais de educa\u00e7\u00e3o da rede p\u00fablica tenham, no cotidiano da escola, instrumentos para refletir e lidar com as atitudes e comportamentos que envolvam rela\u00e7\u00f5es de g\u00eanero, \u00e9tnico-raciais e a sexualidade.<BR>  <P>S\u00e3o seis os munic\u00edpios contemplados pelo projeto &ndash; Dourados (MS), Maring\u00e1 (PR), Niter\u00f3i (RJ), Nova Igua\u00e7u (RJ), Porto Velho (RO) e Salvador BA), onde j\u00e1 est\u00e3o acontecendo as aulas presenciais. Em cada munic\u00edpio, cerca de 200 professores participam do projeto.<BR>  <P>O presidente recebeu representantes das institui\u00e7\u00f5es respons\u00e1veis pelo projeto: o Minist\u00e9rio da Educa\u00e7\u00e3o, a Secretaria Especial de Pol\u00edticas de Promo\u00e7\u00e3o da Igualdade Racial (SEPPIR), a Secretaria Especial de Pol\u00edticas para as Mulheres (SPM), o CLAM e o Conselho Brit\u00e2nico.<BR>  <P>A fase presencial do curso teve in\u00edcio em Porto Velho, capital de Rond\u00f4nia, no dia 11 de maio. Em Maring\u00e1 (PR) aconteceu entre os dias 15 e 17 de maio e em Niter\u00f3i (RJ), nos dias 22 e 23 de maio. Em Nova Igua\u00e7u (RJ) acontece nos dias 25 e 26, em Dourados (MS) 30 e 31 e em Salvador (BA) nos dias 1 e 2 de junho. A fase online inicia-se em 5 de junho, para todos os munic\u00edpios, com t\u00e9rmino em 01 de setembro.<BR>  <P>Para saber mais sobre o curso clique <a href=\"http:\/\/www.clam.org.br\/generoediversidade\/\" target=\"_blank\" rel=\"noopener\">aqui<\/A>. <\/P><\/p>\n","protected":false},"excerpt":{"rendered":"<p>O presidente, Luis In\u00e1cio Lula da Silva, assinou, nesta quarta-feira, 24 de maio, os protocolos de coopera\u00e7\u00e3o entre o governo federal e os seis munic\u00edpios onde est\u00e1 sendo implementado o curso a dist\u00e2ncia G\u00eanero e Diversidade na Escola.<\/p>\n","protected":false},"author":1,"featured_media":0,"comment_status":"open","ping_status":"open","sticky":false,"template":"","format":"standard","meta":{"_acf_changed":false,"site-sidebar-layout":"default","site-content-layout":"default","ast-global-header-display":"","ast-main-header-display":"","ast-hfb-above-header-display":"","ast-hfb-below-header-display":"","ast-hfb-mobile-header-display":"","site-post-title":"","ast-breadcrumbs-content":"","ast-featured-img":"","footer-sml-layout":"","theme-transparent-header-meta":"","adv-header-id-meta":"","stick-header-meta":"","header-above-stick-meta":"","header-main-stick-meta":"","header-below-stick-meta":"","_jetpack_memberships_contains_paid_content":false,"footnotes":""},"categories":[7],"tags":[],"class_list":["post-203","post","type-post","status-publish","format-standard","hentry","category-noticias-clam"],"acf":[],"yoast_head":"<!-- This site is optimized with the Yoast SEO plugin v26.1.1 - https:\/\/yoast.com\/wordpress\/plugins\/seo\/ -->\n<title>Educa\u00e7\u00e3o: Lula assina protocolos - CLAM - ES<\/title>\n<meta name=\"robots\" content=\"index, follow, max-snippet:-1, max-image-preview:large, max-video-preview:-1\" \/>\n<link rel=\"canonical\" href=\"https:\/\/clam.org.br\/es\/noticias-clam\/educacao-lula-assina-protocolos\/203\/\" \/>\n<meta property=\"og:locale\" content=\"es_ES\" \/>\n<meta property=\"og:type\" content=\"article\" \/>\n<meta property=\"og:title\" content=\"Educa\u00e7\u00e3o: Lula assina protocolos - CLAM - ES\" \/>\n<meta property=\"og:description\" content=\"O presidente, Luis In\u00e1cio Lula da Silva, assinou, nesta quarta-feira, 24 de maio, os protocolos de coopera\u00e7\u00e3o entre o governo federal e os seis munic\u00edpios onde est\u00e1 sendo implementado o curso a dist\u00e2ncia G\u00eanero e Diversidade na Escola.\" \/>\n<meta property=\"og:url\" content=\"https:\/\/clam.org.br\/es\/noticias-clam\/educacao-lula-assina-protocolos\/203\/\" \/>\n<meta property=\"og:site_name\" content=\"CLAM - ES\" \/>\n<meta property=\"article:published_time\" content=\"2006-05-23T03:00:00+00:00\" \/>\n<meta name=\"author\" content=\"fw2\" \/>\n<meta name=\"twitter:card\" content=\"summary_large_image\" \/>\n<meta name=\"twitter:label1\" content=\"Escrito por\" \/>\n\t<meta name=\"twitter:data1\" content=\"fw2\" \/>\n\t<meta name=\"twitter:label2\" content=\"Tiempo de lectura\" \/>\n\t<meta name=\"twitter:data2\" content=\"1 minuto\" \/>\n<script type=\"application\/ld+json\" class=\"yoast-schema-graph\">{\"@context\":\"https:\/\/schema.org\",\"@graph\":[{\"@type\":\"WebPage\",\"@id\":\"https:\/\/clam.org.br\/es\/noticias-clam\/educacao-lula-assina-protocolos\/203\/\",\"url\":\"https:\/\/clam.org.br\/es\/noticias-clam\/educacao-lula-assina-protocolos\/203\/\",\"name\":\"Educa\u00e7\u00e3o: Lula assina protocolos - CLAM - ES\",\"isPartOf\":{\"@id\":\"https:\/\/clam.org.br\/es\/#website\"},\"datePublished\":\"2006-05-23T03:00:00+00:00\",\"author\":{\"@id\":\"https:\/\/clam.org.br\/es\/#\/schema\/person\/fbd9a86032bf7479f94b0ded196f1010\"},\"breadcrumb\":{\"@id\":\"https:\/\/clam.org.br\/es\/noticias-clam\/educacao-lula-assina-protocolos\/203\/#breadcrumb\"},\"inLanguage\":\"es\",\"potentialAction\":[{\"@type\":\"ReadAction\",\"target\":[\"https:\/\/clam.org.br\/es\/noticias-clam\/educacao-lula-assina-protocolos\/203\/\"]}]},{\"@type\":\"BreadcrumbList\",\"@id\":\"https:\/\/clam.org.br\/es\/noticias-clam\/educacao-lula-assina-protocolos\/203\/#breadcrumb\",\"itemListElement\":[{\"@type\":\"ListItem\",\"position\":1,\"name\":\"In\u00edcio\",\"item\":\"https:\/\/clam.org.br\/es\/\"},{\"@type\":\"ListItem\",\"position\":2,\"name\":\"Educa\u00e7\u00e3o: Lula assina protocolos\"}]},{\"@type\":\"WebSite\",\"@id\":\"https:\/\/clam.org.br\/es\/#website\",\"url\":\"https:\/\/clam.org.br\/es\/\",\"name\":\"CLAM - ES\",\"description\":\"S\u00f3 mais um site CLAM - Centro Latino-Americano em Sexualidade e Direitos Humanos sites\",\"potentialAction\":[{\"@type\":\"SearchAction\",\"target\":{\"@type\":\"EntryPoint\",\"urlTemplate\":\"https:\/\/clam.org.br\/es\/?s={search_term_string}\"},\"query-input\":{\"@type\":\"PropertyValueSpecification\",\"valueRequired\":true,\"valueName\":\"search_term_string\"}}],\"inLanguage\":\"es\"},{\"@type\":\"Person\",\"@id\":\"https:\/\/clam.org.br\/es\/#\/schema\/person\/fbd9a86032bf7479f94b0ded196f1010\",\"name\":\"fw2\",\"image\":{\"@type\":\"ImageObject\",\"inLanguage\":\"es\",\"@id\":\"https:\/\/clam.org.br\/es\/#\/schema\/person\/image\/\",\"url\":\"https:\/\/secure.gravatar.com\/avatar\/c38472c0cdbde82d9b6fcc26adb3779d?s=96&d=mm&r=g\",\"contentUrl\":\"https:\/\/secure.gravatar.com\/avatar\/c38472c0cdbde82d9b6fcc26adb3779d?s=96&d=mm&r=g\",\"caption\":\"fw2\"},\"sameAs\":[\"https:\/\/clam.fw2web.com.br\"],\"url\":\"https:\/\/clam.org.br\/es\/author\/fw2\/\"}]}<\/script>\n<!-- \/ Yoast SEO plugin. -->","yoast_head_json":{"title":"Educa\u00e7\u00e3o: Lula assina protocolos - CLAM - ES","robots":{"index":"index","follow":"follow","max-snippet":"max-snippet:-1","max-image-preview":"max-image-preview:large","max-video-preview":"max-video-preview:-1"},"canonical":"https:\/\/clam.org.br\/es\/noticias-clam\/educacao-lula-assina-protocolos\/203\/","og_locale":"es_ES","og_type":"article","og_title":"Educa\u00e7\u00e3o: Lula assina protocolos - CLAM - ES","og_description":"O presidente, Luis In\u00e1cio Lula da Silva, assinou, nesta quarta-feira, 24 de maio, os protocolos de coopera\u00e7\u00e3o entre o governo federal e os seis munic\u00edpios onde est\u00e1 sendo implementado o curso a dist\u00e2ncia G\u00eanero e Diversidade na Escola.","og_url":"https:\/\/clam.org.br\/es\/noticias-clam\/educacao-lula-assina-protocolos\/203\/","og_site_name":"CLAM - ES","article_published_time":"2006-05-23T03:00:00+00:00","author":"fw2","twitter_card":"summary_large_image","twitter_misc":{"Escrito por":"fw2","Tiempo de lectura":"1 minuto"},"schema":{"@context":"https:\/\/schema.org","@graph":[{"@type":"WebPage","@id":"https:\/\/clam.org.br\/es\/noticias-clam\/educacao-lula-assina-protocolos\/203\/","url":"https:\/\/clam.org.br\/es\/noticias-clam\/educacao-lula-assina-protocolos\/203\/","name":"Educa\u00e7\u00e3o: Lula assina protocolos - CLAM - ES","isPartOf":{"@id":"https:\/\/clam.org.br\/es\/#website"},"datePublished":"2006-05-23T03:00:00+00:00","author":{"@id":"https:\/\/clam.org.br\/es\/#\/schema\/person\/fbd9a86032bf7479f94b0ded196f1010"},"breadcrumb":{"@id":"https:\/\/clam.org.br\/es\/noticias-clam\/educacao-lula-assina-protocolos\/203\/#breadcrumb"},"inLanguage":"es","potentialAction":[{"@type":"ReadAction","target":["https:\/\/clam.org.br\/es\/noticias-clam\/educacao-lula-assina-protocolos\/203\/"]}]},{"@type":"BreadcrumbList","@id":"https:\/\/clam.org.br\/es\/noticias-clam\/educacao-lula-assina-protocolos\/203\/#breadcrumb","itemListElement":[{"@type":"ListItem","position":1,"name":"In\u00edcio","item":"https:\/\/clam.org.br\/es\/"},{"@type":"ListItem","position":2,"name":"Educa\u00e7\u00e3o: Lula assina protocolos"}]},{"@type":"WebSite","@id":"https:\/\/clam.org.br\/es\/#website","url":"https:\/\/clam.org.br\/es\/","name":"CLAM - ES","description":"S\u00f3 mais um site CLAM - Centro Latino-Americano em Sexualidade e Direitos Humanos sites","potentialAction":[{"@type":"SearchAction","target":{"@type":"EntryPoint","urlTemplate":"https:\/\/clam.org.br\/es\/?s={search_term_string}"},"query-input":{"@type":"PropertyValueSpecification","valueRequired":true,"valueName":"search_term_string"}}],"inLanguage":"es"},{"@type":"Person","@id":"https:\/\/clam.org.br\/es\/#\/schema\/person\/fbd9a86032bf7479f94b0ded196f1010","name":"fw2","image":{"@type":"ImageObject","inLanguage":"es","@id":"https:\/\/clam.org.br\/es\/#\/schema\/person\/image\/","url":"https:\/\/secure.gravatar.com\/avatar\/c38472c0cdbde82d9b6fcc26adb3779d?s=96&d=mm&r=g","contentUrl":"https:\/\/secure.gravatar.com\/avatar\/c38472c0cdbde82d9b6fcc26adb3779d?s=96&d=mm&r=g","caption":"fw2"},"sameAs":["https:\/\/clam.fw2web.com.br"],"url":"https:\/\/clam.org.br\/es\/author\/fw2\/"}]}},"jetpack_featured_media_url":"","jetpack_sharing_enabled":true,"_links":{"self":[{"href":"https:\/\/clam.org.br\/es\/wp-json\/wp\/v2\/posts\/203","targetHints":{"allow":["GET"]}}],"collection":[{"href":"https:\/\/clam.org.br\/es\/wp-json\/wp\/v2\/posts"}],"about":[{"href":"https:\/\/clam.org.br\/es\/wp-json\/wp\/v2\/types\/post"}],"author":[{"embeddable":true,"href":"https:\/\/clam.org.br\/es\/wp-json\/wp\/v2\/users\/1"}],"replies":[{"embeddable":true,"href":"https:\/\/clam.org.br\/es\/wp-json\/wp\/v2\/comments?post=203"}],"version-history":[{"count":0,"href":"https:\/\/clam.org.br\/es\/wp-json\/wp\/v2\/posts\/203\/revisions"}],"wp:attachment":[{"href":"https:\/\/clam.org.br\/es\/wp-json\/wp\/v2\/media?parent=203"}],"wp:term":[{"taxonomy":"category","embeddable":true,"href":"https:\/\/clam.org.br\/es\/wp-json\/wp\/v2\/categories?post=203"},{"taxonomy":"post_tag","embeddable":true,"href":"https:\/\/clam.org.br\/es\/wp-json\/wp\/v2\/tags?post=203"}],"curies":[{"name":"wp","href":"https:\/\/api.w.org\/{rel}","templated":true}]}}