{"id":208,"date":"2006-05-15T00:00:00","date_gmt":"2006-05-15T03:00:00","guid":{"rendered":"https:\/\/clam.org.br\/es\/2006\/05\/15\/interdisciplina-desafiando-ruidos\/"},"modified":"2006-05-15T00:00:00","modified_gmt":"2006-05-15T03:00:00","slug":"interdisciplina-desafiando-ruidos","status":"publish","type":"post","link":"https:\/\/clam.org.br\/es\/noticias-clam\/interdisciplina-desafiando-ruidos\/208\/","title":{"rendered":"Interdisciplina: Desafiando Ruidos"},"content":{"rendered":"<p><P class=MsoNormal style=\"MARGIN: 0cm 0cm 0pt; TEXT-ALIGN: justify\"><?xml:namespace prefix = st1 ns = \"schemas-houaiss\/mini\" \/><st1_verbetes><SPAN lang=ES-AR style=\"FONT-SIZE: 10pt; FONT-FAMILY: Verdana; mso-ansi-language: ES-AR\">Entre<\/SPAN><\/st1_verbetes><SPAN lang=ES-AR style=\"FONT-SIZE: 10pt; FONT-FAMILY: Verdana; mso-ansi-language: ES-AR\"> el 17 y el 19 de <\/SPAN><st1_verbetes><SPAN lang=ES-AR style=\"FONT-SIZE: 10pt; FONT-FAMILY: Verdana; mso-ansi-language: ES-AR\">abril<\/SPAN><\/st1_verbetes><SPAN lang=ES-AR style=\"FONT-SIZE: 10pt; FONT-FAMILY: Verdana; mso-ansi-language: ES-AR\"> se realiz\u00f3 en Buenos Aires la <\/SPAN><st1_verbetes><SPAN lang=ES-AR style=\"FONT-SIZE: 10pt; FONT-FAMILY: Verdana; mso-ansi-language: ES-AR\">quinta<\/SPAN><\/st1_verbetes><SPAN lang=ES-AR style=\"FONT-SIZE: 10pt; FONT-FAMILY: Verdana; mso-ansi-language: ES-AR\"> edici\u00f3n del<B style=\"mso-bidi-font-weight: normal\"> Taller de Investigaciones <\/B><\/SPAN><st1_verbetes><B style=\"mso-bidi-font-weight: normal\"><SPAN lang=ES-AR style=\"FONT-SIZE: 10pt; FONT-FAMILY: Verdana; mso-ansi-language: ES-AR\">Sociales<\/SPAN><\/B><\/st1_verbetes><B style=\"mso-bidi-font-weight: normal\"><SPAN lang=ES-AR style=\"FONT-SIZE: 10pt; FONT-FAMILY: Verdana; mso-ansi-language: ES-AR\"> en Salud Reproductiva y Sexualidad <\/SPAN><\/B><st1_verbetes><SPAN lang=ES-AR style=\"FONT-SIZE: 10pt; FONT-FAMILY: Verdana; mso-ansi-language: ES-AR\">que<\/SPAN><\/st1_verbetes><SPAN lang=ES-AR style=\"FONT-SIZE: 10pt; FONT-FAMILY: Verdana; mso-ansi-language: ES-AR\"> <\/SPAN><st1_verbetes><SPAN lang=ES-AR style=\"FONT-SIZE: 10pt; FONT-FAMILY: Verdana; mso-ansi-language: ES-AR\">desde<\/SPAN><\/st1_verbetes><SPAN lang=ES-AR style=\"FONT-SIZE: 10pt; FONT-FAMILY: Verdana; mso-ansi-language: ES-AR\"> 1993 organizan <\/SPAN><st1_verbetes><SPAN lang=ES-AR style=\"FONT-SIZE: 10pt; FONT-FAMILY: Verdana; mso-ansi-language: ES-AR\">conjuntamente<\/SPAN><\/st1_verbetes><SPAN lang=ES-AR style=\"FONT-SIZE: 10pt; FONT-FAMILY: Verdana; mso-ansi-language: ES-AR\"> el <\/SPAN><st1_verbetes><SPAN lang=ES-AR style=\"FONT-SIZE: 10pt; FONT-FAMILY: Verdana; mso-ansi-language: ES-AR\">Centro<\/SPAN><\/st1_verbetes><SPAN lang=ES-AR style=\"FONT-SIZE: 10pt; FONT-FAMILY: Verdana; mso-ansi-language: ES-AR\"> de Estudios de Poblaci\u00f3n (CENEP), el <\/SPAN><st1_verbetes><SPAN lang=ES-AR style=\"FONT-SIZE: 10pt; FONT-FAMILY: Verdana; mso-ansi-language: ES-AR\">Centro<\/SPAN><\/st1_verbetes><SPAN lang=ES-AR style=\"FONT-SIZE: 10pt; FONT-FAMILY: Verdana; mso-ansi-language: ES-AR\"> de Estudios de <\/SPAN><st1_verbetes><SPAN lang=ES-AR style=\"FONT-SIZE: 10pt; FONT-FAMILY: Verdana; mso-ansi-language: ES-AR\">Estado<\/SPAN><\/st1_verbetes><SPAN lang=ES-AR style=\"FONT-SIZE: 10pt; FONT-FAMILY: Verdana; mso-ansi-language: ES-AR\"> y Sociedad (CEDES), y la Comisi\u00f3n <\/SPAN><st1_verbetes><SPAN lang=ES-AR style=\"FONT-SIZE: 10pt; FONT-FAMILY: Verdana; mso-ansi-language: ES-AR\">Cient\u00edfica<\/SPAN><\/st1_verbetes><SPAN lang=ES-AR style=\"FONT-SIZE: 10pt; FONT-FAMILY: Verdana; mso-ansi-language: ES-AR\"> de Nupcialidad y Reproducci\u00f3n de la Asociaci\u00f3n de Estudios de Poblaci\u00f3n de la Argentina (AEPA). El taller reuni\u00f3 cuarenta y un trabajos de <\/SPAN><st1_verbetes><SPAN lang=ES-AR style=\"FONT-SIZE: 10pt; FONT-FAMILY: Verdana; mso-ansi-language: ES-AR\">investigadores<\/SPAN><\/st1_verbetes><SPAN lang=ES-AR style=\"FONT-SIZE: 10pt; FONT-FAMILY: Verdana; mso-ansi-language: ES-AR\"> de Argentina, Brasil, Colombia, <\/SPAN><st1_verbetes><SPAN lang=ES-AR style=\"FONT-SIZE: 10pt; FONT-FAMILY: Verdana; mso-ansi-language: ES-AR\">Cuba<\/SPAN><\/st1_verbetes><SPAN lang=ES-AR style=\"FONT-SIZE: 10pt; FONT-FAMILY: Verdana; mso-ansi-language: ES-AR\">, M\u00e9xico y Uruguay.<?xml:namespace prefix = o ns = \"urn:schemas-microsoft-com:office:office\" \/><o_p><\/o_p><\/SPAN><\/P> <P class=MsoNormal style=\"MARGIN: 0cm 0cm 0pt; TEXT-ALIGN: justify\"><SPAN lang=ES-AR style=\"FONT-SIZE: 10pt; FONT-FAMILY: Verdana; mso-ansi-language: ES-AR\"><o_p>&nbsp;<\/o_p><\/SPAN><\/P> <P class=MsoNormal style=\"MARGIN: 0cm 0cm 0pt; TEXT-ALIGN: justify\"><SPAN lang=ES-AR style=\"FONT-SIZE: 10pt; FONT-FAMILY: Verdana; mso-ansi-language: ES-AR\">Los <\/SPAN><st1_verbetes><SPAN lang=ES-AR style=\"FONT-SIZE: 10pt; FONT-FAMILY: Verdana; mso-ansi-language: ES-AR\">expertos<\/SPAN><\/st1_verbetes><SPAN lang=ES-AR style=\"FONT-SIZE: 10pt; FONT-FAMILY: Verdana; mso-ansi-language: ES-AR\"> reunidos exploraron <\/SPAN><st1_verbetes><SPAN lang=ES-AR style=\"FONT-SIZE: 10pt; FONT-FAMILY: Verdana; mso-ansi-language: ES-AR\">\u00e1reas<\/SPAN><\/st1_verbetes><SPAN lang=ES-AR style=\"FONT-SIZE: 10pt; FONT-FAMILY: Verdana; mso-ansi-language: ES-AR\"> de intersecci\u00f3n <\/SPAN><st1_verbetes><SPAN lang=ES-AR style=\"FONT-SIZE: 10pt; FONT-FAMILY: Verdana; mso-ansi-language: ES-AR\">entre<\/SPAN><\/st1_verbetes><SPAN lang=ES-AR style=\"FONT-SIZE: 10pt; FONT-FAMILY: Verdana; mso-ansi-language: ES-AR\"> los <\/SPAN><st1_verbetes><SPAN lang=ES-AR style=\"FONT-SIZE: 10pt; FONT-FAMILY: Verdana; mso-ansi-language: ES-AR\">campos<\/SPAN><\/st1_verbetes><SPAN lang=ES-AR style=\"FONT-SIZE: 10pt; FONT-FAMILY: Verdana; mso-ansi-language: ES-AR\"> de la <\/SPAN><?xml:namespace prefix = st2 ns = \"schemas-houaiss\/acao\" \/><st2_dm><SPAN lang=ES-AR style=\"FONT-SIZE: 10pt; FONT-FAMILY: Verdana; mso-ansi-language: ES-AR\">medicina<\/SPAN><\/st2_dm><SPAN lang=ES-AR style=\"FONT-SIZE: 10pt; FONT-FAMILY: Verdana; mso-ansi-language: ES-AR\">, la psicolog\u00eda y las ciencias <\/SPAN><st1_verbetes><SPAN lang=ES-AR style=\"FONT-SIZE: 10pt; FONT-FAMILY: Verdana; mso-ansi-language: ES-AR\">sociales<\/SPAN><\/st1_verbetes><SPAN lang=ES-AR style=\"FONT-SIZE: 10pt; FONT-FAMILY: Verdana; mso-ansi-language: ES-AR\">. Las <\/SPAN><st1_verbetes><SPAN lang=ES-AR style=\"FONT-SIZE: 10pt; FONT-FAMILY: Verdana; mso-ansi-language: ES-AR\">tem\u00e1ticas<\/SPAN><\/st1_verbetes><SPAN lang=ES-AR style=\"FONT-SIZE: 10pt; FONT-FAMILY: Verdana; mso-ansi-language: ES-AR\"> abordadas incluyeron violencia de g\u00e9nero, VIH-SIDA, anticoncepci\u00f3n de emergencia y atenci\u00f3n de las complicaciones de <\/SPAN><st2_dm><SPAN lang=ES-AR style=\"FONT-SIZE: 10pt; FONT-FAMILY: Verdana; mso-ansi-language: ES-AR\">aborto<\/SPAN><\/st2_dm><SPAN lang=ES-AR style=\"FONT-SIZE: 10pt; FONT-FAMILY: Verdana; mso-ansi-language: ES-AR\">. La propuesta del Taller se bas\u00f3 en la evidencia, recogida en el trabajo interdisciplinario, de varios <\/SPAN><st1_verbetes><SPAN lang=ES-AR style=\"FONT-SIZE: 10pt; FONT-FAMILY: Verdana; mso-ansi-language: ES-AR\">tipos<\/SPAN><\/st1_verbetes><SPAN lang=ES-AR style=\"FONT-SIZE: 10pt; FONT-FAMILY: Verdana; mso-ansi-language: ES-AR\"> de <\/SPAN><st1_verbetes><SPAN lang=ES-AR style=\"FONT-SIZE: 10pt; FONT-FAMILY: Verdana; mso-ansi-language: ES-AR\">problemas<\/SPAN><\/st1_verbetes><SPAN lang=ES-AR style=\"FONT-SIZE: 10pt; FONT-FAMILY: Verdana; mso-ansi-language: ES-AR\">: poco conocimiento de la producci\u00f3n existente en el <\/SPAN><st1_verbetes><SPAN lang=ES-AR style=\"FONT-SIZE: 10pt; FONT-FAMILY: Verdana; mso-ansi-language: ES-AR\">\u00e1rea<\/SPAN><\/st1_verbetes><SPAN lang=ES-AR style=\"FONT-SIZE: 10pt; FONT-FAMILY: Verdana; mso-ansi-language: ES-AR\">, dificultades te\u00f3rico-conceptuales, <\/SPAN><st1_verbetes><SPAN lang=ES-AR style=\"FONT-SIZE: 10pt; FONT-FAMILY: Verdana; mso-ansi-language: ES-AR\">uso<\/SPAN><\/st1_verbetes><SPAN lang=ES-AR style=\"FONT-SIZE: 10pt; FONT-FAMILY: Verdana; mso-ansi-language: ES-AR\"> inadecuado de metodolog\u00edas y <\/SPAN><?xml:namespace prefix = st3 ns = \"schemas-houaiss\/dicionario\" \/><st3_sinonimos><SPAN lang=ES-AR style=\"FONT-SIZE: 10pt; FONT-FAMILY: Verdana; mso-ansi-language: ES-AR\">pobreza<\/SPAN><\/st3_sinonimos><SPAN lang=ES-AR style=\"FONT-SIZE: 10pt; FONT-FAMILY: Verdana; mso-ansi-language: ES-AR\"> <\/SPAN><st1_verbetes><SPAN lang=ES-AR style=\"FONT-SIZE: 10pt; FONT-FAMILY: Verdana; mso-ansi-language: ES-AR\">anal\u00edtica<\/SPAN><\/st1_verbetes><SPAN lang=ES-AR style=\"FONT-SIZE: 10pt; FONT-FAMILY: Verdana; mso-ansi-language: ES-AR\">, <\/SPAN><st1_verbetes><SPAN lang=ES-AR style=\"FONT-SIZE: 10pt; FONT-FAMILY: Verdana; mso-ansi-language: ES-AR\">que<\/SPAN><\/st1_verbetes><SPAN lang=ES-AR style=\"FONT-SIZE: 10pt; FONT-FAMILY: Verdana; mso-ansi-language: ES-AR\"> dan <\/SPAN><st1_verbetes><SPAN lang=ES-AR style=\"FONT-SIZE: 10pt; FONT-FAMILY: Verdana; mso-ansi-language: ES-AR\">como<\/SPAN><\/st1_verbetes><SPAN lang=ES-AR style=\"FONT-SIZE: 10pt; FONT-FAMILY: Verdana; mso-ansi-language: ES-AR\"> <\/SPAN><st1_verbetes><SPAN lang=ES-AR style=\"FONT-SIZE: 10pt; FONT-FAMILY: Verdana; mso-ansi-language: ES-AR\">resultado<\/SPAN><\/st1_verbetes><SPAN lang=ES-AR style=\"FONT-SIZE: 10pt; FONT-FAMILY: Verdana; mso-ansi-language: ES-AR\"> investigaciones de <\/SPAN><st1_verbetes><SPAN lang=ES-AR style=\"FONT-SIZE: 10pt; FONT-FAMILY: Verdana; mso-ansi-language: ES-AR\">mala<\/SPAN><\/st1_verbetes><SPAN lang=ES-AR style=\"FONT-SIZE: 10pt; FONT-FAMILY: Verdana; mso-ansi-language: ES-AR\"> calidad y duplicaci\u00f3n de esfuerzos y <\/SPAN><st1_verbetes><SPAN lang=ES-AR style=\"FONT-SIZE: 10pt; FONT-FAMILY: Verdana; mso-ansi-language: ES-AR\">recursos<\/SPAN><\/st1_verbetes><SPAN lang=ES-AR style=\"FONT-SIZE: 10pt; FONT-FAMILY: Verdana; mso-ansi-language: ES-AR\">.<SPAN style=\"mso-spacerun: yes\">&nbsp; <\/SPAN><o_p><\/o_p><\/SPAN><\/P> <P class=MsoNormal style=\"MARGIN: 0cm 0cm 0pt; TEXT-ALIGN: justify\"><SPAN lang=ES-AR style=\"FONT-SIZE: 10pt; FONT-FAMILY: Verdana; mso-ansi-language: ES-AR\"><o_p>&nbsp;<\/o_p><\/SPAN><\/P> <P class=MsoNormal style=\"MARGIN: 0cm 0cm 0pt; TEXT-ALIGN: justify\"><SPAN lang=ES-AR style=\"FONT-SIZE: 10pt; FONT-FAMILY: Verdana; mso-ansi-language: ES-AR\">En la <\/SPAN><st1_verbetes><SPAN lang=ES-AR style=\"FONT-SIZE: 10pt; FONT-FAMILY: Verdana; mso-ansi-language: ES-AR\">apertura<\/SPAN><\/st1_verbetes><SPAN lang=ES-AR style=\"FONT-SIZE: 10pt; FONT-FAMILY: Verdana; mso-ansi-language: ES-AR\"> del Taller, Jos\u00e9 A. Pag\u00e9s, representante de la Organizaci\u00f3n Panamericana de la Salud, destac\u00f3 <\/SPAN><st1_verbetes><SPAN lang=ES-AR style=\"FONT-SIZE: 10pt; FONT-FAMILY: Verdana; mso-ansi-language: ES-AR\">que<\/SPAN><\/st1_verbetes><SPAN lang=ES-AR style=\"FONT-SIZE: 10pt; FONT-FAMILY: Verdana; mso-ansi-language: ES-AR\"> en Am\u00e9rica <\/SPAN><st1_verbetes><SPAN lang=ES-AR style=\"FONT-SIZE: 10pt; FONT-FAMILY: Verdana; mso-ansi-language: ES-AR\">Latina<\/SPAN><\/st1_verbetes><SPAN lang=ES-AR style=\"FONT-SIZE: 10pt; FONT-FAMILY: Verdana; mso-ansi-language: ES-AR\">, con resistencia de la Iglesia <\/SPAN><st1_verbetes><SPAN lang=ES-AR style=\"FONT-SIZE: 10pt; FONT-FAMILY: Verdana; mso-ansi-language: ES-AR\">Cat\u00f3lica<\/SPAN><\/st1_verbetes><SPAN lang=ES-AR style=\"FONT-SIZE: 10pt; FONT-FAMILY: Verdana; mso-ansi-language: ES-AR\">, se producen cuatro millones de <\/SPAN><st1_verbetes><SPAN lang=ES-AR style=\"FONT-SIZE: 10pt; FONT-FAMILY: Verdana; mso-ansi-language: ES-AR\">abortos<\/SPAN><\/st1_verbetes><SPAN lang=ES-AR style=\"FONT-SIZE: 10pt; FONT-FAMILY: Verdana; mso-ansi-language: ES-AR\"> <\/SPAN><st1_verbetes><SPAN lang=ES-AR style=\"FONT-SIZE: 10pt; FONT-FAMILY: Verdana; mso-ansi-language: ES-AR\">anuales<\/SPAN><\/st1_verbetes><SPAN lang=ES-AR style=\"FONT-SIZE: 10pt; FONT-FAMILY: Verdana; mso-ansi-language: ES-AR\">, casi el 30 % de los embarazos terminan en <\/SPAN><st1_verbetes><SPAN lang=ES-AR style=\"FONT-SIZE: 10pt; FONT-FAMILY: Verdana; mso-ansi-language: ES-AR\">abortos<\/SPAN><\/st1_verbetes><SPAN lang=ES-AR style=\"FONT-SIZE: 10pt; FONT-FAMILY: Verdana; mso-ansi-language: ES-AR\"> y m\u00e1s de trescientos <\/SPAN><st1_verbetes><SPAN lang=ES-AR style=\"FONT-SIZE: 10pt; FONT-FAMILY: Verdana; mso-ansi-language: ES-AR\">mil<\/SPAN><\/st1_verbetes><SPAN lang=ES-AR style=\"FONT-SIZE: 10pt; FONT-FAMILY: Verdana; mso-ansi-language: ES-AR\"> presentan complicaciones. Son datos <\/SPAN><st1_verbetes><SPAN lang=ES-AR style=\"FONT-SIZE: 10pt; FONT-FAMILY: Verdana; mso-ansi-language: ES-AR\">que<\/SPAN><\/st1_verbetes><SPAN lang=ES-AR style=\"FONT-SIZE: 10pt; FONT-FAMILY: Verdana; mso-ansi-language: ES-AR\"> <\/SPAN><st1_verbetes><SPAN lang=ES-AR style=\"FONT-SIZE: 10pt; FONT-FAMILY: Verdana; mso-ansi-language: ES-AR\">nos<\/SPAN><\/st1_verbetes><SPAN lang=ES-AR style=\"FONT-SIZE: 10pt; FONT-FAMILY: Verdana; mso-ansi-language: ES-AR\"> deben mantener en <\/SPAN><st1_verbetes><SPAN lang=ES-AR style=\"FONT-SIZE: 10pt; FONT-FAMILY: Verdana; mso-ansi-language: ES-AR\">alerta<\/SPAN><\/st1_verbetes><SPAN lang=ES-AR style=\"FONT-SIZE: 10pt; FONT-FAMILY: Verdana; mso-ansi-language: ES-AR\"> <\/SPAN><st1_verbetes><SPAN lang=ES-AR style=\"FONT-SIZE: 10pt; FONT-FAMILY: Verdana; mso-ansi-language: ES-AR\">constante<\/SPAN><\/st1_verbetes><SPAN lang=ES-AR style=\"FONT-SIZE: 10pt; FONT-FAMILY: Verdana; mso-ansi-language: ES-AR\">. Sostuvo <\/SPAN><st1_verbetes><SPAN lang=ES-AR style=\"FONT-SIZE: 10pt; FONT-FAMILY: Verdana; mso-ansi-language: ES-AR\">que<\/SPAN><\/st1_verbetes><SPAN lang=ES-AR style=\"FONT-SIZE: 10pt; FONT-FAMILY: Verdana; mso-ansi-language: ES-AR\"> <\/SPAN><st1_verbetes><SPAN lang=ES-AR style=\"FONT-SIZE: 10pt; FONT-FAMILY: Verdana; mso-ansi-language: ES-AR\">desde<\/SPAN><\/st1_verbetes><SPAN lang=ES-AR style=\"FONT-SIZE: 10pt; FONT-FAMILY: Verdana; mso-ansi-language: ES-AR\"> la <\/SPAN><st2_dm><SPAN lang=ES-AR style=\"FONT-SIZE: 10pt; FONT-FAMILY: Verdana; mso-ansi-language: ES-AR\">medicina<\/SPAN><\/st2_dm><SPAN lang=ES-AR style=\"FONT-SIZE: 10pt; FONT-FAMILY: Verdana; mso-ansi-language: ES-AR\"> hay un desconocimiento de la ley y diversas barreras <\/SPAN><st1_verbetes><SPAN lang=ES-AR style=\"FONT-SIZE: 10pt; FONT-FAMILY: Verdana; mso-ansi-language: ES-AR\">sobre<\/SPAN><\/st1_verbetes><SPAN lang=ES-AR style=\"FONT-SIZE: 10pt; FONT-FAMILY: Verdana; mso-ansi-language: ES-AR\"> las <\/SPAN><st1_verbetes><SPAN lang=ES-AR style=\"FONT-SIZE: 10pt; FONT-FAMILY: Verdana; mso-ansi-language: ES-AR\">que<\/SPAN><\/st1_verbetes><SPAN lang=ES-AR style=\"FONT-SIZE: 10pt; FONT-FAMILY: Verdana; mso-ansi-language: ES-AR\"> es necesario trabajar <\/SPAN><st1_verbetes><SPAN lang=ES-AR style=\"FONT-SIZE: 10pt; FONT-FAMILY: Verdana; mso-ansi-language: ES-AR\">desde<\/SPAN><\/st1_verbetes><SPAN lang=ES-AR style=\"FONT-SIZE: 10pt; FONT-FAMILY: Verdana; mso-ansi-language: ES-AR\"> <\/SPAN><st1_verbetes><SPAN lang=ES-AR style=\"FONT-SIZE: 10pt; FONT-FAMILY: Verdana; mso-ansi-language: ES-AR\">una<\/SPAN><\/st1_verbetes><SPAN lang=ES-AR style=\"FONT-SIZE: 10pt; FONT-FAMILY: Verdana; mso-ansi-language: ES-AR\"> <\/SPAN><st1_verbetes><SPAN lang=ES-AR style=\"FONT-SIZE: 10pt; FONT-FAMILY: Verdana; mso-ansi-language: ES-AR\">perspectiva<\/SPAN><\/st1_verbetes><SPAN lang=ES-AR style=\"FONT-SIZE: 10pt; FONT-FAMILY: Verdana; mso-ansi-language: ES-AR\"> interdisciplinaria. Pag\u00e9s subray\u00f3 la alianza de OPS <\/SPAN><st2_dm><SPAN lang=ES-AR style=\"FONT-SIZE: 10pt; FONT-FAMILY: Verdana; mso-ansi-language: ES-AR\">para<\/SPAN><\/st2_dm><SPAN lang=ES-AR style=\"FONT-SIZE: 10pt; FONT-FAMILY: Verdana; mso-ansi-language: ES-AR\"> <\/SPAN><st2_hm><SPAN lang=ES-AR style=\"FONT-SIZE: 10pt; FONT-FAMILY: Verdana; mso-ansi-language: ES-AR\">continuar<\/SPAN><\/st2_hm><SPAN lang=ES-AR style=\"FONT-SIZE: 10pt; FONT-FAMILY: Verdana; mso-ansi-language: ES-AR\"> defendiendo los derechos a la salud reproductiva y <\/SPAN><st1_verbetes><SPAN lang=ES-AR style=\"FONT-SIZE: 10pt; FONT-FAMILY: Verdana; mso-ansi-language: ES-AR\">sexual<\/SPAN><\/st1_verbetes><SPAN lang=ES-AR style=\"FONT-SIZE: 10pt; FONT-FAMILY: Verdana; mso-ansi-language: ES-AR\">. En el mismo <\/SPAN><st1_verbetes><SPAN lang=ES-AR style=\"FONT-SIZE: 10pt; FONT-FAMILY: Verdana; mso-ansi-language: ES-AR\">sentido<\/SPAN><\/st1_verbetes><SPAN lang=ES-AR style=\"FONT-SIZE: 10pt; FONT-FAMILY: Verdana; mso-ansi-language: ES-AR\">, Mar\u00eda del Carmen Feijo\u00f3, <\/SPAN><st1_verbetes><SPAN lang=ES-AR style=\"FONT-SIZE: 10pt; FONT-FAMILY: Verdana; mso-ansi-language: ES-AR\">Oficial<\/SPAN><\/st1_verbetes><SPAN lang=ES-AR style=\"FONT-SIZE: 10pt; FONT-FAMILY: Verdana; mso-ansi-language: ES-AR\"> de <\/SPAN><st1_verbetes><SPAN lang=ES-AR style=\"FONT-SIZE: 10pt; FONT-FAMILY: Verdana; mso-ansi-language: ES-AR\">Enlace<\/SPAN><\/st1_verbetes><SPAN lang=ES-AR style=\"FONT-SIZE: 10pt; FONT-FAMILY: Verdana; mso-ansi-language: ES-AR\"> del Fondo de Poblaci\u00f3n de Naciones Unidas, se\u00f1al\u00f3 el empe\u00f1o del Fondo de Poblaci\u00f3n de Naciones Unidas en <\/SPAN><?xml:namespace prefix = st4 ns = \"schemas-houaiss\/verbo\" \/><st4_infinitivo><SPAN lang=ES-AR style=\"FONT-SIZE: 10pt; FONT-FAMILY: Verdana; mso-ansi-language: ES-AR\">impulsar<\/SPAN><\/st4_infinitivo><SPAN lang=ES-AR style=\"FONT-SIZE: 10pt; FONT-FAMILY: Verdana; mso-ansi-language: ES-AR\"> actividades de <\/SPAN><st1_verbetes><SPAN lang=ES-AR style=\"FONT-SIZE: 10pt; FONT-FAMILY: Verdana; mso-ansi-language: ES-AR\">perfil<\/SPAN><\/st1_verbetes><SPAN lang=ES-AR style=\"FONT-SIZE: 10pt; FONT-FAMILY: Verdana; mso-ansi-language: ES-AR\"> interdisciplinario. Destac\u00f3 tambi\u00e9n el compromiso de la organizaci\u00f3n <\/SPAN><st2_dm><SPAN lang=ES-AR style=\"FONT-SIZE: 10pt; FONT-FAMILY: Verdana; mso-ansi-language: ES-AR\">para<\/SPAN><\/st2_dm><SPAN lang=ES-AR style=\"FONT-SIZE: 10pt; FONT-FAMILY: Verdana; mso-ansi-language: ES-AR\"> la difusi\u00f3n de las conclusiones <\/SPAN><st1_verbetes><SPAN lang=ES-AR style=\"FONT-SIZE: 10pt; FONT-FAMILY: Verdana; mso-ansi-language: ES-AR\">que<\/SPAN><\/st1_verbetes><SPAN lang=ES-AR style=\"FONT-SIZE: 10pt; FONT-FAMILY: Verdana; mso-ansi-language: ES-AR\"> hagan posible la generaci\u00f3n de <\/SPAN><st1_verbetes><SPAN lang=ES-AR style=\"FONT-SIZE: 10pt; FONT-FAMILY: Verdana; mso-ansi-language: ES-AR\">sinergias<\/SPAN><\/st1_verbetes><SPAN lang=ES-AR style=\"FONT-SIZE: 10pt; FONT-FAMILY: Verdana; mso-ansi-language: ES-AR\">.<o_p><\/o_p><\/SPAN><\/P> <P class=MsoNormal style=\"MARGIN: 0cm 0cm 0pt; TEXT-ALIGN: justify\"><SPAN lang=ES-AR style=\"FONT-SIZE: 10pt; FONT-FAMILY: Verdana; mso-ansi-language: ES-AR\"><o_p>&nbsp;<\/o_p><\/SPAN><\/P> <P class=MsoNormal style=\"MARGIN: 0cm 0cm 0pt; TEXT-ALIGN: justify\"><SPAN lang=ES-AR style=\"FONT-SIZE: 10pt; FONT-FAMILY: Verdana; mso-ansi-language: ES-AR\">Varios ponentes se\u00f1alaron las dificultades y desaf\u00edos <\/SPAN><st1_verbetes><SPAN lang=ES-AR style=\"FONT-SIZE: 10pt; FONT-FAMILY: Verdana; mso-ansi-language: ES-AR\">que<\/SPAN><\/st1_verbetes><SPAN lang=ES-AR style=\"FONT-SIZE: 10pt; FONT-FAMILY: Verdana; mso-ansi-language: ES-AR\"> implica la interdisciplina, enfatizando <\/SPAN><st1_verbetes><SPAN lang=ES-AR style=\"FONT-SIZE: 10pt; FONT-FAMILY: Verdana; mso-ansi-language: ES-AR\">que<\/SPAN><\/st1_verbetes><SPAN lang=ES-AR style=\"FONT-SIZE: 10pt; FONT-FAMILY: Verdana; mso-ansi-language: ES-AR\"> la discusi\u00f3n es <\/SPAN><st1_verbetes><SPAN lang=ES-AR style=\"FONT-SIZE: 10pt; FONT-FAMILY: Verdana; mso-ansi-language: ES-AR\">una<\/SPAN><\/st1_verbetes><SPAN lang=ES-AR style=\"FONT-SIZE: 10pt; FONT-FAMILY: Verdana; mso-ansi-language: ES-AR\"> <\/SPAN><st2_dm><SPAN lang=ES-AR style=\"FONT-SIZE: 10pt; FONT-FAMILY: Verdana; mso-ansi-language: ES-AR\">forma<\/SPAN><\/st2_dm><SPAN lang=ES-AR style=\"FONT-SIZE: 10pt; FONT-FAMILY: Verdana; mso-ansi-language: ES-AR\"> de <\/SPAN><st2_hdm><SPAN lang=ES-AR style=\"FONT-SIZE: 10pt; FONT-FAMILY: Verdana; mso-ansi-language: ES-AR\">construir<\/SPAN><\/st2_hdm><SPAN lang=ES-AR style=\"FONT-SIZE: 10pt; FONT-FAMILY: Verdana; mso-ansi-language: ES-AR\"> ciencia. <SPAN style=\"mso-spacerun: yes\">&nbsp;<\/SPAN>La fil\u00f3sofa y <\/SPAN><st1_verbetes><SPAN lang=ES-AR style=\"FONT-SIZE: 10pt; FONT-FAMILY: Verdana; mso-ansi-language: ES-AR\">docente<\/SPAN><\/st1_verbetes><SPAN lang=ES-AR style=\"FONT-SIZE: 10pt; FONT-FAMILY: Verdana; mso-ansi-language: ES-AR\"> Diana Maffia, comentando la investigaci\u00f3n de Weller y otros, &ldquo;<\/SPAN><I style=\"mso-bidi-font-style: normal\"><SPAN lang=ES-MX style=\"FONT-SIZE: 10pt; COLOR: black; FONT-FAMILY: Verdana; mso-ansi-language: ES-MX\">Salud reproductiva y VIH\/ <\/SPAN><\/I><st1_verbetes><I style=\"mso-bidi-font-style: normal\"><SPAN lang=ES-MX style=\"FONT-SIZE: 10pt; COLOR: black; FONT-FAMILY: Verdana; mso-ansi-language: ES-MX\">SIDA<\/SPAN><\/I><\/st1_verbetes><I style=\"mso-bidi-font-style: normal\"><SPAN lang=ES-MX style=\"FONT-SIZE: 10pt; COLOR: black; FONT-FAMILY: Verdana; mso-ansi-language: ES-MX\">: un <\/SPAN><\/I><st1_verbetes><I style=\"mso-bidi-font-style: normal\"><SPAN lang=ES-MX style=\"FONT-SIZE: 10pt; COLOR: black; FONT-FAMILY: Verdana; mso-ansi-language: ES-MX\">diagn\u00f3stico<\/SPAN><\/I><\/st1_verbetes><I style=\"mso-bidi-font-style: normal\"><SPAN lang=ES-MX style=\"FONT-SIZE: 10pt; COLOR: black; FONT-FAMILY: Verdana; mso-ansi-language: ES-MX\"> de la respuesta en los servicios <\/SPAN><\/I><st1_verbetes><I style=\"mso-bidi-font-style: normal\"><SPAN lang=ES-MX style=\"FONT-SIZE: 10pt; COLOR: black; FONT-FAMILY: Verdana; mso-ansi-language: ES-MX\">p\u00fablicos<\/SPAN><\/I><\/st1_verbetes><I style=\"mso-bidi-font-style: normal\"><SPAN lang=ES-MX style=\"FONT-SIZE: 10pt; COLOR: black; FONT-FAMILY: Verdana; mso-ansi-language: ES-MX\"> de salud de la Ciudad de Buenos Aires&rdquo;<\/SPAN><\/I><SPAN lang=ES-AR style=\"FONT-SIZE: 10pt; FONT-FAMILY: Verdana; mso-ansi-language: ES-AR\">, ley\u00f3 en el trabajo un acto de <\/SPAN><st2_dm><SPAN lang=ES-AR style=\"FONT-SIZE: 10pt; FONT-FAMILY: Verdana; mso-ansi-language: ES-AR\">ruptura<\/SPAN><\/st2_dm><SPAN lang=ES-AR style=\"FONT-SIZE: 10pt; FONT-FAMILY: Verdana; mso-ansi-language: ES-AR\">; un quiebre con la <\/SPAN><st1_verbetes><SPAN lang=ES-AR style=\"FONT-SIZE: 10pt; FONT-FAMILY: Verdana; mso-ansi-language: ES-AR\">l\u00f3gica<\/SPAN><\/st1_verbetes><SPAN lang=ES-AR style=\"FONT-SIZE: 10pt; FONT-FAMILY: Verdana; mso-ansi-language: ES-AR\"> <\/SPAN><st1_verbetes><SPAN lang=ES-AR style=\"FONT-SIZE: 10pt; FONT-FAMILY: Verdana; mso-ansi-language: ES-AR\">piramidal<\/SPAN><\/st1_verbetes><SPAN lang=ES-AR style=\"FONT-SIZE: 10pt; FONT-FAMILY: Verdana; mso-ansi-language: ES-AR\"> o de escalera del <\/SPAN><st1_verbetes><SPAN lang=ES-AR style=\"FONT-SIZE: 10pt; FONT-FAMILY: Verdana; mso-ansi-language: ES-AR\">sistema<\/SPAN><\/st1_verbetes><SPAN lang=ES-AR style=\"FONT-SIZE: 10pt; FONT-FAMILY: Verdana; mso-ansi-language: ES-AR\"> de salud. Refiri\u00e9ndose a las intervenciones con personas <\/SPAN><st1_verbetes><SPAN lang=ES-AR style=\"FONT-SIZE: 10pt; FONT-FAMILY: Verdana; mso-ansi-language: ES-AR\">que<\/SPAN><\/st1_verbetes><SPAN lang=ES-AR style=\"FONT-SIZE: 10pt; FONT-FAMILY: Verdana; mso-ansi-language: ES-AR\"> viven con VIH\/<\/SPAN><st1_verbetes><SPAN lang=ES-AR style=\"FONT-SIZE: 10pt; FONT-FAMILY: Verdana; mso-ansi-language: ES-AR\">SIDA<\/SPAN><\/st1_verbetes><SPAN lang=ES-AR style=\"FONT-SIZE: 10pt; FONT-FAMILY: Verdana; mso-ansi-language: ES-AR\">, Weller habl\u00f3 de &ldquo;ruidos&rdquo;, <\/SPAN><st1_verbetes><SPAN lang=ES-AR style=\"FONT-SIZE: 10pt; FONT-FAMILY: Verdana; mso-ansi-language: ES-AR\">problemas<\/SPAN><\/st1_verbetes><SPAN lang=ES-AR style=\"FONT-SIZE: 10pt; FONT-FAMILY: Verdana; mso-ansi-language: ES-AR\"> <\/SPAN><st1_verbetes><SPAN lang=ES-AR style=\"FONT-SIZE: 10pt; FONT-FAMILY: Verdana; mso-ansi-language: ES-AR\">que<\/SPAN><\/st1_verbetes><SPAN lang=ES-AR style=\"FONT-SIZE: 10pt; FONT-FAMILY: Verdana; mso-ansi-language: ES-AR\"> no se han podido <\/SPAN><st2_hm><SPAN lang=ES-AR style=\"FONT-SIZE: 10pt; FONT-FAMILY: Verdana; mso-ansi-language: ES-AR\">resolver<\/SPAN><\/st2_hm><SPAN lang=ES-AR style=\"FONT-SIZE: 10pt; FONT-FAMILY: Verdana; mso-ansi-language: ES-AR\">. La transmisi\u00f3n <\/SPAN><st1_verbetes><SPAN lang=ES-AR style=\"FONT-SIZE: 10pt; FONT-FAMILY: Verdana; mso-ansi-language: ES-AR\">vertical<\/SPAN><\/st1_verbetes><SPAN lang=ES-AR style=\"FONT-SIZE: 10pt; FONT-FAMILY: Verdana; mso-ansi-language: ES-AR\"> fue un <\/SPAN><st1_verbetes><SPAN lang=ES-AR style=\"FONT-SIZE: 10pt; FONT-FAMILY: Verdana; mso-ansi-language: ES-AR\">problema<\/SPAN><\/st1_verbetes><SPAN lang=ES-AR style=\"FONT-SIZE: 10pt; FONT-FAMILY: Verdana; mso-ansi-language: ES-AR\"> <\/SPAN><st1_verbetes><SPAN lang=ES-AR style=\"FONT-SIZE: 10pt; FONT-FAMILY: Verdana; mso-ansi-language: ES-AR\">desde<\/SPAN><\/st1_verbetes><SPAN lang=ES-AR style=\"FONT-SIZE: 10pt; FONT-FAMILY: Verdana; mso-ansi-language: ES-AR\"> el comienzo de la <\/SPAN><st2_dm><SPAN lang=ES-AR style=\"FONT-SIZE: 10pt; FONT-FAMILY: Verdana; mso-ansi-language: ES-AR\">epidemia<\/SPAN><\/st2_dm><SPAN lang=ES-AR style=\"FONT-SIZE: 10pt; FONT-FAMILY: Verdana; mso-ansi-language: ES-AR\">. Se\u00f1al\u00f3 tambi\u00e9n <\/SPAN><st1_verbetes><SPAN lang=ES-AR style=\"FONT-SIZE: 10pt; FONT-FAMILY: Verdana; mso-ansi-language: ES-AR\">que<\/SPAN><\/st1_verbetes><SPAN lang=ES-AR style=\"FONT-SIZE: 10pt; FONT-FAMILY: Verdana; mso-ansi-language: ES-AR\">, a excepci\u00f3n del <\/SPAN><st1_verbetes><SPAN lang=ES-AR style=\"FONT-SIZE: 10pt; FONT-FAMILY: Verdana; mso-ansi-language: ES-AR\">m\u00e9todo<\/SPAN><\/st1_verbetes><SPAN lang=ES-AR style=\"FONT-SIZE: 10pt; FONT-FAMILY: Verdana; mso-ansi-language: ES-AR\"> de barrera, no se discute la anticoncepci\u00f3n o la voluntad de tener hijos <\/SPAN><st1_verbetes><SPAN lang=ES-AR style=\"FONT-SIZE: 10pt; FONT-FAMILY: Verdana; mso-ansi-language: ES-AR\">desde<\/SPAN><\/st1_verbetes><SPAN lang=ES-AR style=\"FONT-SIZE: 10pt; FONT-FAMILY: Verdana; mso-ansi-language: ES-AR\"> los <\/SPAN><st1_verbetes><SPAN lang=ES-AR style=\"FONT-SIZE: 10pt; FONT-FAMILY: Verdana; mso-ansi-language: ES-AR\">distintos<\/SPAN><\/st1_verbetes><SPAN lang=ES-AR style=\"FONT-SIZE: 10pt; FONT-FAMILY: Verdana; mso-ansi-language: ES-AR\"> servicios <\/SPAN><st1_verbetes><SPAN lang=ES-AR style=\"FONT-SIZE: 10pt; FONT-FAMILY: Verdana; mso-ansi-language: ES-AR\">que<\/SPAN><\/st1_verbetes><SPAN lang=ES-AR style=\"FONT-SIZE: 10pt; FONT-FAMILY: Verdana; mso-ansi-language: ES-AR\"> trabajan con <\/SPAN><st1_verbetes><SPAN lang=ES-AR style=\"FONT-SIZE: 10pt; FONT-FAMILY: Verdana; mso-ansi-language: ES-AR\">pacientes<\/SPAN><\/st1_verbetes><SPAN lang=ES-AR style=\"FONT-SIZE: 10pt; FONT-FAMILY: Verdana; mso-ansi-language: ES-AR\"> <\/SPAN><st1_verbetes><SPAN lang=ES-AR style=\"FONT-SIZE: 10pt; FONT-FAMILY: Verdana; mso-ansi-language: ES-AR\">portadores<\/SPAN><\/st1_verbetes><SPAN lang=ES-AR style=\"FONT-SIZE: 10pt; FONT-FAMILY: Verdana; mso-ansi-language: ES-AR\"> de VIH\/<\/SPAN><st1_verbetes><SPAN lang=ES-AR style=\"FONT-SIZE: 10pt; FONT-FAMILY: Verdana; mso-ansi-language: ES-AR\">SIDA<\/SPAN><\/st1_verbetes><SPAN lang=ES-AR style=\"FONT-SIZE: 10pt; FONT-FAMILY: Verdana; mso-ansi-language: ES-AR\">. Dificultades <\/SPAN><st1_verbetes><SPAN lang=ES-AR style=\"FONT-SIZE: 10pt; FONT-FAMILY: Verdana; mso-ansi-language: ES-AR\">como<\/SPAN><\/st1_verbetes><SPAN lang=ES-AR style=\"FONT-SIZE: 10pt; FONT-FAMILY: Verdana; mso-ansi-language: ES-AR\"> \u00e9stas, recalc\u00f3 Maffia, ponen en manifiesto la desconexi\u00f3n <\/SPAN><st1_verbetes><SPAN lang=ES-AR style=\"FONT-SIZE: 10pt; FONT-FAMILY: Verdana; mso-ansi-language: ES-AR\">entre<\/SPAN><\/st1_verbetes><SPAN lang=ES-AR style=\"FONT-SIZE: 10pt; FONT-FAMILY: Verdana; mso-ansi-language: ES-AR\"> los servicios de salud. &ldquo;Los cambios no se pueden hacer s\u00f3lo <\/SPAN><st1_verbetes><SPAN lang=ES-AR style=\"FONT-SIZE: 10pt; FONT-FAMILY: Verdana; mso-ansi-language: ES-AR\">desde<\/SPAN><\/st1_verbetes><SPAN lang=ES-AR style=\"FONT-SIZE: 10pt; FONT-FAMILY: Verdana; mso-ansi-language: ES-AR\"> el <\/SPAN><st1_verbetes><SPAN lang=ES-AR style=\"FONT-SIZE: 10pt; FONT-FAMILY: Verdana; mso-ansi-language: ES-AR\">Programa<\/SPAN><\/st1_verbetes><SPAN lang=ES-AR style=\"FONT-SIZE: 10pt; FONT-FAMILY: Verdana; mso-ansi-language: ES-AR\"> de <\/SPAN><st1_verbetes><SPAN lang=ES-AR style=\"FONT-SIZE: 10pt; FONT-FAMILY: Verdana; mso-ansi-language: ES-AR\">Sida<\/SPAN><\/st1_verbetes><SPAN lang=ES-AR style=\"FONT-SIZE: 10pt; FONT-FAMILY: Verdana; mso-ansi-language: ES-AR\">, tienen <\/SPAN><st1_verbetes><SPAN lang=ES-AR style=\"FONT-SIZE: 10pt; FONT-FAMILY: Verdana; mso-ansi-language: ES-AR\">que<\/SPAN><\/st1_verbetes><SPAN lang=ES-AR style=\"FONT-SIZE: 10pt; FONT-FAMILY: Verdana; mso-ansi-language: ES-AR\"> <\/SPAN><st2_hm><SPAN lang=ES-AR style=\"FONT-SIZE: 10pt; FONT-FAMILY: Verdana; mso-ansi-language: ES-AR\">ver<\/SPAN><\/st2_hm><SPAN lang=ES-AR style=\"FONT-SIZE: 10pt; FONT-FAMILY: Verdana; mso-ansi-language: ES-AR\"> con cambios en el <\/SPAN><st1_verbetes><SPAN lang=ES-AR style=\"FONT-SIZE: 10pt; FONT-FAMILY: Verdana; mso-ansi-language: ES-AR\">sistema<\/SPAN><\/st1_verbetes><SPAN lang=ES-AR style=\"FONT-SIZE: 10pt; FONT-FAMILY: Verdana; mso-ansi-language: ES-AR\"> de salud en <\/SPAN><st1_verbetes><SPAN lang=ES-AR style=\"FONT-SIZE: 10pt; FONT-FAMILY: Verdana; mso-ansi-language: ES-AR\">general<\/SPAN><\/st1_verbetes><SPAN lang=ES-AR style=\"FONT-SIZE: 10pt; FONT-FAMILY: Verdana; mso-ansi-language: ES-AR\">&rdquo;, opin\u00f3. <\/SPAN><st2_dm><SPAN lang=ES-AR style=\"FONT-SIZE: 10pt; FONT-FAMILY: Verdana; mso-ansi-language: ES-AR\">Para<\/SPAN><\/st2_dm><SPAN lang=ES-AR style=\"FONT-SIZE: 10pt; FONT-FAMILY: Verdana; mso-ansi-language: ES-AR\"> <\/SPAN><st2_hm><SPAN lang=ES-AR style=\"FONT-SIZE: 10pt; FONT-FAMILY: Verdana; mso-ansi-language: ES-AR\">sortear<\/SPAN><\/st2_hm><SPAN lang=ES-AR style=\"FONT-SIZE: 10pt; FONT-FAMILY: Verdana; mso-ansi-language: ES-AR\"> dichos <\/SPAN><st1_verbetes><SPAN lang=ES-AR style=\"FONT-SIZE: 10pt; FONT-FAMILY: Verdana; mso-ansi-language: ES-AR\">obst\u00e1culos<\/SPAN><\/st1_verbetes><SPAN lang=ES-AR style=\"FONT-SIZE: 10pt; FONT-FAMILY: Verdana; mso-ansi-language: ES-AR\">, sugiri\u00f3 <\/SPAN><st2_hdm><SPAN lang=ES-AR style=\"FONT-SIZE: 10pt; FONT-FAMILY: Verdana; mso-ansi-language: ES-AR\">juntar<\/SPAN><\/st2_hdm><SPAN lang=ES-AR style=\"FONT-SIZE: 10pt; FONT-FAMILY: Verdana; mso-ansi-language: ES-AR\"> a <\/SPAN><st1_verbetes><SPAN lang=ES-AR style=\"FONT-SIZE: 10pt; FONT-FAMILY: Verdana; mso-ansi-language: ES-AR\">todos<\/SPAN><\/st1_verbetes><SPAN lang=ES-AR style=\"FONT-SIZE: 10pt; FONT-FAMILY: Verdana; mso-ansi-language: ES-AR\"> los <\/SPAN><st1_verbetes><SPAN lang=ES-AR style=\"FONT-SIZE: 10pt; FONT-FAMILY: Verdana; mso-ansi-language: ES-AR\">especialistas<\/SPAN><\/st1_verbetes><SPAN lang=ES-AR style=\"FONT-SIZE: 10pt; FONT-FAMILY: Verdana; mso-ansi-language: ES-AR\"> en pro de la resoluci\u00f3n de los <\/SPAN><st1_verbetes><SPAN lang=ES-AR style=\"FONT-SIZE: 10pt; FONT-FAMILY: Verdana; mso-ansi-language: ES-AR\">problemas<\/SPAN><\/st1_verbetes><SPAN lang=ES-AR style=\"FONT-SIZE: 10pt; FONT-FAMILY: Verdana; mso-ansi-language: ES-AR\"> de los <\/SPAN><st1_verbetes><SPAN lang=ES-AR style=\"FONT-SIZE: 10pt; FONT-FAMILY: Verdana; mso-ansi-language: ES-AR\">pacientes<\/SPAN><\/st1_verbetes><SPAN lang=ES-AR style=\"FONT-SIZE: 10pt; FONT-FAMILY: Verdana; mso-ansi-language: ES-AR\"> y generar <\/SPAN><st1_verbetes><SPAN lang=ES-AR style=\"FONT-SIZE: 10pt; FONT-FAMILY: Verdana; mso-ansi-language: ES-AR\">una<\/SPAN><\/st1_verbetes><SPAN lang=ES-AR style=\"FONT-SIZE: 10pt; FONT-FAMILY: Verdana; mso-ansi-language: ES-AR\"> <\/SPAN><st1_verbetes><SPAN lang=ES-AR style=\"FONT-SIZE: 10pt; FONT-FAMILY: Verdana; mso-ansi-language: ES-AR\">l\u00f3gica<\/SPAN><\/st1_verbetes><SPAN lang=ES-AR style=\"FONT-SIZE: 10pt; FONT-FAMILY: Verdana; mso-ansi-language: ES-AR\"> de red <\/SPAN><st1_verbetes><SPAN lang=ES-AR style=\"FONT-SIZE: 10pt; FONT-FAMILY: Verdana; mso-ansi-language: ES-AR\">que<\/SPAN><\/st1_verbetes><SPAN lang=ES-AR style=\"FONT-SIZE: 10pt; FONT-FAMILY: Verdana; mso-ansi-language: ES-AR\"> ayude a <\/SPAN><st2_hm><SPAN lang=ES-AR style=\"FONT-SIZE: 10pt; FONT-FAMILY: Verdana; mso-ansi-language: ES-AR\">resolver<\/SPAN><\/st2_hm><SPAN lang=ES-AR style=\"FONT-SIZE: 10pt; FONT-FAMILY: Verdana; mso-ansi-language: ES-AR\"> los ruidos <\/SPAN><st1_verbetes><SPAN lang=ES-AR style=\"FONT-SIZE: 10pt; FONT-FAMILY: Verdana; mso-ansi-language: ES-AR\">dentro<\/SPAN><\/st1_verbetes><SPAN lang=ES-AR style=\"FONT-SIZE: 10pt; FONT-FAMILY: Verdana; mso-ansi-language: ES-AR\"> del <\/SPAN><st1_verbetes><SPAN lang=ES-AR style=\"FONT-SIZE: 10pt; FONT-FAMILY: Verdana; mso-ansi-language: ES-AR\">sistema<\/SPAN><\/st1_verbetes><SPAN lang=ES-AR style=\"FONT-SIZE: 10pt; FONT-FAMILY: Verdana; mso-ansi-language: ES-AR\"> de salud.<o_p><\/o_p><\/SPAN><\/P> <P class=MsoNormal style=\"MARGIN: 0cm 0cm 0pt; TEXT-ALIGN: justify\"><SPAN lang=ES-AR style=\"FONT-SIZE: 10pt; FONT-FAMILY: Verdana; mso-ansi-language: ES-AR\"><o_p>&nbsp;<\/o_p><\/SPAN><\/P> <P class=MsoNormal style=\"MARGIN: 0cm 0cm 0pt; TEXT-ALIGN: justify\"><SPAN lang=ES-AR style=\"FONT-SIZE: 10pt; FONT-FAMILY: Verdana; mso-ansi-language: ES-AR\">El V Taller trat\u00f3 tambi\u00e9n la intersecci\u00f3n <\/SPAN><st1_verbetes><SPAN lang=ES-AR style=\"FONT-SIZE: 10pt; FONT-FAMILY: Verdana; mso-ansi-language: ES-AR\">entre<\/SPAN><\/st1_verbetes><SPAN lang=ES-AR style=\"FONT-SIZE: 10pt; FONT-FAMILY: Verdana; mso-ansi-language: ES-AR\"> ciencias biom\u00e9dicas y ciencias <\/SPAN><st1_verbetes><SPAN lang=ES-AR style=\"FONT-SIZE: 10pt; FONT-FAMILY: Verdana; mso-ansi-language: ES-AR\">sociales<\/SPAN><\/st1_verbetes><SPAN lang=ES-AR style=\"FONT-SIZE: 10pt; FONT-FAMILY: Verdana; mso-ansi-language: ES-AR\">. Al respecto, Silvina <\/SPAN><st1_verbetes><SPAN lang=ES-AR style=\"FONT-SIZE: 10pt; FONT-FAMILY: Verdana; mso-ansi-language: ES-AR\">Ramos<\/SPAN><\/st1_verbetes><SPAN lang=ES-AR style=\"FONT-SIZE: 10pt; FONT-FAMILY: Verdana; mso-ansi-language: ES-AR\"> del CEDES-Argentina hizo referencia al desaf\u00edo <\/SPAN><st1_verbetes><SPAN lang=ES-AR style=\"FONT-SIZE: 10pt; FONT-FAMILY: Verdana; mso-ansi-language: ES-AR\">que<\/SPAN><\/st1_verbetes><SPAN lang=ES-AR style=\"FONT-SIZE: 10pt; FONT-FAMILY: Verdana; mso-ansi-language: ES-AR\"> implica producir experiencias exitosas e innovadoras de manera colaborativa. Con la <\/SPAN><st1_verbetes><SPAN lang=ES-AR style=\"FONT-SIZE: 10pt; FONT-FAMILY: Verdana; mso-ansi-language: ES-AR\">frase<\/SPAN><\/st1_verbetes><SPAN lang=ES-AR style=\"FONT-SIZE: 10pt; FONT-FAMILY: Verdana; mso-ansi-language: ES-AR\"> &ldquo;hay <\/SPAN><st1_verbetes><SPAN lang=ES-AR style=\"FONT-SIZE: 10pt; FONT-FAMILY: Verdana; mso-ansi-language: ES-AR\">demasiados<\/SPAN><\/st1_verbetes><SPAN lang=ES-AR style=\"FONT-SIZE: 10pt; FONT-FAMILY: Verdana; mso-ansi-language: ES-AR\"> invitados a la <\/SPAN><st1_verbetes><SPAN lang=ES-AR style=\"FONT-SIZE: 10pt; FONT-FAMILY: Verdana; mso-ansi-language: ES-AR\">cena<\/SPAN><\/st1_verbetes><SPAN lang=ES-AR style=\"FONT-SIZE: 10pt; FONT-FAMILY: Verdana; mso-ansi-language: ES-AR\">&rdquo;, <\/SPAN><st1_verbetes><SPAN lang=ES-AR style=\"FONT-SIZE: 10pt; FONT-FAMILY: Verdana; mso-ansi-language: ES-AR\">Ramos<\/SPAN><\/st1_verbetes><SPAN lang=ES-AR style=\"FONT-SIZE: 10pt; FONT-FAMILY: Verdana; mso-ansi-language: ES-AR\"> hizo alusi\u00f3n a un malestar <\/SPAN><st1_verbetes><SPAN lang=ES-AR style=\"FONT-SIZE: 10pt; FONT-FAMILY: Verdana; mso-ansi-language: ES-AR\">general<\/SPAN><\/st1_verbetes><SPAN lang=ES-AR style=\"FONT-SIZE: 10pt; FONT-FAMILY: Verdana; mso-ansi-language: ES-AR\"> <\/SPAN><st1_verbetes><SPAN lang=ES-AR style=\"FONT-SIZE: 10pt; FONT-FAMILY: Verdana; mso-ansi-language: ES-AR\">que<\/SPAN><\/st1_verbetes><SPAN lang=ES-AR style=\"FONT-SIZE: 10pt; FONT-FAMILY: Verdana; mso-ansi-language: ES-AR\"> refleja la compleja relaci\u00f3n de <\/SPAN><st1_verbetes><SPAN lang=ES-AR style=\"FONT-SIZE: 10pt; FONT-FAMILY: Verdana; mso-ansi-language: ES-AR\">disciplinas<\/SPAN><\/st1_verbetes><SPAN lang=ES-AR style=\"FONT-SIZE: 10pt; FONT-FAMILY: Verdana; mso-ansi-language: ES-AR\"> <\/SPAN><st1_verbetes><SPAN lang=ES-AR style=\"FONT-SIZE: 10pt; FONT-FAMILY: Verdana; mso-ansi-language: ES-AR\">que<\/SPAN><\/st1_verbetes><SPAN lang=ES-AR style=\"FONT-SIZE: 10pt; FONT-FAMILY: Verdana; mso-ansi-language: ES-AR\"> intervienen en el proceso salud enfermedad. Enfermeros, dem\u00f3grafos, epidemi\u00f3logos, soci\u00f3logos, <\/SPAN><st1_verbetes><SPAN lang=ES-AR style=\"FONT-SIZE: 10pt; FONT-FAMILY: Verdana; mso-ansi-language: ES-AR\">antrop\u00f3logos<\/SPAN><\/st1_verbetes><SPAN lang=ES-AR style=\"FONT-SIZE: 10pt; FONT-FAMILY: Verdana; mso-ansi-language: ES-AR\">, <\/SPAN><st1_verbetes><SPAN lang=ES-AR style=\"FONT-SIZE: 10pt; FONT-FAMILY: Verdana; mso-ansi-language: ES-AR\">m\u00e9dicos<\/SPAN><\/st1_verbetes><SPAN lang=ES-AR style=\"FONT-SIZE: 10pt; FONT-FAMILY: Verdana; mso-ansi-language: ES-AR\"> con todas sus <\/SPAN><st1_verbetes><SPAN lang=ES-AR style=\"FONT-SIZE: 10pt; FONT-FAMILY: Verdana; mso-ansi-language: ES-AR\">especialidades<\/SPAN><\/st1_verbetes><SPAN lang=ES-AR style=\"FONT-SIZE: 10pt; FONT-FAMILY: Verdana; mso-ansi-language: ES-AR\"> tienen hoy la palabra <\/SPAN><st1_verbetes><SPAN lang=ES-AR style=\"FONT-SIZE: 10pt; FONT-FAMILY: Verdana; mso-ansi-language: ES-AR\">desde<\/SPAN><\/st1_verbetes><SPAN lang=ES-AR style=\"FONT-SIZE: 10pt; FONT-FAMILY: Verdana; mso-ansi-language: ES-AR\"> <\/SPAN><st1_verbetes><SPAN lang=ES-AR style=\"FONT-SIZE: 10pt; FONT-FAMILY: Verdana; mso-ansi-language: ES-AR\">una<\/SPAN><\/st1_verbetes><SPAN lang=ES-AR style=\"FONT-SIZE: 10pt; FONT-FAMILY: Verdana; mso-ansi-language: ES-AR\"> pluralidad de <\/SPAN><st1_verbetes><SPAN lang=ES-AR style=\"FONT-SIZE: 10pt; FONT-FAMILY: Verdana; mso-ansi-language: ES-AR\">saberes<\/SPAN><\/st1_verbetes><SPAN lang=ES-AR style=\"FONT-SIZE: 10pt; FONT-FAMILY: Verdana; mso-ansi-language: ES-AR\">, <\/SPAN><st3_sinonimos><SPAN lang=ES-AR style=\"FONT-SIZE: 10pt; FONT-FAMILY: Verdana; mso-ansi-language: ES-AR\">esto<\/SPAN><\/st3_sinonimos><SPAN lang=ES-AR style=\"FONT-SIZE: 10pt; FONT-FAMILY: Verdana; mso-ansi-language: ES-AR\"> puede <\/SPAN><st2_hm><SPAN lang=ES-AR style=\"FONT-SIZE: 10pt; FONT-FAMILY: Verdana; mso-ansi-language: ES-AR\">implicar<\/SPAN><\/st2_hm><SPAN lang=ES-AR style=\"FONT-SIZE: 10pt; FONT-FAMILY: Verdana; mso-ansi-language: ES-AR\"> <\/SPAN><st1_verbetes><SPAN lang=ES-AR style=\"FONT-SIZE: 10pt; FONT-FAMILY: Verdana; mso-ansi-language: ES-AR\">una<\/SPAN><\/st1_verbetes><SPAN lang=ES-AR style=\"FONT-SIZE: 10pt; FONT-FAMILY: Verdana; mso-ansi-language: ES-AR\"> democratizaci\u00f3n del <\/SPAN><st1_verbetes><SPAN lang=ES-AR style=\"FONT-SIZE: 10pt; FONT-FAMILY: Verdana; mso-ansi-language: ES-AR\">campo<\/SPAN><\/st1_verbetes><SPAN lang=ES-AR style=\"FONT-SIZE: 10pt; FONT-FAMILY: Verdana; mso-ansi-language: ES-AR\">, pero su contracara, &ldquo;<\/SPAN><st1_verbetes><SPAN lang=ES-AR style=\"FONT-SIZE: 10pt; FONT-FAMILY: Verdana; mso-ansi-language: ES-AR\">demasiados<\/SPAN><\/st1_verbetes><SPAN lang=ES-AR style=\"FONT-SIZE: 10pt; FONT-FAMILY: Verdana; mso-ansi-language: ES-AR\"> invitados a la <\/SPAN><st1_verbetes><SPAN lang=ES-AR style=\"FONT-SIZE: 10pt; FONT-FAMILY: Verdana; mso-ansi-language: ES-AR\">cena<\/SPAN><\/st1_verbetes><SPAN lang=ES-AR style=\"FONT-SIZE: 10pt; FONT-FAMILY: Verdana; mso-ansi-language: ES-AR\">&rdquo;, ha provocado <\/SPAN><st1_verbetes><SPAN lang=ES-AR style=\"FONT-SIZE: 10pt; FONT-FAMILY: Verdana; mso-ansi-language: ES-AR\">desajustes<\/SPAN><\/st1_verbetes><SPAN lang=ES-AR style=\"FONT-SIZE: 10pt; FONT-FAMILY: Verdana; mso-ansi-language: ES-AR\">. Asimismo, Mar\u00eda Jos\u00e9 Duarte Osis de la Universidad de <\/SPAN><st1_verbetes><SPAN lang=ES-AR style=\"FONT-SIZE: 10pt; FONT-FAMILY: Verdana; mso-ansi-language: ES-AR\">Campinas<\/SPAN><\/st1_verbetes><SPAN lang=ES-AR style=\"FONT-SIZE: 10pt; FONT-FAMILY: Verdana; mso-ansi-language: ES-AR\"> en Brasil, habl\u00f3 del desaf\u00edo <\/SPAN><st2_dm><SPAN lang=ES-AR style=\"FONT-SIZE: 10pt; FONT-FAMILY: Verdana; mso-ansi-language: ES-AR\">cotidiano<\/SPAN><\/st2_dm><SPAN lang=ES-AR style=\"FONT-SIZE: 10pt; FONT-FAMILY: Verdana; mso-ansi-language: ES-AR\"> <\/SPAN><st1_verbetes><SPAN lang=ES-AR style=\"FONT-SIZE: 10pt; FONT-FAMILY: Verdana; mso-ansi-language: ES-AR\">que<\/SPAN><\/st1_verbetes><SPAN lang=ES-AR style=\"FONT-SIZE: 10pt; FONT-FAMILY: Verdana; mso-ansi-language: ES-AR\"> implica el trabajo <\/SPAN><st1_verbetes><SPAN lang=ES-AR style=\"FONT-SIZE: 10pt; FONT-FAMILY: Verdana; mso-ansi-language: ES-AR\">conjunto<\/SPAN><\/st1_verbetes><SPAN lang=ES-AR style=\"FONT-SIZE: 10pt; FONT-FAMILY: Verdana; mso-ansi-language: ES-AR\"> de <\/SPAN><st1_verbetes><SPAN lang=ES-AR style=\"FONT-SIZE: 10pt; FONT-FAMILY: Verdana; mso-ansi-language: ES-AR\">cientistas<\/SPAN><\/st1_verbetes><SPAN lang=ES-AR style=\"FONT-SIZE: 10pt; FONT-FAMILY: Verdana; mso-ansi-language: ES-AR\"> <\/SPAN><st1_verbetes><SPAN lang=ES-AR style=\"FONT-SIZE: 10pt; FONT-FAMILY: Verdana; mso-ansi-language: ES-AR\">sociales<\/SPAN><\/st1_verbetes><SPAN lang=ES-AR style=\"FONT-SIZE: 10pt; FONT-FAMILY: Verdana; mso-ansi-language: ES-AR\"> y <\/SPAN><st1_verbetes><SPAN lang=ES-AR style=\"FONT-SIZE: 10pt; FONT-FAMILY: Verdana; mso-ansi-language: ES-AR\">biom\u00e9dicos<\/SPAN><\/st1_verbetes><SPAN lang=ES-AR style=\"FONT-SIZE: 10pt; FONT-FAMILY: Verdana; mso-ansi-language: ES-AR\"> en investigaci\u00f3n <\/SPAN><st1_verbetes><SPAN lang=ES-AR style=\"FONT-SIZE: 10pt; FONT-FAMILY: Verdana; mso-ansi-language: ES-AR\">sobre<\/SPAN><\/st1_verbetes><SPAN lang=ES-AR style=\"FONT-SIZE: 10pt; FONT-FAMILY: Verdana; mso-ansi-language: ES-AR\"> salud reproductiva. Coment\u00f3 <\/SPAN><st1_verbetes><SPAN lang=ES-AR style=\"FONT-SIZE: 10pt; FONT-FAMILY: Verdana; mso-ansi-language: ES-AR\">que<\/SPAN><\/st1_verbetes><SPAN lang=ES-AR style=\"FONT-SIZE: 10pt; FONT-FAMILY: Verdana; mso-ansi-language: ES-AR\"> en ese <\/SPAN><st1_verbetes><SPAN lang=ES-AR style=\"FONT-SIZE: 10pt; FONT-FAMILY: Verdana; mso-ansi-language: ES-AR\">pa\u00eds<\/SPAN><\/st1_verbetes><SPAN lang=ES-AR style=\"FONT-SIZE: 10pt; FONT-FAMILY: Verdana; mso-ansi-language: ES-AR\"> muchos de los trabajos interdisciplinarios referidos a estos <\/SPAN><st1_verbetes><SPAN lang=ES-AR style=\"FONT-SIZE: 10pt; FONT-FAMILY: Verdana; mso-ansi-language: ES-AR\">temas<\/SPAN><\/st1_verbetes><SPAN lang=ES-AR style=\"FONT-SIZE: 10pt; FONT-FAMILY: Verdana; mso-ansi-language: ES-AR\"> son dirigidos a publicaciones <\/SPAN><st1_verbetes><SPAN lang=ES-AR style=\"FONT-SIZE: 10pt; FONT-FAMILY: Verdana; mso-ansi-language: ES-AR\">sobre<\/SPAN><\/st1_verbetes><SPAN lang=ES-AR style=\"FONT-SIZE: 10pt; FONT-FAMILY: Verdana; mso-ansi-language: ES-AR\"> salud <\/SPAN><st1_verbetes><SPAN lang=ES-AR style=\"FONT-SIZE: 10pt; FONT-FAMILY: Verdana; mso-ansi-language: ES-AR\">p\u00fablica<\/SPAN><\/st1_verbetes><SPAN lang=ES-AR style=\"FONT-SIZE: 10pt; FONT-FAMILY: Verdana; mso-ansi-language: ES-AR\">. Se\u00f1al\u00f3 la necesidad de <\/SPAN><st2_hm><SPAN lang=ES-AR style=\"FONT-SIZE: 10pt; FONT-FAMILY: Verdana; mso-ansi-language: ES-AR\">educar<\/SPAN><\/st2_hm><SPAN lang=ES-AR style=\"FONT-SIZE: 10pt; FONT-FAMILY: Verdana; mso-ansi-language: ES-AR\"> a los <\/SPAN><st1_verbetes><SPAN lang=ES-AR style=\"FONT-SIZE: 10pt; FONT-FAMILY: Verdana; mso-ansi-language: ES-AR\">editores<\/SPAN><\/st1_verbetes><SPAN lang=ES-AR style=\"FONT-SIZE: 10pt; FONT-FAMILY: Verdana; mso-ansi-language: ES-AR\"> <\/SPAN><st1_verbetes><SPAN lang=ES-AR style=\"FONT-SIZE: 10pt; FONT-FAMILY: Verdana; mso-ansi-language: ES-AR\">sobre<\/SPAN><\/st1_verbetes><SPAN lang=ES-AR style=\"FONT-SIZE: 10pt; FONT-FAMILY: Verdana; mso-ansi-language: ES-AR\"> las producciones interdisciplinarias <\/SPAN><st1_verbetes><SPAN lang=ES-AR style=\"FONT-SIZE: 10pt; FONT-FAMILY: Verdana; mso-ansi-language: ES-AR\">que<\/SPAN><\/st1_verbetes><SPAN lang=ES-AR style=\"FONT-SIZE: 10pt; FONT-FAMILY: Verdana; mso-ansi-language: ES-AR\"> involucran a <\/SPAN><st1_verbetes><SPAN lang=ES-AR style=\"FONT-SIZE: 10pt; FONT-FAMILY: Verdana; mso-ansi-language: ES-AR\">cientistas<\/SPAN><\/st1_verbetes><SPAN lang=ES-AR style=\"FONT-SIZE: 10pt; FONT-FAMILY: Verdana; mso-ansi-language: ES-AR\"> <\/SPAN><st1_verbetes><SPAN lang=ES-AR style=\"FONT-SIZE: 10pt; FONT-FAMILY: Verdana; mso-ansi-language: ES-AR\">sociales<\/SPAN><\/st1_verbetes><SPAN lang=ES-AR style=\"FONT-SIZE: 10pt; FONT-FAMILY: Verdana; mso-ansi-language: ES-AR\"> y <\/SPAN><st1_verbetes><SPAN lang=ES-AR style=\"FONT-SIZE: 10pt; FONT-FAMILY: Verdana; mso-ansi-language: ES-AR\">m\u00e9dicos<\/SPAN><\/st1_verbetes><SPAN lang=ES-AR style=\"FONT-SIZE: 10pt; FONT-FAMILY: Verdana; mso-ansi-language: ES-AR\">.<o_p><\/o_p><\/SPAN><\/P> <P class=MsoNormal style=\"MARGIN: 0cm 0cm 0pt; TEXT-ALIGN: justify\"><SPAN lang=ES-AR style=\"FONT-SIZE: 10pt; FONT-FAMILY: Verdana; mso-ansi-language: ES-AR\"><o_p>&nbsp;<\/o_p><\/SPAN><\/P> <P class=MsoNormal style=\"MARGIN: 0cm 0cm 0pt; TEXT-ALIGN: justify\"><SPAN lang=ES-AR style=\"FONT-SIZE: 10pt; FONT-FAMILY: Verdana; mso-ansi-language: ES-AR\">El V Taller de Investigaciones <\/SPAN><st1_verbetes><SPAN lang=ES-AR style=\"FONT-SIZE: 10pt; FONT-FAMILY: Verdana; mso-ansi-language: ES-AR\">Sociales<\/SPAN><\/st1_verbetes><SPAN lang=ES-AR style=\"FONT-SIZE: 10pt; FONT-FAMILY: Verdana; mso-ansi-language: ES-AR\"> en Salud Reproductiva y Sexualidad cont\u00f3 con la participaci\u00f3n de m\u00e1s de cien <\/SPAN><st1_verbetes><SPAN lang=ES-AR style=\"FONT-SIZE: 10pt; FONT-FAMILY: Verdana; mso-ansi-language: ES-AR\">investigadores<\/SPAN><\/st1_verbetes><SPAN lang=ES-AR style=\"FONT-SIZE: 10pt; FONT-FAMILY: Verdana; mso-ansi-language: ES-AR\"> e investigadoras de distintas <\/SPAN><st1_verbetes><SPAN lang=ES-AR style=\"FONT-SIZE: 10pt; FONT-FAMILY: Verdana; mso-ansi-language: ES-AR\">\u00e1reas<\/SPAN><\/st1_verbetes><SPAN lang=ES-AR style=\"FONT-SIZE: 10pt; FONT-FAMILY: Verdana; mso-ansi-language: ES-AR\"> del conocimiento, <\/SPAN><st1_verbetes><SPAN lang=ES-AR style=\"FONT-SIZE: 10pt; FONT-FAMILY: Verdana; mso-ansi-language: ES-AR\">especialistas<\/SPAN><\/st1_verbetes><SPAN lang=ES-AR style=\"FONT-SIZE: 10pt; FONT-FAMILY: Verdana; mso-ansi-language: ES-AR\"> en antropolog\u00eda, sociolog\u00eda, filosof\u00eda, <\/SPAN><st1_verbetes><SPAN lang=ES-AR style=\"FONT-SIZE: 10pt; FONT-FAMILY: Verdana; mso-ansi-language: ES-AR\">bioqu\u00edmica<\/SPAN><\/st1_verbetes><SPAN lang=ES-AR style=\"FONT-SIZE: 10pt; FONT-FAMILY: Verdana; mso-ansi-language: ES-AR\">, <\/SPAN><st2_dm><SPAN lang=ES-AR style=\"FONT-SIZE: 10pt; FONT-FAMILY: Verdana; mso-ansi-language: ES-AR\">medicina<\/SPAN><\/st2_dm><SPAN lang=ES-AR style=\"FONT-SIZE: 10pt; FONT-FAMILY: Verdana; mso-ansi-language: ES-AR\">, ciencia <\/SPAN><st1_verbetes><SPAN lang=ES-AR style=\"FONT-SIZE: 10pt; FONT-FAMILY: Verdana; mso-ansi-language: ES-AR\">pol\u00edtica<\/SPAN><\/st1_verbetes><SPAN lang=ES-AR style=\"FONT-SIZE: 10pt; FONT-FAMILY: Verdana; mso-ansi-language: ES-AR\">, trabajos <\/SPAN><st1_verbetes><SPAN lang=ES-AR style=\"FONT-SIZE: 10pt; FONT-FAMILY: Verdana; mso-ansi-language: ES-AR\">social<\/SPAN><\/st1_verbetes><SPAN lang=ES-AR style=\"FONT-SIZE: 10pt; FONT-FAMILY: Verdana; mso-ansi-language: ES-AR\">, ciencias econ\u00f3micas, psicolog\u00eda y derecho. <\/SPAN><st3_sinonimos><SPAN lang=ES-AR style=\"FONT-SIZE: 10pt; FONT-FAMILY: Verdana; mso-ansi-language: ES-AR\">Esto<\/SPAN><\/st3_sinonimos><SPAN lang=ES-AR style=\"FONT-SIZE: 10pt; FONT-FAMILY: Verdana; mso-ansi-language: ES-AR\"> refuerza los <\/SPAN><st1_verbetes><SPAN lang=ES-AR style=\"FONT-SIZE: 10pt; FONT-FAMILY: Verdana; mso-ansi-language: ES-AR\">intentos<\/SPAN><\/st1_verbetes><SPAN lang=ES-AR style=\"FONT-SIZE: 10pt; FONT-FAMILY: Verdana; mso-ansi-language: ES-AR\"> <\/SPAN><st1_verbetes><SPAN lang=ES-AR style=\"FONT-SIZE: 10pt; FONT-FAMILY: Verdana; mso-ansi-language: ES-AR\">por<\/SPAN><\/st1_verbetes><SPAN lang=ES-AR style=\"FONT-SIZE: 10pt; FONT-FAMILY: Verdana; mso-ansi-language: ES-AR\"> afianzar el trabajo colaborativo e interdisciplinario. La actividad, no arancelada, cont\u00f3 con el apoyo de la Agencia <\/SPAN><st1_verbetes><SPAN lang=ES-AR style=\"FONT-SIZE: 10pt; FONT-FAMILY: Verdana; mso-ansi-language: ES-AR\">Nacional<\/SPAN><\/st1_verbetes><SPAN lang=ES-AR style=\"FONT-SIZE: 10pt; FONT-FAMILY: Verdana; mso-ansi-language: ES-AR\"> de Promoci\u00f3n <\/SPAN><st1_verbetes><SPAN lang=ES-AR style=\"FONT-SIZE: 10pt; FONT-FAMILY: Verdana; mso-ansi-language: ES-AR\">Cient\u00edfica<\/SPAN><\/st1_verbetes><SPAN lang=ES-AR style=\"FONT-SIZE: 10pt; FONT-FAMILY: Verdana; mso-ansi-language: ES-AR\"> y <\/SPAN><st1_verbetes><SPAN lang=ES-AR style=\"FONT-SIZE: 10pt; FONT-FAMILY: Verdana; mso-ansi-language: ES-AR\">Tecnol\u00f3gica<\/SPAN><\/st1_verbetes><SPAN lang=ES-AR style=\"FONT-SIZE: 10pt; FONT-FAMILY: Verdana; mso-ansi-language: ES-AR\">, el Fondo de Poblaci\u00f3n de Naciones Unidas (UNFPA) y la Organizaci\u00f3n Panamericana de la Salud (OPS\/OMS).<o_p><\/o_p><\/SPAN><\/P> <P class=MsoNormal style=\"MARGIN: 0cm 0cm 0pt; TEXT-ALIGN: justify\"><SPAN lang=ES-AR style=\"FONT-SIZE: 10pt; FONT-FAMILY: Verdana; mso-ansi-language: ES-AR\"><o_p>&nbsp;<\/o_p><\/SPAN><\/P> <P class=MsoNormal style=\"MARGIN: 0cm 0cm 0pt; TEXT-ALIGN: justify\"><SPAN lang=ES-AR style=\"FONT-SIZE: 10pt; FONT-FAMILY: Verdana; mso-ansi-language: ES-AR\">El Taller se organiz\u00f3 a <\/SPAN><st2_hm><SPAN lang=ES-AR style=\"FONT-SIZE: 10pt; FONT-FAMILY: Verdana; mso-ansi-language: ES-AR\">partir<\/SPAN><\/st2_hm><SPAN lang=ES-AR style=\"FONT-SIZE: 10pt; FONT-FAMILY: Verdana; mso-ansi-language: ES-AR\"> de <\/SPAN><st1_verbetes><SPAN lang=ES-AR style=\"FONT-SIZE: 10pt; FONT-FAMILY: Verdana; mso-ansi-language: ES-AR\">cinco<\/SPAN><\/st1_verbetes><SPAN lang=ES-AR style=\"FONT-SIZE: 10pt; FONT-FAMILY: Verdana; mso-ansi-language: ES-AR\"> sesiones de trabajo:<o_p><\/o_p><\/SPAN><\/P> <P class=MsoNormal style=\"MARGIN: 0cm 0cm 0pt; TEXT-ALIGN: justify\"><SPAN lang=ES-AR style=\"FONT-SIZE: 10pt; FONT-FAMILY: Verdana; mso-ansi-language: ES-AR\"><o_p>&nbsp;<\/o_p><\/SPAN><\/P> <P class=MsoNormal style=\"MARGIN: 0cm 0cm 0pt 36pt; TEXT-INDENT: -18pt; TEXT-ALIGN: justify; tab-stops: list 36.0pt\"><SPAN lang=ES-AR style=\"FONT-SIZE: 10pt; FONT-FAMILY: Verdana; mso-ansi-language: ES-AR\">&#8211;&nbsp;&nbsp;&nbsp;&nbsp;&nbsp;&nbsp;&nbsp;&nbsp; Pr\u00e1cticas reproductivas y sexualidad<o_p><\/o_p><\/SPAN><\/P> <P class=MsoNormal style=\"MARGIN: 0cm 0cm 0pt 36pt; TEXT-INDENT: -18pt; TEXT-ALIGN: justify; tab-stops: list 36.0pt\"><SPAN lang=ES-AR style=\"FONT-SIZE: 10pt; FONT-FAMILY: Verdana; mso-ansi-language: ES-AR\">&#8211;&nbsp;&nbsp;&nbsp;&nbsp;&nbsp;&nbsp;&nbsp;&nbsp; Derechos <\/SPAN><st1_verbetes><SPAN lang=ES-AR style=\"FONT-SIZE: 10pt; FONT-FAMILY: Verdana; mso-ansi-language: ES-AR\">sexuales<\/SPAN><\/st1_verbetes><SPAN lang=ES-AR style=\"FONT-SIZE: 10pt; FONT-FAMILY: Verdana; mso-ansi-language: ES-AR\"> y reproductivos<o_p><\/o_p><\/SPAN><\/P> <P class=MsoNormal style=\"MARGIN: 0cm 0cm 0pt 36pt; TEXT-INDENT: -18pt; TEXT-ALIGN: justify; tab-stops: list 36.0pt\"><SPAN lang=ES-AR style=\"FONT-SIZE: 10pt; FONT-FAMILY: Verdana; mso-ansi-language: ES-AR\">&#8211;&nbsp;&nbsp;&nbsp;&nbsp;&nbsp;&nbsp;&nbsp;&nbsp; Educaci\u00f3n y sexualidad<o_p><\/o_p><\/SPAN><\/P> <P class=MsoNormal style=\"MARGIN: 0cm 0cm 0pt 36pt; TEXT-INDENT: -18pt; TEXT-ALIGN: justify; tab-stops: list 36.0pt\"><SPAN lang=ES-AR style=\"FONT-SIZE: 10pt; FONT-FAMILY: Verdana; mso-ansi-language: ES-AR\">&#8211;&nbsp;&nbsp;&nbsp;&nbsp;&nbsp;&nbsp;&nbsp;&nbsp; Mortalidad de mujeres en edad <\/SPAN><st1_verbetes><SPAN lang=ES-AR style=\"FONT-SIZE: 10pt; FONT-FAMILY: Verdana; mso-ansi-language: ES-AR\">f\u00e9rtil<\/SPAN><\/st1_verbetes><SPAN lang=ES-AR style=\"FONT-SIZE: 10pt; FONT-FAMILY: Verdana; mso-ansi-language: ES-AR\"><o_p><\/o_p><\/SPAN><\/P> <P class=MsoNormal style=\"MARGIN: 0cm 0cm 0pt 36pt; TEXT-INDENT: -18pt; TEXT-ALIGN: justify; tab-stops: list 36.0pt\"><SPAN lang=ES-AR style=\"FONT-SIZE: 10pt; FONT-FAMILY: Verdana; mso-ansi-language: ES-AR\">&#8211;&nbsp;&nbsp;&nbsp;&nbsp;&nbsp;&nbsp;&nbsp;&nbsp; Adolescencia y juventud<o_p><\/o_p><\/SPAN><\/P> <P class=MsoNormal style=\"MARGIN: 0cm 0cm 0pt; TEXT-ALIGN: justify; tab-stops: list 0cm\"><SPAN lang=ES-AR style=\"FONT-SIZE: 10pt; FONT-FAMILY: Verdana; mso-ansi-language: ES-AR\"><o_p>&nbsp;<\/o_p><\/SPAN><\/P> <P class=MsoNormal style=\"MARGIN: 0cm 0cm 0pt; TEXT-ALIGN: justify; tab-stops: list 0cm\"><st2_dm><SPAN lang=ES-AR style=\"FONT-SIZE: 10pt; COLOR: blue; FONT-FAMILY: Verdana; mso-ansi-language: ES-AR\"><A href=\"http:\/\/www.clam.org.br\/publique\/cgi\/cgilua.exe\/sys\/start.htm?infoid=1122&amp;sid=7\">Para consultar el programa y listado de ponentes en el Taller, hacer clic aqu\u00ed.<\/A><\/SPAN><\/st2_dm><\/P> <P class=MsoNormal style=\"MARGIN: 0cm 0cm 0pt; TEXT-ALIGN: justify\"><SPAN lang=ES-AR style=\"FONT-SIZE: 10pt; FONT-FAMILY: Verdana; mso-ansi-language: ES-AR\"><o_p>&nbsp;<\/o_p><\/SPAN><\/P> <P class=MsoNormal style=\"MARGIN: 0cm 0cm 0pt; TEXT-ALIGN: justify\"><st1_verbetes><SPAN lang=ES-AR style=\"FONT-SIZE: 10pt; FONT-FAMILY: Verdana; mso-ansi-language: ES-AR\">Una<\/SPAN><\/st1_verbetes><SPAN lang=ES-AR style=\"FONT-SIZE: 10pt; FONT-FAMILY: Verdana; mso-ansi-language: ES-AR\"> selecci\u00f3n de las ponencias presentadas en el V Taller ser\u00e1 compilada y publicadas <\/SPAN><st1_verbetes><SPAN lang=ES-AR style=\"FONT-SIZE: 10pt; FONT-FAMILY: Verdana; mso-ansi-language: ES-AR\">pr\u00f3ximamente<\/SPAN><\/st1_verbetes><SPAN lang=ES-AR style=\"FONT-SIZE: 10pt; FONT-FAMILY: Verdana; mso-ansi-language: ES-AR\"> en un libro posible gracias al apoyo del UNFPA.<o_p><\/o_p><\/SPAN><\/P> <P class=MsoNormal style=\"MARGIN: 0cm 0cm 0pt; TEXT-ALIGN: justify\"><SPAN lang=ES-AR style=\"FONT-SIZE: 10pt; FONT-FAMILY: Verdana; mso-ansi-language: ES-AR\"><o_p>&nbsp;<\/o_p><\/SPAN><\/P> <P class=MsoNormal style=\"MARGIN: 0cm 0cm 0pt; TEXT-ALIGN: justify\"><st2_dm><I style=\"mso-bidi-font-style: normal\"><SPAN lang=ES-AR style=\"FONT-SIZE: 10pt; FONT-FAMILY: Verdana; mso-ansi-language: ES-AR\">Para<\/SPAN><\/I><\/st2_dm><I style=\"mso-bidi-font-style: normal\"><SPAN lang=ES-AR style=\"FONT-SIZE: 10pt; FONT-FAMILY: Verdana; mso-ansi-language: ES-AR\"> <\/SPAN><\/I><st1_verbetes><I style=\"mso-bidi-font-style: normal\"><SPAN lang=ES-AR style=\"FONT-SIZE: 10pt; FONT-FAMILY: Verdana; mso-ansi-language: ES-AR\">informes<\/SPAN><\/I><\/st1_verbetes><I style=\"mso-bidi-font-style: normal\"><SPAN lang=ES-AR style=\"FONT-SIZE: 10pt; FONT-FAMILY: Verdana; mso-ansi-language: ES-AR\"> <\/SPAN><\/I><st1_verbetes><I style=\"mso-bidi-font-style: normal\"><SPAN lang=ES-AR style=\"FONT-SIZE: 10pt; FONT-FAMILY: Verdana; mso-ansi-language: ES-AR\">sobre<\/SPAN><\/I><\/st1_verbetes><I style=\"mso-bidi-font-style: normal\"><SPAN lang=ES-AR style=\"FONT-SIZE: 10pt; FONT-FAMILY: Verdana; mso-ansi-language: ES-AR\"> la publicaci\u00f3n:<o_p><\/o_p><\/SPAN><\/I><\/P> <P class=MsoNormal style=\"MARGIN: 0cm 0cm 0pt; TEXT-ALIGN: justify\"><SPAN lang=ES-AR style=\"FONT-SIZE: 10pt; FONT-FAMILY: Verdana; mso-ansi-language: ES-AR\">Coordinaci\u00f3n del Taller<o_p><\/o_p><\/SPAN><\/P> <P class=MsoNormal style=\"MARGIN: 0cm 0cm 0pt; TEXT-ALIGN: justify\"><st1_verbetes><SPAN lang=ES-AR style=\"FONT-SIZE: 10pt; FONT-FAMILY: Verdana; mso-ansi-language: ES-AR\">Centro<\/SPAN><\/st1_verbetes><SPAN lang=ES-AR style=\"FONT-SIZE: 10pt; FONT-FAMILY: Verdana; mso-ansi-language: ES-AR\"> de Estudios de Poblaci\u00f3n &#8211; CENEP<o_p><\/o_p><\/SPAN><\/P> <P class=MsoNormal style=\"MARGIN: 0cm 0cm 0pt; TEXT-ALIGN: justify\"><SPAN lang=ES-AR style=\"FONT-SIZE: 10pt; FONT-FAMILY: Verdana; mso-ansi-language: ES-AR\">Av. Corrientes 2817 <\/SPAN><st1_verbetes><SPAN lang=ES-AR style=\"FONT-SIZE: 10pt; FONT-FAMILY: Verdana; mso-ansi-language: ES-AR\">Piso<\/SPAN><\/st1_verbetes><SPAN lang=ES-AR style=\"FONT-SIZE: 10pt; FONT-FAMILY: Verdana; mso-ansi-language: ES-AR\"> 7<o_p><\/o_p><\/SPAN><\/P> <P class=MsoNormal style=\"MARGIN: 0cm 0cm 0pt; TEXT-ALIGN: justify\"><SPAN lang=ES-AR style=\"FONT-SIZE: 10pt; FONT-FAMILY: Verdana; mso-ansi-language: ES-AR\">Ciudad de Buenos Aires<o_p><\/o_p><\/SPAN><\/P> <P class=MsoNormal style=\"MARGIN: 0cm 0cm 0pt; TEXT-ALIGN: justify\"><SPAN lang=ES-AR style=\"FONT-SIZE: 10pt; FONT-FAMILY: Verdana; mso-ansi-language: ES-AR\">Tel\u00e9fono: (54) (11) 4961-0309 \/ 4961-2268<o_p><\/o_p><\/SPAN><\/P> <P class=MsoNormal style=\"MARGIN: 0cm 0cm 0pt; TEXT-ALIGN: justify\"><SPAN lang=ES-AR style=\"FONT-SIZE: 10pt; FONT-FAMILY: Verdana; mso-ansi-language: ES-AR\">Correo electr\u00f3nico: <A href=\"mailto:mgaudio@cenep.org.ar\">mgaudio@cenep.org.ar<\/A><o_p><\/o_p><\/SPAN><\/P><\/p>\n","protected":false},"excerpt":{"rendered":"<p>Reunidos en Buenos Aires, investigadores sociales latinoamericanos en salud reproductiva y sexualidad discutieron c\u00f3mo desafiar las desarticulaciones entre las ciencias sociales y las biom\u00e9dicas y dentro del los sistemas de salud.<\/p>\n","protected":false},"author":1,"featured_media":0,"comment_status":"open","ping_status":"open","sticky":false,"template":"","format":"standard","meta":{"_acf_changed":false,"site-sidebar-layout":"default","site-content-layout":"default","ast-global-header-display":"","ast-main-header-display":"","ast-hfb-above-header-display":"","ast-hfb-below-header-display":"","ast-hfb-mobile-header-display":"","site-post-title":"","ast-breadcrumbs-content":"","ast-featured-img":"","footer-sml-layout":"","theme-transparent-header-meta":"","adv-header-id-meta":"","stick-header-meta":"","header-above-stick-meta":"","header-main-stick-meta":"","header-below-stick-meta":"","_jetpack_memberships_contains_paid_content":false,"footnotes":""},"categories":[7],"tags":[],"class_list":["post-208","post","type-post","status-publish","format-standard","hentry","category-noticias-clam"],"acf":[],"yoast_head":"<!-- This site is optimized with the Yoast SEO plugin v26.1.1 - https:\/\/yoast.com\/wordpress\/plugins\/seo\/ -->\n<title>Interdisciplina: Desafiando Ruidos - CLAM - ES<\/title>\n<meta name=\"robots\" content=\"index, follow, max-snippet:-1, max-image-preview:large, max-video-preview:-1\" \/>\n<link rel=\"canonical\" href=\"https:\/\/clam.org.br\/es\/noticias-clam\/interdisciplina-desafiando-ruidos\/208\/\" \/>\n<meta property=\"og:locale\" content=\"es_ES\" \/>\n<meta property=\"og:type\" content=\"article\" \/>\n<meta property=\"og:title\" content=\"Interdisciplina: Desafiando Ruidos - CLAM - ES\" \/>\n<meta property=\"og:description\" content=\"Reunidos en Buenos Aires, investigadores sociales latinoamericanos en salud reproductiva y sexualidad discutieron c\u00f3mo desafiar las desarticulaciones entre las ciencias sociales y las biom\u00e9dicas y dentro del los sistemas de salud.\" \/>\n<meta property=\"og:url\" content=\"https:\/\/clam.org.br\/es\/noticias-clam\/interdisciplina-desafiando-ruidos\/208\/\" \/>\n<meta property=\"og:site_name\" content=\"CLAM - ES\" \/>\n<meta property=\"article:published_time\" content=\"2006-05-15T03:00:00+00:00\" \/>\n<meta name=\"author\" content=\"fw2\" \/>\n<meta name=\"twitter:card\" content=\"summary_large_image\" \/>\n<meta name=\"twitter:label1\" content=\"Escrito por\" \/>\n\t<meta name=\"twitter:data1\" content=\"fw2\" \/>\n\t<meta name=\"twitter:label2\" content=\"Tiempo de lectura\" \/>\n\t<meta name=\"twitter:data2\" content=\"5 minutos\" \/>\n<script type=\"application\/ld+json\" class=\"yoast-schema-graph\">{\"@context\":\"https:\/\/schema.org\",\"@graph\":[{\"@type\":\"WebPage\",\"@id\":\"https:\/\/clam.org.br\/es\/noticias-clam\/interdisciplina-desafiando-ruidos\/208\/\",\"url\":\"https:\/\/clam.org.br\/es\/noticias-clam\/interdisciplina-desafiando-ruidos\/208\/\",\"name\":\"Interdisciplina: Desafiando Ruidos - CLAM - ES\",\"isPartOf\":{\"@id\":\"https:\/\/clam.org.br\/es\/#website\"},\"datePublished\":\"2006-05-15T03:00:00+00:00\",\"author\":{\"@id\":\"https:\/\/clam.org.br\/es\/#\/schema\/person\/fbd9a86032bf7479f94b0ded196f1010\"},\"breadcrumb\":{\"@id\":\"https:\/\/clam.org.br\/es\/noticias-clam\/interdisciplina-desafiando-ruidos\/208\/#breadcrumb\"},\"inLanguage\":\"es\",\"potentialAction\":[{\"@type\":\"ReadAction\",\"target\":[\"https:\/\/clam.org.br\/es\/noticias-clam\/interdisciplina-desafiando-ruidos\/208\/\"]}]},{\"@type\":\"BreadcrumbList\",\"@id\":\"https:\/\/clam.org.br\/es\/noticias-clam\/interdisciplina-desafiando-ruidos\/208\/#breadcrumb\",\"itemListElement\":[{\"@type\":\"ListItem\",\"position\":1,\"name\":\"In\u00edcio\",\"item\":\"https:\/\/clam.org.br\/es\/\"},{\"@type\":\"ListItem\",\"position\":2,\"name\":\"Interdisciplina: Desafiando Ruidos\"}]},{\"@type\":\"WebSite\",\"@id\":\"https:\/\/clam.org.br\/es\/#website\",\"url\":\"https:\/\/clam.org.br\/es\/\",\"name\":\"CLAM - ES\",\"description\":\"S\u00f3 mais um site CLAM - Centro Latino-Americano em Sexualidade e Direitos Humanos sites\",\"potentialAction\":[{\"@type\":\"SearchAction\",\"target\":{\"@type\":\"EntryPoint\",\"urlTemplate\":\"https:\/\/clam.org.br\/es\/?s={search_term_string}\"},\"query-input\":{\"@type\":\"PropertyValueSpecification\",\"valueRequired\":true,\"valueName\":\"search_term_string\"}}],\"inLanguage\":\"es\"},{\"@type\":\"Person\",\"@id\":\"https:\/\/clam.org.br\/es\/#\/schema\/person\/fbd9a86032bf7479f94b0ded196f1010\",\"name\":\"fw2\",\"image\":{\"@type\":\"ImageObject\",\"inLanguage\":\"es\",\"@id\":\"https:\/\/clam.org.br\/es\/#\/schema\/person\/image\/\",\"url\":\"https:\/\/secure.gravatar.com\/avatar\/c38472c0cdbde82d9b6fcc26adb3779d?s=96&d=mm&r=g\",\"contentUrl\":\"https:\/\/secure.gravatar.com\/avatar\/c38472c0cdbde82d9b6fcc26adb3779d?s=96&d=mm&r=g\",\"caption\":\"fw2\"},\"sameAs\":[\"https:\/\/clam.fw2web.com.br\"],\"url\":\"https:\/\/clam.org.br\/es\/author\/fw2\/\"}]}<\/script>\n<!-- \/ Yoast SEO plugin. -->","yoast_head_json":{"title":"Interdisciplina: Desafiando Ruidos - CLAM - ES","robots":{"index":"index","follow":"follow","max-snippet":"max-snippet:-1","max-image-preview":"max-image-preview:large","max-video-preview":"max-video-preview:-1"},"canonical":"https:\/\/clam.org.br\/es\/noticias-clam\/interdisciplina-desafiando-ruidos\/208\/","og_locale":"es_ES","og_type":"article","og_title":"Interdisciplina: Desafiando Ruidos - CLAM - ES","og_description":"Reunidos en Buenos Aires, investigadores sociales latinoamericanos en salud reproductiva y sexualidad discutieron c\u00f3mo desafiar las desarticulaciones entre las ciencias sociales y las biom\u00e9dicas y dentro del los sistemas de salud.","og_url":"https:\/\/clam.org.br\/es\/noticias-clam\/interdisciplina-desafiando-ruidos\/208\/","og_site_name":"CLAM - ES","article_published_time":"2006-05-15T03:00:00+00:00","author":"fw2","twitter_card":"summary_large_image","twitter_misc":{"Escrito por":"fw2","Tiempo de lectura":"5 minutos"},"schema":{"@context":"https:\/\/schema.org","@graph":[{"@type":"WebPage","@id":"https:\/\/clam.org.br\/es\/noticias-clam\/interdisciplina-desafiando-ruidos\/208\/","url":"https:\/\/clam.org.br\/es\/noticias-clam\/interdisciplina-desafiando-ruidos\/208\/","name":"Interdisciplina: Desafiando Ruidos - CLAM - ES","isPartOf":{"@id":"https:\/\/clam.org.br\/es\/#website"},"datePublished":"2006-05-15T03:00:00+00:00","author":{"@id":"https:\/\/clam.org.br\/es\/#\/schema\/person\/fbd9a86032bf7479f94b0ded196f1010"},"breadcrumb":{"@id":"https:\/\/clam.org.br\/es\/noticias-clam\/interdisciplina-desafiando-ruidos\/208\/#breadcrumb"},"inLanguage":"es","potentialAction":[{"@type":"ReadAction","target":["https:\/\/clam.org.br\/es\/noticias-clam\/interdisciplina-desafiando-ruidos\/208\/"]}]},{"@type":"BreadcrumbList","@id":"https:\/\/clam.org.br\/es\/noticias-clam\/interdisciplina-desafiando-ruidos\/208\/#breadcrumb","itemListElement":[{"@type":"ListItem","position":1,"name":"In\u00edcio","item":"https:\/\/clam.org.br\/es\/"},{"@type":"ListItem","position":2,"name":"Interdisciplina: Desafiando Ruidos"}]},{"@type":"WebSite","@id":"https:\/\/clam.org.br\/es\/#website","url":"https:\/\/clam.org.br\/es\/","name":"CLAM - ES","description":"S\u00f3 mais um site CLAM - Centro Latino-Americano em Sexualidade e Direitos Humanos sites","potentialAction":[{"@type":"SearchAction","target":{"@type":"EntryPoint","urlTemplate":"https:\/\/clam.org.br\/es\/?s={search_term_string}"},"query-input":{"@type":"PropertyValueSpecification","valueRequired":true,"valueName":"search_term_string"}}],"inLanguage":"es"},{"@type":"Person","@id":"https:\/\/clam.org.br\/es\/#\/schema\/person\/fbd9a86032bf7479f94b0ded196f1010","name":"fw2","image":{"@type":"ImageObject","inLanguage":"es","@id":"https:\/\/clam.org.br\/es\/#\/schema\/person\/image\/","url":"https:\/\/secure.gravatar.com\/avatar\/c38472c0cdbde82d9b6fcc26adb3779d?s=96&d=mm&r=g","contentUrl":"https:\/\/secure.gravatar.com\/avatar\/c38472c0cdbde82d9b6fcc26adb3779d?s=96&d=mm&r=g","caption":"fw2"},"sameAs":["https:\/\/clam.fw2web.com.br"],"url":"https:\/\/clam.org.br\/es\/author\/fw2\/"}]}},"jetpack_featured_media_url":"","jetpack_sharing_enabled":true,"_links":{"self":[{"href":"https:\/\/clam.org.br\/es\/wp-json\/wp\/v2\/posts\/208","targetHints":{"allow":["GET"]}}],"collection":[{"href":"https:\/\/clam.org.br\/es\/wp-json\/wp\/v2\/posts"}],"about":[{"href":"https:\/\/clam.org.br\/es\/wp-json\/wp\/v2\/types\/post"}],"author":[{"embeddable":true,"href":"https:\/\/clam.org.br\/es\/wp-json\/wp\/v2\/users\/1"}],"replies":[{"embeddable":true,"href":"https:\/\/clam.org.br\/es\/wp-json\/wp\/v2\/comments?post=208"}],"version-history":[{"count":0,"href":"https:\/\/clam.org.br\/es\/wp-json\/wp\/v2\/posts\/208\/revisions"}],"wp:attachment":[{"href":"https:\/\/clam.org.br\/es\/wp-json\/wp\/v2\/media?parent=208"}],"wp:term":[{"taxonomy":"category","embeddable":true,"href":"https:\/\/clam.org.br\/es\/wp-json\/wp\/v2\/categories?post=208"},{"taxonomy":"post_tag","embeddable":true,"href":"https:\/\/clam.org.br\/es\/wp-json\/wp\/v2\/tags?post=208"}],"curies":[{"name":"wp","href":"https:\/\/api.w.org\/{rel}","templated":true}]}}