{"id":222,"date":"2006-04-04T00:00:00","date_gmt":"2006-04-04T03:00:00","guid":{"rendered":"https:\/\/clam.org.br\/es\/2006\/04\/04\/ponto-de-cultura-em-genero\/"},"modified":"2006-04-04T00:00:00","modified_gmt":"2006-04-04T03:00:00","slug":"ponto-de-cultura-em-genero","status":"publish","type":"post","link":"https:\/\/clam.org.br\/es\/noticias-clam\/ponto-de-cultura-em-genero\/222\/","title":{"rendered":"Ponto de cultura em g\u00eanero"},"content":{"rendered":"<p><P class=MsoNormal style=\"MARGIN: 0cm 0cm 0pt\"><B style=\"mso-bidi-font-weight: normal\"><SPAN style=\"FONT-SIZE: 10pt; FONT-FAMILY: Verdana\">Cedim instala ponto de cultura em g\u00eanero <?xml:namespace prefix = o ns = \"urn:schemas-microsoft-com:office:office\" \/><o_p><\/o_p><\/SPAN><\/B><\/P> <P class=MsoNormal style=\"MARGIN: 0cm 0cm 0pt\"><SPAN style=\"FONT-SIZE: 10pt; FONT-FAMILY: Verdana\"><o_p>&nbsp;<\/o_p><\/SPAN><\/P> <P class=MsoNormal style=\"MARGIN: 0cm 0cm 0pt\"><I style=\"mso-bidi-font-style: normal\"><SPAN style=\"FONT-SIZE: 10pt; FONT-FAMILY: Verdana\">&ldquo;Um dia, vivi a ilus\u00e3o de que ser homem bastaria, que o mundo masculino tudo me daria&#8230; Que nada, minha por\u00e7\u00e3o mulher que at\u00e9 ent\u00e3o se resguardara, \u00e9 a por\u00e7\u00e3o melhor que trago em mim agora&#8230; Quem sabe, o Super-homem venha nos restituir a gl\u00f3ria, mudando como um Deus o curso da hist\u00f3ria, por causa da mulher&rdquo;.<\/SPAN><\/I><SPAN style=\"FONT-SIZE: 10pt; FONT-FAMILY: Verdana\"> Cantando a can\u00e7\u00e3o de sua autoria, o ministro da Cultura, Gilberto Gil, terminou seu discurso durante a cerim\u00f4nia de instala\u00e7\u00e3o do primeiro ponto de cultura em g\u00eanero do Brasil, na sede do Conselho Estadual dos Direitos da Mulher (CEDIM) do Rio de Janeiro, no dia 30 de mar\u00e7o. Al\u00e9m de Gil, estavam presentes na solenidade a ministra Nilc\u00e9ia Freire, da Secretaria Especial de Pol\u00edticas para as Mulheres (SPM), e a presidente do CEDIM, Anna Maria Rattes..<o_p><\/o_p><\/SPAN><\/P> <P class=MsoNormal style=\"MARGIN: 0cm 0cm 0pt\"><SPAN style=\"FONT-SIZE: 10pt; FONT-FAMILY: Verdana\"><SPAN style=\"mso-spacerun: yes\">&nbsp;<\/SPAN><o_p><\/o_p><\/SPAN><\/P> <P class=MsoNormal style=\"MARGIN: 0cm 0cm 0pt\"><SPAN style=\"FONT-SIZE: 10pt; FONT-FAMILY: Verdana\">Os pontos de cultura fazem parte do <\/SPAN><SPAN style=\"FONT-SIZE: 10pt; FONT-FAMILY: Verdana; mso-bidi-font-family: Arial\">Programa Nacional de Cultura, Educa\u00e7\u00e3o e Cidadania &ndash; Cultura Viva, <\/SPAN><SPAN style=\"FONT-SIZE: 10pt; FONT-FAMILY: Verdana\">lan\u00e7ado pelo Minist\u00e9rio da Cultura (MinC) em 2004. At\u00e9 o momento, s\u00e3o 445 pontos espalhados pelo pa\u00eds, em tem\u00e1ticas que v\u00e3o desde quilombolas a aldeias ind\u00edgenas. O CEDIM est\u00e1 inaugurando o primeiro na perspectiva de g\u00eanero.<SPAN style=\"mso-spacerun: yes\">&nbsp;&nbsp;&nbsp; <\/SPAN><o_p><\/o_p><\/SPAN><\/P> <P class=MsoNormal style=\"MARGIN: 0cm 0cm 0pt\"><SPAN style=\"FONT-SIZE: 10pt; FONT-FAMILY: Verdana\"><o_p>&nbsp;<\/o_p><\/SPAN><\/P> <P class=MsoNormal style=\"MARGIN: 0cm 0cm 0pt\"><SPAN style=\"FONT-SIZE: 10pt; FONT-FAMILY: Verdana\">A ministra Nilc\u00e9ia Freire (SPM) elogiou o projeto. &ldquo;O que o Minist\u00e9rio da Cultura est\u00e1 propondo \u00e9 incentivar as iniciativas culturais relacionadas \u00e0 mulher, o que \u00e9 muito importante&rdquo;, avaliou.<o_p><\/o_p><\/SPAN><\/P> <P class=MsoNormal style=\"MARGIN: 0cm 0cm 0pt\"><SPAN style=\"FONT-SIZE: 10pt; FONT-FAMILY: Verdana\"><SPAN style=\"mso-spacerun: yes\">&nbsp;<\/SPAN><o_p><\/o_p><\/SPAN><\/P> <P class=MsoNormal style=\"MARGIN: 0cm 0cm 0pt\"><SPAN style=\"FONT-SIZE: 10pt; FONT-FAMILY: Verdana\">&ldquo;O ponto de cultura em g\u00eanero \u00e9 uma forma de popularizar a cultura, isto \u00e9, levar a cultura de forma n\u00e3o elitizada \u00e0s mulheres, as quais poder\u00e3o ter acesso a obras de arte, exposi\u00e7\u00f5es, teatro e livros&rdquo;, afirmou Anna Maria Rattes, Subsecret\u00e1ria-Adjunta de Pol\u00edticas P\u00fablicas para as Mulheres do Estado do Rio de Janeiro e presidente do CEDIM.<SPAN style=\"mso-spacerun: yes\">&nbsp; <\/SPAN><o_p><\/o_p><\/SPAN><\/P> <P class=MsoNormal style=\"MARGIN: 0cm 0cm 0pt\"><SPAN style=\"FONT-SIZE: 10pt; FONT-FAMILY: Verdana\"><o_p>&nbsp;<\/o_p><\/SPAN><\/P> <P class=MsoNormal style=\"MARGIN: 0cm 0cm 0pt\"><SPAN style=\"FONT-SIZE: 10pt; FONT-FAMILY: Verdana\">Para o Ministro, a id\u00e9ia \u00e9 criar uma rede. &ldquo;A fun\u00e7\u00e3o dos pontos de cultura \u00e9 iluminar as partes dos diversos corpos sociais do pa\u00eds, onde os esfor\u00e7os, desejos <o_p><\/o_p><\/SPAN><\/P> <P class=MsoNormal style=\"MARGIN: 0cm 0cm 0pt\"><SPAN style=\"FONT-SIZE: 10pt; FONT-FAMILY: Verdana\">e atitudes se concentram, criando vozes, discursos e apelos \u00e0s responsabilidades que temos conosco e com os outros seres. Esperamos poder conectar essa iniciativa com as outras. O desafio \u00e9 criar uma vida comum, apesar de toda a diversidade e pluralidade da vida atual&rdquo;, disse Gil.<o_p><\/o_p><\/SPAN><\/P> <P class=MsoNormal style=\"MARGIN: 0cm 0cm 0pt\"><SPAN style=\"FONT-SIZE: 10pt; FONT-FAMILY: Verdana\"><o_p>&nbsp;<\/o_p><\/SPAN><\/P> <P class=MsoNormal style=\"MARGIN: 0cm 0cm 0pt\"><SPAN style=\"FONT-SIZE: 10pt; FONT-FAMILY: Verdana\">A educadora Leila Ara\u00fajo, coordenadora-t\u00e9cnica do ponto de cultura em g\u00eanero, ressaltou a import\u00e2ncia do projeto como um espa\u00e7o de preserva\u00e7\u00e3o da hist\u00f3ria de luta das mulheres. &ldquo;Nosso prop\u00f3sito \u00e9 tentar reunir e organizar, num s\u00f3 lugar, o acervo que constitui o patrim\u00f4nio hist\u00f3rico e cultural da mulher&rdquo;, disse ela. A inclus\u00e3o digital \u00e9 tamb\u00e9m um dos objetivos do ponto de cultura em g\u00eanero do Conselho: al\u00e9m da biblioteca virtual, o espa\u00e7o conta tamb\u00e9m com uma gr\u00e1fica digital. <o_p><\/o_p><\/SPAN><\/P> <P class=MsoNormal style=\"MARGIN: 0cm 0cm 0pt\"><SPAN style=\"FONT-SIZE: 10pt; FONT-FAMILY: Verdana\"><o_p>&nbsp;<\/o_p><\/SPAN><\/P> <P class=MsoNormal style=\"MARGIN: 0cm 0cm 0pt\"><SPAN style=\"FONT-SIZE: 10pt; FONT-FAMILY: Verdana\">A fase atual \u00e9 de avalia\u00e7\u00e3o de projetos: a institui\u00e7\u00e3o est\u00e1 recebendo projetos em cinema, teatro e artes pl\u00e1sticas que poder\u00e3o vir a compor o espa\u00e7o, e estar\u00e1, nos pr\u00f3ximos meses, avaliando estes projetos. O ponto de cultura dever\u00e1 estar funcionando, ap\u00f3s a sele\u00e7\u00e3o desses projetos, no segundo semestre de 2006. O CEDIM fica na rua Camerino, 51 &ndash; Centro &ndash; Rio de Janeiro. Mais informa\u00e7\u00f5es pelo telefone: 2299-2002.<o_p><\/o_p><\/SPAN><\/P><\/p>\n","protected":false},"excerpt":{"rendered":"<p>Garantir o acesso \u00e0 cultura, de forma democr\u00e1tica, \u00e0s mulheres em geral, \u00e9 a proposta do primeiro ponto de cultura em g\u00eanero do Brasil, instalado no Rio de Janeiro, na sede do Conselho Estadual dos Direitos da Mulher. A inaugura\u00e7\u00e3o contou com a presen\u00e7a do Ministro da Cultura, Gilberto Gil.<\/p>\n","protected":false},"author":1,"featured_media":0,"comment_status":"open","ping_status":"open","sticky":false,"template":"","format":"standard","meta":{"_acf_changed":false,"site-sidebar-layout":"default","site-content-layout":"default","ast-global-header-display":"","ast-main-header-display":"","ast-hfb-above-header-display":"","ast-hfb-below-header-display":"","ast-hfb-mobile-header-display":"","site-post-title":"","ast-breadcrumbs-content":"","ast-featured-img":"","footer-sml-layout":"","theme-transparent-header-meta":"","adv-header-id-meta":"","stick-header-meta":"","header-above-stick-meta":"","header-main-stick-meta":"","header-below-stick-meta":"","_jetpack_memberships_contains_paid_content":false,"footnotes":""},"categories":[7],"tags":[],"class_list":["post-222","post","type-post","status-publish","format-standard","hentry","category-noticias-clam"],"acf":[],"yoast_head":"<!-- This site is optimized with the Yoast SEO plugin v26.1.1 - https:\/\/yoast.com\/wordpress\/plugins\/seo\/ -->\n<title>Ponto de cultura em g\u00eanero - CLAM - ES<\/title>\n<meta name=\"robots\" content=\"index, follow, max-snippet:-1, max-image-preview:large, max-video-preview:-1\" \/>\n<link rel=\"canonical\" href=\"https:\/\/clam.org.br\/es\/noticias-clam\/ponto-de-cultura-em-genero\/222\/\" \/>\n<meta property=\"og:locale\" content=\"es_ES\" \/>\n<meta property=\"og:type\" content=\"article\" \/>\n<meta property=\"og:title\" content=\"Ponto de cultura em g\u00eanero - CLAM - ES\" \/>\n<meta property=\"og:description\" content=\"Garantir o acesso \u00e0 cultura, de forma democr\u00e1tica, \u00e0s mulheres em geral, \u00e9 a proposta do primeiro ponto de cultura em g\u00eanero do Brasil, instalado no Rio de Janeiro, na sede do Conselho Estadual dos Direitos da Mulher. A inaugura\u00e7\u00e3o contou com a presen\u00e7a do Ministro da Cultura, Gilberto Gil.\" \/>\n<meta property=\"og:url\" content=\"https:\/\/clam.org.br\/es\/noticias-clam\/ponto-de-cultura-em-genero\/222\/\" \/>\n<meta property=\"og:site_name\" content=\"CLAM - ES\" \/>\n<meta property=\"article:published_time\" content=\"2006-04-04T03:00:00+00:00\" \/>\n<meta name=\"author\" content=\"fw2\" \/>\n<meta name=\"twitter:card\" content=\"summary_large_image\" \/>\n<meta name=\"twitter:label1\" content=\"Escrito por\" \/>\n\t<meta name=\"twitter:data1\" content=\"fw2\" \/>\n\t<meta name=\"twitter:label2\" content=\"Tiempo de lectura\" \/>\n\t<meta name=\"twitter:data2\" content=\"3 minutos\" \/>\n<script type=\"application\/ld+json\" class=\"yoast-schema-graph\">{\"@context\":\"https:\/\/schema.org\",\"@graph\":[{\"@type\":\"WebPage\",\"@id\":\"https:\/\/clam.org.br\/es\/noticias-clam\/ponto-de-cultura-em-genero\/222\/\",\"url\":\"https:\/\/clam.org.br\/es\/noticias-clam\/ponto-de-cultura-em-genero\/222\/\",\"name\":\"Ponto de cultura em g\u00eanero - CLAM - ES\",\"isPartOf\":{\"@id\":\"https:\/\/clam.org.br\/es\/#website\"},\"datePublished\":\"2006-04-04T03:00:00+00:00\",\"author\":{\"@id\":\"https:\/\/clam.org.br\/es\/#\/schema\/person\/fbd9a86032bf7479f94b0ded196f1010\"},\"breadcrumb\":{\"@id\":\"https:\/\/clam.org.br\/es\/noticias-clam\/ponto-de-cultura-em-genero\/222\/#breadcrumb\"},\"inLanguage\":\"es\",\"potentialAction\":[{\"@type\":\"ReadAction\",\"target\":[\"https:\/\/clam.org.br\/es\/noticias-clam\/ponto-de-cultura-em-genero\/222\/\"]}]},{\"@type\":\"BreadcrumbList\",\"@id\":\"https:\/\/clam.org.br\/es\/noticias-clam\/ponto-de-cultura-em-genero\/222\/#breadcrumb\",\"itemListElement\":[{\"@type\":\"ListItem\",\"position\":1,\"name\":\"In\u00edcio\",\"item\":\"https:\/\/clam.org.br\/es\/\"},{\"@type\":\"ListItem\",\"position\":2,\"name\":\"Ponto de cultura em g\u00eanero\"}]},{\"@type\":\"WebSite\",\"@id\":\"https:\/\/clam.org.br\/es\/#website\",\"url\":\"https:\/\/clam.org.br\/es\/\",\"name\":\"CLAM - ES\",\"description\":\"S\u00f3 mais um site CLAM - Centro Latino-Americano em Sexualidade e Direitos Humanos sites\",\"potentialAction\":[{\"@type\":\"SearchAction\",\"target\":{\"@type\":\"EntryPoint\",\"urlTemplate\":\"https:\/\/clam.org.br\/es\/?s={search_term_string}\"},\"query-input\":{\"@type\":\"PropertyValueSpecification\",\"valueRequired\":true,\"valueName\":\"search_term_string\"}}],\"inLanguage\":\"es\"},{\"@type\":\"Person\",\"@id\":\"https:\/\/clam.org.br\/es\/#\/schema\/person\/fbd9a86032bf7479f94b0ded196f1010\",\"name\":\"fw2\",\"image\":{\"@type\":\"ImageObject\",\"inLanguage\":\"es\",\"@id\":\"https:\/\/clam.org.br\/es\/#\/schema\/person\/image\/\",\"url\":\"https:\/\/secure.gravatar.com\/avatar\/c38472c0cdbde82d9b6fcc26adb3779d?s=96&d=mm&r=g\",\"contentUrl\":\"https:\/\/secure.gravatar.com\/avatar\/c38472c0cdbde82d9b6fcc26adb3779d?s=96&d=mm&r=g\",\"caption\":\"fw2\"},\"sameAs\":[\"https:\/\/clam.fw2web.com.br\"],\"url\":\"https:\/\/clam.org.br\/es\/author\/fw2\/\"}]}<\/script>\n<!-- \/ Yoast SEO plugin. -->","yoast_head_json":{"title":"Ponto de cultura em g\u00eanero - CLAM - ES","robots":{"index":"index","follow":"follow","max-snippet":"max-snippet:-1","max-image-preview":"max-image-preview:large","max-video-preview":"max-video-preview:-1"},"canonical":"https:\/\/clam.org.br\/es\/noticias-clam\/ponto-de-cultura-em-genero\/222\/","og_locale":"es_ES","og_type":"article","og_title":"Ponto de cultura em g\u00eanero - CLAM - ES","og_description":"Garantir o acesso \u00e0 cultura, de forma democr\u00e1tica, \u00e0s mulheres em geral, \u00e9 a proposta do primeiro ponto de cultura em g\u00eanero do Brasil, instalado no Rio de Janeiro, na sede do Conselho Estadual dos Direitos da Mulher. A inaugura\u00e7\u00e3o contou com a presen\u00e7a do Ministro da Cultura, Gilberto Gil.","og_url":"https:\/\/clam.org.br\/es\/noticias-clam\/ponto-de-cultura-em-genero\/222\/","og_site_name":"CLAM - ES","article_published_time":"2006-04-04T03:00:00+00:00","author":"fw2","twitter_card":"summary_large_image","twitter_misc":{"Escrito por":"fw2","Tiempo de lectura":"3 minutos"},"schema":{"@context":"https:\/\/schema.org","@graph":[{"@type":"WebPage","@id":"https:\/\/clam.org.br\/es\/noticias-clam\/ponto-de-cultura-em-genero\/222\/","url":"https:\/\/clam.org.br\/es\/noticias-clam\/ponto-de-cultura-em-genero\/222\/","name":"Ponto de cultura em g\u00eanero - CLAM - ES","isPartOf":{"@id":"https:\/\/clam.org.br\/es\/#website"},"datePublished":"2006-04-04T03:00:00+00:00","author":{"@id":"https:\/\/clam.org.br\/es\/#\/schema\/person\/fbd9a86032bf7479f94b0ded196f1010"},"breadcrumb":{"@id":"https:\/\/clam.org.br\/es\/noticias-clam\/ponto-de-cultura-em-genero\/222\/#breadcrumb"},"inLanguage":"es","potentialAction":[{"@type":"ReadAction","target":["https:\/\/clam.org.br\/es\/noticias-clam\/ponto-de-cultura-em-genero\/222\/"]}]},{"@type":"BreadcrumbList","@id":"https:\/\/clam.org.br\/es\/noticias-clam\/ponto-de-cultura-em-genero\/222\/#breadcrumb","itemListElement":[{"@type":"ListItem","position":1,"name":"In\u00edcio","item":"https:\/\/clam.org.br\/es\/"},{"@type":"ListItem","position":2,"name":"Ponto de cultura em g\u00eanero"}]},{"@type":"WebSite","@id":"https:\/\/clam.org.br\/es\/#website","url":"https:\/\/clam.org.br\/es\/","name":"CLAM - ES","description":"S\u00f3 mais um site CLAM - Centro Latino-Americano em Sexualidade e Direitos Humanos sites","potentialAction":[{"@type":"SearchAction","target":{"@type":"EntryPoint","urlTemplate":"https:\/\/clam.org.br\/es\/?s={search_term_string}"},"query-input":{"@type":"PropertyValueSpecification","valueRequired":true,"valueName":"search_term_string"}}],"inLanguage":"es"},{"@type":"Person","@id":"https:\/\/clam.org.br\/es\/#\/schema\/person\/fbd9a86032bf7479f94b0ded196f1010","name":"fw2","image":{"@type":"ImageObject","inLanguage":"es","@id":"https:\/\/clam.org.br\/es\/#\/schema\/person\/image\/","url":"https:\/\/secure.gravatar.com\/avatar\/c38472c0cdbde82d9b6fcc26adb3779d?s=96&d=mm&r=g","contentUrl":"https:\/\/secure.gravatar.com\/avatar\/c38472c0cdbde82d9b6fcc26adb3779d?s=96&d=mm&r=g","caption":"fw2"},"sameAs":["https:\/\/clam.fw2web.com.br"],"url":"https:\/\/clam.org.br\/es\/author\/fw2\/"}]}},"jetpack_featured_media_url":"","jetpack_sharing_enabled":true,"_links":{"self":[{"href":"https:\/\/clam.org.br\/es\/wp-json\/wp\/v2\/posts\/222","targetHints":{"allow":["GET"]}}],"collection":[{"href":"https:\/\/clam.org.br\/es\/wp-json\/wp\/v2\/posts"}],"about":[{"href":"https:\/\/clam.org.br\/es\/wp-json\/wp\/v2\/types\/post"}],"author":[{"embeddable":true,"href":"https:\/\/clam.org.br\/es\/wp-json\/wp\/v2\/users\/1"}],"replies":[{"embeddable":true,"href":"https:\/\/clam.org.br\/es\/wp-json\/wp\/v2\/comments?post=222"}],"version-history":[{"count":0,"href":"https:\/\/clam.org.br\/es\/wp-json\/wp\/v2\/posts\/222\/revisions"}],"wp:attachment":[{"href":"https:\/\/clam.org.br\/es\/wp-json\/wp\/v2\/media?parent=222"}],"wp:term":[{"taxonomy":"category","embeddable":true,"href":"https:\/\/clam.org.br\/es\/wp-json\/wp\/v2\/categories?post=222"},{"taxonomy":"post_tag","embeddable":true,"href":"https:\/\/clam.org.br\/es\/wp-json\/wp\/v2\/tags?post=222"}],"curies":[{"name":"wp","href":"https:\/\/api.w.org\/{rel}","templated":true}]}}