{"id":232,"date":"2006-03-07T00:00:00","date_gmt":"2006-03-07T03:00:00","guid":{"rendered":"https:\/\/clam.org.br\/es\/2006\/03\/07\/curso-enfoca-violencia-de-genero\/"},"modified":"2006-03-07T00:00:00","modified_gmt":"2006-03-07T03:00:00","slug":"curso-enfoca-violencia-de-genero","status":"publish","type":"post","link":"https:\/\/clam.org.br\/es\/noticias-clam\/curso-enfoca-violencia-de-genero\/232\/","title":{"rendered":"Curso enfoca viol\u00eancia de g\u00eanero"},"content":{"rendered":"<p>Parceria do CLAM com o N\u00facleo de Estudos de Sexualidade e G\u00eanero do Instituto de Filosofia e Ci\u00eancias Sociais da Universidade Federal do Rio de Janeiro (Neseg\/IFCS\/UFRJ), o curso <I>Estudos e Pesquisas em Direitos Humanos, G\u00eanero e Viol\u00eancia<\/I> tem como objetivo contribuir para a forma\u00e7\u00e3o de pesquisadores na \u00e1rea das rela\u00e7\u00f5es de g\u00eanero e viol\u00eancia.<BR>  <P>A proposta do curso surgiu no contexto do projeto <I>G\u00eanero e Direitos Sexuais &ndash; um estudo sobre as percep\u00e7\u00f5es da viol\u00eancia entre profissionais da \u00e1rea de seguran\u00e7a p\u00fablica do Rio de Janeiro<\/I>, do NESEG, aprovado no concurso Direitos Humanos para Todos, promovido pela Funda\u00e7\u00e3o de Amparo \u00e0 Pesquisa do Estado do Rio de Janeiro (FAPERJ) em 2004.<BR>  <P>O curso tem carga hor\u00e1ria de 8 horas\/aulas e 40 vagas para estudantes de gradua\u00e7\u00e3o e p\u00f3s-gradua\u00e7\u00e3o (20 delas para o IFCS\/UFRJ e 20 para o Instituto de Medicina Social\/UERJ), sendo dividido em duas partes: a primeira como parte integrante da disciplina <I>T\u00f3picos Especiais<\/I>, do Laborat\u00f3rio de Pesquisa do IFCS, ministrado pelas professoras Bila Sorj e Aparecida Moraes. Na segunda parte do curso ocorrer\u00e3o encontros com docentes e especialistas, sempre realizados das 17h \u00e0s 19h, na sede do IFCS (Largo de S\u00e3o Francisco de Paula, 20, Centro &ndash; Rio de Janeiro)<BR>  <P><B>Programa:<\/B>  <P><B>14\/03 &ndash; Perspectivas Te\u00f3ricas nos Estudos de G\u00eanero e Viol\u00eancia<\/B><BR> Expositoras: Bila Sorj (NESEG\/IFCS\/UFRJ) e Maria Luiza Heilborn (CLAM\/IMS\/UERJ)<BR>  <P><B>16\/03 &ndash; G\u00eanero, Viol\u00eancia e Direitos Humanos na Sociedade Brasileira<\/B><BR> Expositoras: Adriana de Resende Vianna (Programa de P\u00f3s-Gradua\u00e7\u00e3o em Antropologia Social &ndash; PPGAS\/Museu Nacional\/UFRJ) e S\u00f4nia Correa (Associa\u00e7\u00e3o Brasileira Interdisciplinar de Aids \/ Rede Dawn)<BR>  <P><B>21\/03 &ndash; Estudos sobre G\u00eanero e Viol\u00eancia &ndash; Reflex\u00f5es e Horizontes<BR> <\/B>Expositoras: Elaine Reis Brand\u00e3o (Departamento de Medicina Preventiva e N\u00facleo de Estudos de Sa\u00fade Coletiva &ndash; NESC\/UFRJ), Mirian Goldenberg (NESEG\/IFCS\/UFRJ) e Suely Souza de Almeida (Centro de Filosofia e Ci\u00eancias Humanas &ndash; CFCH\/UFRJ)<BR>  <P><B>23\/01 &ndash; Pesquisa sobre Viol\u00eancia Conjugal e Viol\u00eancia Sexual<\/B><BR> Expositores: Aparecida Fonseca Moraes (NESEG\/IFCS\/UFRJ), B\u00e1rbara Musumeci Soares (Centro de Estudos de Seguran\u00e7a e Cidadania &ndash; CESEC\/UCAM) e S\u00e9rgio Carrara (CLAM\/IMS\/UERJ) <\/P><\/p>\n","protected":false},"excerpt":{"rendered":"<p>Contribuir para a forma\u00e7\u00e3o de pesquisadores na \u00e1rea das rela\u00e7\u00f5es de g\u00eanero e viol\u00eancia \u00e9 a proposta do curso <EM>Estudos e Pesquisas em Direitos Humanos, G\u00eanero e Viol\u00eancia<\/EM>. Encontros com especialistas ocorrer\u00e3o durante todo o m\u00eas de mar\u00e7o como parte integrante do curso.<\/p>\n","protected":false},"author":1,"featured_media":0,"comment_status":"open","ping_status":"open","sticky":false,"template":"","format":"standard","meta":{"_acf_changed":false,"site-sidebar-layout":"default","site-content-layout":"default","ast-global-header-display":"","ast-main-header-display":"","ast-hfb-above-header-display":"","ast-hfb-below-header-display":"","ast-hfb-mobile-header-display":"","site-post-title":"","ast-breadcrumbs-content":"","ast-featured-img":"","footer-sml-layout":"","theme-transparent-header-meta":"","adv-header-id-meta":"","stick-header-meta":"","header-above-stick-meta":"","header-main-stick-meta":"","header-below-stick-meta":"","_jetpack_memberships_contains_paid_content":false,"footnotes":""},"categories":[7],"tags":[],"class_list":["post-232","post","type-post","status-publish","format-standard","hentry","category-noticias-clam"],"acf":[],"yoast_head":"<!-- This site is optimized with the Yoast SEO plugin v26.1.1 - https:\/\/yoast.com\/wordpress\/plugins\/seo\/ -->\n<title>Curso enfoca viol\u00eancia de g\u00eanero - CLAM - ES<\/title>\n<meta name=\"robots\" content=\"index, follow, max-snippet:-1, max-image-preview:large, max-video-preview:-1\" \/>\n<link rel=\"canonical\" href=\"https:\/\/clam.org.br\/es\/noticias-clam\/curso-enfoca-violencia-de-genero\/232\/\" \/>\n<meta property=\"og:locale\" content=\"es_ES\" \/>\n<meta property=\"og:type\" content=\"article\" \/>\n<meta property=\"og:title\" content=\"Curso enfoca viol\u00eancia de g\u00eanero - CLAM - ES\" \/>\n<meta property=\"og:description\" content=\"Contribuir para a forma\u00e7\u00e3o de pesquisadores na \u00e1rea das rela\u00e7\u00f5es de g\u00eanero e viol\u00eancia \u00e9 a proposta do curso Estudos e Pesquisas em Direitos Humanos, G\u00eanero e Viol\u00eancia. Encontros com especialistas ocorrer\u00e3o durante todo o m\u00eas de mar\u00e7o como parte integrante do curso.\" \/>\n<meta property=\"og:url\" content=\"https:\/\/clam.org.br\/es\/noticias-clam\/curso-enfoca-violencia-de-genero\/232\/\" \/>\n<meta property=\"og:site_name\" content=\"CLAM - ES\" \/>\n<meta property=\"article:published_time\" content=\"2006-03-07T03:00:00+00:00\" \/>\n<meta name=\"author\" content=\"fw2\" \/>\n<meta name=\"twitter:card\" content=\"summary_large_image\" \/>\n<meta name=\"twitter:label1\" content=\"Escrito por\" \/>\n\t<meta name=\"twitter:data1\" content=\"fw2\" \/>\n\t<meta name=\"twitter:label2\" content=\"Tiempo de lectura\" \/>\n\t<meta name=\"twitter:data2\" content=\"2 minutos\" \/>\n<script type=\"application\/ld+json\" class=\"yoast-schema-graph\">{\"@context\":\"https:\/\/schema.org\",\"@graph\":[{\"@type\":\"WebPage\",\"@id\":\"https:\/\/clam.org.br\/es\/noticias-clam\/curso-enfoca-violencia-de-genero\/232\/\",\"url\":\"https:\/\/clam.org.br\/es\/noticias-clam\/curso-enfoca-violencia-de-genero\/232\/\",\"name\":\"Curso enfoca viol\u00eancia de g\u00eanero - CLAM - ES\",\"isPartOf\":{\"@id\":\"https:\/\/clam.org.br\/es\/#website\"},\"datePublished\":\"2006-03-07T03:00:00+00:00\",\"author\":{\"@id\":\"https:\/\/clam.org.br\/es\/#\/schema\/person\/fbd9a86032bf7479f94b0ded196f1010\"},\"breadcrumb\":{\"@id\":\"https:\/\/clam.org.br\/es\/noticias-clam\/curso-enfoca-violencia-de-genero\/232\/#breadcrumb\"},\"inLanguage\":\"es\",\"potentialAction\":[{\"@type\":\"ReadAction\",\"target\":[\"https:\/\/clam.org.br\/es\/noticias-clam\/curso-enfoca-violencia-de-genero\/232\/\"]}]},{\"@type\":\"BreadcrumbList\",\"@id\":\"https:\/\/clam.org.br\/es\/noticias-clam\/curso-enfoca-violencia-de-genero\/232\/#breadcrumb\",\"itemListElement\":[{\"@type\":\"ListItem\",\"position\":1,\"name\":\"In\u00edcio\",\"item\":\"https:\/\/clam.org.br\/es\/\"},{\"@type\":\"ListItem\",\"position\":2,\"name\":\"Curso enfoca viol\u00eancia de g\u00eanero\"}]},{\"@type\":\"WebSite\",\"@id\":\"https:\/\/clam.org.br\/es\/#website\",\"url\":\"https:\/\/clam.org.br\/es\/\",\"name\":\"CLAM - ES\",\"description\":\"S\u00f3 mais um site CLAM - Centro Latino-Americano em Sexualidade e Direitos Humanos sites\",\"potentialAction\":[{\"@type\":\"SearchAction\",\"target\":{\"@type\":\"EntryPoint\",\"urlTemplate\":\"https:\/\/clam.org.br\/es\/?s={search_term_string}\"},\"query-input\":{\"@type\":\"PropertyValueSpecification\",\"valueRequired\":true,\"valueName\":\"search_term_string\"}}],\"inLanguage\":\"es\"},{\"@type\":\"Person\",\"@id\":\"https:\/\/clam.org.br\/es\/#\/schema\/person\/fbd9a86032bf7479f94b0ded196f1010\",\"name\":\"fw2\",\"image\":{\"@type\":\"ImageObject\",\"inLanguage\":\"es\",\"@id\":\"https:\/\/clam.org.br\/es\/#\/schema\/person\/image\/\",\"url\":\"https:\/\/secure.gravatar.com\/avatar\/c38472c0cdbde82d9b6fcc26adb3779d?s=96&d=mm&r=g\",\"contentUrl\":\"https:\/\/secure.gravatar.com\/avatar\/c38472c0cdbde82d9b6fcc26adb3779d?s=96&d=mm&r=g\",\"caption\":\"fw2\"},\"sameAs\":[\"https:\/\/clam.fw2web.com.br\"],\"url\":\"https:\/\/clam.org.br\/es\/author\/fw2\/\"}]}<\/script>\n<!-- \/ Yoast SEO plugin. -->","yoast_head_json":{"title":"Curso enfoca viol\u00eancia de g\u00eanero - CLAM - ES","robots":{"index":"index","follow":"follow","max-snippet":"max-snippet:-1","max-image-preview":"max-image-preview:large","max-video-preview":"max-video-preview:-1"},"canonical":"https:\/\/clam.org.br\/es\/noticias-clam\/curso-enfoca-violencia-de-genero\/232\/","og_locale":"es_ES","og_type":"article","og_title":"Curso enfoca viol\u00eancia de g\u00eanero - CLAM - ES","og_description":"Contribuir para a forma\u00e7\u00e3o de pesquisadores na \u00e1rea das rela\u00e7\u00f5es de g\u00eanero e viol\u00eancia \u00e9 a proposta do curso Estudos e Pesquisas em Direitos Humanos, G\u00eanero e Viol\u00eancia. Encontros com especialistas ocorrer\u00e3o durante todo o m\u00eas de mar\u00e7o como parte integrante do curso.","og_url":"https:\/\/clam.org.br\/es\/noticias-clam\/curso-enfoca-violencia-de-genero\/232\/","og_site_name":"CLAM - ES","article_published_time":"2006-03-07T03:00:00+00:00","author":"fw2","twitter_card":"summary_large_image","twitter_misc":{"Escrito por":"fw2","Tiempo de lectura":"2 minutos"},"schema":{"@context":"https:\/\/schema.org","@graph":[{"@type":"WebPage","@id":"https:\/\/clam.org.br\/es\/noticias-clam\/curso-enfoca-violencia-de-genero\/232\/","url":"https:\/\/clam.org.br\/es\/noticias-clam\/curso-enfoca-violencia-de-genero\/232\/","name":"Curso enfoca viol\u00eancia de g\u00eanero - CLAM - ES","isPartOf":{"@id":"https:\/\/clam.org.br\/es\/#website"},"datePublished":"2006-03-07T03:00:00+00:00","author":{"@id":"https:\/\/clam.org.br\/es\/#\/schema\/person\/fbd9a86032bf7479f94b0ded196f1010"},"breadcrumb":{"@id":"https:\/\/clam.org.br\/es\/noticias-clam\/curso-enfoca-violencia-de-genero\/232\/#breadcrumb"},"inLanguage":"es","potentialAction":[{"@type":"ReadAction","target":["https:\/\/clam.org.br\/es\/noticias-clam\/curso-enfoca-violencia-de-genero\/232\/"]}]},{"@type":"BreadcrumbList","@id":"https:\/\/clam.org.br\/es\/noticias-clam\/curso-enfoca-violencia-de-genero\/232\/#breadcrumb","itemListElement":[{"@type":"ListItem","position":1,"name":"In\u00edcio","item":"https:\/\/clam.org.br\/es\/"},{"@type":"ListItem","position":2,"name":"Curso enfoca viol\u00eancia de g\u00eanero"}]},{"@type":"WebSite","@id":"https:\/\/clam.org.br\/es\/#website","url":"https:\/\/clam.org.br\/es\/","name":"CLAM - ES","description":"S\u00f3 mais um site CLAM - Centro Latino-Americano em Sexualidade e Direitos Humanos sites","potentialAction":[{"@type":"SearchAction","target":{"@type":"EntryPoint","urlTemplate":"https:\/\/clam.org.br\/es\/?s={search_term_string}"},"query-input":{"@type":"PropertyValueSpecification","valueRequired":true,"valueName":"search_term_string"}}],"inLanguage":"es"},{"@type":"Person","@id":"https:\/\/clam.org.br\/es\/#\/schema\/person\/fbd9a86032bf7479f94b0ded196f1010","name":"fw2","image":{"@type":"ImageObject","inLanguage":"es","@id":"https:\/\/clam.org.br\/es\/#\/schema\/person\/image\/","url":"https:\/\/secure.gravatar.com\/avatar\/c38472c0cdbde82d9b6fcc26adb3779d?s=96&d=mm&r=g","contentUrl":"https:\/\/secure.gravatar.com\/avatar\/c38472c0cdbde82d9b6fcc26adb3779d?s=96&d=mm&r=g","caption":"fw2"},"sameAs":["https:\/\/clam.fw2web.com.br"],"url":"https:\/\/clam.org.br\/es\/author\/fw2\/"}]}},"jetpack_featured_media_url":"","jetpack_sharing_enabled":true,"_links":{"self":[{"href":"https:\/\/clam.org.br\/es\/wp-json\/wp\/v2\/posts\/232","targetHints":{"allow":["GET"]}}],"collection":[{"href":"https:\/\/clam.org.br\/es\/wp-json\/wp\/v2\/posts"}],"about":[{"href":"https:\/\/clam.org.br\/es\/wp-json\/wp\/v2\/types\/post"}],"author":[{"embeddable":true,"href":"https:\/\/clam.org.br\/es\/wp-json\/wp\/v2\/users\/1"}],"replies":[{"embeddable":true,"href":"https:\/\/clam.org.br\/es\/wp-json\/wp\/v2\/comments?post=232"}],"version-history":[{"count":0,"href":"https:\/\/clam.org.br\/es\/wp-json\/wp\/v2\/posts\/232\/revisions"}],"wp:attachment":[{"href":"https:\/\/clam.org.br\/es\/wp-json\/wp\/v2\/media?parent=232"}],"wp:term":[{"taxonomy":"category","embeddable":true,"href":"https:\/\/clam.org.br\/es\/wp-json\/wp\/v2\/categories?post=232"},{"taxonomy":"post_tag","embeddable":true,"href":"https:\/\/clam.org.br\/es\/wp-json\/wp\/v2\/tags?post=232"}],"curies":[{"name":"wp","href":"https:\/\/api.w.org\/{rel}","templated":true}]}}