{"id":235,"date":"2006-02-13T00:00:00","date_gmt":"2006-02-13T02:00:00","guid":{"rendered":"https:\/\/clam.org.br\/es\/2006\/02\/13\/perfil-de-pvvs-en-encuentro\/"},"modified":"2006-02-13T00:00:00","modified_gmt":"2006-02-13T02:00:00","slug":"perfil-de-pvvs-en-encuentro","status":"publish","type":"post","link":"https:\/\/clam.org.br\/es\/noticias-clam\/perfil-de-pvvs-en-encuentro\/235\/","title":{"rendered":"Perfil de PVVS en encuentro"},"content":{"rendered":"<p>El papel de las ONGs y de las redes brasileras en la Cooperaci\u00f3n Externa de acceso a medicamentos antiretrovirales en Am\u00e9rica Latina fue el principal foco del Seminario &ldquo;Cooperaci\u00f3n, Movilizaci\u00f3n Social e Descentralizaci\u00f3n de las Pol\u00edticas P\u00fablicas en VIH\/SIDA en Am\u00e9rica Latina&rdquo;, promovido por la <a href=\"http:\/\/www.abiaids.org.br\/\" target=\"_blank\" rel=\"noopener\">Asociaci\u00f3n Brasilera Interdisciplinar de SIDA (ABIA)<\/A> entre los d\u00edas 7 y 9 de febrero, en Rio de Janeiro.<BR>  <P>En este seminario fueron presentadas las primeras versiones de dos Estudios de Caso desarrollados por la ABIA: el acceso a medicamentos en Paraguay y Bolivia. Seg\u00fan el investigador Veriano Terto J\u00fanior, coordinador de la instituci\u00f3n, algunas cuestiones fundamentales orientaron los trabajos, entre ellas, c\u00f3mo la sociedad civil de esos pa\u00edses se ha posicionado respecto a los programas de donaci\u00f3n y en relaci\u00f3n a la sustentabilidad de esos programas y, principalmente, cu\u00e1l es el papel de las ONGs en ese proceso y c\u00f3mo ellas se articulan con los sectores de la salud y lo parlamentar.<BR>  <P>&ldquo;Sabemos que la universalidad en la distribuci\u00f3n de los medicamentos antiretrovirales es v\u00e1lida en el Brasil, pero \u00bfser\u00e1 v\u00e1lida tambi\u00e9n en pa\u00edses vecinos como Bolivia y Paraguay? Esta fue la cuesti\u00f3n que nos impuls\u00f3&rdquo;, explic\u00f3 Veriano.<BR>  <P>El estudio realiz\u00f3 el perfil social y epidemiol\u00f3gico de los dos pa\u00edses. Los datos de las investigaciones muestran que la pobreza es el m\u00e1s grande obst\u00e1culo para la eficacia de programas y pol\u00edticas p\u00fablicas. En Paraguay son 2,3 millones de pobres, lo que representa 41,4% de la poblaci\u00f3n. En este pa\u00eds, en 20 a\u00f1os de epidemia, cerca de 15 mil personas est\u00e1n infectadas, 74% entre los hombres y 26% entre las mujeres. &ldquo;Pero se registra un crecimiento significativo de casos entre las mujeres. La forma de transmisi\u00f3n m\u00e1s frecuente, seg\u00fan la investigaci\u00f3n, se da por v\u00eda heterosexual. Observamos tambi\u00e9n una tendencia a la &lsquo;juvenilizaci\u00f3n&rsquo; y &lsquo;ruralizaci\u00f3n&rsquo; de la epidemia&rdquo;, afirm\u00f3 la investigadora Ivia Maskud (ABIA).<BR>  <P>En Bolivia, la tasa de mortalidad de la enfermedad lleg\u00f3 a un nivel del 46%. &ldquo;Este \u00edndice dur\u00f3 hasta 2003, cuando la tasa se redujo al 9% con el inicio del Programa de Cooperaci\u00f3n Internacional (PCI) del gobierno brasilero&rdquo;, record\u00f3 la investigadora Luciana Kamel (ABIA). En este pa\u00eds, hay alrededor de 4.500 personas viviendo con SIDA, concentradas principalmente en las \u00e1reas urbanas. As\u00ed como en Paraguay, la transmisi\u00f3n se da m\u00e1s frecuentemente entre heterosexuales, 67% de los casos est\u00e1n concentrados en esa poblaci\u00f3n.<BR>  <P>El estudio identific\u00f3 tambi\u00e9n lagunas y necesidades respecto a los derechos individuales en el acceso a los medicamentos de las personas que viven con SIDA: en ninguno de los dos pa\u00edses, por ejemplo, existe una ley espec\u00edfica para la distribuci\u00f3n de medicamentos. En el caso de Bolivia, existe una resoluci\u00f3n ministerial del 2004 que garantiza el acceso a medicamentos, pero \u00e9sta no es una ley. De la misma manera, a pesar de la pobreza dominante, la salud p\u00fablica no es gratuita ni en Paraguay ni en Bolivia. Cuestiones como \u00e9stas, seg\u00fan los activistas que asistieron al seminario, no deben ser encaradas apenas como de acci\u00f3n gubernamental, sino que tambi\u00e9n deben ser inter\u00e9s de la sociedad civil.<BR>  <P>&ldquo;Las personas con VIH en el Paraguay no saben que tienen derechos. Este es un aspecto que traemos en nuestra cultura despu\u00e9s de a\u00f1os de dictadura&rdquo;, opin\u00f3 la te\u00f3loga Mirta Ruiz, activista de la Fundaci\u00f3n Vencer &shy; entidad civil creada en 1998 que tiene como l\u00ednea de actuaci\u00f3n la prevenci\u00f3n del VIH y la atenci\u00f3n integral a los derechos humanos de personas que viven con el virus.<BR>  <P>Seg\u00fan la psic\u00f3loga Patricia Aguilar de la instituci\u00f3n paraguaya PROMESA &shy; Promoci\u00f3n y mejoramiento de la Salud &shy; el principal obst\u00e1culo en la actuaci\u00f3n de los movimientos sociales en el pa\u00eds, es la invisibilidad de la epidemia. A\u00f1adi\u00f3: &ldquo;Somos un pa\u00eds de poblaci\u00f3n peque\u00f1a y el n\u00famero de infectados es grande para nosotros, pero desafortunadamente no es expresivo para las agencias internacionales de fondos monetarios&rdquo;. De ah\u00ed la importancia de programas como el de la Cooperaci\u00f3n Internacional firmado con Brasil. El PCI, implementado en el pa\u00eds en 2004, contempla los medicamentos para el inicio de la terapia. En Paraguay, alrededor de 400 pacientes usan los medicamentos producidos en Brasil que son donados al Sistema de Salud del pa\u00eds vecino. Adem\u00e1s, el Programa proporciona la transferencia de tecnolog\u00eda en asistencia y manejo cl\u00ednico de los pacientes.<BR>  <P>La ampliaci\u00f3n del acceso a los medicamentos es vista por los activistas como una conquista. &ldquo;El Programa fortaleci\u00f3 a las organizaciones civiles en la lucha por los derechos humanos de los portadores de VIH&rdquo;, comenta Patricia.<BR>  <P>No obstante, para la activista Aurora Gaona, de la Fundaci\u00f3n Equidad, de Paraguay, todav\u00eda queda mucho por ser superado. &ldquo;Uno de nuestros mayores problemas es la discriminaci\u00f3n causada por la falta total de informaci\u00f3n. Trabajar en la educaci\u00f3n es una de nuestras prioridades&rdquo;, afirm\u00f3.<BR> <BR> <A href=\"http:\/\/www.clam.org.br\/publique\/cgi\/cgilua.exe\/sys\/start.htm?infoid=995&amp;sid=7\">Leia este texto em portugu\u00eas.<\/A><\/P><\/p>\n","protected":false},"excerpt":{"rendered":"<p>Paraguay y Bolivia a\u00fan enfrentan prejuicios en relaci\u00f3n a las personas que viven con VIH\/SIDA y dificultades en el acceso a medicamentos. Programa de cooperaci\u00f3n brasile\u00f1o ayud\u00f3 a disminuir las tasas de mortalidad. Activistas latinoamericanos debaten la actuaci\u00f3n de la sociedad civil.<\/p>\n","protected":false},"author":1,"featured_media":0,"comment_status":"open","ping_status":"open","sticky":false,"template":"","format":"standard","meta":{"_acf_changed":false,"site-sidebar-layout":"default","site-content-layout":"default","ast-global-header-display":"","ast-main-header-display":"","ast-hfb-above-header-display":"","ast-hfb-below-header-display":"","ast-hfb-mobile-header-display":"","site-post-title":"","ast-breadcrumbs-content":"","ast-featured-img":"","footer-sml-layout":"","theme-transparent-header-meta":"","adv-header-id-meta":"","stick-header-meta":"","header-above-stick-meta":"","header-main-stick-meta":"","header-below-stick-meta":"","_jetpack_memberships_contains_paid_content":false,"footnotes":""},"categories":[7],"tags":[],"class_list":["post-235","post","type-post","status-publish","format-standard","hentry","category-noticias-clam"],"acf":[],"yoast_head":"<!-- This site is optimized with the Yoast SEO plugin v26.1.1 - https:\/\/yoast.com\/wordpress\/plugins\/seo\/ -->\n<title>Perfil de PVVS en encuentro - CLAM - ES<\/title>\n<meta name=\"robots\" content=\"index, follow, max-snippet:-1, max-image-preview:large, max-video-preview:-1\" \/>\n<link rel=\"canonical\" href=\"https:\/\/clam.org.br\/es\/noticias-clam\/perfil-de-pvvs-en-encuentro\/235\/\" \/>\n<meta property=\"og:locale\" content=\"es_ES\" \/>\n<meta property=\"og:type\" content=\"article\" \/>\n<meta property=\"og:title\" content=\"Perfil de PVVS en encuentro - CLAM - ES\" \/>\n<meta property=\"og:description\" content=\"Paraguay y Bolivia a\u00fan enfrentan prejuicios en relaci\u00f3n a las personas que viven con VIH\/SIDA y dificultades en el acceso a medicamentos. Programa de cooperaci\u00f3n brasile\u00f1o ayud\u00f3 a disminuir las tasas de mortalidad. Activistas latinoamericanos debaten la actuaci\u00f3n de la sociedad civil.\" \/>\n<meta property=\"og:url\" content=\"https:\/\/clam.org.br\/es\/noticias-clam\/perfil-de-pvvs-en-encuentro\/235\/\" \/>\n<meta property=\"og:site_name\" content=\"CLAM - ES\" \/>\n<meta property=\"article:published_time\" content=\"2006-02-13T02:00:00+00:00\" \/>\n<meta name=\"author\" content=\"fw2\" \/>\n<meta name=\"twitter:card\" content=\"summary_large_image\" \/>\n<meta name=\"twitter:label1\" content=\"Escrito por\" \/>\n\t<meta name=\"twitter:data1\" content=\"fw2\" \/>\n\t<meta name=\"twitter:label2\" content=\"Tiempo de lectura\" \/>\n\t<meta name=\"twitter:data2\" content=\"4 minutos\" \/>\n<script type=\"application\/ld+json\" class=\"yoast-schema-graph\">{\"@context\":\"https:\/\/schema.org\",\"@graph\":[{\"@type\":\"WebPage\",\"@id\":\"https:\/\/clam.org.br\/es\/noticias-clam\/perfil-de-pvvs-en-encuentro\/235\/\",\"url\":\"https:\/\/clam.org.br\/es\/noticias-clam\/perfil-de-pvvs-en-encuentro\/235\/\",\"name\":\"Perfil de PVVS en encuentro - CLAM - ES\",\"isPartOf\":{\"@id\":\"https:\/\/clam.org.br\/es\/#website\"},\"datePublished\":\"2006-02-13T02:00:00+00:00\",\"author\":{\"@id\":\"https:\/\/clam.org.br\/es\/#\/schema\/person\/fbd9a86032bf7479f94b0ded196f1010\"},\"breadcrumb\":{\"@id\":\"https:\/\/clam.org.br\/es\/noticias-clam\/perfil-de-pvvs-en-encuentro\/235\/#breadcrumb\"},\"inLanguage\":\"es\",\"potentialAction\":[{\"@type\":\"ReadAction\",\"target\":[\"https:\/\/clam.org.br\/es\/noticias-clam\/perfil-de-pvvs-en-encuentro\/235\/\"]}]},{\"@type\":\"BreadcrumbList\",\"@id\":\"https:\/\/clam.org.br\/es\/noticias-clam\/perfil-de-pvvs-en-encuentro\/235\/#breadcrumb\",\"itemListElement\":[{\"@type\":\"ListItem\",\"position\":1,\"name\":\"In\u00edcio\",\"item\":\"https:\/\/clam.org.br\/es\/\"},{\"@type\":\"ListItem\",\"position\":2,\"name\":\"Perfil de PVVS en encuentro\"}]},{\"@type\":\"WebSite\",\"@id\":\"https:\/\/clam.org.br\/es\/#website\",\"url\":\"https:\/\/clam.org.br\/es\/\",\"name\":\"CLAM - ES\",\"description\":\"S\u00f3 mais um site CLAM - Centro Latino-Americano em Sexualidade e Direitos Humanos sites\",\"potentialAction\":[{\"@type\":\"SearchAction\",\"target\":{\"@type\":\"EntryPoint\",\"urlTemplate\":\"https:\/\/clam.org.br\/es\/?s={search_term_string}\"},\"query-input\":{\"@type\":\"PropertyValueSpecification\",\"valueRequired\":true,\"valueName\":\"search_term_string\"}}],\"inLanguage\":\"es\"},{\"@type\":\"Person\",\"@id\":\"https:\/\/clam.org.br\/es\/#\/schema\/person\/fbd9a86032bf7479f94b0ded196f1010\",\"name\":\"fw2\",\"image\":{\"@type\":\"ImageObject\",\"inLanguage\":\"es\",\"@id\":\"https:\/\/clam.org.br\/es\/#\/schema\/person\/image\/\",\"url\":\"https:\/\/secure.gravatar.com\/avatar\/c38472c0cdbde82d9b6fcc26adb3779d?s=96&d=mm&r=g\",\"contentUrl\":\"https:\/\/secure.gravatar.com\/avatar\/c38472c0cdbde82d9b6fcc26adb3779d?s=96&d=mm&r=g\",\"caption\":\"fw2\"},\"sameAs\":[\"https:\/\/clam.fw2web.com.br\"],\"url\":\"https:\/\/clam.org.br\/es\/author\/fw2\/\"}]}<\/script>\n<!-- \/ Yoast SEO plugin. -->","yoast_head_json":{"title":"Perfil de PVVS en encuentro - CLAM - ES","robots":{"index":"index","follow":"follow","max-snippet":"max-snippet:-1","max-image-preview":"max-image-preview:large","max-video-preview":"max-video-preview:-1"},"canonical":"https:\/\/clam.org.br\/es\/noticias-clam\/perfil-de-pvvs-en-encuentro\/235\/","og_locale":"es_ES","og_type":"article","og_title":"Perfil de PVVS en encuentro - CLAM - ES","og_description":"Paraguay y Bolivia a\u00fan enfrentan prejuicios en relaci\u00f3n a las personas que viven con VIH\/SIDA y dificultades en el acceso a medicamentos. Programa de cooperaci\u00f3n brasile\u00f1o ayud\u00f3 a disminuir las tasas de mortalidad. Activistas latinoamericanos debaten la actuaci\u00f3n de la sociedad civil.","og_url":"https:\/\/clam.org.br\/es\/noticias-clam\/perfil-de-pvvs-en-encuentro\/235\/","og_site_name":"CLAM - ES","article_published_time":"2006-02-13T02:00:00+00:00","author":"fw2","twitter_card":"summary_large_image","twitter_misc":{"Escrito por":"fw2","Tiempo de lectura":"4 minutos"},"schema":{"@context":"https:\/\/schema.org","@graph":[{"@type":"WebPage","@id":"https:\/\/clam.org.br\/es\/noticias-clam\/perfil-de-pvvs-en-encuentro\/235\/","url":"https:\/\/clam.org.br\/es\/noticias-clam\/perfil-de-pvvs-en-encuentro\/235\/","name":"Perfil de PVVS en encuentro - CLAM - ES","isPartOf":{"@id":"https:\/\/clam.org.br\/es\/#website"},"datePublished":"2006-02-13T02:00:00+00:00","author":{"@id":"https:\/\/clam.org.br\/es\/#\/schema\/person\/fbd9a86032bf7479f94b0ded196f1010"},"breadcrumb":{"@id":"https:\/\/clam.org.br\/es\/noticias-clam\/perfil-de-pvvs-en-encuentro\/235\/#breadcrumb"},"inLanguage":"es","potentialAction":[{"@type":"ReadAction","target":["https:\/\/clam.org.br\/es\/noticias-clam\/perfil-de-pvvs-en-encuentro\/235\/"]}]},{"@type":"BreadcrumbList","@id":"https:\/\/clam.org.br\/es\/noticias-clam\/perfil-de-pvvs-en-encuentro\/235\/#breadcrumb","itemListElement":[{"@type":"ListItem","position":1,"name":"In\u00edcio","item":"https:\/\/clam.org.br\/es\/"},{"@type":"ListItem","position":2,"name":"Perfil de PVVS en encuentro"}]},{"@type":"WebSite","@id":"https:\/\/clam.org.br\/es\/#website","url":"https:\/\/clam.org.br\/es\/","name":"CLAM - ES","description":"S\u00f3 mais um site CLAM - Centro Latino-Americano em Sexualidade e Direitos Humanos sites","potentialAction":[{"@type":"SearchAction","target":{"@type":"EntryPoint","urlTemplate":"https:\/\/clam.org.br\/es\/?s={search_term_string}"},"query-input":{"@type":"PropertyValueSpecification","valueRequired":true,"valueName":"search_term_string"}}],"inLanguage":"es"},{"@type":"Person","@id":"https:\/\/clam.org.br\/es\/#\/schema\/person\/fbd9a86032bf7479f94b0ded196f1010","name":"fw2","image":{"@type":"ImageObject","inLanguage":"es","@id":"https:\/\/clam.org.br\/es\/#\/schema\/person\/image\/","url":"https:\/\/secure.gravatar.com\/avatar\/c38472c0cdbde82d9b6fcc26adb3779d?s=96&d=mm&r=g","contentUrl":"https:\/\/secure.gravatar.com\/avatar\/c38472c0cdbde82d9b6fcc26adb3779d?s=96&d=mm&r=g","caption":"fw2"},"sameAs":["https:\/\/clam.fw2web.com.br"],"url":"https:\/\/clam.org.br\/es\/author\/fw2\/"}]}},"jetpack_featured_media_url":"","jetpack_sharing_enabled":true,"_links":{"self":[{"href":"https:\/\/clam.org.br\/es\/wp-json\/wp\/v2\/posts\/235","targetHints":{"allow":["GET"]}}],"collection":[{"href":"https:\/\/clam.org.br\/es\/wp-json\/wp\/v2\/posts"}],"about":[{"href":"https:\/\/clam.org.br\/es\/wp-json\/wp\/v2\/types\/post"}],"author":[{"embeddable":true,"href":"https:\/\/clam.org.br\/es\/wp-json\/wp\/v2\/users\/1"}],"replies":[{"embeddable":true,"href":"https:\/\/clam.org.br\/es\/wp-json\/wp\/v2\/comments?post=235"}],"version-history":[{"count":0,"href":"https:\/\/clam.org.br\/es\/wp-json\/wp\/v2\/posts\/235\/revisions"}],"wp:attachment":[{"href":"https:\/\/clam.org.br\/es\/wp-json\/wp\/v2\/media?parent=235"}],"wp:term":[{"taxonomy":"category","embeddable":true,"href":"https:\/\/clam.org.br\/es\/wp-json\/wp\/v2\/categories?post=235"},{"taxonomy":"post_tag","embeddable":true,"href":"https:\/\/clam.org.br\/es\/wp-json\/wp\/v2\/tags?post=235"}],"curies":[{"name":"wp","href":"https:\/\/api.w.org\/{rel}","templated":true}]}}