{"id":238,"date":"2006-02-01T00:00:00","date_gmt":"2006-02-01T02:00:00","guid":{"rendered":"https:\/\/clam.org.br\/es\/2006\/02\/01\/feminismo-virtual\/"},"modified":"2006-02-01T00:00:00","modified_gmt":"2006-02-01T02:00:00","slug":"feminismo-virtual","status":"publish","type":"post","link":"https:\/\/clam.org.br\/es\/noticias-clam\/feminismo-virtual\/238\/","title":{"rendered":"Feminismo virtual"},"content":{"rendered":"<p>O Portal Feminista (<a href=\"http:\/\/www.portalfeminista.org.br\/\" target=\"_blank\" rel=\"noopener\">www.portalfeminista.org.br<\/A>) completou, em dezembro, quatro anos no ar. Seguindo id\u00e9ias de outros portais estrangeiros especializados, a proposta do Portal Feminista \u00e9 oferecer um bando de dados espec\u00edfico para a \u00e1rea de estudos feministas e de g\u00eanero. &ldquo;Nos dias atuais, onde vemos o surgimento de &lsquo;bibliotecas sem paredes para livros sem p\u00e1ginas&rsquo;, acreditamos ser importante a cria\u00e7\u00e3o de um Portal que disponibilizasse a vers\u00e3o digital das revistas feministas&rdquo;, diz Cl\u00e1udia de Lima Costa, editora da Revista Estudos Feministas e coordenadora do projeto.<BR>  <P>Ela lembra que o principal objetivo no desenvolvimento do projeto era a cria\u00e7\u00e3o de uma biblioteca virtual de estudos de g\u00eanero e feministas a partir da inclus\u00e3o das vers\u00f5es eletr\u00f4nicas dos peri\u00f3dicos e revistas brasileiros, constituindo-se assim em um importante banco de dados para pesquisadoras\/es dentro e fora da academia. &ldquo;O banco de dados permitiria \u00e0s feministas acad\u00eamicas e militantes, ONGs, bibliotecas e outras institui\u00e7\u00f5es da sociedade civil acesso gratuito a um leque maior de publica\u00e7\u00f5es feministas&rdquo;, observa Cl\u00e1udia.<BR>  <P>Al\u00e9m da Revista Estudos Feministas, o Portal oferece ainda duas outras publica\u00e7\u00f5es do campo &ndash; o Caderno Espa\u00e7o Feminino e a revista G\u00eanero. A novidade \u00e9 que, em breve, os Cadernos de Pagu dever\u00e3o fazer parte das publica\u00e7\u00f5es do site. Segundo Cl\u00e1udia, ter estas revistas feministas em vers\u00f5es digitais apresenta muitas vantagens. &ldquo;Possibilita uma dissemina\u00e7\u00e3o do conhecimento mais r\u00e1pida e uma maior facilidade para pesquisa. Al\u00e9m disso, a natureza dos peri\u00f3dicos <I>online<\/I> permite amplo espa\u00e7o para crescimento, experimenta\u00e7\u00e3o e customiza\u00e7\u00e3o. Este tipo de publica\u00e7\u00e3o pode facilmente mudar para se adequar \u00e0s novas inova\u00e7\u00f5es tecnol\u00f3gicas da internet e dos computadores&rdquo;, afirma.<BR>  <P>Uma outra grande vantagem \u00e9, segundo ela, o fato de peri\u00f3dicos <I>online<\/I> n\u00e3o terem o problema dos n\u00fameros esgotados. &ldquo;O acesso aos artigos em n\u00fameros impressos esgotados \u00e9 sempre garantido e tamb\u00e9m possibilitado a partir da vers\u00e3o em CD-Rom desses artigos&rdquo;, diz Cl\u00e1udia.<BR>  <P>Al\u00e9m do acesso gratuito ao conte\u00fado das revistas acad\u00eamicas feministas, o Portal tamb\u00e9m oferece a possibilidade de divulga\u00e7\u00e3o de eventos, concursos e bolsas, o cadastramento de teses e disserta\u00e7\u00f5es e um mecanismo de busca atrav\u00e9s do qual pode-se listar publica\u00e7\u00f5es por ordem alfab\u00e9tica ou buscar artigo por t\u00edtulo, autor\/a, palavra-chave, resumo, texto ou palavra-chave. Ao entrar em uma revista espec\u00edfica, o mecanismo de busca tamb\u00e9m seleciona o volume\/ano, e depois seleciona o n\u00famero\/m\u00eas.<BR>  <P>Para a feminista, ainda h\u00e1 no Portal muito espa\u00e7o para crescer. &ldquo;Nesse mundo digital sem paredes, podemos visualizar muitos novos objetivos, inclusive a entrada de conhecimentos feministas alternativos, igualmente valiosos, produzidos pelas ONGs e pelo movimento de mulheres atrav\u00e9s de suas publica\u00e7\u00f5es&rdquo;, diz.<\/P><\/p>\n","protected":false},"excerpt":{"rendered":"<p>O Portal Feminista&nbsp; completou, em dezembro, quatro anos no ar. Seguindo id\u00e9ias de outros portais estrangeiros especializados, a proposta do Portal Feminista \u00e9 oferecer um acervo espec\u00edfico para a \u00e1rea de estudos feministas e de g\u00eanero.<\/p>\n","protected":false},"author":1,"featured_media":0,"comment_status":"open","ping_status":"open","sticky":false,"template":"","format":"standard","meta":{"_acf_changed":false,"site-sidebar-layout":"default","site-content-layout":"default","ast-global-header-display":"","ast-main-header-display":"","ast-hfb-above-header-display":"","ast-hfb-below-header-display":"","ast-hfb-mobile-header-display":"","site-post-title":"","ast-breadcrumbs-content":"","ast-featured-img":"","footer-sml-layout":"","theme-transparent-header-meta":"","adv-header-id-meta":"","stick-header-meta":"","header-above-stick-meta":"","header-main-stick-meta":"","header-below-stick-meta":"","_jetpack_memberships_contains_paid_content":false,"footnotes":""},"categories":[7],"tags":[],"class_list":["post-238","post","type-post","status-publish","format-standard","hentry","category-noticias-clam"],"acf":[],"yoast_head":"<!-- This site is optimized with the Yoast SEO plugin v26.1.1 - https:\/\/yoast.com\/wordpress\/plugins\/seo\/ -->\n<title>Feminismo virtual - CLAM - ES<\/title>\n<meta name=\"robots\" content=\"index, follow, max-snippet:-1, max-image-preview:large, max-video-preview:-1\" \/>\n<link rel=\"canonical\" href=\"https:\/\/clam.org.br\/es\/noticias-clam\/feminismo-virtual\/238\/\" \/>\n<meta property=\"og:locale\" content=\"es_ES\" \/>\n<meta property=\"og:type\" content=\"article\" \/>\n<meta property=\"og:title\" content=\"Feminismo virtual - CLAM - ES\" \/>\n<meta property=\"og:description\" content=\"O Portal Feminista&nbsp; completou, em dezembro, quatro anos no ar. Seguindo id\u00e9ias de outros portais estrangeiros especializados, a proposta do Portal Feminista \u00e9 oferecer um acervo espec\u00edfico para a \u00e1rea de estudos feministas e de g\u00eanero.\" \/>\n<meta property=\"og:url\" content=\"https:\/\/clam.org.br\/es\/noticias-clam\/feminismo-virtual\/238\/\" \/>\n<meta property=\"og:site_name\" content=\"CLAM - ES\" \/>\n<meta property=\"article:published_time\" content=\"2006-02-01T02:00:00+00:00\" \/>\n<meta name=\"author\" content=\"fw2\" \/>\n<meta name=\"twitter:card\" content=\"summary_large_image\" \/>\n<meta name=\"twitter:label1\" content=\"Escrito por\" \/>\n\t<meta name=\"twitter:data1\" content=\"fw2\" \/>\n\t<meta name=\"twitter:label2\" content=\"Tiempo de lectura\" \/>\n\t<meta name=\"twitter:data2\" content=\"2 minutos\" \/>\n<script type=\"application\/ld+json\" class=\"yoast-schema-graph\">{\"@context\":\"https:\/\/schema.org\",\"@graph\":[{\"@type\":\"WebPage\",\"@id\":\"https:\/\/clam.org.br\/es\/noticias-clam\/feminismo-virtual\/238\/\",\"url\":\"https:\/\/clam.org.br\/es\/noticias-clam\/feminismo-virtual\/238\/\",\"name\":\"Feminismo virtual - CLAM - ES\",\"isPartOf\":{\"@id\":\"https:\/\/clam.org.br\/es\/#website\"},\"datePublished\":\"2006-02-01T02:00:00+00:00\",\"author\":{\"@id\":\"https:\/\/clam.org.br\/es\/#\/schema\/person\/fbd9a86032bf7479f94b0ded196f1010\"},\"breadcrumb\":{\"@id\":\"https:\/\/clam.org.br\/es\/noticias-clam\/feminismo-virtual\/238\/#breadcrumb\"},\"inLanguage\":\"es\",\"potentialAction\":[{\"@type\":\"ReadAction\",\"target\":[\"https:\/\/clam.org.br\/es\/noticias-clam\/feminismo-virtual\/238\/\"]}]},{\"@type\":\"BreadcrumbList\",\"@id\":\"https:\/\/clam.org.br\/es\/noticias-clam\/feminismo-virtual\/238\/#breadcrumb\",\"itemListElement\":[{\"@type\":\"ListItem\",\"position\":1,\"name\":\"In\u00edcio\",\"item\":\"https:\/\/clam.org.br\/es\/\"},{\"@type\":\"ListItem\",\"position\":2,\"name\":\"Feminismo virtual\"}]},{\"@type\":\"WebSite\",\"@id\":\"https:\/\/clam.org.br\/es\/#website\",\"url\":\"https:\/\/clam.org.br\/es\/\",\"name\":\"CLAM - ES\",\"description\":\"S\u00f3 mais um site CLAM - Centro Latino-Americano em Sexualidade e Direitos Humanos sites\",\"potentialAction\":[{\"@type\":\"SearchAction\",\"target\":{\"@type\":\"EntryPoint\",\"urlTemplate\":\"https:\/\/clam.org.br\/es\/?s={search_term_string}\"},\"query-input\":{\"@type\":\"PropertyValueSpecification\",\"valueRequired\":true,\"valueName\":\"search_term_string\"}}],\"inLanguage\":\"es\"},{\"@type\":\"Person\",\"@id\":\"https:\/\/clam.org.br\/es\/#\/schema\/person\/fbd9a86032bf7479f94b0ded196f1010\",\"name\":\"fw2\",\"image\":{\"@type\":\"ImageObject\",\"inLanguage\":\"es\",\"@id\":\"https:\/\/clam.org.br\/es\/#\/schema\/person\/image\/\",\"url\":\"https:\/\/secure.gravatar.com\/avatar\/c38472c0cdbde82d9b6fcc26adb3779d?s=96&d=mm&r=g\",\"contentUrl\":\"https:\/\/secure.gravatar.com\/avatar\/c38472c0cdbde82d9b6fcc26adb3779d?s=96&d=mm&r=g\",\"caption\":\"fw2\"},\"sameAs\":[\"https:\/\/clam.fw2web.com.br\"],\"url\":\"https:\/\/clam.org.br\/es\/author\/fw2\/\"}]}<\/script>\n<!-- \/ Yoast SEO plugin. -->","yoast_head_json":{"title":"Feminismo virtual - CLAM - ES","robots":{"index":"index","follow":"follow","max-snippet":"max-snippet:-1","max-image-preview":"max-image-preview:large","max-video-preview":"max-video-preview:-1"},"canonical":"https:\/\/clam.org.br\/es\/noticias-clam\/feminismo-virtual\/238\/","og_locale":"es_ES","og_type":"article","og_title":"Feminismo virtual - CLAM - ES","og_description":"O Portal Feminista&nbsp; completou, em dezembro, quatro anos no ar. Seguindo id\u00e9ias de outros portais estrangeiros especializados, a proposta do Portal Feminista \u00e9 oferecer um acervo espec\u00edfico para a \u00e1rea de estudos feministas e de g\u00eanero.","og_url":"https:\/\/clam.org.br\/es\/noticias-clam\/feminismo-virtual\/238\/","og_site_name":"CLAM - ES","article_published_time":"2006-02-01T02:00:00+00:00","author":"fw2","twitter_card":"summary_large_image","twitter_misc":{"Escrito por":"fw2","Tiempo de lectura":"2 minutos"},"schema":{"@context":"https:\/\/schema.org","@graph":[{"@type":"WebPage","@id":"https:\/\/clam.org.br\/es\/noticias-clam\/feminismo-virtual\/238\/","url":"https:\/\/clam.org.br\/es\/noticias-clam\/feminismo-virtual\/238\/","name":"Feminismo virtual - CLAM - ES","isPartOf":{"@id":"https:\/\/clam.org.br\/es\/#website"},"datePublished":"2006-02-01T02:00:00+00:00","author":{"@id":"https:\/\/clam.org.br\/es\/#\/schema\/person\/fbd9a86032bf7479f94b0ded196f1010"},"breadcrumb":{"@id":"https:\/\/clam.org.br\/es\/noticias-clam\/feminismo-virtual\/238\/#breadcrumb"},"inLanguage":"es","potentialAction":[{"@type":"ReadAction","target":["https:\/\/clam.org.br\/es\/noticias-clam\/feminismo-virtual\/238\/"]}]},{"@type":"BreadcrumbList","@id":"https:\/\/clam.org.br\/es\/noticias-clam\/feminismo-virtual\/238\/#breadcrumb","itemListElement":[{"@type":"ListItem","position":1,"name":"In\u00edcio","item":"https:\/\/clam.org.br\/es\/"},{"@type":"ListItem","position":2,"name":"Feminismo virtual"}]},{"@type":"WebSite","@id":"https:\/\/clam.org.br\/es\/#website","url":"https:\/\/clam.org.br\/es\/","name":"CLAM - ES","description":"S\u00f3 mais um site CLAM - Centro Latino-Americano em Sexualidade e Direitos Humanos sites","potentialAction":[{"@type":"SearchAction","target":{"@type":"EntryPoint","urlTemplate":"https:\/\/clam.org.br\/es\/?s={search_term_string}"},"query-input":{"@type":"PropertyValueSpecification","valueRequired":true,"valueName":"search_term_string"}}],"inLanguage":"es"},{"@type":"Person","@id":"https:\/\/clam.org.br\/es\/#\/schema\/person\/fbd9a86032bf7479f94b0ded196f1010","name":"fw2","image":{"@type":"ImageObject","inLanguage":"es","@id":"https:\/\/clam.org.br\/es\/#\/schema\/person\/image\/","url":"https:\/\/secure.gravatar.com\/avatar\/c38472c0cdbde82d9b6fcc26adb3779d?s=96&d=mm&r=g","contentUrl":"https:\/\/secure.gravatar.com\/avatar\/c38472c0cdbde82d9b6fcc26adb3779d?s=96&d=mm&r=g","caption":"fw2"},"sameAs":["https:\/\/clam.fw2web.com.br"],"url":"https:\/\/clam.org.br\/es\/author\/fw2\/"}]}},"jetpack_featured_media_url":"","jetpack_sharing_enabled":true,"_links":{"self":[{"href":"https:\/\/clam.org.br\/es\/wp-json\/wp\/v2\/posts\/238","targetHints":{"allow":["GET"]}}],"collection":[{"href":"https:\/\/clam.org.br\/es\/wp-json\/wp\/v2\/posts"}],"about":[{"href":"https:\/\/clam.org.br\/es\/wp-json\/wp\/v2\/types\/post"}],"author":[{"embeddable":true,"href":"https:\/\/clam.org.br\/es\/wp-json\/wp\/v2\/users\/1"}],"replies":[{"embeddable":true,"href":"https:\/\/clam.org.br\/es\/wp-json\/wp\/v2\/comments?post=238"}],"version-history":[{"count":0,"href":"https:\/\/clam.org.br\/es\/wp-json\/wp\/v2\/posts\/238\/revisions"}],"wp:attachment":[{"href":"https:\/\/clam.org.br\/es\/wp-json\/wp\/v2\/media?parent=238"}],"wp:term":[{"taxonomy":"category","embeddable":true,"href":"https:\/\/clam.org.br\/es\/wp-json\/wp\/v2\/categories?post=238"},{"taxonomy":"post_tag","embeddable":true,"href":"https:\/\/clam.org.br\/es\/wp-json\/wp\/v2\/tags?post=238"}],"curies":[{"name":"wp","href":"https:\/\/api.w.org\/{rel}","templated":true}]}}