{"id":240,"date":"2006-01-18T00:00:00","date_gmt":"2006-01-18T02:00:00","guid":{"rendered":"https:\/\/clam.org.br\/es\/2006\/01\/18\/una-mujer-a-la-presidencia\/"},"modified":"2006-01-18T00:00:00","modified_gmt":"2006-01-18T02:00:00","slug":"una-mujer-a-la-presidencia","status":"publish","type":"post","link":"https:\/\/clam.org.br\/es\/noticias-clam\/una-mujer-a-la-presidencia\/240\/","title":{"rendered":"Una mujer a la Presidencia"},"content":{"rendered":"<p>Por a\u00f1os Chile ha sido considerado un pa\u00eds conservador y machista, lo que se ha explicado, entre otros motivos, por el elevado porcentaje de personas que se declaran cat\u00f3licas (70% seg\u00fan el Censo de 2002) y por el autoritarismo reforzado por 17 a\u00f1os de dictadura militar.<BR>  <P>El holgado triunfo de la Doctora Michelle Bachelet en las elecciones presidenciales del 15 de enero pasado parece desmentir, o al menos cuestionar esa percepci\u00f3n.<BR>  <P>Porque, \u00bfqui\u00e9n es Michelle Bachelet? M\u00e9dico cirujano, pediatra y epidemi\u00f3loga, de 54 a\u00f1os, militante socialista, hija de un General de Aviaci\u00f3n que muri\u00f3 v\u00edctima de las torturas que sufri\u00f3 en manos de sus compa\u00f1eros de arma por haber colaborado con el gobierno del Presidente Allende, ella misma fue detenida y torturada. Exiliada en Alemania, retorn\u00f3 para incorporarse a la lucha por la democracia. Mientras completaba sus estudios m\u00e9dicos, estuvo a cargo del \u00e1rea m\u00e9dica de una ONG que daba apoyo profesional a hijos de detenidos y de v\u00edctimas de la dictadura militar.<BR>  <P>Con el retorno a la democracia se incorpor\u00f3 al Servicio p\u00fablico de Salud y a la Comisi\u00f3n Nacional del Sida (CONASIDA), fue asesora en atenci\u00f3n primaria y en gesti\u00f3n de Servicios de Salud. Ha sido consultora de la OPS\/OMS en vigilancia epidemiol\u00f3gica VIH\/SIDA y finalmente Ministra de Salud entre 2000 y 2002.<BR>  <P>En sinton\u00eda con su origen familiar, realiz\u00f3 estudios superiores pol\u00edticos y estrat\u00e9gicos militares en Chile y en el Colegio Interamericano de Defensa en Washington D.C., EE.UU. Fue entonces asesora del Ministro de Defensa y ella misma, entre 2002 y 2004, Ministra de Defensa Nacional, primera mujer en ese cargo en la historia de Chile.<BR>  <P>Jefa de hogar, separada, madre de tres hijos de dos uniones, se declara agn\u00f3stica y, desde el Ministerio de Salud, adem\u00e1s de su compromiso con la lucha contra el VIH\/SIDA, promovi\u00f3 los derechos sexuales y reproductivos de las mujeres permitiendo la legalizaci\u00f3n de la anticoncepci\u00f3n de emergencia.<BR>  <P>Nada m\u00e1s alejado del estereotipo de mujer chilena tradicional, y del tipo de mujeres que ser\u00eda aceptable a la gran mayor\u00eda, como se tiende a pensar.<BR>  <P>Su amplia popularidad la transform\u00f3 en candidata de la Coalici\u00f3n de partidos pol\u00edticos actualmente en el gobierno para postular a la Presidencia de la Rep\u00fablica, m\u00e1s all\u00e1 de los deseos de esos partidos, que dispon\u00edan de varios nombres masculinos.<BR>  <P>\u00bfQu\u00e9 explica, entonces, el amplio apoyo que ha tenido, tanto de mujeres como de varones? La respuesta nos debe llevar m\u00e1s all\u00e1 de la superficie, de las im\u00e1genes r\u00edgidas sobre la sociedad chilena, hacia los profundos cambios que se han operado en ella no s\u00f3lo durante el per\u00edodo democr\u00e1tico, cambios culturales y sociales que no son reflejados por la prensa tradicional, s\u00f3lo recogidos por los estudios de g\u00e9nero, en general, y ocasionalmente por estudios sociales y de opini\u00f3n.<BR>  <P>Dichos cambios se vienen gestando desde hace d\u00e9cadas y tienen que ver con el lugar de las mujeres, con los avances en la ciudadan\u00eda y tambi\u00e9n la demanda hacia la calidad de la pol\u00edtica, algo que convoca tanto a mujeres como a hombres. Los primeros han sido impulsados desde el movimiento feminista y el amplio movimiento de mujeres desde comienzos del siglo 20, los segundos, en el marco de avances democr\u00e1ticos.<BR>  <P>Porque, m\u00e1s all\u00e1 de la biograf\u00eda de Bachelet, que sin duda llama la atenci\u00f3n, es el tipo de liderazgo que ella ejerce, as\u00ed como su proyecci\u00f3n hacia un mundo abierto y diverso, tolerante e inclusivo, participativo, humanista y solidario lo que hace de ella una figura moderna y universal que ampl\u00eda los horizontes democr\u00e1ticos. En efecto, su discurso apela una y otra vez a la subjetividad, a otras formas de hacer pol\u00edtica, a la necesidad de dar se\u00f1ales concretas en aquello que ponemos en las palabras.<BR>  <P>En sus alocuciones ha sido enf\u00e1tica en se\u00f1alar que su gabinete ministerial ser\u00e1 paritario y ha dado gran importancia a la equidad de g\u00e9nero. Una y otra vez recuerda la discriminaci\u00f3n que viven las mujeres en distintos \u00e1mbitos, y la necesidad de avanzar en una agenda p\u00fablica de igualdad de oportunidades. Combinando una perspectiva de derechos y ciudadan\u00eda con una de protecci\u00f3n social, abre horizontes a las mujeres de las m\u00e1s diversas condiciones.<BR>  <P>Forman parte de su programa el acceso a programas de salud sexual y reproductiva, as\u00ed como la ley marco sobre Derechos Sexuales y Reproductivos es parte de su programa de gobierno. Ha comprometido dar prioridad a la erradicaci\u00f3n de toda forma de discriminaci\u00f3n por motivos de raza, color, g\u00e9nero u orientaci\u00f3n sexual, idioma, religi\u00f3n, opiniones pol\u00edticas o de cualquier otra \u00edndole, origen nacional o social, condici\u00f3n o estatus de inmigrante, posici\u00f3n econ\u00f3mica, nacimiento o cualquier otra condici\u00f3n social.<BR>  <P>Aparte de expresar los cambios ocurridos, el triunfo electoral de Michelle Bachelet abre una creativa etapa para profundizar la democracia en Chile y toda Am\u00e9rica Latina. Son numerosos los desaf\u00edos a los que deber\u00e1 responder, pero cuenta con el respaldo necesario.<\/P><\/p>\n","protected":false},"excerpt":{"rendered":"<p>El liderazgo de Bachelet en Chile se proyecta hacia un mundo abierto y diverso, tolerante e inclusivo, participativo, humanista y solidario. Una figura moderna y universal, que ampl\u00eda los horizontes democr\u00e1ticos.<\/p>\n","protected":false},"author":1,"featured_media":0,"comment_status":"open","ping_status":"open","sticky":false,"template":"","format":"standard","meta":{"_acf_changed":false,"site-sidebar-layout":"default","site-content-layout":"default","ast-global-header-display":"","ast-main-header-display":"","ast-hfb-above-header-display":"","ast-hfb-below-header-display":"","ast-hfb-mobile-header-display":"","site-post-title":"","ast-breadcrumbs-content":"","ast-featured-img":"","footer-sml-layout":"","theme-transparent-header-meta":"","adv-header-id-meta":"","stick-header-meta":"","header-above-stick-meta":"","header-main-stick-meta":"","header-below-stick-meta":"","_jetpack_memberships_contains_paid_content":false,"footnotes":""},"categories":[7],"tags":[],"class_list":["post-240","post","type-post","status-publish","format-standard","hentry","category-noticias-clam"],"acf":[],"yoast_head":"<!-- This site is optimized with the Yoast SEO plugin v26.1.1 - https:\/\/yoast.com\/wordpress\/plugins\/seo\/ -->\n<title>Una mujer a la Presidencia - CLAM - ES<\/title>\n<meta name=\"robots\" content=\"index, follow, max-snippet:-1, max-image-preview:large, max-video-preview:-1\" \/>\n<link rel=\"canonical\" href=\"https:\/\/clam.org.br\/es\/noticias-clam\/una-mujer-a-la-presidencia\/240\/\" \/>\n<meta property=\"og:locale\" content=\"es_ES\" \/>\n<meta property=\"og:type\" content=\"article\" \/>\n<meta property=\"og:title\" content=\"Una mujer a la Presidencia - CLAM - ES\" \/>\n<meta property=\"og:description\" content=\"El liderazgo de Bachelet en Chile se proyecta hacia un mundo abierto y diverso, tolerante e inclusivo, participativo, humanista y solidario. Una figura moderna y universal, que ampl\u00eda los horizontes democr\u00e1ticos.\" \/>\n<meta property=\"og:url\" content=\"https:\/\/clam.org.br\/es\/noticias-clam\/una-mujer-a-la-presidencia\/240\/\" \/>\n<meta property=\"og:site_name\" content=\"CLAM - ES\" \/>\n<meta property=\"article:published_time\" content=\"2006-01-18T02:00:00+00:00\" \/>\n<meta name=\"author\" content=\"fw2\" \/>\n<meta name=\"twitter:card\" content=\"summary_large_image\" \/>\n<meta name=\"twitter:label1\" content=\"Escrito por\" \/>\n\t<meta name=\"twitter:data1\" content=\"fw2\" \/>\n\t<meta name=\"twitter:label2\" content=\"Tiempo de lectura\" \/>\n\t<meta name=\"twitter:data2\" content=\"4 minutos\" \/>\n<script type=\"application\/ld+json\" class=\"yoast-schema-graph\">{\"@context\":\"https:\/\/schema.org\",\"@graph\":[{\"@type\":\"WebPage\",\"@id\":\"https:\/\/clam.org.br\/es\/noticias-clam\/una-mujer-a-la-presidencia\/240\/\",\"url\":\"https:\/\/clam.org.br\/es\/noticias-clam\/una-mujer-a-la-presidencia\/240\/\",\"name\":\"Una mujer a la Presidencia - CLAM - ES\",\"isPartOf\":{\"@id\":\"https:\/\/clam.org.br\/es\/#website\"},\"datePublished\":\"2006-01-18T02:00:00+00:00\",\"author\":{\"@id\":\"https:\/\/clam.org.br\/es\/#\/schema\/person\/fbd9a86032bf7479f94b0ded196f1010\"},\"breadcrumb\":{\"@id\":\"https:\/\/clam.org.br\/es\/noticias-clam\/una-mujer-a-la-presidencia\/240\/#breadcrumb\"},\"inLanguage\":\"es\",\"potentialAction\":[{\"@type\":\"ReadAction\",\"target\":[\"https:\/\/clam.org.br\/es\/noticias-clam\/una-mujer-a-la-presidencia\/240\/\"]}]},{\"@type\":\"BreadcrumbList\",\"@id\":\"https:\/\/clam.org.br\/es\/noticias-clam\/una-mujer-a-la-presidencia\/240\/#breadcrumb\",\"itemListElement\":[{\"@type\":\"ListItem\",\"position\":1,\"name\":\"In\u00edcio\",\"item\":\"https:\/\/clam.org.br\/es\/\"},{\"@type\":\"ListItem\",\"position\":2,\"name\":\"Una mujer a la Presidencia\"}]},{\"@type\":\"WebSite\",\"@id\":\"https:\/\/clam.org.br\/es\/#website\",\"url\":\"https:\/\/clam.org.br\/es\/\",\"name\":\"CLAM - ES\",\"description\":\"S\u00f3 mais um site CLAM - Centro Latino-Americano em Sexualidade e Direitos Humanos sites\",\"potentialAction\":[{\"@type\":\"SearchAction\",\"target\":{\"@type\":\"EntryPoint\",\"urlTemplate\":\"https:\/\/clam.org.br\/es\/?s={search_term_string}\"},\"query-input\":{\"@type\":\"PropertyValueSpecification\",\"valueRequired\":true,\"valueName\":\"search_term_string\"}}],\"inLanguage\":\"es\"},{\"@type\":\"Person\",\"@id\":\"https:\/\/clam.org.br\/es\/#\/schema\/person\/fbd9a86032bf7479f94b0ded196f1010\",\"name\":\"fw2\",\"image\":{\"@type\":\"ImageObject\",\"inLanguage\":\"es\",\"@id\":\"https:\/\/clam.org.br\/es\/#\/schema\/person\/image\/\",\"url\":\"https:\/\/secure.gravatar.com\/avatar\/c38472c0cdbde82d9b6fcc26adb3779d?s=96&d=mm&r=g\",\"contentUrl\":\"https:\/\/secure.gravatar.com\/avatar\/c38472c0cdbde82d9b6fcc26adb3779d?s=96&d=mm&r=g\",\"caption\":\"fw2\"},\"sameAs\":[\"https:\/\/clam.fw2web.com.br\"],\"url\":\"https:\/\/clam.org.br\/es\/author\/fw2\/\"}]}<\/script>\n<!-- \/ Yoast SEO plugin. -->","yoast_head_json":{"title":"Una mujer a la Presidencia - CLAM - ES","robots":{"index":"index","follow":"follow","max-snippet":"max-snippet:-1","max-image-preview":"max-image-preview:large","max-video-preview":"max-video-preview:-1"},"canonical":"https:\/\/clam.org.br\/es\/noticias-clam\/una-mujer-a-la-presidencia\/240\/","og_locale":"es_ES","og_type":"article","og_title":"Una mujer a la Presidencia - CLAM - ES","og_description":"El liderazgo de Bachelet en Chile se proyecta hacia un mundo abierto y diverso, tolerante e inclusivo, participativo, humanista y solidario. Una figura moderna y universal, que ampl\u00eda los horizontes democr\u00e1ticos.","og_url":"https:\/\/clam.org.br\/es\/noticias-clam\/una-mujer-a-la-presidencia\/240\/","og_site_name":"CLAM - ES","article_published_time":"2006-01-18T02:00:00+00:00","author":"fw2","twitter_card":"summary_large_image","twitter_misc":{"Escrito por":"fw2","Tiempo de lectura":"4 minutos"},"schema":{"@context":"https:\/\/schema.org","@graph":[{"@type":"WebPage","@id":"https:\/\/clam.org.br\/es\/noticias-clam\/una-mujer-a-la-presidencia\/240\/","url":"https:\/\/clam.org.br\/es\/noticias-clam\/una-mujer-a-la-presidencia\/240\/","name":"Una mujer a la Presidencia - CLAM - ES","isPartOf":{"@id":"https:\/\/clam.org.br\/es\/#website"},"datePublished":"2006-01-18T02:00:00+00:00","author":{"@id":"https:\/\/clam.org.br\/es\/#\/schema\/person\/fbd9a86032bf7479f94b0ded196f1010"},"breadcrumb":{"@id":"https:\/\/clam.org.br\/es\/noticias-clam\/una-mujer-a-la-presidencia\/240\/#breadcrumb"},"inLanguage":"es","potentialAction":[{"@type":"ReadAction","target":["https:\/\/clam.org.br\/es\/noticias-clam\/una-mujer-a-la-presidencia\/240\/"]}]},{"@type":"BreadcrumbList","@id":"https:\/\/clam.org.br\/es\/noticias-clam\/una-mujer-a-la-presidencia\/240\/#breadcrumb","itemListElement":[{"@type":"ListItem","position":1,"name":"In\u00edcio","item":"https:\/\/clam.org.br\/es\/"},{"@type":"ListItem","position":2,"name":"Una mujer a la Presidencia"}]},{"@type":"WebSite","@id":"https:\/\/clam.org.br\/es\/#website","url":"https:\/\/clam.org.br\/es\/","name":"CLAM - ES","description":"S\u00f3 mais um site CLAM - Centro Latino-Americano em Sexualidade e Direitos Humanos sites","potentialAction":[{"@type":"SearchAction","target":{"@type":"EntryPoint","urlTemplate":"https:\/\/clam.org.br\/es\/?s={search_term_string}"},"query-input":{"@type":"PropertyValueSpecification","valueRequired":true,"valueName":"search_term_string"}}],"inLanguage":"es"},{"@type":"Person","@id":"https:\/\/clam.org.br\/es\/#\/schema\/person\/fbd9a86032bf7479f94b0ded196f1010","name":"fw2","image":{"@type":"ImageObject","inLanguage":"es","@id":"https:\/\/clam.org.br\/es\/#\/schema\/person\/image\/","url":"https:\/\/secure.gravatar.com\/avatar\/c38472c0cdbde82d9b6fcc26adb3779d?s=96&d=mm&r=g","contentUrl":"https:\/\/secure.gravatar.com\/avatar\/c38472c0cdbde82d9b6fcc26adb3779d?s=96&d=mm&r=g","caption":"fw2"},"sameAs":["https:\/\/clam.fw2web.com.br"],"url":"https:\/\/clam.org.br\/es\/author\/fw2\/"}]}},"jetpack_featured_media_url":"","jetpack_sharing_enabled":true,"_links":{"self":[{"href":"https:\/\/clam.org.br\/es\/wp-json\/wp\/v2\/posts\/240","targetHints":{"allow":["GET"]}}],"collection":[{"href":"https:\/\/clam.org.br\/es\/wp-json\/wp\/v2\/posts"}],"about":[{"href":"https:\/\/clam.org.br\/es\/wp-json\/wp\/v2\/types\/post"}],"author":[{"embeddable":true,"href":"https:\/\/clam.org.br\/es\/wp-json\/wp\/v2\/users\/1"}],"replies":[{"embeddable":true,"href":"https:\/\/clam.org.br\/es\/wp-json\/wp\/v2\/comments?post=240"}],"version-history":[{"count":0,"href":"https:\/\/clam.org.br\/es\/wp-json\/wp\/v2\/posts\/240\/revisions"}],"wp:attachment":[{"href":"https:\/\/clam.org.br\/es\/wp-json\/wp\/v2\/media?parent=240"}],"wp:term":[{"taxonomy":"category","embeddable":true,"href":"https:\/\/clam.org.br\/es\/wp-json\/wp\/v2\/categories?post=240"},{"taxonomy":"post_tag","embeddable":true,"href":"https:\/\/clam.org.br\/es\/wp-json\/wp\/v2\/tags?post=240"}],"curies":[{"name":"wp","href":"https:\/\/api.w.org\/{rel}","templated":true}]}}