{"id":245,"date":"2005-12-15T00:00:00","date_gmt":"2005-12-15T02:00:00","guid":{"rendered":"https:\/\/clam.org.br\/es\/2005\/12\/15\/libro-sobre-discriminacion-por-vih-sida-en-chile\/"},"modified":"2005-12-15T00:00:00","modified_gmt":"2005-12-15T02:00:00","slug":"libro-sobre-discriminacion-por-vih-sida-en-chile","status":"publish","type":"post","link":"https:\/\/clam.org.br\/es\/noticias-clam\/libro-sobre-discriminacion-por-vih-sida-en-chile\/245\/","title":{"rendered":"Libro sobre discriminaci\u00f3n por VIH-SIDA en Chile"},"content":{"rendered":"<p>Con pr\u00f3logo de Michelle Bachelet, ex Ministra de Salud y candidata presidencial, fue presentado el libro &ldquo;Discriminaci\u00f3n por VIH\/SIDA en Chile. Cambios y Continuidades: 2002-2005&rdquo;, de Francisco Vidal, Marina Carrasco y Paula Santana. El libro fue editado por Vivo Positivo y colaboraron el \u00c1rea de Estudios de G\u00e9nero de FLACSO-Chile (colaboradora del CLAM) y la Universidad Arcis, con auspicio de Oxfam.<BR>  <P>La publicaci\u00f3n contiene los resultados de un estudio cualitativo que aborda las situaciones de discriminaci\u00f3n que afectan a las personas viviendo con VIH\/SIDA en los \u00e1mbitos de atenci\u00f3n, trabajo, educaci\u00f3n y entorno familiar. \u00c9stos se comparan con una investigaci\u00f3n de similares caracter\u00edsticas realizada en el 2002 y muestran avances importantes en acceso a los tratamientos antirretrovirales y en la relaci\u00f3n con el\/la m\u00e9dico tratante en los Programas de VIH\/SIDA. En cuanto a los principales problemas, el estudio revela que \u00e9stos se mantienen en el \u00e1mbito de la atenci\u00f3n en especialidades (fundamentalmente dental y ginecol\u00f3gica) y en la confidencialidad de la serolog\u00eda de las personas, sobre todo cuando \u00e9stas se encuentran hospitalizadas.<BR>  <P>El lanzamiento se realiz\u00f3 el 7 de diciembre en la sala Elo\u00edsa D\u00edaz de la Casa Central de la Universidad de Chile y cont\u00f3 con bienvenida del presidente electo de VIVO-Positivo, Jorge Carre\u00f1o y la Vicerrectora Acad\u00e9mica de la Casa de Estudios anfitriona, Dra. Cecilia Sep\u00falveda, como moderadora. Francisco Vidal, asesor metodol\u00f3gico de la Coordinadora Nacional, expuso los resultados del estudio, comentando la evoluci\u00f3n desde 1992, a\u00f1o cuando fue realizada la \u00faltima investigaci\u00f3n. Se\u00f1al\u00f3 que actualmente no hay personas prescritas sin acceso a la terapia y el positivo cambio que han tenidos los m\u00e9dicos en el trato.<BR>  <P>M\u00f3nica Pe\u00f1a, miembro de la agrupaci\u00f3n Positivamente Positivos de Talcahuano, parte de la Red Vivo Positivo, present\u00f3 su testimonio acerca de la experiencia de ser notificada de vivir con VIH\/SIDA sin resguardo de la confidencialidad y c\u00f3mo perdi\u00f3 sus derechos laborales, al punto de tener que vivir actualmente en otra ciudad, lejos de donde aquello ocurri\u00f3.<BR>  <P>Jos\u00e9 Olavarr\u00eda, investigador del \u00c1rea de Estudios de G\u00e9nero de FLACSO-Chile, manifest\u00f3 que &ldquo;este libro es un avance en el reconocimiento de derechos y un importante ejercicio de ciudadan\u00eda. Permite visibilizar la discriminaci\u00f3n a las personas que viven con VIH y los avances que ha habido en los \u00faltimos a\u00f1os. Los avances han sido posibles por el trabajo que desde fines de los 80 e inicios de los 90 vienen haciendo personas que viven con VIH, activistas del movimiento homosexual y profesionales de la salud, especialmente de CONASIDA. La profunda intervenci\u00f3n cultural que requiere la institucionalidad del Estado para eliminar la discriminaci\u00f3n es parte de la agenda acad\u00e9mica FLACSO y su \u00c1rea de Estudios de G\u00e9nero, de all\u00ed la importancia de este acto&rdquo;.<BR>  <P>La Encargada del Programa OXFAM en Chile, Cecilia Mill\u00e1n, y el Director de la Fundaci\u00f3n Ideas, Francisco Est\u00e9vez, culminaron el acto con sus apreciaciones respecto del estudio y de la realidad que en \u00e9l se plasma, que se constituye como se\u00f1ala la Dra. Bachelet en el pr\u00f3logo en &ldquo;una oportunidad, precisamente en estos momentos cuando nos planteamos la forma en que queremos seguir construyendo nuestro pa\u00eds, con plena participaci\u00f3n, integraci\u00f3n y respeto a los derechos esenciales de todos los ciudadanos y ciudadanas de Chile&rdquo;.<BR>  <P><a href=\"http:\/\/www.vivopositivo.org\/portal\/datos\/ftp\/Libro.pdf\" target=\"_blank\" rel=\"noopener\">Descargar el documento completo en pdf.<\/A> <\/P><\/p>\n","protected":false},"excerpt":{"rendered":"<p>Fue presentado el libro &ldquo;Discriminaci\u00f3n por VIH\/SIDA en Chile. Cambios y Continuidades: 2002-2005&rdquo;, de Francisco Vidal, Marina Carrasco y Paula Santana. Colaboraron con Vivo Positivo el \u00c1rea de Estudios de G\u00e9nero de FLACSO-Chile y la Universidad Arcis, con auspicio de Oxfam.<\/p>\n","protected":false},"author":1,"featured_media":0,"comment_status":"open","ping_status":"open","sticky":false,"template":"","format":"standard","meta":{"_acf_changed":false,"site-sidebar-layout":"default","site-content-layout":"default","ast-global-header-display":"","ast-main-header-display":"","ast-hfb-above-header-display":"","ast-hfb-below-header-display":"","ast-hfb-mobile-header-display":"","site-post-title":"","ast-breadcrumbs-content":"","ast-featured-img":"","footer-sml-layout":"","theme-transparent-header-meta":"","adv-header-id-meta":"","stick-header-meta":"","header-above-stick-meta":"","header-main-stick-meta":"","header-below-stick-meta":"","_jetpack_memberships_contains_paid_content":false,"footnotes":""},"categories":[7],"tags":[],"class_list":["post-245","post","type-post","status-publish","format-standard","hentry","category-noticias-clam"],"acf":[],"yoast_head":"<!-- This site is optimized with the Yoast SEO plugin v26.1.1 - https:\/\/yoast.com\/wordpress\/plugins\/seo\/ -->\n<title>Libro sobre discriminaci\u00f3n por VIH-SIDA en Chile - CLAM - ES<\/title>\n<meta name=\"robots\" content=\"index, follow, max-snippet:-1, max-image-preview:large, max-video-preview:-1\" \/>\n<link rel=\"canonical\" href=\"https:\/\/clam.org.br\/es\/noticias-clam\/libro-sobre-discriminacion-por-vih-sida-en-chile\/245\/\" \/>\n<meta property=\"og:locale\" content=\"es_ES\" \/>\n<meta property=\"og:type\" content=\"article\" \/>\n<meta property=\"og:title\" content=\"Libro sobre discriminaci\u00f3n por VIH-SIDA en Chile - CLAM - ES\" \/>\n<meta property=\"og:description\" content=\"Fue presentado el libro &ldquo;Discriminaci\u00f3n por VIH\/SIDA en Chile. Cambios y Continuidades: 2002-2005&rdquo;, de Francisco Vidal, Marina Carrasco y Paula Santana. Colaboraron con Vivo Positivo el \u00c1rea de Estudios de G\u00e9nero de FLACSO-Chile y la Universidad Arcis, con auspicio de Oxfam.\" \/>\n<meta property=\"og:url\" content=\"https:\/\/clam.org.br\/es\/noticias-clam\/libro-sobre-discriminacion-por-vih-sida-en-chile\/245\/\" \/>\n<meta property=\"og:site_name\" content=\"CLAM - ES\" \/>\n<meta property=\"article:published_time\" content=\"2005-12-15T02:00:00+00:00\" \/>\n<meta name=\"author\" content=\"fw2\" \/>\n<meta name=\"twitter:card\" content=\"summary_large_image\" \/>\n<meta name=\"twitter:label1\" content=\"Escrito por\" \/>\n\t<meta name=\"twitter:data1\" content=\"fw2\" \/>\n\t<meta name=\"twitter:label2\" content=\"Tiempo de lectura\" \/>\n\t<meta name=\"twitter:data2\" content=\"3 minutos\" \/>\n<script type=\"application\/ld+json\" class=\"yoast-schema-graph\">{\"@context\":\"https:\/\/schema.org\",\"@graph\":[{\"@type\":\"WebPage\",\"@id\":\"https:\/\/clam.org.br\/es\/noticias-clam\/libro-sobre-discriminacion-por-vih-sida-en-chile\/245\/\",\"url\":\"https:\/\/clam.org.br\/es\/noticias-clam\/libro-sobre-discriminacion-por-vih-sida-en-chile\/245\/\",\"name\":\"Libro sobre discriminaci\u00f3n por VIH-SIDA en Chile - CLAM - ES\",\"isPartOf\":{\"@id\":\"https:\/\/clam.org.br\/es\/#website\"},\"datePublished\":\"2005-12-15T02:00:00+00:00\",\"author\":{\"@id\":\"https:\/\/clam.org.br\/es\/#\/schema\/person\/fbd9a86032bf7479f94b0ded196f1010\"},\"breadcrumb\":{\"@id\":\"https:\/\/clam.org.br\/es\/noticias-clam\/libro-sobre-discriminacion-por-vih-sida-en-chile\/245\/#breadcrumb\"},\"inLanguage\":\"es\",\"potentialAction\":[{\"@type\":\"ReadAction\",\"target\":[\"https:\/\/clam.org.br\/es\/noticias-clam\/libro-sobre-discriminacion-por-vih-sida-en-chile\/245\/\"]}]},{\"@type\":\"BreadcrumbList\",\"@id\":\"https:\/\/clam.org.br\/es\/noticias-clam\/libro-sobre-discriminacion-por-vih-sida-en-chile\/245\/#breadcrumb\",\"itemListElement\":[{\"@type\":\"ListItem\",\"position\":1,\"name\":\"In\u00edcio\",\"item\":\"https:\/\/clam.org.br\/es\/\"},{\"@type\":\"ListItem\",\"position\":2,\"name\":\"Libro sobre discriminaci\u00f3n por VIH-SIDA en Chile\"}]},{\"@type\":\"WebSite\",\"@id\":\"https:\/\/clam.org.br\/es\/#website\",\"url\":\"https:\/\/clam.org.br\/es\/\",\"name\":\"CLAM - ES\",\"description\":\"S\u00f3 mais um site CLAM - Centro Latino-Americano em Sexualidade e Direitos Humanos sites\",\"potentialAction\":[{\"@type\":\"SearchAction\",\"target\":{\"@type\":\"EntryPoint\",\"urlTemplate\":\"https:\/\/clam.org.br\/es\/?s={search_term_string}\"},\"query-input\":{\"@type\":\"PropertyValueSpecification\",\"valueRequired\":true,\"valueName\":\"search_term_string\"}}],\"inLanguage\":\"es\"},{\"@type\":\"Person\",\"@id\":\"https:\/\/clam.org.br\/es\/#\/schema\/person\/fbd9a86032bf7479f94b0ded196f1010\",\"name\":\"fw2\",\"image\":{\"@type\":\"ImageObject\",\"inLanguage\":\"es\",\"@id\":\"https:\/\/clam.org.br\/es\/#\/schema\/person\/image\/\",\"url\":\"https:\/\/secure.gravatar.com\/avatar\/c38472c0cdbde82d9b6fcc26adb3779d?s=96&d=mm&r=g\",\"contentUrl\":\"https:\/\/secure.gravatar.com\/avatar\/c38472c0cdbde82d9b6fcc26adb3779d?s=96&d=mm&r=g\",\"caption\":\"fw2\"},\"sameAs\":[\"https:\/\/clam.fw2web.com.br\"],\"url\":\"https:\/\/clam.org.br\/es\/author\/fw2\/\"}]}<\/script>\n<!-- \/ Yoast SEO plugin. -->","yoast_head_json":{"title":"Libro sobre discriminaci\u00f3n por VIH-SIDA en Chile - CLAM - ES","robots":{"index":"index","follow":"follow","max-snippet":"max-snippet:-1","max-image-preview":"max-image-preview:large","max-video-preview":"max-video-preview:-1"},"canonical":"https:\/\/clam.org.br\/es\/noticias-clam\/libro-sobre-discriminacion-por-vih-sida-en-chile\/245\/","og_locale":"es_ES","og_type":"article","og_title":"Libro sobre discriminaci\u00f3n por VIH-SIDA en Chile - CLAM - ES","og_description":"Fue presentado el libro &ldquo;Discriminaci\u00f3n por VIH\/SIDA en Chile. Cambios y Continuidades: 2002-2005&rdquo;, de Francisco Vidal, Marina Carrasco y Paula Santana. Colaboraron con Vivo Positivo el \u00c1rea de Estudios de G\u00e9nero de FLACSO-Chile y la Universidad Arcis, con auspicio de Oxfam.","og_url":"https:\/\/clam.org.br\/es\/noticias-clam\/libro-sobre-discriminacion-por-vih-sida-en-chile\/245\/","og_site_name":"CLAM - ES","article_published_time":"2005-12-15T02:00:00+00:00","author":"fw2","twitter_card":"summary_large_image","twitter_misc":{"Escrito por":"fw2","Tiempo de lectura":"3 minutos"},"schema":{"@context":"https:\/\/schema.org","@graph":[{"@type":"WebPage","@id":"https:\/\/clam.org.br\/es\/noticias-clam\/libro-sobre-discriminacion-por-vih-sida-en-chile\/245\/","url":"https:\/\/clam.org.br\/es\/noticias-clam\/libro-sobre-discriminacion-por-vih-sida-en-chile\/245\/","name":"Libro sobre discriminaci\u00f3n por VIH-SIDA en Chile - CLAM - ES","isPartOf":{"@id":"https:\/\/clam.org.br\/es\/#website"},"datePublished":"2005-12-15T02:00:00+00:00","author":{"@id":"https:\/\/clam.org.br\/es\/#\/schema\/person\/fbd9a86032bf7479f94b0ded196f1010"},"breadcrumb":{"@id":"https:\/\/clam.org.br\/es\/noticias-clam\/libro-sobre-discriminacion-por-vih-sida-en-chile\/245\/#breadcrumb"},"inLanguage":"es","potentialAction":[{"@type":"ReadAction","target":["https:\/\/clam.org.br\/es\/noticias-clam\/libro-sobre-discriminacion-por-vih-sida-en-chile\/245\/"]}]},{"@type":"BreadcrumbList","@id":"https:\/\/clam.org.br\/es\/noticias-clam\/libro-sobre-discriminacion-por-vih-sida-en-chile\/245\/#breadcrumb","itemListElement":[{"@type":"ListItem","position":1,"name":"In\u00edcio","item":"https:\/\/clam.org.br\/es\/"},{"@type":"ListItem","position":2,"name":"Libro sobre discriminaci\u00f3n por VIH-SIDA en Chile"}]},{"@type":"WebSite","@id":"https:\/\/clam.org.br\/es\/#website","url":"https:\/\/clam.org.br\/es\/","name":"CLAM - ES","description":"S\u00f3 mais um site CLAM - Centro Latino-Americano em Sexualidade e Direitos Humanos sites","potentialAction":[{"@type":"SearchAction","target":{"@type":"EntryPoint","urlTemplate":"https:\/\/clam.org.br\/es\/?s={search_term_string}"},"query-input":{"@type":"PropertyValueSpecification","valueRequired":true,"valueName":"search_term_string"}}],"inLanguage":"es"},{"@type":"Person","@id":"https:\/\/clam.org.br\/es\/#\/schema\/person\/fbd9a86032bf7479f94b0ded196f1010","name":"fw2","image":{"@type":"ImageObject","inLanguage":"es","@id":"https:\/\/clam.org.br\/es\/#\/schema\/person\/image\/","url":"https:\/\/secure.gravatar.com\/avatar\/c38472c0cdbde82d9b6fcc26adb3779d?s=96&d=mm&r=g","contentUrl":"https:\/\/secure.gravatar.com\/avatar\/c38472c0cdbde82d9b6fcc26adb3779d?s=96&d=mm&r=g","caption":"fw2"},"sameAs":["https:\/\/clam.fw2web.com.br"],"url":"https:\/\/clam.org.br\/es\/author\/fw2\/"}]}},"jetpack_featured_media_url":"","jetpack_sharing_enabled":true,"_links":{"self":[{"href":"https:\/\/clam.org.br\/es\/wp-json\/wp\/v2\/posts\/245","targetHints":{"allow":["GET"]}}],"collection":[{"href":"https:\/\/clam.org.br\/es\/wp-json\/wp\/v2\/posts"}],"about":[{"href":"https:\/\/clam.org.br\/es\/wp-json\/wp\/v2\/types\/post"}],"author":[{"embeddable":true,"href":"https:\/\/clam.org.br\/es\/wp-json\/wp\/v2\/users\/1"}],"replies":[{"embeddable":true,"href":"https:\/\/clam.org.br\/es\/wp-json\/wp\/v2\/comments?post=245"}],"version-history":[{"count":0,"href":"https:\/\/clam.org.br\/es\/wp-json\/wp\/v2\/posts\/245\/revisions"}],"wp:attachment":[{"href":"https:\/\/clam.org.br\/es\/wp-json\/wp\/v2\/media?parent=245"}],"wp:term":[{"taxonomy":"category","embeddable":true,"href":"https:\/\/clam.org.br\/es\/wp-json\/wp\/v2\/categories?post=245"},{"taxonomy":"post_tag","embeddable":true,"href":"https:\/\/clam.org.br\/es\/wp-json\/wp\/v2\/tags?post=245"}],"curies":[{"name":"wp","href":"https:\/\/api.w.org\/{rel}","templated":true}]}}