{"id":246,"date":"2005-12-15T00:00:00","date_gmt":"2005-12-15T02:00:00","guid":{"rendered":"https:\/\/clam.org.br\/es\/2005\/12\/15\/ddss-y-rr-en-las-elecciones-presidenciales-chilenas\/"},"modified":"2005-12-15T00:00:00","modified_gmt":"2005-12-15T02:00:00","slug":"ddss-y-rr-en-las-elecciones-presidenciales-chilenas","status":"publish","type":"post","link":"https:\/\/clam.org.br\/es\/noticias-clam\/ddss-y-rr-en-las-elecciones-presidenciales-chilenas\/246\/","title":{"rendered":"DDSS y RR en las elecciones presidenciales chilenas"},"content":{"rendered":"<p>El 11 de diciembre de 2005, por primera vez en la historia de Chile, una mujer obtuvo la primera mayor\u00eda en las elecciones presidenciales. Michelle Bachelet deber\u00e1 enfrentarse en una segunda vuelta al candidato de Renovaci\u00f3n Nacional (partido de derecha liberal) Sebasti\u00e1n Pi\u00f1era.<BR>  <P>Durante la campa\u00f1a, los cuatro candidatos, los mencionados Bachelet y Pi\u00f1era, as\u00ed como el derechista Joaqu\u00edn Lav\u00edn, de la Uni\u00f3n Dem\u00f3crata Independiente (UDI), partido heredero de la dictadura, y Tom\u00e1s Hirsch, del Pacto de Izquierda Extraparlamentaria, se vieron enfrentados a preguntas para ellos dif\u00edciles, de la prensa chilena, sobre los que han sido llamados &ldquo;temas val\u00f3ricos&rdquo;. Cada vez que un periodista quer\u00eda complicar a un candidato o a la candidata, preguntaba acerca de la pertinencia del matrimonio homosexual, de la anticoncepci\u00f3n de emergencia, del aborto terap\u00e9utico. La complicaci\u00f3n radicaba en el equilibrio que cada candidato deb\u00eda mantener respecto de lo que resulta aceptable decir en p\u00fablico.<BR>  <P>Si consideramos los programas de gobierno, el de Bachelet aborda la situaci\u00f3n de las minor\u00edas sexuales y expone la necesidad de erradicar todo tipo de discriminaci\u00f3n, incluida la de orientaci\u00f3n sexual, y de contar con una ley de uni\u00f3n de hecho, independiente de la composici\u00f3n de las parejas. Propone tambi\u00e9n incluir en las mallas curriculares el respeto hacia las minor\u00edas sexuales y crear, al interior del Ministerio de Educaci\u00f3n, una instancia de protecci\u00f3n y asistencia para los alumnos y alumnas discriminados por su orientaci\u00f3n sexual o identidad de g\u00e9nero.<BR>  <P>El programa de Pi\u00f1era, por su parte, no contempla en particular a las minor\u00edas sexuales, mencionando solamente la importancia de las libertades econ\u00f3micas, la movilidad social, la libertad de expresi\u00f3n, de asociaci\u00f3n, de culto y la no discriminaci\u00f3n.<BR>  <P>En una entrevista concedida a &ldquo;El Periodista&rdquo; el 8 de abril de este a\u00f1o, Bachelet plante\u00f3 su postura con respecto a la anticoncepci\u00f3n de emergencia y al aborto terap\u00e9utico. Recordemos que Chile es uno de los escasos pa\u00edses en el mundo donde el aborto est\u00e1 absolutamente prohibido &ndash;incluso cuando la vida o salud de la mujer est\u00e1 en riesgo. Al respecto, la candidata se\u00f1al\u00f3: &ldquo;El aborto terap\u00e9utico se instal\u00f3 en Chile en los a\u00f1os 40 y luego se mantuvo durante el gobierno de Frei Montalva, Allende e, incluso, hasta fines del r\u00e9gimen militar. El sentido era disminuir la mortalidad materna. En el a\u00f1o 2004 se produjeron 43 muertes maternas en Chile y tengo un grupo de personas estudiando las causas para ver si hubo alguna que falleci\u00f3 porque el aborto terap\u00e9utico no estaba permitido en nuestro pa\u00eds. La medicina ha avanzado y hay que mirar si lo que ayer fue v\u00e1lido sigue si\u00e9ndolo plenamente hoy. Creo que para tomar una decisi\u00f3n de salud p\u00fablica uno no puede basarse en las creencias personales de los presidentes o los candidatos, sino en la evidencia cient\u00edfica.&rdquo;<BR>  <P>Bachelet manifest\u00f3 tambi\u00e9n su desacuerdo con que la anticoncepci\u00f3n de emergencia se entregue solamente en casos de violaci\u00f3n: &ldquo;Me jugu\u00e9, como ministra de Salud, para que estuviera en Chile y se pudiera comercializar. Debe ser bien usada. Yo creo que estamos en una segunda etapa. Las mujeres que tienen recursos en Chile pueden adquirirla. Coincido entonces con Antonio Infante, en que es importante mirar c\u00f3mo se introduce igualdad de oportunidades frente a la p\u00edldora del d\u00eda despu\u00e9s. Lo que s\u00ed creo tambi\u00e9n es que, as\u00ed como el uso aparece reducido para mujeres con violaci\u00f3n, tambi\u00e9n me parecer\u00eda una exageraci\u00f3n d\u00e1rselo a una ni\u00f1a de 12 a\u00f1os sin acompa\u00f1amiento de sus padres. Debe darse de manera m\u00e1s equitativa, con informaci\u00f3n adecuada.&rdquo;<BR>  <P>Al respecto de los mismos temas, Pi\u00f1era sostuvo, el 17 de octubre ante el mismo medio:<BR>  <P>&ldquo;Creo en el valor de la vida. Soy cat\u00f3lico y creo que Dios es el \u00fanico que tiene poder para dar vida y, por tanto, el \u00fanico que tiene derecho a quitarla y en consecuencia soy contrario a cualquier formula de aborto. Soy partidario de reconocer la uni\u00f3n civil entre personas del mismo sexo, en todo lo que se refiere a derechos civiles como salud, herencia, previsi\u00f3n, etc. Pero creo que la palabra matrimonio debe reservarse para la uni\u00f3n entre un hombre y una mujer, porque eso es de su esencia. Soy partidario de una sociedad m\u00e1s abierta, m\u00e1s pluralista, en que tratemos de convencernos mutuamente de los valores y principios m\u00e1s que de imponerlos por la fuerza.&rdquo;<BR>  <P>Durante las pr\u00f3ximas semanas Bachelet y Pi\u00f1era deber\u00e1n esforzarse por conquistar los votos menos &ldquo;duros&rdquo;. Pi\u00f1era est\u00e1 contando con los partidarios de Lav\u00edn. Bachelet espera lo mismo de los ciudadanos que votaron por Hirsch. La dificultad para Pi\u00f1era es sostener un discurso que se mueve entre las aguas m\u00e1s liberales de la centroderecha y las ultraconservadoras de los seguidores de Lav\u00edn. En lo que a temas &ldquo;val\u00f3ricos\u00bb se trata, ese es un territorio pantanoso, dif\u00edcil de transitar. Dif\u00edcil tarea la de atraer el apoyo de personas que, en estos temas, pueden pensar de manera contrapuesta.<BR>  <P>Para Bachelet el desaf\u00edo es plantear con m\u00e1s fuerza sus posturas respecto del aborto terap\u00e9utico, de la anticoncepci\u00f3n de emergencia, y de los derechos de las minor\u00edas sexuales, confiando en que quienes votaron por ella no solamente esperen mejores indicadores macroecon\u00f3micos, sino tambi\u00e9n transformaciones en cuestiones vinculadas a la defensa amplia de los derechos humanos, entre los cuales cuentan, cada vez m\u00e1s, los derechos sexuales y reproductivos.<\/P><\/p>\n","protected":false},"excerpt":{"rendered":"<p>El 15 de enero de 2006 ser\u00e1 la segunda vuelta de elecciones para Presidente de la Rep\u00fablica de Chile. Michelle Bachelet y Sebasti\u00e1n Pi\u00f1era registran posiciones encontradas en el campo de los derechos sexuales y reproductivos.<\/p>\n","protected":false},"author":1,"featured_media":0,"comment_status":"open","ping_status":"open","sticky":false,"template":"","format":"standard","meta":{"_acf_changed":false,"site-sidebar-layout":"default","site-content-layout":"default","ast-global-header-display":"","ast-main-header-display":"","ast-hfb-above-header-display":"","ast-hfb-below-header-display":"","ast-hfb-mobile-header-display":"","site-post-title":"","ast-breadcrumbs-content":"","ast-featured-img":"","footer-sml-layout":"","theme-transparent-header-meta":"","adv-header-id-meta":"","stick-header-meta":"","header-above-stick-meta":"","header-main-stick-meta":"","header-below-stick-meta":"","_jetpack_memberships_contains_paid_content":false,"footnotes":""},"categories":[7],"tags":[],"class_list":["post-246","post","type-post","status-publish","format-standard","hentry","category-noticias-clam"],"acf":[],"yoast_head":"<!-- This site is optimized with the Yoast SEO plugin v26.1.1 - https:\/\/yoast.com\/wordpress\/plugins\/seo\/ -->\n<title>DDSS y RR en las elecciones presidenciales chilenas - CLAM - ES<\/title>\n<meta name=\"robots\" content=\"index, follow, max-snippet:-1, max-image-preview:large, max-video-preview:-1\" \/>\n<link rel=\"canonical\" href=\"https:\/\/clam.org.br\/es\/noticias-clam\/ddss-y-rr-en-las-elecciones-presidenciales-chilenas\/246\/\" \/>\n<meta property=\"og:locale\" content=\"es_ES\" \/>\n<meta property=\"og:type\" content=\"article\" \/>\n<meta property=\"og:title\" content=\"DDSS y RR en las elecciones presidenciales chilenas - CLAM - ES\" \/>\n<meta property=\"og:description\" content=\"El 15 de enero de 2006 ser\u00e1 la segunda vuelta de elecciones para Presidente de la Rep\u00fablica de Chile. Michelle Bachelet y Sebasti\u00e1n Pi\u00f1era registran posiciones encontradas en el campo de los derechos sexuales y reproductivos.\" \/>\n<meta property=\"og:url\" content=\"https:\/\/clam.org.br\/es\/noticias-clam\/ddss-y-rr-en-las-elecciones-presidenciales-chilenas\/246\/\" \/>\n<meta property=\"og:site_name\" content=\"CLAM - ES\" \/>\n<meta property=\"article:published_time\" content=\"2005-12-15T02:00:00+00:00\" \/>\n<meta name=\"author\" content=\"fw2\" \/>\n<meta name=\"twitter:card\" content=\"summary_large_image\" \/>\n<meta name=\"twitter:label1\" content=\"Escrito por\" \/>\n\t<meta name=\"twitter:data1\" content=\"fw2\" \/>\n\t<meta name=\"twitter:label2\" content=\"Tiempo de lectura\" \/>\n\t<meta name=\"twitter:data2\" content=\"5 minutos\" \/>\n<script type=\"application\/ld+json\" class=\"yoast-schema-graph\">{\"@context\":\"https:\/\/schema.org\",\"@graph\":[{\"@type\":\"WebPage\",\"@id\":\"https:\/\/clam.org.br\/es\/noticias-clam\/ddss-y-rr-en-las-elecciones-presidenciales-chilenas\/246\/\",\"url\":\"https:\/\/clam.org.br\/es\/noticias-clam\/ddss-y-rr-en-las-elecciones-presidenciales-chilenas\/246\/\",\"name\":\"DDSS y RR en las elecciones presidenciales chilenas - CLAM - ES\",\"isPartOf\":{\"@id\":\"https:\/\/clam.org.br\/es\/#website\"},\"datePublished\":\"2005-12-15T02:00:00+00:00\",\"author\":{\"@id\":\"https:\/\/clam.org.br\/es\/#\/schema\/person\/fbd9a86032bf7479f94b0ded196f1010\"},\"breadcrumb\":{\"@id\":\"https:\/\/clam.org.br\/es\/noticias-clam\/ddss-y-rr-en-las-elecciones-presidenciales-chilenas\/246\/#breadcrumb\"},\"inLanguage\":\"es\",\"potentialAction\":[{\"@type\":\"ReadAction\",\"target\":[\"https:\/\/clam.org.br\/es\/noticias-clam\/ddss-y-rr-en-las-elecciones-presidenciales-chilenas\/246\/\"]}]},{\"@type\":\"BreadcrumbList\",\"@id\":\"https:\/\/clam.org.br\/es\/noticias-clam\/ddss-y-rr-en-las-elecciones-presidenciales-chilenas\/246\/#breadcrumb\",\"itemListElement\":[{\"@type\":\"ListItem\",\"position\":1,\"name\":\"In\u00edcio\",\"item\":\"https:\/\/clam.org.br\/es\/\"},{\"@type\":\"ListItem\",\"position\":2,\"name\":\"DDSS y RR en las elecciones presidenciales chilenas\"}]},{\"@type\":\"WebSite\",\"@id\":\"https:\/\/clam.org.br\/es\/#website\",\"url\":\"https:\/\/clam.org.br\/es\/\",\"name\":\"CLAM - ES\",\"description\":\"S\u00f3 mais um site CLAM - Centro Latino-Americano em Sexualidade e Direitos Humanos sites\",\"potentialAction\":[{\"@type\":\"SearchAction\",\"target\":{\"@type\":\"EntryPoint\",\"urlTemplate\":\"https:\/\/clam.org.br\/es\/?s={search_term_string}\"},\"query-input\":{\"@type\":\"PropertyValueSpecification\",\"valueRequired\":true,\"valueName\":\"search_term_string\"}}],\"inLanguage\":\"es\"},{\"@type\":\"Person\",\"@id\":\"https:\/\/clam.org.br\/es\/#\/schema\/person\/fbd9a86032bf7479f94b0ded196f1010\",\"name\":\"fw2\",\"image\":{\"@type\":\"ImageObject\",\"inLanguage\":\"es\",\"@id\":\"https:\/\/clam.org.br\/es\/#\/schema\/person\/image\/\",\"url\":\"https:\/\/secure.gravatar.com\/avatar\/c38472c0cdbde82d9b6fcc26adb3779d?s=96&d=mm&r=g\",\"contentUrl\":\"https:\/\/secure.gravatar.com\/avatar\/c38472c0cdbde82d9b6fcc26adb3779d?s=96&d=mm&r=g\",\"caption\":\"fw2\"},\"sameAs\":[\"https:\/\/clam.fw2web.com.br\"],\"url\":\"https:\/\/clam.org.br\/es\/author\/fw2\/\"}]}<\/script>\n<!-- \/ Yoast SEO plugin. -->","yoast_head_json":{"title":"DDSS y RR en las elecciones presidenciales chilenas - CLAM - ES","robots":{"index":"index","follow":"follow","max-snippet":"max-snippet:-1","max-image-preview":"max-image-preview:large","max-video-preview":"max-video-preview:-1"},"canonical":"https:\/\/clam.org.br\/es\/noticias-clam\/ddss-y-rr-en-las-elecciones-presidenciales-chilenas\/246\/","og_locale":"es_ES","og_type":"article","og_title":"DDSS y RR en las elecciones presidenciales chilenas - CLAM - ES","og_description":"El 15 de enero de 2006 ser\u00e1 la segunda vuelta de elecciones para Presidente de la Rep\u00fablica de Chile. Michelle Bachelet y Sebasti\u00e1n Pi\u00f1era registran posiciones encontradas en el campo de los derechos sexuales y reproductivos.","og_url":"https:\/\/clam.org.br\/es\/noticias-clam\/ddss-y-rr-en-las-elecciones-presidenciales-chilenas\/246\/","og_site_name":"CLAM - ES","article_published_time":"2005-12-15T02:00:00+00:00","author":"fw2","twitter_card":"summary_large_image","twitter_misc":{"Escrito por":"fw2","Tiempo de lectura":"5 minutos"},"schema":{"@context":"https:\/\/schema.org","@graph":[{"@type":"WebPage","@id":"https:\/\/clam.org.br\/es\/noticias-clam\/ddss-y-rr-en-las-elecciones-presidenciales-chilenas\/246\/","url":"https:\/\/clam.org.br\/es\/noticias-clam\/ddss-y-rr-en-las-elecciones-presidenciales-chilenas\/246\/","name":"DDSS y RR en las elecciones presidenciales chilenas - CLAM - ES","isPartOf":{"@id":"https:\/\/clam.org.br\/es\/#website"},"datePublished":"2005-12-15T02:00:00+00:00","author":{"@id":"https:\/\/clam.org.br\/es\/#\/schema\/person\/fbd9a86032bf7479f94b0ded196f1010"},"breadcrumb":{"@id":"https:\/\/clam.org.br\/es\/noticias-clam\/ddss-y-rr-en-las-elecciones-presidenciales-chilenas\/246\/#breadcrumb"},"inLanguage":"es","potentialAction":[{"@type":"ReadAction","target":["https:\/\/clam.org.br\/es\/noticias-clam\/ddss-y-rr-en-las-elecciones-presidenciales-chilenas\/246\/"]}]},{"@type":"BreadcrumbList","@id":"https:\/\/clam.org.br\/es\/noticias-clam\/ddss-y-rr-en-las-elecciones-presidenciales-chilenas\/246\/#breadcrumb","itemListElement":[{"@type":"ListItem","position":1,"name":"In\u00edcio","item":"https:\/\/clam.org.br\/es\/"},{"@type":"ListItem","position":2,"name":"DDSS y RR en las elecciones presidenciales chilenas"}]},{"@type":"WebSite","@id":"https:\/\/clam.org.br\/es\/#website","url":"https:\/\/clam.org.br\/es\/","name":"CLAM - ES","description":"S\u00f3 mais um site CLAM - Centro Latino-Americano em Sexualidade e Direitos Humanos sites","potentialAction":[{"@type":"SearchAction","target":{"@type":"EntryPoint","urlTemplate":"https:\/\/clam.org.br\/es\/?s={search_term_string}"},"query-input":{"@type":"PropertyValueSpecification","valueRequired":true,"valueName":"search_term_string"}}],"inLanguage":"es"},{"@type":"Person","@id":"https:\/\/clam.org.br\/es\/#\/schema\/person\/fbd9a86032bf7479f94b0ded196f1010","name":"fw2","image":{"@type":"ImageObject","inLanguage":"es","@id":"https:\/\/clam.org.br\/es\/#\/schema\/person\/image\/","url":"https:\/\/secure.gravatar.com\/avatar\/c38472c0cdbde82d9b6fcc26adb3779d?s=96&d=mm&r=g","contentUrl":"https:\/\/secure.gravatar.com\/avatar\/c38472c0cdbde82d9b6fcc26adb3779d?s=96&d=mm&r=g","caption":"fw2"},"sameAs":["https:\/\/clam.fw2web.com.br"],"url":"https:\/\/clam.org.br\/es\/author\/fw2\/"}]}},"jetpack_featured_media_url":"","jetpack_sharing_enabled":true,"_links":{"self":[{"href":"https:\/\/clam.org.br\/es\/wp-json\/wp\/v2\/posts\/246","targetHints":{"allow":["GET"]}}],"collection":[{"href":"https:\/\/clam.org.br\/es\/wp-json\/wp\/v2\/posts"}],"about":[{"href":"https:\/\/clam.org.br\/es\/wp-json\/wp\/v2\/types\/post"}],"author":[{"embeddable":true,"href":"https:\/\/clam.org.br\/es\/wp-json\/wp\/v2\/users\/1"}],"replies":[{"embeddable":true,"href":"https:\/\/clam.org.br\/es\/wp-json\/wp\/v2\/comments?post=246"}],"version-history":[{"count":0,"href":"https:\/\/clam.org.br\/es\/wp-json\/wp\/v2\/posts\/246\/revisions"}],"wp:attachment":[{"href":"https:\/\/clam.org.br\/es\/wp-json\/wp\/v2\/media?parent=246"}],"wp:term":[{"taxonomy":"category","embeddable":true,"href":"https:\/\/clam.org.br\/es\/wp-json\/wp\/v2\/categories?post=246"},{"taxonomy":"post_tag","embeddable":true,"href":"https:\/\/clam.org.br\/es\/wp-json\/wp\/v2\/tags?post=246"}],"curies":[{"name":"wp","href":"https:\/\/api.w.org\/{rel}","templated":true}]}}