{"id":247,"date":"2005-12-15T00:00:00","date_gmt":"2005-12-15T02:00:00","guid":{"rendered":"https:\/\/clam.org.br\/es\/2005\/12\/15\/raza-y-sexualidad\/"},"modified":"2005-12-15T00:00:00","modified_gmt":"2005-12-15T02:00:00","slug":"raza-y-sexualidad","status":"publish","type":"post","link":"https:\/\/clam.org.br\/es\/noticias-clam\/raza-y-sexualidad\/247\/","title":{"rendered":"Raza y sexualidad"},"content":{"rendered":"<p>El Seminario internacional <I>Sexualidad y dimensi\u00f3n \u00e9tnico-racial. Di\u00e1logos entre la academia, los movimientos sociales y el Estado<\/I>, realizado en la ciudad de Cali (Colombia) entre los d\u00edas 5 y 7 de diciembre, puso en la escena acad\u00e9mica y p\u00fablica los cruces entre sexualidad, la categor\u00eda &ldquo;raza&rdquo; y diversidad cultural, un debate poco explorado en Colombia. Para los organizadores del seminario, de la Universidad del Valle, proponer esta discusi\u00f3n es fundamental, si se tiene en cuenta el marco constitucional que ese pa\u00eds ha asumido, como una naci\u00f3n pluri\u00e9tnica y multicultural. Actualmente se proponen diversas estrategias focalizadas que respondan a la diversidad cultural y en las que combatir la discriminaci\u00f3n, tanto racial como sexual, emerge como objeto de pol\u00edticas p\u00fablicas.<BR>  <P>Participaron del encuentro investigadores nacionales e internacionales que presentaron trabajos que relacionaban sexualidad y dimensi\u00f3n \u00e9tnico-racial, as\u00ed como activistas del movimiento LGBT, del movimiento afro y responsables de programas en el \u00e1rea de salud sexual y reproductiva y VIH-SIDA.<BR>  <P>Fernando Urrea, investigador de la Universidad del Valle, coordinador acad\u00e9mico del seminario, junto con Mara Viveros de la UNC, enfatiz\u00f3 la importancia del tema en el pa\u00eds sustentado en dos argumentos. El primero es la propuesta te\u00f3rica y pol\u00edtica de <I>racializar la sexualidad y sexualizar la raza<\/I>. M\u00e1s que imponer \u00f3rdenes raciales en el campo de la sexualidad o proponer diferencias \u00e9tnicas en relaci\u00f3n con comportamientos sexuales, se trata de identificar c\u00f3mo la raza juega un papel fundamental en la configuraci\u00f3n de las desigualdades de g\u00e9nero y de las minor\u00edas sexuales. Adem\u00e1s del g\u00e9nero y la clase, la raza es una categor\u00eda \u00fatil para la comprensi\u00f3n del campo de la sexualidad. En segundo lugar, en el mundo contempor\u00e1neo, la sexualidad es una arena de debate fundamental en la definici\u00f3n de la ciudadan\u00eda en general.<BR>  <P>En la perspectiva del CLAM, raza, sexualidad e salud son aspectos que, imbricados entre si, estructuran el acceso a bienes, estatus, ocupaci\u00f3n o empleo, la trayectoria escolar, e inciden sobre la vulnerabilidad de individuos frente a enfermedades de transmisi\u00f3n sexual y el sida, sobre los cuidados y sobre el acceso a los sistemas de salud. Ellos no deben ser entendidos como una sumatoria de determinaciones. Su operaci\u00f3n es maleable, mediada por estructuras sociales y relaciones de poder. El prestigio social se produce y manifiesta a trav\u00e9s de diferencias tanto raciales y \u00e9tnicas, como sexuales y de g\u00e9nero, articuladas entre si. Tener en mente esas dimensiones nos permite comprender algunos sentidos relativos al la identidad \u00e9tnica, la raza o el color y el racismo, el g\u00e9nero y el sexismo, en sus complejos interjuegos.<BR>  <P>El seminario permiti\u00f3 identificar la necesidad de promover m\u00e1s investigaciones que aborden estos cruces y la importancia del di\u00e1logo entre responsables de pol\u00edticas p\u00fablicas e investigadores, para aprovechar mejor los resultados de los estudios en la formulaci\u00f3n de enfoques diferenciados, de acciones afirmativas, as\u00ed como en la incorporaci\u00f3n de la discriminaci\u00f3n como un tema transversal en las pol\u00edticas ciudadanas. Se subray\u00f3 fuertemente la propuesta de alianzas estrat\u00e9gicas entre movimientos sociales minoritarios (raciales, \u00e9tnicos, LGBT, feministas) para concertar agendas comunes y aunar esfuerzos en la lucha contra todas las formas de discriminaci\u00f3n.<BR>  <P>Eric Fassin (investigador ENS &ndash; Francia) destac\u00f3 el car\u00e1cter comparativo del seminario. Tener la oportunidad de escuchar temas de investigaci\u00f3n similares desde diferentes pa\u00edses, permite pensar la sexualidad en una escala m\u00e1s amplia y, en todo caso, pensar qu\u00e9 escalas &ndash; local, nacional, global &ndash;debe usarse para pensar determinados problemas.<BR>  <P>Para Laura Moutinho, que en su libro <A href=\"http:\/\/www.clam.org.br\/publique\/cgi\/cgilua.exe\/sys\/start.htm?infoid=131&amp;sid=11\">Raz\u00e3o, &ldquo;Cor&rdquo; e Desejo<\/A> analiza comparativamente relaciones afectivo-sexuales en Brasil y Sud\u00e1frica y represent\u00f3 al CLAM en el seminario, un punto fundamental que la perspectiva comparada nos permite problematizar es el referido a la &ldquo;realidad del racismo&rdquo;. Tomar la discriminaci\u00f3n racial al un\u00edsono no permite ver precisamente la especificidad que crea tantos y tan variados sufrimientos y restricciones, ni ayuda en la reflexi\u00f3n sobre las soluciones posibles. Es preciso tener en mente que los rostros del racismo no son necesariamente expl\u00edcitos ni un\u00edvocos. Laura rescat\u00f3 lo interesante que fue, en el seminario, conocer mejor la din\u00e1mica de la discriminaci\u00f3n racial en el Peru, &ldquo;un pa\u00eds que en nuestro imaginario aparece como exclusivamente ind\u00edgena&rdquo;. Fue tambi\u00e9n interesante la articulaci\u00f3n que Eric Fassin realiza entre raza y homosexualidad, a partir del an\u00e1lisis del PACS franc\u00e9s. El ser\u00e1 desarrollado pr\u00f3ximamente publicar\u00e1 una entrevista exclusiva del CLAM con el soci\u00f3logo franc\u00e9s.<BR>  <P>Marcela Rueda (Coordinadora del \u00e1rea de g\u00e9nero de Profamilia) refiri\u00e9ndose al panorama de los derechos humanos de las personas viviendo con VIH, subray\u00f3 que es importante multiplicar espacios que relacionen las variables de sexo, &ldquo;raza&rdquo; y diversidad sexual. Marcelo Cerqueira (Presidente del Grupo Gay de Bah\u00eda) resalt\u00f3 que el seminario fue muy importante, al permitir la integraci\u00f3n de la academia con los movimientos sociales y sobre con el todo el movimiento LGBT. Fue muy valioso poder compartir y comparar las experiencias de Brasil y de Colombia en relaci\u00f3n con la defensa de los derechos de las minor\u00edas sexuales.<BR>  <P>Las diferencias entre c\u00f3mo personas negras e ind\u00edgenas viven una serie de problemas sociales fue otra de las tem\u00e1ticas que movilizaron el seminario. Para Pastora Juajibioy (ind\u00edgena Kamtsa), las tem\u00e1ticas de sexualidad y derechos sexuales y reproductivos son a\u00fan poco tratadas en los grupos ind\u00edgenas, aunque algunos grupos han empezado a abordarlas desde la cosmovisi\u00f3n propia.<BR>  <P>Varios participantes abrieron la discusi\u00f3n tambi\u00e9n a c\u00f3mo ciertos programas de control de la natalidad chocan con algunas concepciones locales acerca del curso de la vida y son rechazados. Por ora parte, algunas de esas pol\u00edticas tambi\u00e9n son recibidas con gran desconfianza, pues para ciertos grupos \u00e9tnicos los programas de contracepci\u00f3n pueden representar el exterminio del grupo. Pastora se\u00f1alo tambi\u00e9n las dificultades que entra\u00f1an proponer el tema de la diversidad sexual entre los pueblos ind\u00edgenas.<BR>  <P>***<BR>  <P>El punto de partida de estudios cl\u00e1sicos sobre relaciones raciales ha tenido a los Estados Unidos como locus privilegiado de reflexi\u00f3n. En sinton\u00eda con el objetivo del CLAM, el Seminario internacional Sexualidad y dimensi\u00f3n \u00e9tnico-racial, realizado en Cali trajo otros polos a esta comparaci\u00f3n y reflexi\u00f3n. Por un lado, rescat\u00f3 y coloc\u00f3 en el centro de la cuesti\u00f3n las dimensiones m\u00e1s \u00edntimas de esas relaciones. Por otro, gener\u00f3 una interlocuci\u00f3n entre pa\u00edses como Colombia, Francia, Per\u00fa y Brasil, donde las relaciones inter\u00e9tnicas y raciales estructuran din\u00e1micas sociales, pero cuyas experiencias han sido menos destacadas en las discusiones sobre el tema.<BR>  <P>Pretendemos continuar promoviendo reflexiones sobre aspectos a\u00fan poco abordados en el campo de las interacciones atravesadas por la dimensi\u00f3n \u00e9tnico-racial, como son la homosexualidad, la experiencia trans, las relaciones amorosas y sexuales, la conyugalidad, el erotismo, la enfermedad, la intervenci\u00f3n social, as\u00ed como las pr\u00e1cticas regionales pensadas en una perspectiva global.<BR> <BR> <A href=\"http:\/\/www.clam.org.br\/publique\/cgi\/cgilua.exe\/sys\/start.htm?from%5Finfo%5Findex=21&amp;infoid=255&amp;sid=9\">Programa completo del seminario <\/A><\/P><\/p>\n","protected":false},"excerpt":{"rendered":"<p>El Seminario internacional Sexualidad y dimensi\u00f3n \u00e9tnico-racial, realizado en la Universidad del Valle, Cali, con apoyo del CLAM en el mes de diciembre, puso en la escena acad\u00e9mica y p\u00fablica un debate poco explorado en Colombia.<\/p>\n","protected":false},"author":1,"featured_media":0,"comment_status":"open","ping_status":"open","sticky":false,"template":"","format":"standard","meta":{"_acf_changed":false,"site-sidebar-layout":"default","site-content-layout":"default","ast-global-header-display":"","ast-main-header-display":"","ast-hfb-above-header-display":"","ast-hfb-below-header-display":"","ast-hfb-mobile-header-display":"","site-post-title":"","ast-breadcrumbs-content":"","ast-featured-img":"","footer-sml-layout":"","theme-transparent-header-meta":"","adv-header-id-meta":"","stick-header-meta":"","header-above-stick-meta":"","header-main-stick-meta":"","header-below-stick-meta":"","_jetpack_memberships_contains_paid_content":false,"footnotes":""},"categories":[7],"tags":[],"class_list":["post-247","post","type-post","status-publish","format-standard","hentry","category-noticias-clam"],"acf":[],"yoast_head":"<!-- This site is optimized with the Yoast SEO plugin v26.1.1 - https:\/\/yoast.com\/wordpress\/plugins\/seo\/ -->\n<title>Raza y sexualidad - CLAM - ES<\/title>\n<meta name=\"robots\" content=\"index, follow, max-snippet:-1, max-image-preview:large, max-video-preview:-1\" \/>\n<link rel=\"canonical\" href=\"https:\/\/clam.org.br\/es\/noticias-clam\/raza-y-sexualidad\/247\/\" \/>\n<meta property=\"og:locale\" content=\"es_ES\" \/>\n<meta property=\"og:type\" content=\"article\" \/>\n<meta property=\"og:title\" content=\"Raza y sexualidad - CLAM - ES\" \/>\n<meta property=\"og:description\" content=\"El Seminario internacional Sexualidad y dimensi\u00f3n \u00e9tnico-racial, realizado en la Universidad del Valle, Cali, con apoyo del CLAM en el mes de diciembre, puso en la escena acad\u00e9mica y p\u00fablica un debate poco explorado en Colombia.\" \/>\n<meta property=\"og:url\" content=\"https:\/\/clam.org.br\/es\/noticias-clam\/raza-y-sexualidad\/247\/\" \/>\n<meta property=\"og:site_name\" content=\"CLAM - ES\" \/>\n<meta property=\"article:published_time\" content=\"2005-12-15T02:00:00+00:00\" \/>\n<meta name=\"author\" content=\"fw2\" \/>\n<meta name=\"twitter:card\" content=\"summary_large_image\" \/>\n<meta name=\"twitter:label1\" content=\"Escrito por\" \/>\n\t<meta name=\"twitter:data1\" content=\"fw2\" \/>\n\t<meta name=\"twitter:label2\" content=\"Tiempo de lectura\" \/>\n\t<meta name=\"twitter:data2\" content=\"6 minutos\" \/>\n<script type=\"application\/ld+json\" class=\"yoast-schema-graph\">{\"@context\":\"https:\/\/schema.org\",\"@graph\":[{\"@type\":\"WebPage\",\"@id\":\"https:\/\/clam.org.br\/es\/noticias-clam\/raza-y-sexualidad\/247\/\",\"url\":\"https:\/\/clam.org.br\/es\/noticias-clam\/raza-y-sexualidad\/247\/\",\"name\":\"Raza y sexualidad - CLAM - ES\",\"isPartOf\":{\"@id\":\"https:\/\/clam.org.br\/es\/#website\"},\"datePublished\":\"2005-12-15T02:00:00+00:00\",\"author\":{\"@id\":\"https:\/\/clam.org.br\/es\/#\/schema\/person\/fbd9a86032bf7479f94b0ded196f1010\"},\"breadcrumb\":{\"@id\":\"https:\/\/clam.org.br\/es\/noticias-clam\/raza-y-sexualidad\/247\/#breadcrumb\"},\"inLanguage\":\"es\",\"potentialAction\":[{\"@type\":\"ReadAction\",\"target\":[\"https:\/\/clam.org.br\/es\/noticias-clam\/raza-y-sexualidad\/247\/\"]}]},{\"@type\":\"BreadcrumbList\",\"@id\":\"https:\/\/clam.org.br\/es\/noticias-clam\/raza-y-sexualidad\/247\/#breadcrumb\",\"itemListElement\":[{\"@type\":\"ListItem\",\"position\":1,\"name\":\"In\u00edcio\",\"item\":\"https:\/\/clam.org.br\/es\/\"},{\"@type\":\"ListItem\",\"position\":2,\"name\":\"Raza y sexualidad\"}]},{\"@type\":\"WebSite\",\"@id\":\"https:\/\/clam.org.br\/es\/#website\",\"url\":\"https:\/\/clam.org.br\/es\/\",\"name\":\"CLAM - ES\",\"description\":\"S\u00f3 mais um site CLAM - Centro Latino-Americano em Sexualidade e Direitos Humanos sites\",\"potentialAction\":[{\"@type\":\"SearchAction\",\"target\":{\"@type\":\"EntryPoint\",\"urlTemplate\":\"https:\/\/clam.org.br\/es\/?s={search_term_string}\"},\"query-input\":{\"@type\":\"PropertyValueSpecification\",\"valueRequired\":true,\"valueName\":\"search_term_string\"}}],\"inLanguage\":\"es\"},{\"@type\":\"Person\",\"@id\":\"https:\/\/clam.org.br\/es\/#\/schema\/person\/fbd9a86032bf7479f94b0ded196f1010\",\"name\":\"fw2\",\"image\":{\"@type\":\"ImageObject\",\"inLanguage\":\"es\",\"@id\":\"https:\/\/clam.org.br\/es\/#\/schema\/person\/image\/\",\"url\":\"https:\/\/secure.gravatar.com\/avatar\/c38472c0cdbde82d9b6fcc26adb3779d?s=96&d=mm&r=g\",\"contentUrl\":\"https:\/\/secure.gravatar.com\/avatar\/c38472c0cdbde82d9b6fcc26adb3779d?s=96&d=mm&r=g\",\"caption\":\"fw2\"},\"sameAs\":[\"https:\/\/clam.fw2web.com.br\"],\"url\":\"https:\/\/clam.org.br\/es\/author\/fw2\/\"}]}<\/script>\n<!-- \/ Yoast SEO plugin. -->","yoast_head_json":{"title":"Raza y sexualidad - CLAM - ES","robots":{"index":"index","follow":"follow","max-snippet":"max-snippet:-1","max-image-preview":"max-image-preview:large","max-video-preview":"max-video-preview:-1"},"canonical":"https:\/\/clam.org.br\/es\/noticias-clam\/raza-y-sexualidad\/247\/","og_locale":"es_ES","og_type":"article","og_title":"Raza y sexualidad - CLAM - ES","og_description":"El Seminario internacional Sexualidad y dimensi\u00f3n \u00e9tnico-racial, realizado en la Universidad del Valle, Cali, con apoyo del CLAM en el mes de diciembre, puso en la escena acad\u00e9mica y p\u00fablica un debate poco explorado en Colombia.","og_url":"https:\/\/clam.org.br\/es\/noticias-clam\/raza-y-sexualidad\/247\/","og_site_name":"CLAM - ES","article_published_time":"2005-12-15T02:00:00+00:00","author":"fw2","twitter_card":"summary_large_image","twitter_misc":{"Escrito por":"fw2","Tiempo de lectura":"6 minutos"},"schema":{"@context":"https:\/\/schema.org","@graph":[{"@type":"WebPage","@id":"https:\/\/clam.org.br\/es\/noticias-clam\/raza-y-sexualidad\/247\/","url":"https:\/\/clam.org.br\/es\/noticias-clam\/raza-y-sexualidad\/247\/","name":"Raza y sexualidad - CLAM - ES","isPartOf":{"@id":"https:\/\/clam.org.br\/es\/#website"},"datePublished":"2005-12-15T02:00:00+00:00","author":{"@id":"https:\/\/clam.org.br\/es\/#\/schema\/person\/fbd9a86032bf7479f94b0ded196f1010"},"breadcrumb":{"@id":"https:\/\/clam.org.br\/es\/noticias-clam\/raza-y-sexualidad\/247\/#breadcrumb"},"inLanguage":"es","potentialAction":[{"@type":"ReadAction","target":["https:\/\/clam.org.br\/es\/noticias-clam\/raza-y-sexualidad\/247\/"]}]},{"@type":"BreadcrumbList","@id":"https:\/\/clam.org.br\/es\/noticias-clam\/raza-y-sexualidad\/247\/#breadcrumb","itemListElement":[{"@type":"ListItem","position":1,"name":"In\u00edcio","item":"https:\/\/clam.org.br\/es\/"},{"@type":"ListItem","position":2,"name":"Raza y sexualidad"}]},{"@type":"WebSite","@id":"https:\/\/clam.org.br\/es\/#website","url":"https:\/\/clam.org.br\/es\/","name":"CLAM - ES","description":"S\u00f3 mais um site CLAM - Centro Latino-Americano em Sexualidade e Direitos Humanos sites","potentialAction":[{"@type":"SearchAction","target":{"@type":"EntryPoint","urlTemplate":"https:\/\/clam.org.br\/es\/?s={search_term_string}"},"query-input":{"@type":"PropertyValueSpecification","valueRequired":true,"valueName":"search_term_string"}}],"inLanguage":"es"},{"@type":"Person","@id":"https:\/\/clam.org.br\/es\/#\/schema\/person\/fbd9a86032bf7479f94b0ded196f1010","name":"fw2","image":{"@type":"ImageObject","inLanguage":"es","@id":"https:\/\/clam.org.br\/es\/#\/schema\/person\/image\/","url":"https:\/\/secure.gravatar.com\/avatar\/c38472c0cdbde82d9b6fcc26adb3779d?s=96&d=mm&r=g","contentUrl":"https:\/\/secure.gravatar.com\/avatar\/c38472c0cdbde82d9b6fcc26adb3779d?s=96&d=mm&r=g","caption":"fw2"},"sameAs":["https:\/\/clam.fw2web.com.br"],"url":"https:\/\/clam.org.br\/es\/author\/fw2\/"}]}},"jetpack_featured_media_url":"","jetpack_sharing_enabled":true,"_links":{"self":[{"href":"https:\/\/clam.org.br\/es\/wp-json\/wp\/v2\/posts\/247","targetHints":{"allow":["GET"]}}],"collection":[{"href":"https:\/\/clam.org.br\/es\/wp-json\/wp\/v2\/posts"}],"about":[{"href":"https:\/\/clam.org.br\/es\/wp-json\/wp\/v2\/types\/post"}],"author":[{"embeddable":true,"href":"https:\/\/clam.org.br\/es\/wp-json\/wp\/v2\/users\/1"}],"replies":[{"embeddable":true,"href":"https:\/\/clam.org.br\/es\/wp-json\/wp\/v2\/comments?post=247"}],"version-history":[{"count":0,"href":"https:\/\/clam.org.br\/es\/wp-json\/wp\/v2\/posts\/247\/revisions"}],"wp:attachment":[{"href":"https:\/\/clam.org.br\/es\/wp-json\/wp\/v2\/media?parent=247"}],"wp:term":[{"taxonomy":"category","embeddable":true,"href":"https:\/\/clam.org.br\/es\/wp-json\/wp\/v2\/categories?post=247"},{"taxonomy":"post_tag","embeddable":true,"href":"https:\/\/clam.org.br\/es\/wp-json\/wp\/v2\/tags?post=247"}],"curies":[{"name":"wp","href":"https:\/\/api.w.org\/{rel}","templated":true}]}}