{"id":249,"date":"2005-12-06T00:00:00","date_gmt":"2005-12-06T02:00:00","guid":{"rendered":"https:\/\/clam.org.br\/es\/2005\/12\/06\/el-obelisco-vestido\/"},"modified":"2005-12-06T00:00:00","modified_gmt":"2005-12-06T02:00:00","slug":"el-obelisco-vestido","status":"publish","type":"post","link":"https:\/\/clam.org.br\/es\/noticias-clam\/el-obelisco-vestido\/249\/","title":{"rendered":"El Obelisco vestido"},"content":{"rendered":"<p>En el marco de los festejos por el D\u00eda Mundial del Sida, la iniciativa de forrar el Obelisco con un preservativo gigante surgi\u00f3 de la <a href=\"http:\/\/www.fbas.org.ar\/\" target=\"_blank\" rel=\"noopener\">Fundaci\u00f3n Buenos Aires Sida<\/A>, el <a href=\"http:\/\/www.buenosaires.gov.ar\/areas\/salud\/sida\/vih\/\" target=\"_blank\" rel=\"noopener\">Gobierno de la Ciudad de Buenos Aires<\/A>, una empresa fabricante de preservativos y una radio FM local. El decimoctavo D\u00eda Mundial del Sida fue motivo en la Argentina para el desarrollo de distintas actividades que ratifican el compromiso en el tema de la sociedad civil, los organismos internacionales y el Estado. Con espect\u00e1culos, exposiciones, testeos gratuitos de sangre y la entrega de preservativos y folleter\u00eda informativa se conmemor\u00f3 el 1 de diciembre en todo el pa\u00eds.<BR>  <P>El ministro de Salud y Ambiente, Gin\u00e9s Gonz\u00e1lez Garc\u00eda, brind\u00f3 ese d\u00eda una conferencia de prensa en la que anunci\u00f3 que en la Argentina la tasa de mortalidad por VIH-sida se redujo un 36 por ciento desde 1996 y afirm\u00f3 &ldquo;estamos satisfechos porque hemos asegurado que ning\u00fan argentino que lo necesite deje de tener tratamiento&rdquo;. Debe destacarse que los gobiernos de Argentina y Brasil ratificaron sus acuerdos para desarrollar drogas antirretrovirales. Sin embargo, afirm\u00f3 el ministro, &ldquo;uno de los temas que nos preocupa es que hay muchas personas que son portadoras y lo ignoran. Si bien hemos disminuido la tasa de mortalidad, la prevalencia, y la incidencia, creemos que en materia de prevenci\u00f3n todo lo que hagamos es poco&rdquo;, y agreg\u00f3 que &ldquo;estamos trabajando en una pol\u00edtica nacional de prevenci\u00f3n, que va desde las c\u00e1rceles hasta los trabajos espec\u00edficos con cada uno de los grupos de riesgo&rdquo;.<BR>  <P>Tambi\u00e9n los gobiernos de la Ciudad de Buenos Aires y de la provincia de Buenos Aires tuvieron sus actividades. La Coordinaci\u00f3n Sida de la Secretar\u00eda de Salud del Gobierno de la Ciudad presento una relator\u00eda de las actividades que lleva realizada en cinco a\u00f1os de trabajo. Claudio Bloch, coordinador del \u00e1rea dijo: &ldquo;El 1 de diciembre es un d\u00eda de conmemoraci\u00f3n y a su vez doloroso por la historia que se conjuga en \u00e9l, pero hoy tenemos que decir que podemos estar alegres porque tenemos algunos n\u00fameros importantes que marcan que en ciertos sectores de la Ciudad de Buenos Aires estamos controlando la epidemia y esto es un motivo de alegr\u00eda por el trabajo que hacemos todos juntos todo el a\u00f1o&rdquo;. En tanto, el gobernador de la provincia de Buenos Aires, Felipe Sola, firm\u00f3 el decreto de creaci\u00f3n de la Comisi\u00f3n de HIV-Sida que contar\u00e1 con la participaci\u00f3n de organizaciones como el Foro de ONG con Trabajo de VIH&ndash;SIDA, los Autoconvocados de Derechos Humanos, las Redes de Personas Viviendo con VIH-Sida, y la Liga Bonaerense de Diversidad Sexual.<BR>  <P>La Fundaci\u00f3n Buenos Aires Sida, adem\u00e1s de vestir al Obelisco, realiz\u00f3 actividades de prevenci\u00f3n en la plaza que lo rodea. La Fundaci\u00f3n Hu\u00e9sped puso a la venta el calendario 2006 con el que adem\u00e1s de recaudar fondos realiza exposiciones en todo el pa\u00eds que le permiten realizar acciones de prevenci\u00f3n a trav\u00e9s de la muestra fotogr\u00e1fica. La jornada finaliz\u00f3 con la tradicional muestra de mantas de Proyecto Nombres en la Plaza Las Heras, en homenaje a las personas fallecidas por el sida, actividad que se repiti\u00f3 simult\u00e1neamente en 37 pa\u00edses del mundo.<BR>  <P>Informaci\u00f3n sobre VIH-Sida en Argentina:<BR> <a href=\"http:\/\/www.onusida.org.ar\/\" target=\"_blank\" rel=\"noopener\">www.onusida.org.ar<\/A><BR> <a href=\"http:\/\/www.msal.gov.ar\/htm\/site\/sida\/site\/default.asp\" target=\"_blank\" rel=\"noopener\">www.msal.gov.ar\/htm\/site\/sida\/site\/default.asp<\/A><BR> <BR> Noticias relacionadas:<BR> Diario Clar\u00edn: <a href=\"http:\/\/http:\/\/www.clarin.com\/diario\/2005\/12\/02\/sociedad\/s-04304.htm\" target=\"_blank\" rel=\"noopener\">www.clarin.com\/diario\/2005\/12\/02\/sociedad\/s-04304.htm<\/A><BR> Diario P\u00e1gina 12: <a href=\"http:\/\/www.pagina12.com.ar\/diario\/sociedad\/3-59906-2005-12-02.html\" target=\"_blank\" rel=\"noopener\">www.pagina12.com.ar\/diario\/sociedad\/3-59906-2005-12-02.html<\/A><\/P><\/p>\n","protected":false},"excerpt":{"rendered":"<p>El jueves 1\u00ba de diciembre la ciudad de Buenos Aires amaneci\u00f3 distinta. Porte\u00f1os y turistas miraban hacia arriba para ver los cambios. S\u00ed, el Obelisco, cl\u00e1sica postal de la ciudad, estaba vestido. Ten\u00eda puesto un preservativo.<\/p>\n","protected":false},"author":1,"featured_media":0,"comment_status":"open","ping_status":"open","sticky":false,"template":"","format":"standard","meta":{"_acf_changed":false,"site-sidebar-layout":"default","site-content-layout":"default","ast-global-header-display":"","ast-main-header-display":"","ast-hfb-above-header-display":"","ast-hfb-below-header-display":"","ast-hfb-mobile-header-display":"","site-post-title":"","ast-breadcrumbs-content":"","ast-featured-img":"","footer-sml-layout":"","theme-transparent-header-meta":"","adv-header-id-meta":"","stick-header-meta":"","header-above-stick-meta":"","header-main-stick-meta":"","header-below-stick-meta":"","_jetpack_memberships_contains_paid_content":false,"footnotes":""},"categories":[7],"tags":[],"class_list":["post-249","post","type-post","status-publish","format-standard","hentry","category-noticias-clam"],"acf":[],"yoast_head":"<!-- This site is optimized with the Yoast SEO plugin v26.1.1 - https:\/\/yoast.com\/wordpress\/plugins\/seo\/ -->\n<title>El Obelisco vestido - CLAM - ES<\/title>\n<meta name=\"robots\" content=\"index, follow, max-snippet:-1, max-image-preview:large, max-video-preview:-1\" \/>\n<link rel=\"canonical\" href=\"https:\/\/clam.org.br\/es\/noticias-clam\/el-obelisco-vestido\/249\/\" \/>\n<meta property=\"og:locale\" content=\"es_ES\" \/>\n<meta property=\"og:type\" content=\"article\" \/>\n<meta property=\"og:title\" content=\"El Obelisco vestido - CLAM - ES\" \/>\n<meta property=\"og:description\" content=\"El jueves 1\u00ba de diciembre la ciudad de Buenos Aires amaneci\u00f3 distinta. Porte\u00f1os y turistas miraban hacia arriba para ver los cambios. S\u00ed, el Obelisco, cl\u00e1sica postal de la ciudad, estaba vestido. Ten\u00eda puesto un preservativo.\" \/>\n<meta property=\"og:url\" content=\"https:\/\/clam.org.br\/es\/noticias-clam\/el-obelisco-vestido\/249\/\" \/>\n<meta property=\"og:site_name\" content=\"CLAM - ES\" \/>\n<meta property=\"article:published_time\" content=\"2005-12-06T02:00:00+00:00\" \/>\n<meta name=\"author\" content=\"fw2\" \/>\n<meta name=\"twitter:card\" content=\"summary_large_image\" \/>\n<meta name=\"twitter:label1\" content=\"Escrito por\" \/>\n\t<meta name=\"twitter:data1\" content=\"fw2\" \/>\n\t<meta name=\"twitter:label2\" content=\"Tiempo de lectura\" \/>\n\t<meta name=\"twitter:data2\" content=\"3 minutos\" \/>\n<script type=\"application\/ld+json\" class=\"yoast-schema-graph\">{\"@context\":\"https:\/\/schema.org\",\"@graph\":[{\"@type\":\"WebPage\",\"@id\":\"https:\/\/clam.org.br\/es\/noticias-clam\/el-obelisco-vestido\/249\/\",\"url\":\"https:\/\/clam.org.br\/es\/noticias-clam\/el-obelisco-vestido\/249\/\",\"name\":\"El Obelisco vestido - CLAM - ES\",\"isPartOf\":{\"@id\":\"https:\/\/clam.org.br\/es\/#website\"},\"datePublished\":\"2005-12-06T02:00:00+00:00\",\"author\":{\"@id\":\"https:\/\/clam.org.br\/es\/#\/schema\/person\/fbd9a86032bf7479f94b0ded196f1010\"},\"breadcrumb\":{\"@id\":\"https:\/\/clam.org.br\/es\/noticias-clam\/el-obelisco-vestido\/249\/#breadcrumb\"},\"inLanguage\":\"es\",\"potentialAction\":[{\"@type\":\"ReadAction\",\"target\":[\"https:\/\/clam.org.br\/es\/noticias-clam\/el-obelisco-vestido\/249\/\"]}]},{\"@type\":\"BreadcrumbList\",\"@id\":\"https:\/\/clam.org.br\/es\/noticias-clam\/el-obelisco-vestido\/249\/#breadcrumb\",\"itemListElement\":[{\"@type\":\"ListItem\",\"position\":1,\"name\":\"In\u00edcio\",\"item\":\"https:\/\/clam.org.br\/es\/\"},{\"@type\":\"ListItem\",\"position\":2,\"name\":\"El Obelisco vestido\"}]},{\"@type\":\"WebSite\",\"@id\":\"https:\/\/clam.org.br\/es\/#website\",\"url\":\"https:\/\/clam.org.br\/es\/\",\"name\":\"CLAM - ES\",\"description\":\"S\u00f3 mais um site CLAM - Centro Latino-Americano em Sexualidade e Direitos Humanos sites\",\"potentialAction\":[{\"@type\":\"SearchAction\",\"target\":{\"@type\":\"EntryPoint\",\"urlTemplate\":\"https:\/\/clam.org.br\/es\/?s={search_term_string}\"},\"query-input\":{\"@type\":\"PropertyValueSpecification\",\"valueRequired\":true,\"valueName\":\"search_term_string\"}}],\"inLanguage\":\"es\"},{\"@type\":\"Person\",\"@id\":\"https:\/\/clam.org.br\/es\/#\/schema\/person\/fbd9a86032bf7479f94b0ded196f1010\",\"name\":\"fw2\",\"image\":{\"@type\":\"ImageObject\",\"inLanguage\":\"es\",\"@id\":\"https:\/\/clam.org.br\/es\/#\/schema\/person\/image\/\",\"url\":\"https:\/\/secure.gravatar.com\/avatar\/c38472c0cdbde82d9b6fcc26adb3779d?s=96&d=mm&r=g\",\"contentUrl\":\"https:\/\/secure.gravatar.com\/avatar\/c38472c0cdbde82d9b6fcc26adb3779d?s=96&d=mm&r=g\",\"caption\":\"fw2\"},\"sameAs\":[\"https:\/\/clam.fw2web.com.br\"],\"url\":\"https:\/\/clam.org.br\/es\/author\/fw2\/\"}]}<\/script>\n<!-- \/ Yoast SEO plugin. -->","yoast_head_json":{"title":"El Obelisco vestido - CLAM - ES","robots":{"index":"index","follow":"follow","max-snippet":"max-snippet:-1","max-image-preview":"max-image-preview:large","max-video-preview":"max-video-preview:-1"},"canonical":"https:\/\/clam.org.br\/es\/noticias-clam\/el-obelisco-vestido\/249\/","og_locale":"es_ES","og_type":"article","og_title":"El Obelisco vestido - CLAM - ES","og_description":"El jueves 1\u00ba de diciembre la ciudad de Buenos Aires amaneci\u00f3 distinta. Porte\u00f1os y turistas miraban hacia arriba para ver los cambios. S\u00ed, el Obelisco, cl\u00e1sica postal de la ciudad, estaba vestido. Ten\u00eda puesto un preservativo.","og_url":"https:\/\/clam.org.br\/es\/noticias-clam\/el-obelisco-vestido\/249\/","og_site_name":"CLAM - ES","article_published_time":"2005-12-06T02:00:00+00:00","author":"fw2","twitter_card":"summary_large_image","twitter_misc":{"Escrito por":"fw2","Tiempo de lectura":"3 minutos"},"schema":{"@context":"https:\/\/schema.org","@graph":[{"@type":"WebPage","@id":"https:\/\/clam.org.br\/es\/noticias-clam\/el-obelisco-vestido\/249\/","url":"https:\/\/clam.org.br\/es\/noticias-clam\/el-obelisco-vestido\/249\/","name":"El Obelisco vestido - CLAM - ES","isPartOf":{"@id":"https:\/\/clam.org.br\/es\/#website"},"datePublished":"2005-12-06T02:00:00+00:00","author":{"@id":"https:\/\/clam.org.br\/es\/#\/schema\/person\/fbd9a86032bf7479f94b0ded196f1010"},"breadcrumb":{"@id":"https:\/\/clam.org.br\/es\/noticias-clam\/el-obelisco-vestido\/249\/#breadcrumb"},"inLanguage":"es","potentialAction":[{"@type":"ReadAction","target":["https:\/\/clam.org.br\/es\/noticias-clam\/el-obelisco-vestido\/249\/"]}]},{"@type":"BreadcrumbList","@id":"https:\/\/clam.org.br\/es\/noticias-clam\/el-obelisco-vestido\/249\/#breadcrumb","itemListElement":[{"@type":"ListItem","position":1,"name":"In\u00edcio","item":"https:\/\/clam.org.br\/es\/"},{"@type":"ListItem","position":2,"name":"El Obelisco vestido"}]},{"@type":"WebSite","@id":"https:\/\/clam.org.br\/es\/#website","url":"https:\/\/clam.org.br\/es\/","name":"CLAM - ES","description":"S\u00f3 mais um site CLAM - Centro Latino-Americano em Sexualidade e Direitos Humanos sites","potentialAction":[{"@type":"SearchAction","target":{"@type":"EntryPoint","urlTemplate":"https:\/\/clam.org.br\/es\/?s={search_term_string}"},"query-input":{"@type":"PropertyValueSpecification","valueRequired":true,"valueName":"search_term_string"}}],"inLanguage":"es"},{"@type":"Person","@id":"https:\/\/clam.org.br\/es\/#\/schema\/person\/fbd9a86032bf7479f94b0ded196f1010","name":"fw2","image":{"@type":"ImageObject","inLanguage":"es","@id":"https:\/\/clam.org.br\/es\/#\/schema\/person\/image\/","url":"https:\/\/secure.gravatar.com\/avatar\/c38472c0cdbde82d9b6fcc26adb3779d?s=96&d=mm&r=g","contentUrl":"https:\/\/secure.gravatar.com\/avatar\/c38472c0cdbde82d9b6fcc26adb3779d?s=96&d=mm&r=g","caption":"fw2"},"sameAs":["https:\/\/clam.fw2web.com.br"],"url":"https:\/\/clam.org.br\/es\/author\/fw2\/"}]}},"jetpack_featured_media_url":"","jetpack_sharing_enabled":true,"_links":{"self":[{"href":"https:\/\/clam.org.br\/es\/wp-json\/wp\/v2\/posts\/249","targetHints":{"allow":["GET"]}}],"collection":[{"href":"https:\/\/clam.org.br\/es\/wp-json\/wp\/v2\/posts"}],"about":[{"href":"https:\/\/clam.org.br\/es\/wp-json\/wp\/v2\/types\/post"}],"author":[{"embeddable":true,"href":"https:\/\/clam.org.br\/es\/wp-json\/wp\/v2\/users\/1"}],"replies":[{"embeddable":true,"href":"https:\/\/clam.org.br\/es\/wp-json\/wp\/v2\/comments?post=249"}],"version-history":[{"count":0,"href":"https:\/\/clam.org.br\/es\/wp-json\/wp\/v2\/posts\/249\/revisions"}],"wp:attachment":[{"href":"https:\/\/clam.org.br\/es\/wp-json\/wp\/v2\/media?parent=249"}],"wp:term":[{"taxonomy":"category","embeddable":true,"href":"https:\/\/clam.org.br\/es\/wp-json\/wp\/v2\/categories?post=249"},{"taxonomy":"post_tag","embeddable":true,"href":"https:\/\/clam.org.br\/es\/wp-json\/wp\/v2\/tags?post=249"}],"curies":[{"name":"wp","href":"https:\/\/api.w.org\/{rel}","templated":true}]}}