{"id":250,"date":"2005-12-06T00:00:00","date_gmt":"2005-12-06T02:00:00","guid":{"rendered":"https:\/\/clam.org.br\/es\/2005\/12\/06\/plan-nacional-de-derechos-humanos-en-peru\/"},"modified":"2005-12-06T00:00:00","modified_gmt":"2005-12-06T02:00:00","slug":"plan-nacional-de-derechos-humanos-en-peru","status":"publish","type":"post","link":"https:\/\/clam.org.br\/es\/noticias-clam\/plan-nacional-de-derechos-humanos-en-peru\/250\/","title":{"rendered":"Plan Nacional de Derechos Humanos en Per\u00fa"},"content":{"rendered":"<p>Luego de m\u00e1s de un a\u00f1o de intenso trabajo colectivo, el Consejo Nacional de Derechos Humanos present\u00f3 a la ciudadan\u00eda, por vez primera, una propuesta de <a href=\"http:\/\/www.plannacionalderechoshumanosperu.com\/\" target=\"_blank\" rel=\"noopener\">Plan Nacional de Derechos Humanos<\/A>&nbsp;2006&ndash;2010. El documento contiene un interesante diagn\u00f3stico elaborado en base a lo recogido en dieciocho audiencias realizadas desde inicios del 2005 en todas las regiones del pa\u00eds y en la que participaron m\u00e1s de tres mil representantes de organizaciones de la sociedad civil.<BR>  <P>El Consejo Nacional de Derechos Humanos est\u00e1 integrado por los Ministerios de Justicia, Relaciones Exteriores, de Defensa, del Interior, de la Mujer y el Desarrollo Social, de Educaci\u00f3n, de Salud y el Poder Judicial y el Ministerio P\u00fablico. Adicionalmente tiene como entidades observadoras a la Defensor\u00eda del Pueblo, la Coordinadora de Derechos Humanos, la Conferencia Episcopal Peruana y el Concilio Nacional Evang\u00e9lico. El presidente Alejandro Toledo presentar\u00eda y firmar\u00eda el Plan Nacional el 10 de diciembre, en el marco de la conmemoraci\u00f3n del D\u00eda Internacional de los Derechos Humanos.<BR>  <P>Por presi\u00f3n de la Conferencia Episcopal Peruana y de miembros de Fuero Militar, faltando dos semanas para la aprobaci\u00f3n del Plan, el articulado relativo a derechos sexuales ser\u00eda reducido ahora a puntos muy generales, perdi\u00e9ndose particularmente todo lo relativo a la orientaci\u00f3n sexual. La intervenci\u00f3n de miembros del Fuero Militar se relacionar\u00eda tambi\u00e9n con la reciente declaraci\u00f3n de inconstitucional del C\u00f3digo de Justicia Militar por discriminar a las personas por su orientaci\u00f3n sexual. Organizaciones feministas y TLGB se han organizado para difundir este atropello en los medios de comunicaci\u00f3n.<BR>  <P>Contemplando diversos instrumentos de Derechos Humanos y Derecho Internacional suscritos por el Estado peruano, la propuesta presentada del Consejo Nacional incluye un reconocimiento amplio de los derechos sexuales. Se postula el derecho de mujeres y hombres a gozar de una vida sexual gratificante y libre de violencia, as\u00ed como a tener control aut\u00f3nomo de su sexualidad, incluyendo su salud sexual y reproductiva. Como parte de pol\u00edticas afirmativas de los derechos de sectores de la poblaci\u00f3n en condici\u00f3n de vulnerabilidad, la propuesta del Consejo Nacional incluye, entre sus objetivos estrat\u00e9gicos el garantizar los derechos de las personas con diferente orientaci\u00f3n sexual.<BR>  <P>El 1\u00b0 de diciembre el Consejo Nacional de Derechos Humanos organiz\u00f3 el denominado Foro Internacional &ldquo;Pol\u00edticas P\u00fablicas y el Plan Nacional de Derechos Humanos&rdquo;. En esa ocasi\u00f3n se anunci\u00f3 la pr\u00f3xima aprobaci\u00f3n del Plan Nacional de Derechos Humanos 2006&ndash;2010. Roberto Garret\u00f3n, representante para Am\u00e9rica Latina y el Caribe de la Alta Comisionada de las Naciones Unidas para los Derechos Humanos y Manuel Rodr\u00edguez Cuadros, representante permanente del Per\u00fa ante los organismos internacionales con sede en Ginebra, abordaron expl\u00edcitamente el tema de la no discriminaci\u00f3n por orientaci\u00f3n sexual y el problema de la criminalizaci\u00f3n de la mujer que aborta. En el debate, ambos expositores se explayaron tambi\u00e9n sobre la indispensable incorporaci\u00f3n de la perspectiva de g\u00e9nero y la autonom\u00eda de decisi\u00f3n de las mujeres sobre su cuerpo.<BR>  <P>Organizaciones y activistas pro derechos humanos se hicieron presentes en el evento y demandaron se respete los derechos sexuales en general. Lo relativo a los derechos de las personas con diferente orientaci\u00f3n sexual se expresaba en una gran pancarta que dec\u00eda &ldquo;El Plan Nacional no es Divino&#8230; es Nuestro&rdquo;, y abajo \u00abLesbianas, travestis, gays y bisexuales\u00bb. Pero es a\u00fan incierta la aprobaci\u00f3n del Plan Nacional de Derechos Humanos en Per\u00fa.<\/P><\/p>\n","protected":false},"excerpt":{"rendered":"<p>Organizaciones de la sociedad civil se movilizan en Per\u00fa ante la presi\u00f3n de la jerarqu\u00eda eclesi\u00e1stica y militar para que el documento basado en la propuesta del Consejo Nacional de Derechos Humanos no sea aprobado \u00edntegramente.<\/p>\n","protected":false},"author":1,"featured_media":0,"comment_status":"open","ping_status":"open","sticky":false,"template":"","format":"standard","meta":{"_acf_changed":false,"site-sidebar-layout":"default","site-content-layout":"default","ast-global-header-display":"","ast-main-header-display":"","ast-hfb-above-header-display":"","ast-hfb-below-header-display":"","ast-hfb-mobile-header-display":"","site-post-title":"","ast-breadcrumbs-content":"","ast-featured-img":"","footer-sml-layout":"","theme-transparent-header-meta":"","adv-header-id-meta":"","stick-header-meta":"","header-above-stick-meta":"","header-main-stick-meta":"","header-below-stick-meta":"","_jetpack_memberships_contains_paid_content":false,"footnotes":""},"categories":[7],"tags":[],"class_list":["post-250","post","type-post","status-publish","format-standard","hentry","category-noticias-clam"],"acf":[],"yoast_head":"<!-- This site is optimized with the Yoast SEO plugin v26.1.1 - https:\/\/yoast.com\/wordpress\/plugins\/seo\/ -->\n<title>Plan Nacional de Derechos Humanos en Per\u00fa - CLAM - ES<\/title>\n<meta name=\"robots\" content=\"index, follow, max-snippet:-1, max-image-preview:large, max-video-preview:-1\" \/>\n<link rel=\"canonical\" href=\"https:\/\/clam.org.br\/es\/noticias-clam\/plan-nacional-de-derechos-humanos-en-peru\/250\/\" \/>\n<meta property=\"og:locale\" content=\"es_ES\" \/>\n<meta property=\"og:type\" content=\"article\" \/>\n<meta property=\"og:title\" content=\"Plan Nacional de Derechos Humanos en Per\u00fa - CLAM - ES\" \/>\n<meta property=\"og:description\" content=\"Organizaciones de la sociedad civil se movilizan en Per\u00fa ante la presi\u00f3n de la jerarqu\u00eda eclesi\u00e1stica y militar para que el documento basado en la propuesta del Consejo Nacional de Derechos Humanos no sea aprobado \u00edntegramente.\" \/>\n<meta property=\"og:url\" content=\"https:\/\/clam.org.br\/es\/noticias-clam\/plan-nacional-de-derechos-humanos-en-peru\/250\/\" \/>\n<meta property=\"og:site_name\" content=\"CLAM - ES\" \/>\n<meta property=\"article:published_time\" content=\"2005-12-06T02:00:00+00:00\" \/>\n<meta name=\"author\" content=\"fw2\" \/>\n<meta name=\"twitter:card\" content=\"summary_large_image\" \/>\n<meta name=\"twitter:label1\" content=\"Escrito por\" \/>\n\t<meta name=\"twitter:data1\" content=\"fw2\" \/>\n\t<meta name=\"twitter:label2\" content=\"Tiempo de lectura\" \/>\n\t<meta name=\"twitter:data2\" content=\"3 minutos\" \/>\n<script type=\"application\/ld+json\" class=\"yoast-schema-graph\">{\"@context\":\"https:\/\/schema.org\",\"@graph\":[{\"@type\":\"WebPage\",\"@id\":\"https:\/\/clam.org.br\/es\/noticias-clam\/plan-nacional-de-derechos-humanos-en-peru\/250\/\",\"url\":\"https:\/\/clam.org.br\/es\/noticias-clam\/plan-nacional-de-derechos-humanos-en-peru\/250\/\",\"name\":\"Plan Nacional de Derechos Humanos en Per\u00fa - CLAM - ES\",\"isPartOf\":{\"@id\":\"https:\/\/clam.org.br\/es\/#website\"},\"datePublished\":\"2005-12-06T02:00:00+00:00\",\"author\":{\"@id\":\"https:\/\/clam.org.br\/es\/#\/schema\/person\/fbd9a86032bf7479f94b0ded196f1010\"},\"breadcrumb\":{\"@id\":\"https:\/\/clam.org.br\/es\/noticias-clam\/plan-nacional-de-derechos-humanos-en-peru\/250\/#breadcrumb\"},\"inLanguage\":\"es\",\"potentialAction\":[{\"@type\":\"ReadAction\",\"target\":[\"https:\/\/clam.org.br\/es\/noticias-clam\/plan-nacional-de-derechos-humanos-en-peru\/250\/\"]}]},{\"@type\":\"BreadcrumbList\",\"@id\":\"https:\/\/clam.org.br\/es\/noticias-clam\/plan-nacional-de-derechos-humanos-en-peru\/250\/#breadcrumb\",\"itemListElement\":[{\"@type\":\"ListItem\",\"position\":1,\"name\":\"In\u00edcio\",\"item\":\"https:\/\/clam.org.br\/es\/\"},{\"@type\":\"ListItem\",\"position\":2,\"name\":\"Plan Nacional de Derechos Humanos en Per\u00fa\"}]},{\"@type\":\"WebSite\",\"@id\":\"https:\/\/clam.org.br\/es\/#website\",\"url\":\"https:\/\/clam.org.br\/es\/\",\"name\":\"CLAM - ES\",\"description\":\"S\u00f3 mais um site CLAM - Centro Latino-Americano em Sexualidade e Direitos Humanos sites\",\"potentialAction\":[{\"@type\":\"SearchAction\",\"target\":{\"@type\":\"EntryPoint\",\"urlTemplate\":\"https:\/\/clam.org.br\/es\/?s={search_term_string}\"},\"query-input\":{\"@type\":\"PropertyValueSpecification\",\"valueRequired\":true,\"valueName\":\"search_term_string\"}}],\"inLanguage\":\"es\"},{\"@type\":\"Person\",\"@id\":\"https:\/\/clam.org.br\/es\/#\/schema\/person\/fbd9a86032bf7479f94b0ded196f1010\",\"name\":\"fw2\",\"image\":{\"@type\":\"ImageObject\",\"inLanguage\":\"es\",\"@id\":\"https:\/\/clam.org.br\/es\/#\/schema\/person\/image\/\",\"url\":\"https:\/\/secure.gravatar.com\/avatar\/c38472c0cdbde82d9b6fcc26adb3779d?s=96&d=mm&r=g\",\"contentUrl\":\"https:\/\/secure.gravatar.com\/avatar\/c38472c0cdbde82d9b6fcc26adb3779d?s=96&d=mm&r=g\",\"caption\":\"fw2\"},\"sameAs\":[\"https:\/\/clam.fw2web.com.br\"],\"url\":\"https:\/\/clam.org.br\/es\/author\/fw2\/\"}]}<\/script>\n<!-- \/ Yoast SEO plugin. -->","yoast_head_json":{"title":"Plan Nacional de Derechos Humanos en Per\u00fa - CLAM - ES","robots":{"index":"index","follow":"follow","max-snippet":"max-snippet:-1","max-image-preview":"max-image-preview:large","max-video-preview":"max-video-preview:-1"},"canonical":"https:\/\/clam.org.br\/es\/noticias-clam\/plan-nacional-de-derechos-humanos-en-peru\/250\/","og_locale":"es_ES","og_type":"article","og_title":"Plan Nacional de Derechos Humanos en Per\u00fa - CLAM - ES","og_description":"Organizaciones de la sociedad civil se movilizan en Per\u00fa ante la presi\u00f3n de la jerarqu\u00eda eclesi\u00e1stica y militar para que el documento basado en la propuesta del Consejo Nacional de Derechos Humanos no sea aprobado \u00edntegramente.","og_url":"https:\/\/clam.org.br\/es\/noticias-clam\/plan-nacional-de-derechos-humanos-en-peru\/250\/","og_site_name":"CLAM - ES","article_published_time":"2005-12-06T02:00:00+00:00","author":"fw2","twitter_card":"summary_large_image","twitter_misc":{"Escrito por":"fw2","Tiempo de lectura":"3 minutos"},"schema":{"@context":"https:\/\/schema.org","@graph":[{"@type":"WebPage","@id":"https:\/\/clam.org.br\/es\/noticias-clam\/plan-nacional-de-derechos-humanos-en-peru\/250\/","url":"https:\/\/clam.org.br\/es\/noticias-clam\/plan-nacional-de-derechos-humanos-en-peru\/250\/","name":"Plan Nacional de Derechos Humanos en Per\u00fa - CLAM - ES","isPartOf":{"@id":"https:\/\/clam.org.br\/es\/#website"},"datePublished":"2005-12-06T02:00:00+00:00","author":{"@id":"https:\/\/clam.org.br\/es\/#\/schema\/person\/fbd9a86032bf7479f94b0ded196f1010"},"breadcrumb":{"@id":"https:\/\/clam.org.br\/es\/noticias-clam\/plan-nacional-de-derechos-humanos-en-peru\/250\/#breadcrumb"},"inLanguage":"es","potentialAction":[{"@type":"ReadAction","target":["https:\/\/clam.org.br\/es\/noticias-clam\/plan-nacional-de-derechos-humanos-en-peru\/250\/"]}]},{"@type":"BreadcrumbList","@id":"https:\/\/clam.org.br\/es\/noticias-clam\/plan-nacional-de-derechos-humanos-en-peru\/250\/#breadcrumb","itemListElement":[{"@type":"ListItem","position":1,"name":"In\u00edcio","item":"https:\/\/clam.org.br\/es\/"},{"@type":"ListItem","position":2,"name":"Plan Nacional de Derechos Humanos en Per\u00fa"}]},{"@type":"WebSite","@id":"https:\/\/clam.org.br\/es\/#website","url":"https:\/\/clam.org.br\/es\/","name":"CLAM - ES","description":"S\u00f3 mais um site CLAM - Centro Latino-Americano em Sexualidade e Direitos Humanos sites","potentialAction":[{"@type":"SearchAction","target":{"@type":"EntryPoint","urlTemplate":"https:\/\/clam.org.br\/es\/?s={search_term_string}"},"query-input":{"@type":"PropertyValueSpecification","valueRequired":true,"valueName":"search_term_string"}}],"inLanguage":"es"},{"@type":"Person","@id":"https:\/\/clam.org.br\/es\/#\/schema\/person\/fbd9a86032bf7479f94b0ded196f1010","name":"fw2","image":{"@type":"ImageObject","inLanguage":"es","@id":"https:\/\/clam.org.br\/es\/#\/schema\/person\/image\/","url":"https:\/\/secure.gravatar.com\/avatar\/c38472c0cdbde82d9b6fcc26adb3779d?s=96&d=mm&r=g","contentUrl":"https:\/\/secure.gravatar.com\/avatar\/c38472c0cdbde82d9b6fcc26adb3779d?s=96&d=mm&r=g","caption":"fw2"},"sameAs":["https:\/\/clam.fw2web.com.br"],"url":"https:\/\/clam.org.br\/es\/author\/fw2\/"}]}},"jetpack_featured_media_url":"","jetpack_sharing_enabled":true,"_links":{"self":[{"href":"https:\/\/clam.org.br\/es\/wp-json\/wp\/v2\/posts\/250","targetHints":{"allow":["GET"]}}],"collection":[{"href":"https:\/\/clam.org.br\/es\/wp-json\/wp\/v2\/posts"}],"about":[{"href":"https:\/\/clam.org.br\/es\/wp-json\/wp\/v2\/types\/post"}],"author":[{"embeddable":true,"href":"https:\/\/clam.org.br\/es\/wp-json\/wp\/v2\/users\/1"}],"replies":[{"embeddable":true,"href":"https:\/\/clam.org.br\/es\/wp-json\/wp\/v2\/comments?post=250"}],"version-history":[{"count":0,"href":"https:\/\/clam.org.br\/es\/wp-json\/wp\/v2\/posts\/250\/revisions"}],"wp:attachment":[{"href":"https:\/\/clam.org.br\/es\/wp-json\/wp\/v2\/media?parent=250"}],"wp:term":[{"taxonomy":"category","embeddable":true,"href":"https:\/\/clam.org.br\/es\/wp-json\/wp\/v2\/categories?post=250"},{"taxonomy":"post_tag","embeddable":true,"href":"https:\/\/clam.org.br\/es\/wp-json\/wp\/v2\/tags?post=250"}],"curies":[{"name":"wp","href":"https:\/\/api.w.org\/{rel}","templated":true}]}}