{"id":276,"date":"2006-12-05T00:00:00","date_gmt":"2006-12-05T02:00:00","guid":{"rendered":"https:\/\/clam.org.br\/es\/2006\/12\/05\/genero-en-destaque\/"},"modified":"2006-12-05T00:00:00","modified_gmt":"2006-12-05T02:00:00","slug":"genero-en-destaque","status":"publish","type":"post","link":"https:\/\/clam.org.br\/es\/noticias-clam\/genero-en-destaque\/276\/","title":{"rendered":"G\u00e9nero en destaque"},"content":{"rendered":"<p><P>A 1\u00aa Jornada Interdisciplinar de Estudos de G\u00eanero proporcionou o interc\u00e2mbio e o di\u00e1logo entre os profissionais e os estudantes dos diversos campos disciplinares que desenvolvem trabalhos nesta \u00e1rea dentro da Universidade do Estado do Rio de Janeiro. Realizada nos dias 04 e 05 de dezembro, a iniciativa reuniu diversos olhares sobre o tema. <\/P> <P>&ldquo;Neste projeto, professores, pesquisadores e estudantes da p\u00f3s-gradua\u00e7\u00e3o da UERJ se reuniram para trocar conhecimentos sobre g\u00eanero a partir de diferentes perspectivas. A a\u00e7\u00e3o tamb\u00e9m permitiu a interlocu\u00e7\u00e3o entre os diversos n\u00facleos de pesquisa e o reconhecimento de parceiros institucionais&rdquo;, comenta a professora do Instituto de Medicina Social e integrante do CLAM, Fab\u00edola Rohden. <\/P> <P>O evento foi realizado em parceria entre o Centro Latino-Americano em Sexualidade e Direitos Humanos (CLAM), o N\u00facleo de Estudos de Desigualdades e Rela\u00e7\u00f5es de G\u00eanero (NUDERG), vinculado ao Programa de P\u00f3s-gradua\u00e7\u00e3o em Ci\u00eancias Sociais, o N\u00facleo de Estudos e Pesquisa em Enfermagem (NEPEM) e o Programa de Estudos de G\u00eanero, Gera\u00e7\u00e3o e Etnia: demandas sociais e pol\u00edticas p\u00fablicas (PEGGE), da Faculdade de Servi\u00e7o Social. <\/P> <P>Durante a jornada, sete mesas discutiram diversos aspectos sobre o tema. As apresenta\u00e7\u00f5es comentaram a produ\u00e7\u00e3o de discursos e saberes sobre g\u00eanero na medicina e psicologia; sa\u00fade; poder, cidadania e viol\u00eancia; educa\u00e7\u00e3o, cultura e trabalho; sexualidade, comportamentos e pr\u00e1ticas; reprodu\u00e7\u00e3o e representa\u00e7\u00f5es de g\u00eanero na literatura e telenovelas. <\/P> <P>&ldquo;A iniciativa permitiu reconhecer os pesquisadores da universidade que est\u00e3o atuando com temas afins e fortalecer as linhas tem\u00e1ticas trabalhadas por cada um. O intuito \u00e9 que a Jornada se torne uma refer\u00eancia regional e, no futuro, seja realizada uma vez por ano ou a cada dois anos&rdquo;, afirma Dayse de Paula, coordenadora do PEGGE. <\/P><\/p>\n","protected":false},"excerpt":{"rendered":"<p>Los d\u00edas 4 y 5 de diciembre se realiz\u00f3 la 1\u00aa Jornada Interdisciplinar de Estudos de G\u00eanero da Universidade do Estado do Rio de Janeiro (UERJ) que reuni\u00f3 en mesas de trabajo diferentes miradas sobre el tema. <I>Texto en portugu\u00e9s.<\/I><\/p>\n","protected":false},"author":1,"featured_media":0,"comment_status":"open","ping_status":"open","sticky":false,"template":"","format":"standard","meta":{"_acf_changed":false,"site-sidebar-layout":"default","site-content-layout":"default","ast-global-header-display":"","ast-main-header-display":"","ast-hfb-above-header-display":"","ast-hfb-below-header-display":"","ast-hfb-mobile-header-display":"","site-post-title":"","ast-breadcrumbs-content":"","ast-featured-img":"","footer-sml-layout":"","theme-transparent-header-meta":"","adv-header-id-meta":"","stick-header-meta":"","header-above-stick-meta":"","header-main-stick-meta":"","header-below-stick-meta":"","_jetpack_memberships_contains_paid_content":false,"footnotes":""},"categories":[7],"tags":[],"class_list":["post-276","post","type-post","status-publish","format-standard","hentry","category-noticias-clam"],"acf":[],"yoast_head":"<!-- This site is optimized with the Yoast SEO plugin v26.1.1 - https:\/\/yoast.com\/wordpress\/plugins\/seo\/ -->\n<title>G\u00e9nero en destaque - CLAM - ES<\/title>\n<meta name=\"robots\" content=\"index, follow, max-snippet:-1, max-image-preview:large, max-video-preview:-1\" \/>\n<link rel=\"canonical\" href=\"https:\/\/clam.org.br\/es\/noticias-clam\/genero-en-destaque\/276\/\" \/>\n<meta property=\"og:locale\" content=\"es_ES\" \/>\n<meta property=\"og:type\" content=\"article\" \/>\n<meta property=\"og:title\" content=\"G\u00e9nero en destaque - CLAM - ES\" \/>\n<meta property=\"og:description\" content=\"Los d\u00edas 4 y 5 de diciembre se realiz\u00f3 la 1\u00aa Jornada Interdisciplinar de Estudos de G\u00eanero da Universidade do Estado do Rio de Janeiro (UERJ) que reuni\u00f3 en mesas de trabajo diferentes miradas sobre el tema. Texto en portugu\u00e9s.\" \/>\n<meta property=\"og:url\" content=\"https:\/\/clam.org.br\/es\/noticias-clam\/genero-en-destaque\/276\/\" \/>\n<meta property=\"og:site_name\" content=\"CLAM - ES\" \/>\n<meta property=\"article:published_time\" content=\"2006-12-05T02:00:00+00:00\" \/>\n<meta name=\"author\" content=\"fw2\" \/>\n<meta name=\"twitter:card\" content=\"summary_large_image\" \/>\n<meta name=\"twitter:label1\" content=\"Escrito por\" \/>\n\t<meta name=\"twitter:data1\" content=\"fw2\" \/>\n\t<meta name=\"twitter:label2\" content=\"Tiempo de lectura\" \/>\n\t<meta name=\"twitter:data2\" content=\"2 minutos\" \/>\n<script type=\"application\/ld+json\" class=\"yoast-schema-graph\">{\"@context\":\"https:\/\/schema.org\",\"@graph\":[{\"@type\":\"WebPage\",\"@id\":\"https:\/\/clam.org.br\/es\/noticias-clam\/genero-en-destaque\/276\/\",\"url\":\"https:\/\/clam.org.br\/es\/noticias-clam\/genero-en-destaque\/276\/\",\"name\":\"G\u00e9nero en destaque - CLAM - ES\",\"isPartOf\":{\"@id\":\"https:\/\/clam.org.br\/es\/#website\"},\"datePublished\":\"2006-12-05T02:00:00+00:00\",\"author\":{\"@id\":\"https:\/\/clam.org.br\/es\/#\/schema\/person\/fbd9a86032bf7479f94b0ded196f1010\"},\"breadcrumb\":{\"@id\":\"https:\/\/clam.org.br\/es\/noticias-clam\/genero-en-destaque\/276\/#breadcrumb\"},\"inLanguage\":\"es\",\"potentialAction\":[{\"@type\":\"ReadAction\",\"target\":[\"https:\/\/clam.org.br\/es\/noticias-clam\/genero-en-destaque\/276\/\"]}]},{\"@type\":\"BreadcrumbList\",\"@id\":\"https:\/\/clam.org.br\/es\/noticias-clam\/genero-en-destaque\/276\/#breadcrumb\",\"itemListElement\":[{\"@type\":\"ListItem\",\"position\":1,\"name\":\"In\u00edcio\",\"item\":\"https:\/\/clam.org.br\/es\/\"},{\"@type\":\"ListItem\",\"position\":2,\"name\":\"G\u00e9nero en destaque\"}]},{\"@type\":\"WebSite\",\"@id\":\"https:\/\/clam.org.br\/es\/#website\",\"url\":\"https:\/\/clam.org.br\/es\/\",\"name\":\"CLAM - ES\",\"description\":\"S\u00f3 mais um site CLAM - Centro Latino-Americano em Sexualidade e Direitos Humanos sites\",\"potentialAction\":[{\"@type\":\"SearchAction\",\"target\":{\"@type\":\"EntryPoint\",\"urlTemplate\":\"https:\/\/clam.org.br\/es\/?s={search_term_string}\"},\"query-input\":{\"@type\":\"PropertyValueSpecification\",\"valueRequired\":true,\"valueName\":\"search_term_string\"}}],\"inLanguage\":\"es\"},{\"@type\":\"Person\",\"@id\":\"https:\/\/clam.org.br\/es\/#\/schema\/person\/fbd9a86032bf7479f94b0ded196f1010\",\"name\":\"fw2\",\"image\":{\"@type\":\"ImageObject\",\"inLanguage\":\"es\",\"@id\":\"https:\/\/clam.org.br\/es\/#\/schema\/person\/image\/\",\"url\":\"https:\/\/secure.gravatar.com\/avatar\/c38472c0cdbde82d9b6fcc26adb3779d?s=96&d=mm&r=g\",\"contentUrl\":\"https:\/\/secure.gravatar.com\/avatar\/c38472c0cdbde82d9b6fcc26adb3779d?s=96&d=mm&r=g\",\"caption\":\"fw2\"},\"sameAs\":[\"https:\/\/clam.fw2web.com.br\"],\"url\":\"https:\/\/clam.org.br\/es\/author\/fw2\/\"}]}<\/script>\n<!-- \/ Yoast SEO plugin. -->","yoast_head_json":{"title":"G\u00e9nero en destaque - CLAM - ES","robots":{"index":"index","follow":"follow","max-snippet":"max-snippet:-1","max-image-preview":"max-image-preview:large","max-video-preview":"max-video-preview:-1"},"canonical":"https:\/\/clam.org.br\/es\/noticias-clam\/genero-en-destaque\/276\/","og_locale":"es_ES","og_type":"article","og_title":"G\u00e9nero en destaque - CLAM - ES","og_description":"Los d\u00edas 4 y 5 de diciembre se realiz\u00f3 la 1\u00aa Jornada Interdisciplinar de Estudos de G\u00eanero da Universidade do Estado do Rio de Janeiro (UERJ) que reuni\u00f3 en mesas de trabajo diferentes miradas sobre el tema. Texto en portugu\u00e9s.","og_url":"https:\/\/clam.org.br\/es\/noticias-clam\/genero-en-destaque\/276\/","og_site_name":"CLAM - ES","article_published_time":"2006-12-05T02:00:00+00:00","author":"fw2","twitter_card":"summary_large_image","twitter_misc":{"Escrito por":"fw2","Tiempo de lectura":"2 minutos"},"schema":{"@context":"https:\/\/schema.org","@graph":[{"@type":"WebPage","@id":"https:\/\/clam.org.br\/es\/noticias-clam\/genero-en-destaque\/276\/","url":"https:\/\/clam.org.br\/es\/noticias-clam\/genero-en-destaque\/276\/","name":"G\u00e9nero en destaque - CLAM - ES","isPartOf":{"@id":"https:\/\/clam.org.br\/es\/#website"},"datePublished":"2006-12-05T02:00:00+00:00","author":{"@id":"https:\/\/clam.org.br\/es\/#\/schema\/person\/fbd9a86032bf7479f94b0ded196f1010"},"breadcrumb":{"@id":"https:\/\/clam.org.br\/es\/noticias-clam\/genero-en-destaque\/276\/#breadcrumb"},"inLanguage":"es","potentialAction":[{"@type":"ReadAction","target":["https:\/\/clam.org.br\/es\/noticias-clam\/genero-en-destaque\/276\/"]}]},{"@type":"BreadcrumbList","@id":"https:\/\/clam.org.br\/es\/noticias-clam\/genero-en-destaque\/276\/#breadcrumb","itemListElement":[{"@type":"ListItem","position":1,"name":"In\u00edcio","item":"https:\/\/clam.org.br\/es\/"},{"@type":"ListItem","position":2,"name":"G\u00e9nero en destaque"}]},{"@type":"WebSite","@id":"https:\/\/clam.org.br\/es\/#website","url":"https:\/\/clam.org.br\/es\/","name":"CLAM - ES","description":"S\u00f3 mais um site CLAM - Centro Latino-Americano em Sexualidade e Direitos Humanos sites","potentialAction":[{"@type":"SearchAction","target":{"@type":"EntryPoint","urlTemplate":"https:\/\/clam.org.br\/es\/?s={search_term_string}"},"query-input":{"@type":"PropertyValueSpecification","valueRequired":true,"valueName":"search_term_string"}}],"inLanguage":"es"},{"@type":"Person","@id":"https:\/\/clam.org.br\/es\/#\/schema\/person\/fbd9a86032bf7479f94b0ded196f1010","name":"fw2","image":{"@type":"ImageObject","inLanguage":"es","@id":"https:\/\/clam.org.br\/es\/#\/schema\/person\/image\/","url":"https:\/\/secure.gravatar.com\/avatar\/c38472c0cdbde82d9b6fcc26adb3779d?s=96&d=mm&r=g","contentUrl":"https:\/\/secure.gravatar.com\/avatar\/c38472c0cdbde82d9b6fcc26adb3779d?s=96&d=mm&r=g","caption":"fw2"},"sameAs":["https:\/\/clam.fw2web.com.br"],"url":"https:\/\/clam.org.br\/es\/author\/fw2\/"}]}},"jetpack_featured_media_url":"","jetpack_sharing_enabled":true,"_links":{"self":[{"href":"https:\/\/clam.org.br\/es\/wp-json\/wp\/v2\/posts\/276","targetHints":{"allow":["GET"]}}],"collection":[{"href":"https:\/\/clam.org.br\/es\/wp-json\/wp\/v2\/posts"}],"about":[{"href":"https:\/\/clam.org.br\/es\/wp-json\/wp\/v2\/types\/post"}],"author":[{"embeddable":true,"href":"https:\/\/clam.org.br\/es\/wp-json\/wp\/v2\/users\/1"}],"replies":[{"embeddable":true,"href":"https:\/\/clam.org.br\/es\/wp-json\/wp\/v2\/comments?post=276"}],"version-history":[{"count":0,"href":"https:\/\/clam.org.br\/es\/wp-json\/wp\/v2\/posts\/276\/revisions"}],"wp:attachment":[{"href":"https:\/\/clam.org.br\/es\/wp-json\/wp\/v2\/media?parent=276"}],"wp:term":[{"taxonomy":"category","embeddable":true,"href":"https:\/\/clam.org.br\/es\/wp-json\/wp\/v2\/categories?post=276"},{"taxonomy":"post_tag","embeddable":true,"href":"https:\/\/clam.org.br\/es\/wp-json\/wp\/v2\/tags?post=276"}],"curies":[{"name":"wp","href":"https:\/\/api.w.org\/{rel}","templated":true}]}}