{"id":277,"date":"2006-12-18T00:00:00","date_gmt":"2006-12-18T02:00:00","guid":{"rendered":"https:\/\/clam.org.br\/es\/2006\/12\/18\/presentan-libro-marcha-2005\/"},"modified":"2006-12-18T00:00:00","modified_gmt":"2006-12-18T02:00:00","slug":"presentan-libro-marcha-2005","status":"publish","type":"post","link":"https:\/\/clam.org.br\/es\/noticias-clam\/presentan-libro-marcha-2005\/277\/","title":{"rendered":"Presentan libro Marcha 2005"},"content":{"rendered":"<p>El 30 de noviembre fue presentado el libro &ldquo;Sexualidades, pol\u00edtica y violencia. La marcha del Orgullo GLTTBI. Buenos Aires 2005&rdquo; con los resultados de la encuesta realizada durante la marcha de ese a\u00f1o. El libro fue editado con apoyo del CLAM y cuenta con la adhesi\u00f3n del Instituto Nacional contra la Discriminaci\u00f3n, la Xenofobia y el Racismo (INADI).<BR>  <P>Durante la presentaci\u00f3n, los autores de la encuesta, as\u00ed como Mar\u00eda Rachid, activista l\u00e9sbica parte de la comisi\u00f3n organizadora de la marcha, y Osvaldo Baz\u00e1n, periodista, destacaron el valor de realizar investigaciones que aporten la visibilidad de la lucha por los derechos GLTTBI. El primero en tomar la palabra fue Daniel Jones, coeditor del libro e integrante del GES &ndash;Grupo de Estudios sobre Sexualidades. Jones se\u00f1al\u00f3 que una de las apuestas del libro es atraer p\u00fablico a la tem\u00e1tica, aunque no existan los que \u00e9l llama &ldquo;lectores compulsivos de investigaciones sobre diversidad sexual&rdquo;. El grupo de Buenos Aires que desde el 2004 trabaja en la investigaci\u00f3n sobre la marcha esta constituido por investigadores sociales formados en t\u00e9cnicas cualitativas, con entrenamiento metodol\u00f3gico para realizarlas. El autor tambi\u00e9n destac\u00f3 el apoyo recibido por el CLAM para su desarrollo y la importancia incentivar la realizaci\u00f3n de la investigaci\u00f3n en m\u00e1s ciudades de la regi\u00f3n.<BR>  <P>Muchas veces, se\u00f1al\u00f3 Jones, los datos traducidos en n\u00fameros generan fascinaci\u00f3n en los medios de comunicaci\u00f3n y en los funcionarios p\u00fablicos, y algunas veces su difusi\u00f3n echa luz sobre la desigualdad de alg\u00fan grupo social o son utilizados para incidir en la opini\u00f3n p\u00fablica.<BR>  <P>A su turno, Sara Barr\u00f3n L\u00f3pez, tambi\u00e9n investigadora del GES, explic\u00f3 que para el estudio fueron entrevistadas 731 personas. El trabajo de campo estuvo a cargo de 53 encuestadores, algunos pertenecientes al GES, muchos de ellos estudiantes de las carreras de la Facultad de Ciencias Sociales de la UBA e investigadores y estudiantes de otros centros porte\u00f1os.<BR>  <P>Fue realizada una exposici\u00f3n de los hallazgos principales siguiendo la estructura tem\u00e1tica presentada en el libro, llamando la atenci\u00f3n acerca de las principales dimensiones y caracter\u00edsticas del p\u00fablico que, en n\u00famero creciente, cada a\u00f1o asiste a la marcha.<BR>  <P>Para comentar el libro, que constituye la segunda publicaci\u00f3n del grupo, fueron invitados Mar\u00eda Rachid &ndash;activista, fundadora del Centro Comunitario para mujeres lesbianas y bisexuales &ldquo;La Fulana&rdquo;, Presidenta de la Federaci\u00f3n Argentina de Lesbianas, Bisexuales y Trans, desde hace a\u00f1os integrante de la Comisi\u00f3n Organizadora de la Marcha del Orgullo- y Osvaldo Baz\u00e1n -escritor y periodista- quien, en palabras de Daniel Jones, construye una imagen positiva de la diversidad sexual desde los medios de comunicaci\u00f3n.<BR>  <P>Para Rachid, quien este a\u00f1o cumpli\u00f3 su d\u00e9cima marcha como activista, a pesar de las discusiones que el libro suscite entre el p\u00fablico interesado, queda clara la utilidad que la investigaci\u00f3n tiene para el movimiento. El libro &ldquo;nos sirve much\u00edsimo para pelear por nuestros derechos&rdquo;, dijo. La presentaci\u00f3n dio cuenta de una lectura minuciosa y sus comentarios seguramente ser\u00e1n retomados en las reuniones del GES.<BR>  <P>Sobre la metodolog\u00eda del trabajo de campo la activista, se\u00f1al\u00f3 que &ldquo;la gente no se anima a ir a Plaza de Mayo porque ah\u00ed est\u00e1n los periodistas, hay mucha prensa, est\u00e1n las c\u00e1maras. Muchas personas entran en la marcha a lo largo de Avenida de Mayo. Con este comentario manifest\u00f3 su apoyo a la opci\u00f3n metodol\u00f3gica elegida por el GES, que realiz\u00f3 las encuestas a lo largo de toda la jornada. Para Rachid, &ldquo;la composici\u00f3n de la marcha es distinta, son tres momentos, la actividad en la plaza, la marcha y su recorrido, y el festival de cierre&rdquo;.<BR>  <P>El acceso a la salud fue uno de los temas de la encuesta comentados por la activisata lesbiana, quien llam\u00f3 la atenci\u00f3n acerca de la falta de acceso de las mujeres transg\u00e9nero al sistema de salud, dato que pone en duda los relativamente bajos porcentajes de discriminaci\u00f3n acusados por las personas trans. En el caso de gays y lesbianas, el maltrato es menor ya que en muchas oportunidades se oculta la identidad sexual frente a los profesionales del sistema de salud.<BR>  <P>A su tiempo, Osvaldo Baz\u00e1n se\u00f1al\u00f3 que &ldquo;la marcha es uno de los mejores momentos del a\u00f1o, porque sabemos que ah\u00ed nos encontramos y luchamos y nos expresamos exactamente como somos&rdquo;.<BR>  <P>Baz\u00e1n indic\u00f3 que al periodismo los datos ser\u00e1n de utilidad para poder mostrar cosas que son dif\u00edciles de contar debido a la ignorancia de los medios de comunicaci\u00f3n. Hasta hace unos a\u00f1os, se\u00f1al\u00f3 el periodista, la cobertura de temas gay y homosexuales &ldquo;la hac\u00edan los homosexuales, no por decisi\u00f3n profesional sino por que estaba vacante: homosexualidad era para homosexuales&rdquo;.<BR>  <P>Sobre la encuesta, que calific\u00f3 como valiosa y necesaria, Baz\u00e1n expres\u00f3 su deseo de que contin\u00fae &lsquo;en marcha&rsquo;. Refiri\u00e9ndose a los motivos de concurrencia a la marcha, Baz\u00e1n llam\u00f3 la atenci\u00f3n sobre un motivo que tiene casi el 10 % de las respuestas: es &ldquo;para divertirse o para conocer chicos o chicas&rdquo;. Este dato, dijo, no es menor y es absolutamente pol\u00edtico, ya que &ldquo;conocer chicos o chicas es exactamente aquello que no quieren que hagamos, aquello que nos impidieron hacer. Entonces esa presencia de gente que va a una marcha pol\u00edtica de levante es absolutamente pol\u00edtico. Es un derecho que se ha ido ganando, es dejar de hacerlo entre cuatro paredes.&rdquo;<BR>  <P>Ambos comentaristas concluyeron en la importancia que tienen, por un lado la investigaci\u00f3n y, por otro, los datos que se publican en el libro. Rachid y Baz\u00e1n, reconociendo la calidad de la publicaci\u00f3n, invitaron a su realizadores a continuar con la encuesta el pr\u00f3ximo a\u00f1o, habida cuenta del crecimiento en participaci\u00f3n que la marcha registra a\u00f1o a a\u00f1o.<BR>  <P>El evento concluy\u00f3 con la distribuci\u00f3n del libro entre los asistentes y un brindis de honor.<BR>  <P><A href=\"http:\/\/www.clam.org.br\/publique\/cgi\/cgilua.exe\/sys\/start.htm?UserActiveTemplate=%5FES&amp;infoid=2202&amp;sid=26\">Para bajar el libro on-line, haga clic aqu\u00ed. <\/A> <P>Ficha catalogr\u00e1fica:<BR>  <P>Sexualidades, pol\u00edtica y violencia: La marcha del orgullo GLTTBI Buenos Aires 2005, segunda encuesta \/ compilado por Daniel Jones; Micaela Libson; Renata Hiller &ndash; 1 ed. &ndash; Buenos Aires: Antropofagia, 2006<BR>  <P>128 p.; 23&#215;15 cm<BR>  <P>ISBN 987-1238-17-7<BR>  <P>I. G\u00e9nero. I. Jones, Daniel, comp. II. Libson, Micaela, comp. III. Hiller, Renata, comp.<BR>  <P>CDD 305.3<BR>  <P><\/P><\/p>\n","protected":false},"excerpt":{"rendered":"<p>El 30 de noviembre fue presentado el libro &ldquo;Sexualidades, pol\u00edtica y violencia. La marcha del Orgullo GLTTBI. Buenos Aires 2005&rdquo; con los resultados de la encuesta realizada durante la marcha de ese a\u00f1o. El documento est\u00e1 disponible on-line en el website del CLAM.<\/p>\n","protected":false},"author":1,"featured_media":0,"comment_status":"open","ping_status":"open","sticky":false,"template":"","format":"standard","meta":{"_acf_changed":false,"site-sidebar-layout":"default","site-content-layout":"default","ast-global-header-display":"","ast-main-header-display":"","ast-hfb-above-header-display":"","ast-hfb-below-header-display":"","ast-hfb-mobile-header-display":"","site-post-title":"","ast-breadcrumbs-content":"","ast-featured-img":"","footer-sml-layout":"","theme-transparent-header-meta":"","adv-header-id-meta":"","stick-header-meta":"","header-above-stick-meta":"","header-main-stick-meta":"","header-below-stick-meta":"","_jetpack_memberships_contains_paid_content":false,"footnotes":""},"categories":[7],"tags":[],"class_list":["post-277","post","type-post","status-publish","format-standard","hentry","category-noticias-clam"],"acf":[],"yoast_head":"<!-- This site is optimized with the Yoast SEO plugin v26.1.1 - https:\/\/yoast.com\/wordpress\/plugins\/seo\/ -->\n<title>Presentan libro Marcha 2005 - CLAM - ES<\/title>\n<meta name=\"robots\" content=\"index, follow, max-snippet:-1, max-image-preview:large, max-video-preview:-1\" \/>\n<link rel=\"canonical\" href=\"https:\/\/clam.org.br\/es\/noticias-clam\/presentan-libro-marcha-2005\/277\/\" \/>\n<meta property=\"og:locale\" content=\"es_ES\" \/>\n<meta property=\"og:type\" content=\"article\" \/>\n<meta property=\"og:title\" content=\"Presentan libro Marcha 2005 - CLAM - ES\" \/>\n<meta property=\"og:description\" content=\"El 30 de noviembre fue presentado el libro &ldquo;Sexualidades, pol\u00edtica y violencia. La marcha del Orgullo GLTTBI. Buenos Aires 2005&rdquo; con los resultados de la encuesta realizada durante la marcha de ese a\u00f1o. El documento est\u00e1 disponible on-line en el website del CLAM.\" \/>\n<meta property=\"og:url\" content=\"https:\/\/clam.org.br\/es\/noticias-clam\/presentan-libro-marcha-2005\/277\/\" \/>\n<meta property=\"og:site_name\" content=\"CLAM - ES\" \/>\n<meta property=\"article:published_time\" content=\"2006-12-18T02:00:00+00:00\" \/>\n<meta name=\"author\" content=\"fw2\" \/>\n<meta name=\"twitter:card\" content=\"summary_large_image\" \/>\n<meta name=\"twitter:label1\" content=\"Escrito por\" \/>\n\t<meta name=\"twitter:data1\" content=\"fw2\" \/>\n\t<meta name=\"twitter:label2\" content=\"Tiempo de lectura\" \/>\n\t<meta name=\"twitter:data2\" content=\"6 minutos\" \/>\n<script type=\"application\/ld+json\" class=\"yoast-schema-graph\">{\"@context\":\"https:\/\/schema.org\",\"@graph\":[{\"@type\":\"WebPage\",\"@id\":\"https:\/\/clam.org.br\/es\/noticias-clam\/presentan-libro-marcha-2005\/277\/\",\"url\":\"https:\/\/clam.org.br\/es\/noticias-clam\/presentan-libro-marcha-2005\/277\/\",\"name\":\"Presentan libro Marcha 2005 - CLAM - ES\",\"isPartOf\":{\"@id\":\"https:\/\/clam.org.br\/es\/#website\"},\"datePublished\":\"2006-12-18T02:00:00+00:00\",\"author\":{\"@id\":\"https:\/\/clam.org.br\/es\/#\/schema\/person\/fbd9a86032bf7479f94b0ded196f1010\"},\"breadcrumb\":{\"@id\":\"https:\/\/clam.org.br\/es\/noticias-clam\/presentan-libro-marcha-2005\/277\/#breadcrumb\"},\"inLanguage\":\"es\",\"potentialAction\":[{\"@type\":\"ReadAction\",\"target\":[\"https:\/\/clam.org.br\/es\/noticias-clam\/presentan-libro-marcha-2005\/277\/\"]}]},{\"@type\":\"BreadcrumbList\",\"@id\":\"https:\/\/clam.org.br\/es\/noticias-clam\/presentan-libro-marcha-2005\/277\/#breadcrumb\",\"itemListElement\":[{\"@type\":\"ListItem\",\"position\":1,\"name\":\"In\u00edcio\",\"item\":\"https:\/\/clam.org.br\/es\/\"},{\"@type\":\"ListItem\",\"position\":2,\"name\":\"Presentan libro Marcha 2005\"}]},{\"@type\":\"WebSite\",\"@id\":\"https:\/\/clam.org.br\/es\/#website\",\"url\":\"https:\/\/clam.org.br\/es\/\",\"name\":\"CLAM - ES\",\"description\":\"S\u00f3 mais um site CLAM - Centro Latino-Americano em Sexualidade e Direitos Humanos sites\",\"potentialAction\":[{\"@type\":\"SearchAction\",\"target\":{\"@type\":\"EntryPoint\",\"urlTemplate\":\"https:\/\/clam.org.br\/es\/?s={search_term_string}\"},\"query-input\":{\"@type\":\"PropertyValueSpecification\",\"valueRequired\":true,\"valueName\":\"search_term_string\"}}],\"inLanguage\":\"es\"},{\"@type\":\"Person\",\"@id\":\"https:\/\/clam.org.br\/es\/#\/schema\/person\/fbd9a86032bf7479f94b0ded196f1010\",\"name\":\"fw2\",\"image\":{\"@type\":\"ImageObject\",\"inLanguage\":\"es\",\"@id\":\"https:\/\/clam.org.br\/es\/#\/schema\/person\/image\/\",\"url\":\"https:\/\/secure.gravatar.com\/avatar\/c38472c0cdbde82d9b6fcc26adb3779d?s=96&d=mm&r=g\",\"contentUrl\":\"https:\/\/secure.gravatar.com\/avatar\/c38472c0cdbde82d9b6fcc26adb3779d?s=96&d=mm&r=g\",\"caption\":\"fw2\"},\"sameAs\":[\"https:\/\/clam.fw2web.com.br\"],\"url\":\"https:\/\/clam.org.br\/es\/author\/fw2\/\"}]}<\/script>\n<!-- \/ Yoast SEO plugin. -->","yoast_head_json":{"title":"Presentan libro Marcha 2005 - CLAM - ES","robots":{"index":"index","follow":"follow","max-snippet":"max-snippet:-1","max-image-preview":"max-image-preview:large","max-video-preview":"max-video-preview:-1"},"canonical":"https:\/\/clam.org.br\/es\/noticias-clam\/presentan-libro-marcha-2005\/277\/","og_locale":"es_ES","og_type":"article","og_title":"Presentan libro Marcha 2005 - CLAM - ES","og_description":"El 30 de noviembre fue presentado el libro &ldquo;Sexualidades, pol\u00edtica y violencia. La marcha del Orgullo GLTTBI. Buenos Aires 2005&rdquo; con los resultados de la encuesta realizada durante la marcha de ese a\u00f1o. El documento est\u00e1 disponible on-line en el website del CLAM.","og_url":"https:\/\/clam.org.br\/es\/noticias-clam\/presentan-libro-marcha-2005\/277\/","og_site_name":"CLAM - ES","article_published_time":"2006-12-18T02:00:00+00:00","author":"fw2","twitter_card":"summary_large_image","twitter_misc":{"Escrito por":"fw2","Tiempo de lectura":"6 minutos"},"schema":{"@context":"https:\/\/schema.org","@graph":[{"@type":"WebPage","@id":"https:\/\/clam.org.br\/es\/noticias-clam\/presentan-libro-marcha-2005\/277\/","url":"https:\/\/clam.org.br\/es\/noticias-clam\/presentan-libro-marcha-2005\/277\/","name":"Presentan libro Marcha 2005 - CLAM - ES","isPartOf":{"@id":"https:\/\/clam.org.br\/es\/#website"},"datePublished":"2006-12-18T02:00:00+00:00","author":{"@id":"https:\/\/clam.org.br\/es\/#\/schema\/person\/fbd9a86032bf7479f94b0ded196f1010"},"breadcrumb":{"@id":"https:\/\/clam.org.br\/es\/noticias-clam\/presentan-libro-marcha-2005\/277\/#breadcrumb"},"inLanguage":"es","potentialAction":[{"@type":"ReadAction","target":["https:\/\/clam.org.br\/es\/noticias-clam\/presentan-libro-marcha-2005\/277\/"]}]},{"@type":"BreadcrumbList","@id":"https:\/\/clam.org.br\/es\/noticias-clam\/presentan-libro-marcha-2005\/277\/#breadcrumb","itemListElement":[{"@type":"ListItem","position":1,"name":"In\u00edcio","item":"https:\/\/clam.org.br\/es\/"},{"@type":"ListItem","position":2,"name":"Presentan libro Marcha 2005"}]},{"@type":"WebSite","@id":"https:\/\/clam.org.br\/es\/#website","url":"https:\/\/clam.org.br\/es\/","name":"CLAM - ES","description":"S\u00f3 mais um site CLAM - Centro Latino-Americano em Sexualidade e Direitos Humanos sites","potentialAction":[{"@type":"SearchAction","target":{"@type":"EntryPoint","urlTemplate":"https:\/\/clam.org.br\/es\/?s={search_term_string}"},"query-input":{"@type":"PropertyValueSpecification","valueRequired":true,"valueName":"search_term_string"}}],"inLanguage":"es"},{"@type":"Person","@id":"https:\/\/clam.org.br\/es\/#\/schema\/person\/fbd9a86032bf7479f94b0ded196f1010","name":"fw2","image":{"@type":"ImageObject","inLanguage":"es","@id":"https:\/\/clam.org.br\/es\/#\/schema\/person\/image\/","url":"https:\/\/secure.gravatar.com\/avatar\/c38472c0cdbde82d9b6fcc26adb3779d?s=96&d=mm&r=g","contentUrl":"https:\/\/secure.gravatar.com\/avatar\/c38472c0cdbde82d9b6fcc26adb3779d?s=96&d=mm&r=g","caption":"fw2"},"sameAs":["https:\/\/clam.fw2web.com.br"],"url":"https:\/\/clam.org.br\/es\/author\/fw2\/"}]}},"jetpack_featured_media_url":"","jetpack_sharing_enabled":true,"_links":{"self":[{"href":"https:\/\/clam.org.br\/es\/wp-json\/wp\/v2\/posts\/277","targetHints":{"allow":["GET"]}}],"collection":[{"href":"https:\/\/clam.org.br\/es\/wp-json\/wp\/v2\/posts"}],"about":[{"href":"https:\/\/clam.org.br\/es\/wp-json\/wp\/v2\/types\/post"}],"author":[{"embeddable":true,"href":"https:\/\/clam.org.br\/es\/wp-json\/wp\/v2\/users\/1"}],"replies":[{"embeddable":true,"href":"https:\/\/clam.org.br\/es\/wp-json\/wp\/v2\/comments?post=277"}],"version-history":[{"count":0,"href":"https:\/\/clam.org.br\/es\/wp-json\/wp\/v2\/posts\/277\/revisions"}],"wp:attachment":[{"href":"https:\/\/clam.org.br\/es\/wp-json\/wp\/v2\/media?parent=277"}],"wp:term":[{"taxonomy":"category","embeddable":true,"href":"https:\/\/clam.org.br\/es\/wp-json\/wp\/v2\/categories?post=277"},{"taxonomy":"post_tag","embeddable":true,"href":"https:\/\/clam.org.br\/es\/wp-json\/wp\/v2\/tags?post=277"}],"curies":[{"name":"wp","href":"https:\/\/api.w.org\/{rel}","templated":true}]}}