{"id":292,"date":"2007-04-15T00:00:00","date_gmt":"2007-04-15T03:00:00","guid":{"rendered":"https:\/\/clam.org.br\/es\/2007\/04\/15\/seminario-discute-la-homofobia\/"},"modified":"2007-04-15T00:00:00","modified_gmt":"2007-04-15T03:00:00","slug":"seminario-discute-la-homofobia","status":"publish","type":"post","link":"https:\/\/clam.org.br\/es\/noticias-clam\/seminario-discute-la-homofobia\/292\/","title":{"rendered":"Seminario discute la homofobia"},"content":{"rendered":"<p>O Rio de Janeiro est\u00e1 sediando, entre os dias 10 e 13 de abril, o 1\u00b0 Semin\u00e1rio Nacional de Seguran\u00e7a P\u00fablica e Combate \u00e0 Homofobia. \u00c9 a primeira vez que comunidade e governos de todos os estados discutem seguran\u00e7a e viol\u00eancia contra homossexuais no pa\u00eds. Em sua programa\u00e7\u00e3o, o evento traz pain\u00e9is, grupos de trabalho e plen\u00e1rias de apresenta\u00e7\u00e3o de resultados. O objetivo \u00e9 trocar informa\u00e7\u00f5es e experi\u00eancias para a articula\u00e7\u00e3o e o desenvolvimento de estrat\u00e9gias comuns que consolidem e ampliem a\u00e7\u00f5es na \u00e1rea de seguran\u00e7a p\u00fablica, visando o combate da discrimina\u00e7\u00e3o e da viol\u00eancia contra GLBT nas esferas federal e estadual.<BR>  <P>Participam do encontro 230 representantes de diversos segmentos dos 27 estados, entre eles militantes, pesquisadores nas \u00e1reas da sexualidade e dos direitos humanos, membros das academias civil e militar de pol\u00edcia e representantes e t\u00e9cnicos de secretarias de Seguran\u00e7a.<BR>  <P>O antrop\u00f3logo Sergio Carrara, coordenador do CLAM (IMS\/UERJ), participar\u00e1 do painel &ldquo;Seguran\u00e7a P\u00fablica, Legisla\u00e7\u00e3o e Justi\u00e7a&rdquo;, que ser\u00e1 realizado no dia 11. O evento conta ainda com a presen\u00e7a do secret\u00e1rio da ILGA (International Lesbian and Gays Association) para a Am\u00e9rica Latina e Caribe, Beto de Jesus; da deputada Cida Diogo, coordenadora da Frente Parlamentar Mista pela Cidadania GLBT; do presidente da Associa\u00e7\u00e3o Brasileira de Gays, L\u00e9sbicas, Travestis, Transexuais e Bissexuais (ABGLT), Toni Reis; da soci\u00f3loga Silvia Ramos (Cesec\/Universidade C\u00e2ndido Mendes); e do antrop\u00f3logo Luiz Mott, professor titular da Universidade Federal da Bahia fundador do Grupo Gay da Bahia, entre outros especialistas.<BR>  <P>O evento \u00e9 uma iniciativa do Grupo Arco-\u00cdris de Conscientiza\u00e7\u00e3o Homossexual em parceria com o Movimento D&rsquo;Ellas, e conta com o apoio da ABGLT, da Secretaria Especial de Direitos Humanos da Presid\u00eancia da Rep\u00fablica (SEDH), da Secretaria Nacional de Seguran\u00e7a P\u00fablica do Minist\u00e9rio da Justi\u00e7a (SENASP), do Programa Nacional de DST-Aids, do Grupo Criola, do CLAM (IMS\/UERJ) e do CeSEC (Universidade Candido Mendes).<BR>  <P>O semin\u00e1rio acontece no Centro de Conven\u00e7\u00f5es do Hotel Rio Othon Palace (Avenida Atl\u00e2ntica, 3264 &#8211; Copacabana). <\/P><\/p>\n","protected":false},"excerpt":{"rendered":"<p>Del 10 al 13 de abril R\u00edo de Janeiro&nbsp;fue la sede Del 1\u00ba Semin\u00e1rio Nacional de Seguran\u00e7a P\u00fablica e Combate \u00e0 Homofobia. Esla primera vez que en Brasil la comunidad y los gobiernos de todos los estados discuten sobre seguridad y viol\u00eancia contra homosexuales.<EM> (Texto en portugu\u00e9s)<\/EM><\/p>\n","protected":false},"author":1,"featured_media":0,"comment_status":"open","ping_status":"open","sticky":false,"template":"","format":"standard","meta":{"_acf_changed":false,"site-sidebar-layout":"default","site-content-layout":"default","ast-global-header-display":"","ast-main-header-display":"","ast-hfb-above-header-display":"","ast-hfb-below-header-display":"","ast-hfb-mobile-header-display":"","site-post-title":"","ast-breadcrumbs-content":"","ast-featured-img":"","footer-sml-layout":"","theme-transparent-header-meta":"","adv-header-id-meta":"","stick-header-meta":"","header-above-stick-meta":"","header-main-stick-meta":"","header-below-stick-meta":"","_jetpack_memberships_contains_paid_content":false,"footnotes":""},"categories":[7],"tags":[],"class_list":["post-292","post","type-post","status-publish","format-standard","hentry","category-noticias-clam"],"acf":[],"yoast_head":"<!-- This site is optimized with the Yoast SEO plugin v26.1.1 - https:\/\/yoast.com\/wordpress\/plugins\/seo\/ -->\n<title>Seminario discute la homofobia - CLAM - ES<\/title>\n<meta name=\"robots\" content=\"index, follow, max-snippet:-1, max-image-preview:large, max-video-preview:-1\" \/>\n<link rel=\"canonical\" href=\"https:\/\/clam.org.br\/es\/noticias-clam\/seminario-discute-la-homofobia\/292\/\" \/>\n<meta property=\"og:locale\" content=\"es_ES\" \/>\n<meta property=\"og:type\" content=\"article\" \/>\n<meta property=\"og:title\" content=\"Seminario discute la homofobia - CLAM - ES\" \/>\n<meta property=\"og:description\" content=\"Del 10 al 13 de abril R\u00edo de Janeiro&nbsp;fue la sede Del 1\u00ba Semin\u00e1rio Nacional de Seguran\u00e7a P\u00fablica e Combate \u00e0 Homofobia. Esla primera vez que en Brasil la comunidad y los gobiernos de todos los estados discuten sobre seguridad y viol\u00eancia contra homosexuales. (Texto en portugu\u00e9s)\" \/>\n<meta property=\"og:url\" content=\"https:\/\/clam.org.br\/es\/noticias-clam\/seminario-discute-la-homofobia\/292\/\" \/>\n<meta property=\"og:site_name\" content=\"CLAM - ES\" \/>\n<meta property=\"article:published_time\" content=\"2007-04-15T03:00:00+00:00\" \/>\n<meta name=\"author\" content=\"fw2\" \/>\n<meta name=\"twitter:card\" content=\"summary_large_image\" \/>\n<meta name=\"twitter:label1\" content=\"Escrito por\" \/>\n\t<meta name=\"twitter:data1\" content=\"fw2\" \/>\n\t<meta name=\"twitter:label2\" content=\"Tiempo de lectura\" \/>\n\t<meta name=\"twitter:data2\" content=\"2 minutos\" \/>\n<script type=\"application\/ld+json\" class=\"yoast-schema-graph\">{\"@context\":\"https:\/\/schema.org\",\"@graph\":[{\"@type\":\"WebPage\",\"@id\":\"https:\/\/clam.org.br\/es\/noticias-clam\/seminario-discute-la-homofobia\/292\/\",\"url\":\"https:\/\/clam.org.br\/es\/noticias-clam\/seminario-discute-la-homofobia\/292\/\",\"name\":\"Seminario discute la homofobia - CLAM - ES\",\"isPartOf\":{\"@id\":\"https:\/\/clam.org.br\/es\/#website\"},\"datePublished\":\"2007-04-15T03:00:00+00:00\",\"author\":{\"@id\":\"https:\/\/clam.org.br\/es\/#\/schema\/person\/fbd9a86032bf7479f94b0ded196f1010\"},\"breadcrumb\":{\"@id\":\"https:\/\/clam.org.br\/es\/noticias-clam\/seminario-discute-la-homofobia\/292\/#breadcrumb\"},\"inLanguage\":\"es\",\"potentialAction\":[{\"@type\":\"ReadAction\",\"target\":[\"https:\/\/clam.org.br\/es\/noticias-clam\/seminario-discute-la-homofobia\/292\/\"]}]},{\"@type\":\"BreadcrumbList\",\"@id\":\"https:\/\/clam.org.br\/es\/noticias-clam\/seminario-discute-la-homofobia\/292\/#breadcrumb\",\"itemListElement\":[{\"@type\":\"ListItem\",\"position\":1,\"name\":\"In\u00edcio\",\"item\":\"https:\/\/clam.org.br\/es\/\"},{\"@type\":\"ListItem\",\"position\":2,\"name\":\"Seminario discute la homofobia\"}]},{\"@type\":\"WebSite\",\"@id\":\"https:\/\/clam.org.br\/es\/#website\",\"url\":\"https:\/\/clam.org.br\/es\/\",\"name\":\"CLAM - ES\",\"description\":\"S\u00f3 mais um site CLAM - Centro Latino-Americano em Sexualidade e Direitos Humanos sites\",\"potentialAction\":[{\"@type\":\"SearchAction\",\"target\":{\"@type\":\"EntryPoint\",\"urlTemplate\":\"https:\/\/clam.org.br\/es\/?s={search_term_string}\"},\"query-input\":{\"@type\":\"PropertyValueSpecification\",\"valueRequired\":true,\"valueName\":\"search_term_string\"}}],\"inLanguage\":\"es\"},{\"@type\":\"Person\",\"@id\":\"https:\/\/clam.org.br\/es\/#\/schema\/person\/fbd9a86032bf7479f94b0ded196f1010\",\"name\":\"fw2\",\"image\":{\"@type\":\"ImageObject\",\"inLanguage\":\"es\",\"@id\":\"https:\/\/clam.org.br\/es\/#\/schema\/person\/image\/\",\"url\":\"https:\/\/secure.gravatar.com\/avatar\/c38472c0cdbde82d9b6fcc26adb3779d?s=96&d=mm&r=g\",\"contentUrl\":\"https:\/\/secure.gravatar.com\/avatar\/c38472c0cdbde82d9b6fcc26adb3779d?s=96&d=mm&r=g\",\"caption\":\"fw2\"},\"sameAs\":[\"https:\/\/clam.fw2web.com.br\"],\"url\":\"https:\/\/clam.org.br\/es\/author\/fw2\/\"}]}<\/script>\n<!-- \/ Yoast SEO plugin. -->","yoast_head_json":{"title":"Seminario discute la homofobia - CLAM - ES","robots":{"index":"index","follow":"follow","max-snippet":"max-snippet:-1","max-image-preview":"max-image-preview:large","max-video-preview":"max-video-preview:-1"},"canonical":"https:\/\/clam.org.br\/es\/noticias-clam\/seminario-discute-la-homofobia\/292\/","og_locale":"es_ES","og_type":"article","og_title":"Seminario discute la homofobia - CLAM - ES","og_description":"Del 10 al 13 de abril R\u00edo de Janeiro&nbsp;fue la sede Del 1\u00ba Semin\u00e1rio Nacional de Seguran\u00e7a P\u00fablica e Combate \u00e0 Homofobia. Esla primera vez que en Brasil la comunidad y los gobiernos de todos los estados discuten sobre seguridad y viol\u00eancia contra homosexuales. (Texto en portugu\u00e9s)","og_url":"https:\/\/clam.org.br\/es\/noticias-clam\/seminario-discute-la-homofobia\/292\/","og_site_name":"CLAM - ES","article_published_time":"2007-04-15T03:00:00+00:00","author":"fw2","twitter_card":"summary_large_image","twitter_misc":{"Escrito por":"fw2","Tiempo de lectura":"2 minutos"},"schema":{"@context":"https:\/\/schema.org","@graph":[{"@type":"WebPage","@id":"https:\/\/clam.org.br\/es\/noticias-clam\/seminario-discute-la-homofobia\/292\/","url":"https:\/\/clam.org.br\/es\/noticias-clam\/seminario-discute-la-homofobia\/292\/","name":"Seminario discute la homofobia - CLAM - ES","isPartOf":{"@id":"https:\/\/clam.org.br\/es\/#website"},"datePublished":"2007-04-15T03:00:00+00:00","author":{"@id":"https:\/\/clam.org.br\/es\/#\/schema\/person\/fbd9a86032bf7479f94b0ded196f1010"},"breadcrumb":{"@id":"https:\/\/clam.org.br\/es\/noticias-clam\/seminario-discute-la-homofobia\/292\/#breadcrumb"},"inLanguage":"es","potentialAction":[{"@type":"ReadAction","target":["https:\/\/clam.org.br\/es\/noticias-clam\/seminario-discute-la-homofobia\/292\/"]}]},{"@type":"BreadcrumbList","@id":"https:\/\/clam.org.br\/es\/noticias-clam\/seminario-discute-la-homofobia\/292\/#breadcrumb","itemListElement":[{"@type":"ListItem","position":1,"name":"In\u00edcio","item":"https:\/\/clam.org.br\/es\/"},{"@type":"ListItem","position":2,"name":"Seminario discute la homofobia"}]},{"@type":"WebSite","@id":"https:\/\/clam.org.br\/es\/#website","url":"https:\/\/clam.org.br\/es\/","name":"CLAM - ES","description":"S\u00f3 mais um site CLAM - Centro Latino-Americano em Sexualidade e Direitos Humanos sites","potentialAction":[{"@type":"SearchAction","target":{"@type":"EntryPoint","urlTemplate":"https:\/\/clam.org.br\/es\/?s={search_term_string}"},"query-input":{"@type":"PropertyValueSpecification","valueRequired":true,"valueName":"search_term_string"}}],"inLanguage":"es"},{"@type":"Person","@id":"https:\/\/clam.org.br\/es\/#\/schema\/person\/fbd9a86032bf7479f94b0ded196f1010","name":"fw2","image":{"@type":"ImageObject","inLanguage":"es","@id":"https:\/\/clam.org.br\/es\/#\/schema\/person\/image\/","url":"https:\/\/secure.gravatar.com\/avatar\/c38472c0cdbde82d9b6fcc26adb3779d?s=96&d=mm&r=g","contentUrl":"https:\/\/secure.gravatar.com\/avatar\/c38472c0cdbde82d9b6fcc26adb3779d?s=96&d=mm&r=g","caption":"fw2"},"sameAs":["https:\/\/clam.fw2web.com.br"],"url":"https:\/\/clam.org.br\/es\/author\/fw2\/"}]}},"jetpack_featured_media_url":"","jetpack_sharing_enabled":true,"_links":{"self":[{"href":"https:\/\/clam.org.br\/es\/wp-json\/wp\/v2\/posts\/292","targetHints":{"allow":["GET"]}}],"collection":[{"href":"https:\/\/clam.org.br\/es\/wp-json\/wp\/v2\/posts"}],"about":[{"href":"https:\/\/clam.org.br\/es\/wp-json\/wp\/v2\/types\/post"}],"author":[{"embeddable":true,"href":"https:\/\/clam.org.br\/es\/wp-json\/wp\/v2\/users\/1"}],"replies":[{"embeddable":true,"href":"https:\/\/clam.org.br\/es\/wp-json\/wp\/v2\/comments?post=292"}],"version-history":[{"count":0,"href":"https:\/\/clam.org.br\/es\/wp-json\/wp\/v2\/posts\/292\/revisions"}],"wp:attachment":[{"href":"https:\/\/clam.org.br\/es\/wp-json\/wp\/v2\/media?parent=292"}],"wp:term":[{"taxonomy":"category","embeddable":true,"href":"https:\/\/clam.org.br\/es\/wp-json\/wp\/v2\/categories?post=292"},{"taxonomy":"post_tag","embeddable":true,"href":"https:\/\/clam.org.br\/es\/wp-json\/wp\/v2\/tags?post=292"}],"curies":[{"name":"wp","href":"https:\/\/api.w.org\/{rel}","templated":true}]}}