{"id":29335,"date":"2005-03-10T00:00:00","date_gmt":"2005-03-10T03:00:00","guid":{"rendered":"https:\/\/clam.fw2web.com.br\/es\/2005\/03\/10\/onu-avalia-os-avancos-na-situacao-das-mulheres\/"},"modified":"2005-03-10T00:00:00","modified_gmt":"2005-03-10T03:00:00","slug":"onu-avalia-os-avancos-na-situacao-das-mulheres","status":"publish","type":"post","link":"https:\/\/clam.org.br\/es\/en-los-medios\/onu-avalia-os-avancos-na-situacao-das-mulheres\/29335\/","title":{"rendered":"ONU avalia os avan\u00e7os na situa\u00e7\u00e3o das mulheres"},"content":{"rendered":"<p><B>Mais de cem pa\u00edses debatem os resultados da luta antidiscrimina\u00e7\u00e3o<\/B><BR> Nova York<BR> <BR> At\u00e9 11 de mar\u00e7o, Nova York \u00e9 a capital internacional das mulheres. Uma reuni\u00e3o na ONU est\u00e1 analisando o cumprimento dos compromissos para promover a igualdade entre os sexos, feitos em Pequim dez anos atr\u00e1s e assinados por 189 pa\u00edses. A conclus\u00e3o \u00e9 que houve avan\u00e7os, mas desiguais e mais lentos do que se esperava.<BR> <BR> As mulheres t\u00eam mais acesso \u00e0 educa\u00e7\u00e3o ou maior presen\u00e7a nos Parlamentos, mas persistem as diferen\u00e7as com os homens. A pobreza aumentou (sete em cada dez pobres s\u00e3o mulheres) e a Aids progride entre a popula\u00e7\u00e3o feminina, sobretudo na \u00c1frica subsaariana. Ao todo, 129 pa\u00edses adotaram medidas contra a viol\u00eancia machista.<BR> <BR> Os homens escasseiam, e as mulheres tomam a palavra. Representantes de mais de uma centena de governos, incluindo 80 ministras, e cerca de 6 mil ativistas v\u00eam se reunindo desde o \u00faltimo dia 28 na sede da Organiza\u00e7\u00e3o das Na\u00e7\u00f5es Unidas em Nova York para analisar os progressos feitos desde a Confer\u00eancia de Pequim, realizada em 1995.<BR> <BR> Aquele encontro definiu um dec\u00e1logo para acabar com a desigualdade sofrida por metade da humanidade. Agora, passando em revista, a ONU v\u00ea uma mudan\u00e7a \u00absignificativa\u00bb na situa\u00e7\u00e3o feminina. Mas persistem as brechas, e algumas at\u00e9 se aprofundaram.<BR> <BR> Nos \u00faltimos dias, atenuaram-se as tens\u00f5es surgidas na c\u00fapula em rela\u00e7\u00e3o a um dos temas mais pol\u00eamicos, o aborto. Desde o in\u00edcio da reuni\u00e3o, estava claro que os Estados Unidos pretendiam incluir uma men\u00e7\u00e3o contra a interrup\u00e7\u00e3o volunt\u00e1ria da gravidez na declara\u00e7\u00e3o final do encontro. Finalmente, por\u00e9m, os americanos desistiram, depois de receber press\u00f5es de v\u00e1rios pa\u00edses, incluindo da Uni\u00e3o Europ\u00e9ia.<BR> <BR> Na declara\u00e7\u00e3o final, j\u00e1 aprovada pelos pa\u00edses, apesar de a c\u00fapula se estender at\u00e9 o dia 11, d\u00e3o-se boas vindas aos sucessos alcan\u00e7ados na d\u00e9cada que passou desde Pequim. Mas tamb\u00e9m se adverte que \u00abpersistem os desafios e obst\u00e1culos\u00bb na luta das mulheres para alcan\u00e7ar a igualdade.<BR> <BR> Um dos freios que se destacou nos debates s\u00e3o os estere\u00f3tipos em torno da mulher.<BR> <BR> \u00abA atitude n\u00e3o mudou juntamente com a pol\u00edtica e os planos jur\u00eddico e institucional\u00bb, salienta a presidente do comit\u00ea social sobre a situa\u00e7\u00e3o da mulher, Kyung-Wha Kang. Na linha do discurso de abertura do secret\u00e1rio-geral da ONU, Kofi Annan, ela acredita que os homens devem participar da batalha pela igualdade de sexos.<BR> <BR> Por sua vez, a princesa jordaniana Basma bint Talal lamentou que os progressos sejam \u00abfrustrantemente lentos\u00bb. \u00abResta muito a fazer e aprender em quest\u00f5es cr\u00edticas\u00bb, acrescenta a representante dos pa\u00edses mais pobres do planeta (G-77). Com ela concordam delegados dos governos e das organiza\u00e7\u00f5es n\u00e3o-governamentais.<BR> <BR> Estes s\u00e3o, em resumo, os desafios que enfrenta a mulher no s\u00e9culo 21, tal como os v\u00eaem a ONU e os participantes da confer\u00eancia:<BR> <BR> <BR> <B>Pobreza<\/B><BR> Os fatores culturais, econ\u00f4micos, educativos, jur\u00eddicos e pol\u00edticos contribuem para que a porcentagem de mulheres pobres seja cada vez maior, segundo a ONU. Calcula-se que em cada dez pessoas pobres sete s\u00e3o mulheres.<BR> <BR> A discrimina\u00e7\u00e3o no trabalho, as diferen\u00e7as salariais e as desigualdades no acesso aos recursos produtivos, entre outros fatores, perpetuam a discrimina\u00e7\u00e3o. As delegadas insistem que \u00e9 necess\u00e1rio dispor de dados atualizados a desagregados por sexos para poder avaliar a situa\u00e7\u00e3o das mulheres e dos homens que vivem na pobreza e o impacto real das pol\u00edticas.<BR> <BR> <BR> <B>Educa\u00e7\u00e3o<\/B><BR> Apesar de terem sido registradas melhoras, principalmente no ensino prim\u00e1rio, as meninas freq\u00fcentam a escola em menor medida que os meninos. Para a ONU, o principal \u00eaxito da \u00faltima d\u00e9cada \u00e9 o \u00abnot\u00e1vel\u00bb aumento de matr\u00edculas femininas no ensino superior.<BR> <BR> Ampliaram-se os campos de estudos e mais mulheres escolhem disciplinas n\u00e3o tradicionalmente femininas, como engenharia, ci\u00eancias e tecnologia.<BR> <BR> O problema que as delegadas salientam \u00e9 que essa tend\u00eancia n\u00e3o se reflete depois no acesso da mulher ao mercado de trabalho. Nos pa\u00edses menos desenvolvidos, as estudantes encontram s\u00e9rios problemas, sobretudo no meio rural.<BR> <BR> Em muitos casos, as meninas e adolescentes devem compatibilizar os estudos com trabalhos dom\u00e9sticos. Com frequ\u00eancia n\u00e3o t\u00eam acesso \u00e0 escola, ou devem abandon\u00e1-la sem concluir o prim\u00e1rio para ajudar a fam\u00edlia. Segundo estimativa da Unicef, 75% dos analfabetos que vivem no mundo s\u00e3o mulheres.<BR> <BR> <BR> <B>Sa\u00fade<\/B><BR> O panorama n\u00e3o \u00e9 uniforme. Enquanto alguns pa\u00edses revisam suas pol\u00edticas para levar em conta de forma espec\u00edfica os problemas femininos, outros fecham os olhos diante deles.<BR> <BR> Apesar de ter-se ampliado o uso de meios anticoncepcionais em boa parte do mundo, persiste o problema da gravidez de adolescentes e os abortos inseguros. Na opini\u00e3o da ONU, as necessidades femininas em sa\u00fade \u00abn\u00e3o est\u00e3o cobertas\u00bb.<BR> <BR> <BR> <B>Aids<\/B><BR> \u00c9 uma das palavras mais escutadas nestes dias: a doen\u00e7a avan\u00e7a entre as mulheres. J\u00e1 s\u00e3o 47% dos infectados, segundo a Onusida. A situa\u00e7\u00e3o \u00e9 especialmente grave na \u00c1frica subsaariana, onde nove entre cada dez jovens infectados s\u00e3o mulheres.<BR> <BR> H\u00e1 13 milh\u00f5es de africanas dessa regi\u00e3o portadoras do HIV, 57% de todos os infectados. A desigualdade nas rela\u00e7\u00f5es entre os sexos, a discrimina\u00e7\u00e3o e as pautas sociais est\u00e3o por tr\u00e1s da dissemina\u00e7\u00e3o da pandemia entre as mulheres, ao que se somam as dificuldades de acesso aos medicamentos anti-retrovirais.<BR> <BR> A ONU apela para que se garanta o acesso universal da mulher \u00e0 preven\u00e7\u00e3o, aten\u00e7\u00e3o e tratamento, para reduzir sua vulnerabilidade e a de seus filhos doen\u00e7a.<BR> <BR> <BR> <B>Viol\u00eancia<\/B><BR> F\u00edsica, sexual e psicol\u00f3gica, a viol\u00eancia que se exerce contra as mulheres pelo mero fato de elas serem mulheres \u00e9 uma das prioridades dos programas nacionais e internacionais.<BR> <BR> No total, 129 pa\u00edses adotaram medidas concretas para acabar com a viol\u00eancia contra as mulheres e meninas. Mas falta informa\u00e7\u00e3o precisa para conhecer o alcance real do problema e saber se as medidas adotadas s\u00e3o eficazes. A isso soma-se a dificuldade de que os funcion\u00e1rios policiais e judiciais muitas vezes n\u00e3o reconhecem a gravidade da viol\u00eancia contra a mulher.<BR> <BR> A complexidade dos procedimentos e a falta de juizados de fam\u00edlia podem impedir seu acesso \u00e0 Justi\u00e7a, situa\u00e7\u00e3o que se agrava no caso das mulheres sem recursos. Al\u00e9m disso, as v\u00edtimas podem ser reticentes a denunciar as agress\u00f5es por medo, por encontrar-se em um ambiente hostil. Algumas acreditam que o homem tem o direito de bater na mulher em caso de desobedi\u00eancia.<BR> <BR> <BR> <B>Tr\u00e1fico<\/B><BR> Est\u00e3o sendo adotadas medidas em escala internacional no combate ao tr\u00e1fico de mulheres com fins sexuais. Mas a ONU insiste que se deve haver mais firmeza diante desse delito.<BR> <BR> <BR> <B>Poder<\/B><BR> Em 1995, havia 12 mulheres chefes de Estado ou de governo. E 11,3% de parlamentares. Hoje, o n\u00famero de mulheres nas c\u00e2maras legislativas atingiu 15,7%, mas baixou para oito o n\u00famero de chefes de Estado. A maior presen\u00e7a de mulheres nos Parlamentos e governos nacionais \u00e9 uma amostra da evolu\u00e7\u00e3o da mulher no poder pol\u00edtico, sobretudo em n\u00edvel local.<BR> <BR> O problema, segundo as delegadas, \u00e9 que muitas vezes ocupam um lugar baixo nas hierarquias legislativas ou est\u00e3o ligadas a esferas \u00abmenos relevantes\u00bb no processo de tomada de decis\u00f5es, como a fam\u00edlia, o bem-estar e a cultura.. As mulheres continuam ficando com as pastas mais sociais.<BR> <BR> A isso se soma o problema verificado em alguns pa\u00edses do estabelecimento de cotas e outras medidas de discrimina\u00e7\u00e3o positiva, contr\u00e1rias aos padr\u00f5es culturais muito arraigados.<BR> <BR> Para a ONU, a marginaliza\u00e7\u00e3o constante da mulher na tomada de decis\u00f5es foi tanto uma causa quanto um efeito dos lentos avan\u00e7os realizados em muitas esferas do desenvolvimento.<BR> <BR> <BR> <B>Economia<\/B><BR> A ONU constata \u00abprogressos consider\u00e1veis\u00bb na promo\u00e7\u00e3o dos direitos e na independ\u00eancia econ\u00f4mica da mulher. A maioria dos pa\u00edses est\u00e1 adotando medidas para garantir o acesso da mulher ao emprego em p\u00e9 de igualdade e o apoio \u00e0s empres\u00e1rias.<BR> <BR> Mas existe uma importante diferen\u00e7a na carreira profissional. \u00abOs estere\u00f3tipos continuam impedindo o desempenho feminino em altos cargos no setor privado\u00bb, por isso se pede um refor\u00e7o das medidas que favorecem a concilia\u00e7\u00e3o do trabalho com a vida familiar.<BR> <BR> <B>Tradu\u00e7\u00e3o:<\/B> Luiz Roberto Mendes Gon\u00e7alves<BR> <a href=\"http:\/\/www.elpais.es\/\" target=\"_blank\" rel=\"noopener\">Visite o site do El Pa\u00eds<\/A>  <P><\/P><\/p>\n","protected":false},"excerpt":{"rendered":"<p>A ONU constata \u00abprogressos consider\u00e1veis\u00bb na promo\u00e7\u00e3o dos direitos e na independ\u00eancia econ\u00f4mica da mulher. A maioria dos pa\u00edses est\u00e1 adotando medidas para garantir o acesso da mulher ao emprego em p\u00e9 de igualdade e o apoio \u00e0s empres\u00e1rias.<\/p>\n","protected":false},"author":1,"featured_media":0,"comment_status":"open","ping_status":"open","sticky":false,"template":"","format":"standard","meta":{"_acf_changed":false,"site-sidebar-layout":"default","site-content-layout":"default","ast-global-header-display":"","ast-main-header-display":"","ast-hfb-above-header-display":"","ast-hfb-below-header-display":"","ast-hfb-mobile-header-display":"","site-post-title":"","ast-breadcrumbs-content":"","ast-featured-img":"","footer-sml-layout":"","theme-transparent-header-meta":"","adv-header-id-meta":"","stick-header-meta":"","header-above-stick-meta":"","header-main-stick-meta":"","header-below-stick-meta":"","_jetpack_memberships_contains_paid_content":false,"footnotes":""},"categories":[27],"tags":[],"class_list":["post-29335","post","type-post","status-publish","format-standard","hentry","category-en-los-medios"],"acf":[],"yoast_head":"<!-- This site is optimized with the Yoast SEO plugin v26.1.1 - https:\/\/yoast.com\/wordpress\/plugins\/seo\/ -->\n<title>ONU avalia os avan\u00e7os na situa\u00e7\u00e3o das mulheres - CLAM - ES<\/title>\n<meta name=\"robots\" content=\"index, follow, max-snippet:-1, max-image-preview:large, max-video-preview:-1\" \/>\n<link rel=\"canonical\" href=\"https:\/\/clam.org.br\/es\/en-los-medios\/onu-avalia-os-avancos-na-situacao-das-mulheres\/29335\/\" \/>\n<meta property=\"og:locale\" content=\"es_ES\" \/>\n<meta property=\"og:type\" content=\"article\" \/>\n<meta property=\"og:title\" content=\"ONU avalia os avan\u00e7os na situa\u00e7\u00e3o das mulheres - CLAM - ES\" \/>\n<meta property=\"og:description\" content=\"A ONU constata &quot;progressos consider\u00e1veis&quot; na promo\u00e7\u00e3o dos direitos e na independ\u00eancia econ\u00f4mica da mulher. A maioria dos pa\u00edses est\u00e1 adotando medidas para garantir o acesso da mulher ao emprego em p\u00e9 de igualdade e o apoio \u00e0s empres\u00e1rias.\" \/>\n<meta property=\"og:url\" content=\"https:\/\/clam.org.br\/es\/en-los-medios\/onu-avalia-os-avancos-na-situacao-das-mulheres\/29335\/\" \/>\n<meta property=\"og:site_name\" content=\"CLAM - ES\" \/>\n<meta property=\"article:published_time\" content=\"2005-03-10T03:00:00+00:00\" \/>\n<meta name=\"author\" content=\"fw2\" \/>\n<meta name=\"twitter:card\" content=\"summary_large_image\" \/>\n<meta name=\"twitter:label1\" content=\"Escrito por\" \/>\n\t<meta name=\"twitter:data1\" content=\"fw2\" \/>\n\t<meta name=\"twitter:label2\" content=\"Tiempo de lectura\" \/>\n\t<meta name=\"twitter:data2\" content=\"7 minutos\" \/>\n<script type=\"application\/ld+json\" class=\"yoast-schema-graph\">{\"@context\":\"https:\/\/schema.org\",\"@graph\":[{\"@type\":\"WebPage\",\"@id\":\"https:\/\/clam.org.br\/es\/en-los-medios\/onu-avalia-os-avancos-na-situacao-das-mulheres\/29335\/\",\"url\":\"https:\/\/clam.org.br\/es\/en-los-medios\/onu-avalia-os-avancos-na-situacao-das-mulheres\/29335\/\",\"name\":\"ONU avalia os avan\u00e7os na situa\u00e7\u00e3o das mulheres - CLAM - ES\",\"isPartOf\":{\"@id\":\"https:\/\/clam.org.br\/es\/#website\"},\"datePublished\":\"2005-03-10T03:00:00+00:00\",\"author\":{\"@id\":\"https:\/\/clam.org.br\/es\/#\/schema\/person\/fbd9a86032bf7479f94b0ded196f1010\"},\"breadcrumb\":{\"@id\":\"https:\/\/clam.org.br\/es\/en-los-medios\/onu-avalia-os-avancos-na-situacao-das-mulheres\/29335\/#breadcrumb\"},\"inLanguage\":\"es\",\"potentialAction\":[{\"@type\":\"ReadAction\",\"target\":[\"https:\/\/clam.org.br\/es\/en-los-medios\/onu-avalia-os-avancos-na-situacao-das-mulheres\/29335\/\"]}]},{\"@type\":\"BreadcrumbList\",\"@id\":\"https:\/\/clam.org.br\/es\/en-los-medios\/onu-avalia-os-avancos-na-situacao-das-mulheres\/29335\/#breadcrumb\",\"itemListElement\":[{\"@type\":\"ListItem\",\"position\":1,\"name\":\"In\u00edcio\",\"item\":\"https:\/\/clam.org.br\/es\/\"},{\"@type\":\"ListItem\",\"position\":2,\"name\":\"ONU avalia os avan\u00e7os na situa\u00e7\u00e3o das mulheres\"}]},{\"@type\":\"WebSite\",\"@id\":\"https:\/\/clam.org.br\/es\/#website\",\"url\":\"https:\/\/clam.org.br\/es\/\",\"name\":\"CLAM - ES\",\"description\":\"S\u00f3 mais um site CLAM - Centro Latino-Americano em Sexualidade e Direitos Humanos sites\",\"potentialAction\":[{\"@type\":\"SearchAction\",\"target\":{\"@type\":\"EntryPoint\",\"urlTemplate\":\"https:\/\/clam.org.br\/es\/?s={search_term_string}\"},\"query-input\":{\"@type\":\"PropertyValueSpecification\",\"valueRequired\":true,\"valueName\":\"search_term_string\"}}],\"inLanguage\":\"es\"},{\"@type\":\"Person\",\"@id\":\"https:\/\/clam.org.br\/es\/#\/schema\/person\/fbd9a86032bf7479f94b0ded196f1010\",\"name\":\"fw2\",\"image\":{\"@type\":\"ImageObject\",\"inLanguage\":\"es\",\"@id\":\"https:\/\/clam.org.br\/es\/#\/schema\/person\/image\/\",\"url\":\"https:\/\/secure.gravatar.com\/avatar\/c38472c0cdbde82d9b6fcc26adb3779d?s=96&d=mm&r=g\",\"contentUrl\":\"https:\/\/secure.gravatar.com\/avatar\/c38472c0cdbde82d9b6fcc26adb3779d?s=96&d=mm&r=g\",\"caption\":\"fw2\"},\"sameAs\":[\"https:\/\/clam.fw2web.com.br\"],\"url\":\"https:\/\/clam.org.br\/es\/author\/fw2\/\"}]}<\/script>\n<!-- \/ Yoast SEO plugin. -->","yoast_head_json":{"title":"ONU avalia os avan\u00e7os na situa\u00e7\u00e3o das mulheres - CLAM - ES","robots":{"index":"index","follow":"follow","max-snippet":"max-snippet:-1","max-image-preview":"max-image-preview:large","max-video-preview":"max-video-preview:-1"},"canonical":"https:\/\/clam.org.br\/es\/en-los-medios\/onu-avalia-os-avancos-na-situacao-das-mulheres\/29335\/","og_locale":"es_ES","og_type":"article","og_title":"ONU avalia os avan\u00e7os na situa\u00e7\u00e3o das mulheres - CLAM - ES","og_description":"A ONU constata \"progressos consider\u00e1veis\" na promo\u00e7\u00e3o dos direitos e na independ\u00eancia econ\u00f4mica da mulher. A maioria dos pa\u00edses est\u00e1 adotando medidas para garantir o acesso da mulher ao emprego em p\u00e9 de igualdade e o apoio \u00e0s empres\u00e1rias.","og_url":"https:\/\/clam.org.br\/es\/en-los-medios\/onu-avalia-os-avancos-na-situacao-das-mulheres\/29335\/","og_site_name":"CLAM - ES","article_published_time":"2005-03-10T03:00:00+00:00","author":"fw2","twitter_card":"summary_large_image","twitter_misc":{"Escrito por":"fw2","Tiempo de lectura":"7 minutos"},"schema":{"@context":"https:\/\/schema.org","@graph":[{"@type":"WebPage","@id":"https:\/\/clam.org.br\/es\/en-los-medios\/onu-avalia-os-avancos-na-situacao-das-mulheres\/29335\/","url":"https:\/\/clam.org.br\/es\/en-los-medios\/onu-avalia-os-avancos-na-situacao-das-mulheres\/29335\/","name":"ONU avalia os avan\u00e7os na situa\u00e7\u00e3o das mulheres - CLAM - ES","isPartOf":{"@id":"https:\/\/clam.org.br\/es\/#website"},"datePublished":"2005-03-10T03:00:00+00:00","author":{"@id":"https:\/\/clam.org.br\/es\/#\/schema\/person\/fbd9a86032bf7479f94b0ded196f1010"},"breadcrumb":{"@id":"https:\/\/clam.org.br\/es\/en-los-medios\/onu-avalia-os-avancos-na-situacao-das-mulheres\/29335\/#breadcrumb"},"inLanguage":"es","potentialAction":[{"@type":"ReadAction","target":["https:\/\/clam.org.br\/es\/en-los-medios\/onu-avalia-os-avancos-na-situacao-das-mulheres\/29335\/"]}]},{"@type":"BreadcrumbList","@id":"https:\/\/clam.org.br\/es\/en-los-medios\/onu-avalia-os-avancos-na-situacao-das-mulheres\/29335\/#breadcrumb","itemListElement":[{"@type":"ListItem","position":1,"name":"In\u00edcio","item":"https:\/\/clam.org.br\/es\/"},{"@type":"ListItem","position":2,"name":"ONU avalia os avan\u00e7os na situa\u00e7\u00e3o das mulheres"}]},{"@type":"WebSite","@id":"https:\/\/clam.org.br\/es\/#website","url":"https:\/\/clam.org.br\/es\/","name":"CLAM - ES","description":"S\u00f3 mais um site CLAM - Centro Latino-Americano em Sexualidade e Direitos Humanos sites","potentialAction":[{"@type":"SearchAction","target":{"@type":"EntryPoint","urlTemplate":"https:\/\/clam.org.br\/es\/?s={search_term_string}"},"query-input":{"@type":"PropertyValueSpecification","valueRequired":true,"valueName":"search_term_string"}}],"inLanguage":"es"},{"@type":"Person","@id":"https:\/\/clam.org.br\/es\/#\/schema\/person\/fbd9a86032bf7479f94b0ded196f1010","name":"fw2","image":{"@type":"ImageObject","inLanguage":"es","@id":"https:\/\/clam.org.br\/es\/#\/schema\/person\/image\/","url":"https:\/\/secure.gravatar.com\/avatar\/c38472c0cdbde82d9b6fcc26adb3779d?s=96&d=mm&r=g","contentUrl":"https:\/\/secure.gravatar.com\/avatar\/c38472c0cdbde82d9b6fcc26adb3779d?s=96&d=mm&r=g","caption":"fw2"},"sameAs":["https:\/\/clam.fw2web.com.br"],"url":"https:\/\/clam.org.br\/es\/author\/fw2\/"}]}},"jetpack_featured_media_url":"","jetpack_sharing_enabled":true,"_links":{"self":[{"href":"https:\/\/clam.org.br\/es\/wp-json\/wp\/v2\/posts\/29335","targetHints":{"allow":["GET"]}}],"collection":[{"href":"https:\/\/clam.org.br\/es\/wp-json\/wp\/v2\/posts"}],"about":[{"href":"https:\/\/clam.org.br\/es\/wp-json\/wp\/v2\/types\/post"}],"author":[{"embeddable":true,"href":"https:\/\/clam.org.br\/es\/wp-json\/wp\/v2\/users\/1"}],"replies":[{"embeddable":true,"href":"https:\/\/clam.org.br\/es\/wp-json\/wp\/v2\/comments?post=29335"}],"version-history":[{"count":0,"href":"https:\/\/clam.org.br\/es\/wp-json\/wp\/v2\/posts\/29335\/revisions"}],"wp:attachment":[{"href":"https:\/\/clam.org.br\/es\/wp-json\/wp\/v2\/media?parent=29335"}],"wp:term":[{"taxonomy":"category","embeddable":true,"href":"https:\/\/clam.org.br\/es\/wp-json\/wp\/v2\/categories?post=29335"},{"taxonomy":"post_tag","embeddable":true,"href":"https:\/\/clam.org.br\/es\/wp-json\/wp\/v2\/tags?post=29335"}],"curies":[{"name":"wp","href":"https:\/\/api.w.org\/{rel}","templated":true}]}}