{"id":29635,"date":"2006-03-28T00:00:00","date_gmt":"2006-03-28T03:00:00","guid":{"rendered":"https:\/\/clam.fw2web.com.br\/es\/2006\/03\/28\/una-agenda-para-las-mujeres-en-el-congreso\/"},"modified":"2006-03-28T00:00:00","modified_gmt":"2006-03-28T03:00:00","slug":"una-agenda-para-las-mujeres-en-el-congreso","status":"publish","type":"post","link":"https:\/\/clam.org.br\/es\/en-los-medios\/una-agenda-para-las-mujeres-en-el-congreso\/29635\/","title":{"rendered":"Una agenda para las mujeres en el Congreso"},"content":{"rendered":"<p>\u00bfQu\u00e9 trajeron consigo los resultados electorales del pasado 12 de marzo con respecto a la participaci\u00f3n pol\u00edtica de las mujeres? A pesar del triunfo que represent\u00f3 para el movimiento colombiano de mujeres el haber logrado que los partidos principales llegaran a un acuerdo de paridad con implicaciones sobre la presencia de mujeres en las listas, estando escrutados la mayor\u00eda de los votos del pasado 12 de marzo, la participaci\u00f3n de las mujeres no se vio significativamente incrementada, de hecho, en la c\u00e1mara de representantes se redujo. Lo que si fue distinto en estas elecciones fue el posicionamiento del tema de g\u00e9nero en los discursos p\u00fablicos de los partidos y en los de las candidatas y algunos candidatos. En elecciones pasadas, y seg\u00fan afirmaciones de la mayor\u00eda de las involucradas, el mencionar temas de g\u00e9nero en campa\u00f1a pod\u00eda implicar perder votos o el respaldo del partido. En estas elecciones, por el contrario, habi\u00e9ndose ya despejado el camino con el acuerdo de paridad y habi\u00e9ndose posicionado el tema de g\u00e9nero como una de las preocupaciones que deb\u00edan atender los candidatos, m\u00e1s candidatas mujeres estuvieron dispuestas, aunque sumariamente, a incluir el tema en sus plataformas. Claro, las mujeres del Partido Liberal y Polo Democr\u00e1tico lo hicieron de manera m\u00e1s enf\u00e1tica y comprometida, pero ciertamente el tema no fue tab\u00fa para ninguna candidata.<BR> <BR> <a href=\"http:\/\/www.actualidadcolombiana.org\/boletin.shtml?x=1092\" target=\"_blank\" rel=\"noopener\">Texto completo.<\/A><\/p>\n","protected":false},"excerpt":{"rendered":"<p>\u00bfQu\u00e9 trajeron consigo los resultados electorales del pasado 12 de marzo con respecto a la participaci\u00f3n pol\u00edtica de las mujeres? A pesar del triunfo que represent\u00f3 para el movimiento colombiano de mujeres el haber logrado que los partidos principales llegaran a un acuerdo de paridad con implicaciones sobre la presencia de mujeres en las listas, estando escrutados la mayor\u00eda de los votos del pasado 12 de marzo, la participaci\u00f3n de las mujeres no se vio significativamente incrementada, de hecho, en la c\u00e1mara de representantes se redujo. Lo que si fue distinto en estas elecciones fue el posicionamiento del tema de g\u00e9nero en los discursos p\u00fablicos de los partidos y en los de las candidatas y algunos candidatos. En elecciones pasadas, y seg\u00fan afirmaciones de la mayor\u00eda de las involucradas, el mencionar temas de g\u00e9nero en campa\u00f1a pod\u00eda implicar perder votos o el respaldo del partido. En estas elecciones, por el contrario, habi\u00e9ndose ya despejado el camino con el acuerdo de paridad y habi\u00e9ndose posicionado el tema de g\u00e9nero como una de las preocupaciones que deb\u00edan atender los candidatos, m\u00e1s candidatas mujeres estuvieron dispuestas, aunque sumariamente, a incluir el tema en sus plataformas. Claro, las mujeres del Partido Liberal y Polo Democr\u00e1tico lo hicieron de manera m\u00e1s enf\u00e1tica y comprometida, pero ciertamente el tema no fue tab\u00fa para ninguna candidata.<\/p>\n","protected":false},"author":1,"featured_media":0,"comment_status":"open","ping_status":"open","sticky":false,"template":"","format":"standard","meta":{"_acf_changed":false,"site-sidebar-layout":"default","site-content-layout":"default","ast-global-header-display":"","ast-main-header-display":"","ast-hfb-above-header-display":"","ast-hfb-below-header-display":"","ast-hfb-mobile-header-display":"","site-post-title":"","ast-breadcrumbs-content":"","ast-featured-img":"","footer-sml-layout":"","theme-transparent-header-meta":"","adv-header-id-meta":"","stick-header-meta":"","header-above-stick-meta":"","header-main-stick-meta":"","header-below-stick-meta":"","_jetpack_memberships_contains_paid_content":false,"footnotes":""},"categories":[27],"tags":[],"class_list":["post-29635","post","type-post","status-publish","format-standard","hentry","category-en-los-medios"],"acf":[],"yoast_head":"<!-- This site is optimized with the Yoast SEO plugin v26.1.1 - https:\/\/yoast.com\/wordpress\/plugins\/seo\/ -->\n<title>Una agenda para las mujeres en el Congreso - CLAM - ES<\/title>\n<meta name=\"robots\" content=\"index, follow, max-snippet:-1, max-image-preview:large, max-video-preview:-1\" \/>\n<link rel=\"canonical\" href=\"https:\/\/clam.org.br\/es\/en-los-medios\/una-agenda-para-las-mujeres-en-el-congreso\/29635\/\" \/>\n<meta property=\"og:locale\" content=\"es_ES\" \/>\n<meta property=\"og:type\" content=\"article\" \/>\n<meta property=\"og:title\" content=\"Una agenda para las mujeres en el Congreso - CLAM - ES\" \/>\n<meta property=\"og:description\" content=\"\u00bfQu\u00e9 trajeron consigo los resultados electorales del pasado 12 de marzo con respecto a la participaci\u00f3n pol\u00edtica de las mujeres? A pesar del triunfo que represent\u00f3 para el movimiento colombiano de mujeres el haber logrado que los partidos principales llegaran a un acuerdo de paridad con implicaciones sobre la presencia de mujeres en las listas, estando escrutados la mayor\u00eda de los votos del pasado 12 de marzo, la participaci\u00f3n de las mujeres no se vio significativamente incrementada, de hecho, en la c\u00e1mara de representantes se redujo. Lo que si fue distinto en estas elecciones fue el posicionamiento del tema de g\u00e9nero en los discursos p\u00fablicos de los partidos y en los de las candidatas y algunos candidatos. En elecciones pasadas, y seg\u00fan afirmaciones de la mayor\u00eda de las involucradas, el mencionar temas de g\u00e9nero en campa\u00f1a pod\u00eda implicar perder votos o el respaldo del partido. En estas elecciones, por el contrario, habi\u00e9ndose ya despejado el camino con el acuerdo de paridad y habi\u00e9ndose posicionado el tema de g\u00e9nero como una de las preocupaciones que deb\u00edan atender los candidatos, m\u00e1s candidatas mujeres estuvieron dispuestas, aunque sumariamente, a incluir el tema en sus plataformas. Claro, las mujeres del Partido Liberal y Polo Democr\u00e1tico lo hicieron de manera m\u00e1s enf\u00e1tica y comprometida, pero ciertamente el tema no fue tab\u00fa para ninguna candidata.\" \/>\n<meta property=\"og:url\" content=\"https:\/\/clam.org.br\/es\/en-los-medios\/una-agenda-para-las-mujeres-en-el-congreso\/29635\/\" \/>\n<meta property=\"og:site_name\" content=\"CLAM - ES\" \/>\n<meta property=\"article:published_time\" content=\"2006-03-28T03:00:00+00:00\" \/>\n<meta name=\"author\" content=\"fw2\" \/>\n<meta name=\"twitter:card\" content=\"summary_large_image\" \/>\n<meta name=\"twitter:label1\" content=\"Escrito por\" \/>\n\t<meta name=\"twitter:data1\" content=\"fw2\" \/>\n\t<meta name=\"twitter:label2\" content=\"Tiempo de lectura\" \/>\n\t<meta name=\"twitter:data2\" content=\"1 minuto\" \/>\n<script type=\"application\/ld+json\" class=\"yoast-schema-graph\">{\"@context\":\"https:\/\/schema.org\",\"@graph\":[{\"@type\":\"WebPage\",\"@id\":\"https:\/\/clam.org.br\/es\/en-los-medios\/una-agenda-para-las-mujeres-en-el-congreso\/29635\/\",\"url\":\"https:\/\/clam.org.br\/es\/en-los-medios\/una-agenda-para-las-mujeres-en-el-congreso\/29635\/\",\"name\":\"Una agenda para las mujeres en el Congreso - CLAM - ES\",\"isPartOf\":{\"@id\":\"https:\/\/clam.org.br\/es\/#website\"},\"datePublished\":\"2006-03-28T03:00:00+00:00\",\"author\":{\"@id\":\"https:\/\/clam.org.br\/es\/#\/schema\/person\/fbd9a86032bf7479f94b0ded196f1010\"},\"breadcrumb\":{\"@id\":\"https:\/\/clam.org.br\/es\/en-los-medios\/una-agenda-para-las-mujeres-en-el-congreso\/29635\/#breadcrumb\"},\"inLanguage\":\"es\",\"potentialAction\":[{\"@type\":\"ReadAction\",\"target\":[\"https:\/\/clam.org.br\/es\/en-los-medios\/una-agenda-para-las-mujeres-en-el-congreso\/29635\/\"]}]},{\"@type\":\"BreadcrumbList\",\"@id\":\"https:\/\/clam.org.br\/es\/en-los-medios\/una-agenda-para-las-mujeres-en-el-congreso\/29635\/#breadcrumb\",\"itemListElement\":[{\"@type\":\"ListItem\",\"position\":1,\"name\":\"In\u00edcio\",\"item\":\"https:\/\/clam.org.br\/es\/\"},{\"@type\":\"ListItem\",\"position\":2,\"name\":\"Una agenda para las mujeres en el Congreso\"}]},{\"@type\":\"WebSite\",\"@id\":\"https:\/\/clam.org.br\/es\/#website\",\"url\":\"https:\/\/clam.org.br\/es\/\",\"name\":\"CLAM - ES\",\"description\":\"S\u00f3 mais um site CLAM - Centro Latino-Americano em Sexualidade e Direitos Humanos sites\",\"potentialAction\":[{\"@type\":\"SearchAction\",\"target\":{\"@type\":\"EntryPoint\",\"urlTemplate\":\"https:\/\/clam.org.br\/es\/?s={search_term_string}\"},\"query-input\":{\"@type\":\"PropertyValueSpecification\",\"valueRequired\":true,\"valueName\":\"search_term_string\"}}],\"inLanguage\":\"es\"},{\"@type\":\"Person\",\"@id\":\"https:\/\/clam.org.br\/es\/#\/schema\/person\/fbd9a86032bf7479f94b0ded196f1010\",\"name\":\"fw2\",\"image\":{\"@type\":\"ImageObject\",\"inLanguage\":\"es\",\"@id\":\"https:\/\/clam.org.br\/es\/#\/schema\/person\/image\/\",\"url\":\"https:\/\/secure.gravatar.com\/avatar\/c38472c0cdbde82d9b6fcc26adb3779d?s=96&d=mm&r=g\",\"contentUrl\":\"https:\/\/secure.gravatar.com\/avatar\/c38472c0cdbde82d9b6fcc26adb3779d?s=96&d=mm&r=g\",\"caption\":\"fw2\"},\"sameAs\":[\"https:\/\/clam.fw2web.com.br\"],\"url\":\"https:\/\/clam.org.br\/es\/author\/fw2\/\"}]}<\/script>\n<!-- \/ Yoast SEO plugin. -->","yoast_head_json":{"title":"Una agenda para las mujeres en el Congreso - CLAM - ES","robots":{"index":"index","follow":"follow","max-snippet":"max-snippet:-1","max-image-preview":"max-image-preview:large","max-video-preview":"max-video-preview:-1"},"canonical":"https:\/\/clam.org.br\/es\/en-los-medios\/una-agenda-para-las-mujeres-en-el-congreso\/29635\/","og_locale":"es_ES","og_type":"article","og_title":"Una agenda para las mujeres en el Congreso - CLAM - ES","og_description":"\u00bfQu\u00e9 trajeron consigo los resultados electorales del pasado 12 de marzo con respecto a la participaci\u00f3n pol\u00edtica de las mujeres? A pesar del triunfo que represent\u00f3 para el movimiento colombiano de mujeres el haber logrado que los partidos principales llegaran a un acuerdo de paridad con implicaciones sobre la presencia de mujeres en las listas, estando escrutados la mayor\u00eda de los votos del pasado 12 de marzo, la participaci\u00f3n de las mujeres no se vio significativamente incrementada, de hecho, en la c\u00e1mara de representantes se redujo. Lo que si fue distinto en estas elecciones fue el posicionamiento del tema de g\u00e9nero en los discursos p\u00fablicos de los partidos y en los de las candidatas y algunos candidatos. En elecciones pasadas, y seg\u00fan afirmaciones de la mayor\u00eda de las involucradas, el mencionar temas de g\u00e9nero en campa\u00f1a pod\u00eda implicar perder votos o el respaldo del partido. En estas elecciones, por el contrario, habi\u00e9ndose ya despejado el camino con el acuerdo de paridad y habi\u00e9ndose posicionado el tema de g\u00e9nero como una de las preocupaciones que deb\u00edan atender los candidatos, m\u00e1s candidatas mujeres estuvieron dispuestas, aunque sumariamente, a incluir el tema en sus plataformas. Claro, las mujeres del Partido Liberal y Polo Democr\u00e1tico lo hicieron de manera m\u00e1s enf\u00e1tica y comprometida, pero ciertamente el tema no fue tab\u00fa para ninguna candidata.","og_url":"https:\/\/clam.org.br\/es\/en-los-medios\/una-agenda-para-las-mujeres-en-el-congreso\/29635\/","og_site_name":"CLAM - ES","article_published_time":"2006-03-28T03:00:00+00:00","author":"fw2","twitter_card":"summary_large_image","twitter_misc":{"Escrito por":"fw2","Tiempo de lectura":"1 minuto"},"schema":{"@context":"https:\/\/schema.org","@graph":[{"@type":"WebPage","@id":"https:\/\/clam.org.br\/es\/en-los-medios\/una-agenda-para-las-mujeres-en-el-congreso\/29635\/","url":"https:\/\/clam.org.br\/es\/en-los-medios\/una-agenda-para-las-mujeres-en-el-congreso\/29635\/","name":"Una agenda para las mujeres en el Congreso - CLAM - ES","isPartOf":{"@id":"https:\/\/clam.org.br\/es\/#website"},"datePublished":"2006-03-28T03:00:00+00:00","author":{"@id":"https:\/\/clam.org.br\/es\/#\/schema\/person\/fbd9a86032bf7479f94b0ded196f1010"},"breadcrumb":{"@id":"https:\/\/clam.org.br\/es\/en-los-medios\/una-agenda-para-las-mujeres-en-el-congreso\/29635\/#breadcrumb"},"inLanguage":"es","potentialAction":[{"@type":"ReadAction","target":["https:\/\/clam.org.br\/es\/en-los-medios\/una-agenda-para-las-mujeres-en-el-congreso\/29635\/"]}]},{"@type":"BreadcrumbList","@id":"https:\/\/clam.org.br\/es\/en-los-medios\/una-agenda-para-las-mujeres-en-el-congreso\/29635\/#breadcrumb","itemListElement":[{"@type":"ListItem","position":1,"name":"In\u00edcio","item":"https:\/\/clam.org.br\/es\/"},{"@type":"ListItem","position":2,"name":"Una agenda para las mujeres en el Congreso"}]},{"@type":"WebSite","@id":"https:\/\/clam.org.br\/es\/#website","url":"https:\/\/clam.org.br\/es\/","name":"CLAM - ES","description":"S\u00f3 mais um site CLAM - Centro Latino-Americano em Sexualidade e Direitos Humanos sites","potentialAction":[{"@type":"SearchAction","target":{"@type":"EntryPoint","urlTemplate":"https:\/\/clam.org.br\/es\/?s={search_term_string}"},"query-input":{"@type":"PropertyValueSpecification","valueRequired":true,"valueName":"search_term_string"}}],"inLanguage":"es"},{"@type":"Person","@id":"https:\/\/clam.org.br\/es\/#\/schema\/person\/fbd9a86032bf7479f94b0ded196f1010","name":"fw2","image":{"@type":"ImageObject","inLanguage":"es","@id":"https:\/\/clam.org.br\/es\/#\/schema\/person\/image\/","url":"https:\/\/secure.gravatar.com\/avatar\/c38472c0cdbde82d9b6fcc26adb3779d?s=96&d=mm&r=g","contentUrl":"https:\/\/secure.gravatar.com\/avatar\/c38472c0cdbde82d9b6fcc26adb3779d?s=96&d=mm&r=g","caption":"fw2"},"sameAs":["https:\/\/clam.fw2web.com.br"],"url":"https:\/\/clam.org.br\/es\/author\/fw2\/"}]}},"jetpack_featured_media_url":"","jetpack_sharing_enabled":true,"_links":{"self":[{"href":"https:\/\/clam.org.br\/es\/wp-json\/wp\/v2\/posts\/29635","targetHints":{"allow":["GET"]}}],"collection":[{"href":"https:\/\/clam.org.br\/es\/wp-json\/wp\/v2\/posts"}],"about":[{"href":"https:\/\/clam.org.br\/es\/wp-json\/wp\/v2\/types\/post"}],"author":[{"embeddable":true,"href":"https:\/\/clam.org.br\/es\/wp-json\/wp\/v2\/users\/1"}],"replies":[{"embeddable":true,"href":"https:\/\/clam.org.br\/es\/wp-json\/wp\/v2\/comments?post=29635"}],"version-history":[{"count":0,"href":"https:\/\/clam.org.br\/es\/wp-json\/wp\/v2\/posts\/29635\/revisions"}],"wp:attachment":[{"href":"https:\/\/clam.org.br\/es\/wp-json\/wp\/v2\/media?parent=29635"}],"wp:term":[{"taxonomy":"category","embeddable":true,"href":"https:\/\/clam.org.br\/es\/wp-json\/wp\/v2\/categories?post=29635"},{"taxonomy":"post_tag","embeddable":true,"href":"https:\/\/clam.org.br\/es\/wp-json\/wp\/v2\/tags?post=29635"}],"curies":[{"name":"wp","href":"https:\/\/api.w.org\/{rel}","templated":true}]}}