{"id":29717,"date":"2006-05-30T00:00:00","date_gmt":"2006-05-30T03:00:00","guid":{"rendered":"https:\/\/clam.fw2web.com.br\/es\/2006\/05\/30\/gines-volvio-a-defender-una-posible-despenalizacion-del-aborto\/"},"modified":"2006-05-30T00:00:00","modified_gmt":"2006-05-30T03:00:00","slug":"gines-volvio-a-defender-una-posible-despenalizacion-del-aborto","status":"publish","type":"post","link":"https:\/\/clam.org.br\/es\/en-los-medios\/gines-volvio-a-defender-una-posible-despenalizacion-del-aborto\/29717\/","title":{"rendered":"Gin\u00e9s volvi\u00f3 a defender una posible despenalizaci\u00f3n del aborto"},"content":{"rendered":"<p>El ministro de Salud dijo que una medida de ese tipo significar\u00eda \u00abuna disminuci\u00f3n de la mortalidad materna\u00bb, pero que de legalizarse ser\u00e1 para casos espec\u00edficos. De todos modos, el funcionario subray\u00f3 que el debate debe darse en el \u00e1mbito \u00abparlamentario\u00bb.<BR> <BR> <a href=\"http:\/\/www.infobae.com\/notas\/nota.php?Idx=256296&amp;IdxSeccion=100478\" target=\"_blank\" rel=\"noopener\">Texto completo.<\/A><\/p>\n","protected":false},"excerpt":{"rendered":"<p>El ministro de Salud dijo que una medida de ese tipo significar\u00eda \u00abuna disminuci\u00f3n de la mortalidad materna\u00bb, pero que de legalizarse ser\u00e1 para casos espec\u00edficos. De todos modos, el funcionario subray\u00f3 que el debate debe darse en el \u00e1mbito \u00abparlamentario\u00bb.<\/p>\n","protected":false},"author":1,"featured_media":0,"comment_status":"open","ping_status":"open","sticky":false,"template":"","format":"standard","meta":{"_acf_changed":false,"site-sidebar-layout":"default","site-content-layout":"default","ast-global-header-display":"","ast-main-header-display":"","ast-hfb-above-header-display":"","ast-hfb-below-header-display":"","ast-hfb-mobile-header-display":"","site-post-title":"","ast-breadcrumbs-content":"","ast-featured-img":"","footer-sml-layout":"","theme-transparent-header-meta":"","adv-header-id-meta":"","stick-header-meta":"","header-above-stick-meta":"","header-main-stick-meta":"","header-below-stick-meta":"","_jetpack_memberships_contains_paid_content":false,"footnotes":""},"categories":[27],"tags":[],"class_list":["post-29717","post","type-post","status-publish","format-standard","hentry","category-en-los-medios"],"acf":[],"yoast_head":"<!-- This site is optimized with the Yoast SEO plugin v26.1.1 - https:\/\/yoast.com\/wordpress\/plugins\/seo\/ -->\n<title>Gin\u00e9s volvi\u00f3 a defender una posible despenalizaci\u00f3n del aborto - CLAM - ES<\/title>\n<meta name=\"robots\" content=\"index, follow, max-snippet:-1, max-image-preview:large, max-video-preview:-1\" \/>\n<link rel=\"canonical\" href=\"https:\/\/clam.org.br\/es\/en-los-medios\/gines-volvio-a-defender-una-posible-despenalizacion-del-aborto\/29717\/\" \/>\n<meta property=\"og:locale\" content=\"es_ES\" \/>\n<meta property=\"og:type\" content=\"article\" \/>\n<meta property=\"og:title\" content=\"Gin\u00e9s volvi\u00f3 a defender una posible despenalizaci\u00f3n del aborto - CLAM - ES\" \/>\n<meta property=\"og:description\" content=\"El ministro de Salud dijo que una medida de ese tipo significar\u00eda &quot;una disminuci\u00f3n de la mortalidad materna&quot;, pero que de legalizarse ser\u00e1 para casos espec\u00edficos. De todos modos, el funcionario subray\u00f3 que el debate debe darse en el \u00e1mbito &quot;parlamentario&quot;.\" \/>\n<meta property=\"og:url\" content=\"https:\/\/clam.org.br\/es\/en-los-medios\/gines-volvio-a-defender-una-posible-despenalizacion-del-aborto\/29717\/\" \/>\n<meta property=\"og:site_name\" content=\"CLAM - ES\" \/>\n<meta property=\"article:published_time\" content=\"2006-05-30T03:00:00+00:00\" \/>\n<meta name=\"author\" content=\"fw2\" \/>\n<meta name=\"twitter:card\" content=\"summary_large_image\" \/>\n<meta name=\"twitter:label1\" content=\"Escrito por\" \/>\n\t<meta name=\"twitter:data1\" content=\"fw2\" \/>\n<script type=\"application\/ld+json\" class=\"yoast-schema-graph\">{\"@context\":\"https:\/\/schema.org\",\"@graph\":[{\"@type\":\"WebPage\",\"@id\":\"https:\/\/clam.org.br\/es\/en-los-medios\/gines-volvio-a-defender-una-posible-despenalizacion-del-aborto\/29717\/\",\"url\":\"https:\/\/clam.org.br\/es\/en-los-medios\/gines-volvio-a-defender-una-posible-despenalizacion-del-aborto\/29717\/\",\"name\":\"Gin\u00e9s volvi\u00f3 a defender una posible despenalizaci\u00f3n del aborto - CLAM - ES\",\"isPartOf\":{\"@id\":\"https:\/\/clam.org.br\/es\/#website\"},\"datePublished\":\"2006-05-30T03:00:00+00:00\",\"author\":{\"@id\":\"https:\/\/clam.org.br\/es\/#\/schema\/person\/fbd9a86032bf7479f94b0ded196f1010\"},\"breadcrumb\":{\"@id\":\"https:\/\/clam.org.br\/es\/en-los-medios\/gines-volvio-a-defender-una-posible-despenalizacion-del-aborto\/29717\/#breadcrumb\"},\"inLanguage\":\"es\",\"potentialAction\":[{\"@type\":\"ReadAction\",\"target\":[\"https:\/\/clam.org.br\/es\/en-los-medios\/gines-volvio-a-defender-una-posible-despenalizacion-del-aborto\/29717\/\"]}]},{\"@type\":\"BreadcrumbList\",\"@id\":\"https:\/\/clam.org.br\/es\/en-los-medios\/gines-volvio-a-defender-una-posible-despenalizacion-del-aborto\/29717\/#breadcrumb\",\"itemListElement\":[{\"@type\":\"ListItem\",\"position\":1,\"name\":\"In\u00edcio\",\"item\":\"https:\/\/clam.org.br\/es\/\"},{\"@type\":\"ListItem\",\"position\":2,\"name\":\"Gin\u00e9s volvi\u00f3 a defender una posible despenalizaci\u00f3n del aborto\"}]},{\"@type\":\"WebSite\",\"@id\":\"https:\/\/clam.org.br\/es\/#website\",\"url\":\"https:\/\/clam.org.br\/es\/\",\"name\":\"CLAM - ES\",\"description\":\"S\u00f3 mais um site CLAM - Centro Latino-Americano em Sexualidade e Direitos Humanos sites\",\"potentialAction\":[{\"@type\":\"SearchAction\",\"target\":{\"@type\":\"EntryPoint\",\"urlTemplate\":\"https:\/\/clam.org.br\/es\/?s={search_term_string}\"},\"query-input\":{\"@type\":\"PropertyValueSpecification\",\"valueRequired\":true,\"valueName\":\"search_term_string\"}}],\"inLanguage\":\"es\"},{\"@type\":\"Person\",\"@id\":\"https:\/\/clam.org.br\/es\/#\/schema\/person\/fbd9a86032bf7479f94b0ded196f1010\",\"name\":\"fw2\",\"image\":{\"@type\":\"ImageObject\",\"inLanguage\":\"es\",\"@id\":\"https:\/\/clam.org.br\/es\/#\/schema\/person\/image\/\",\"url\":\"https:\/\/secure.gravatar.com\/avatar\/c38472c0cdbde82d9b6fcc26adb3779d?s=96&d=mm&r=g\",\"contentUrl\":\"https:\/\/secure.gravatar.com\/avatar\/c38472c0cdbde82d9b6fcc26adb3779d?s=96&d=mm&r=g\",\"caption\":\"fw2\"},\"sameAs\":[\"https:\/\/clam.fw2web.com.br\"],\"url\":\"https:\/\/clam.org.br\/es\/author\/fw2\/\"}]}<\/script>\n<!-- \/ Yoast SEO plugin. -->","yoast_head_json":{"title":"Gin\u00e9s volvi\u00f3 a defender una posible despenalizaci\u00f3n del aborto - CLAM - ES","robots":{"index":"index","follow":"follow","max-snippet":"max-snippet:-1","max-image-preview":"max-image-preview:large","max-video-preview":"max-video-preview:-1"},"canonical":"https:\/\/clam.org.br\/es\/en-los-medios\/gines-volvio-a-defender-una-posible-despenalizacion-del-aborto\/29717\/","og_locale":"es_ES","og_type":"article","og_title":"Gin\u00e9s volvi\u00f3 a defender una posible despenalizaci\u00f3n del aborto - CLAM - ES","og_description":"El ministro de Salud dijo que una medida de ese tipo significar\u00eda \"una disminuci\u00f3n de la mortalidad materna\", pero que de legalizarse ser\u00e1 para casos espec\u00edficos. De todos modos, el funcionario subray\u00f3 que el debate debe darse en el \u00e1mbito \"parlamentario\".","og_url":"https:\/\/clam.org.br\/es\/en-los-medios\/gines-volvio-a-defender-una-posible-despenalizacion-del-aborto\/29717\/","og_site_name":"CLAM - ES","article_published_time":"2006-05-30T03:00:00+00:00","author":"fw2","twitter_card":"summary_large_image","twitter_misc":{"Escrito por":"fw2"},"schema":{"@context":"https:\/\/schema.org","@graph":[{"@type":"WebPage","@id":"https:\/\/clam.org.br\/es\/en-los-medios\/gines-volvio-a-defender-una-posible-despenalizacion-del-aborto\/29717\/","url":"https:\/\/clam.org.br\/es\/en-los-medios\/gines-volvio-a-defender-una-posible-despenalizacion-del-aborto\/29717\/","name":"Gin\u00e9s volvi\u00f3 a defender una posible despenalizaci\u00f3n del aborto - CLAM - ES","isPartOf":{"@id":"https:\/\/clam.org.br\/es\/#website"},"datePublished":"2006-05-30T03:00:00+00:00","author":{"@id":"https:\/\/clam.org.br\/es\/#\/schema\/person\/fbd9a86032bf7479f94b0ded196f1010"},"breadcrumb":{"@id":"https:\/\/clam.org.br\/es\/en-los-medios\/gines-volvio-a-defender-una-posible-despenalizacion-del-aborto\/29717\/#breadcrumb"},"inLanguage":"es","potentialAction":[{"@type":"ReadAction","target":["https:\/\/clam.org.br\/es\/en-los-medios\/gines-volvio-a-defender-una-posible-despenalizacion-del-aborto\/29717\/"]}]},{"@type":"BreadcrumbList","@id":"https:\/\/clam.org.br\/es\/en-los-medios\/gines-volvio-a-defender-una-posible-despenalizacion-del-aborto\/29717\/#breadcrumb","itemListElement":[{"@type":"ListItem","position":1,"name":"In\u00edcio","item":"https:\/\/clam.org.br\/es\/"},{"@type":"ListItem","position":2,"name":"Gin\u00e9s volvi\u00f3 a defender una posible despenalizaci\u00f3n del aborto"}]},{"@type":"WebSite","@id":"https:\/\/clam.org.br\/es\/#website","url":"https:\/\/clam.org.br\/es\/","name":"CLAM - ES","description":"S\u00f3 mais um site CLAM - Centro Latino-Americano em Sexualidade e Direitos Humanos sites","potentialAction":[{"@type":"SearchAction","target":{"@type":"EntryPoint","urlTemplate":"https:\/\/clam.org.br\/es\/?s={search_term_string}"},"query-input":{"@type":"PropertyValueSpecification","valueRequired":true,"valueName":"search_term_string"}}],"inLanguage":"es"},{"@type":"Person","@id":"https:\/\/clam.org.br\/es\/#\/schema\/person\/fbd9a86032bf7479f94b0ded196f1010","name":"fw2","image":{"@type":"ImageObject","inLanguage":"es","@id":"https:\/\/clam.org.br\/es\/#\/schema\/person\/image\/","url":"https:\/\/secure.gravatar.com\/avatar\/c38472c0cdbde82d9b6fcc26adb3779d?s=96&d=mm&r=g","contentUrl":"https:\/\/secure.gravatar.com\/avatar\/c38472c0cdbde82d9b6fcc26adb3779d?s=96&d=mm&r=g","caption":"fw2"},"sameAs":["https:\/\/clam.fw2web.com.br"],"url":"https:\/\/clam.org.br\/es\/author\/fw2\/"}]}},"jetpack_featured_media_url":"","jetpack_sharing_enabled":true,"_links":{"self":[{"href":"https:\/\/clam.org.br\/es\/wp-json\/wp\/v2\/posts\/29717","targetHints":{"allow":["GET"]}}],"collection":[{"href":"https:\/\/clam.org.br\/es\/wp-json\/wp\/v2\/posts"}],"about":[{"href":"https:\/\/clam.org.br\/es\/wp-json\/wp\/v2\/types\/post"}],"author":[{"embeddable":true,"href":"https:\/\/clam.org.br\/es\/wp-json\/wp\/v2\/users\/1"}],"replies":[{"embeddable":true,"href":"https:\/\/clam.org.br\/es\/wp-json\/wp\/v2\/comments?post=29717"}],"version-history":[{"count":0,"href":"https:\/\/clam.org.br\/es\/wp-json\/wp\/v2\/posts\/29717\/revisions"}],"wp:attachment":[{"href":"https:\/\/clam.org.br\/es\/wp-json\/wp\/v2\/media?parent=29717"}],"wp:term":[{"taxonomy":"category","embeddable":true,"href":"https:\/\/clam.org.br\/es\/wp-json\/wp\/v2\/categories?post=29717"},{"taxonomy":"post_tag","embeddable":true,"href":"https:\/\/clam.org.br\/es\/wp-json\/wp\/v2\/tags?post=29717"}],"curies":[{"name":"wp","href":"https:\/\/api.w.org\/{rel}","templated":true}]}}