{"id":29779,"date":"2006-07-19T00:00:00","date_gmt":"2006-07-19T03:00:00","guid":{"rendered":"https:\/\/clam.fw2web.com.br\/es\/2006\/07\/19\/el-concepto-de-diversidad-sexual-tal-y-como-lo-sonamos-un-dia\/"},"modified":"2006-07-19T00:00:00","modified_gmt":"2006-07-19T03:00:00","slug":"el-concepto-de-diversidad-sexual-tal-y-como-lo-sonamos-un-dia","status":"publish","type":"post","link":"https:\/\/clam.org.br\/es\/en-los-medios\/el-concepto-de-diversidad-sexual-tal-y-como-lo-sonamos-un-dia\/29779\/","title":{"rendered":"El concepto de diversidad sexual tal y como lo so\u00f1amos un d\u00eda"},"content":{"rendered":"<p>La de Medell\u00edn, fue una marcha con sentido pol\u00edtico. Muy lejos del simple espect\u00e1culo y exhibicionismo que se\u00f1alan sus detractores Cuando Iv\u00e1n Felipe Palacio, secretario de gobierno del ultra conservador Juan G\u00f3mez Mart\u00ednez, le otorg\u00f3 al ciudadano gay de Medell\u00edn, Manuel Jos\u00e9 Berm\u00fadez Andrade, la autorizaci\u00f3n para la primera Marcha de los homosexuales en la ciudad, la apuesta estaba muy clara: Ver alg\u00fan d\u00eda a las homosexualidades manifest\u00e1ndose pol\u00edticamente por el derecho a una vida digna en la ciudad.<BR> <BR> <a href=\"http:\/\/minoriassexuales.com\/v-web\/portal\/cms\/modules.php?name=News&amp;file=article&amp;sid=1279\" target=\"_blank\" rel=\"noopener\">Texto completo.<\/A><\/p>\n","protected":false},"excerpt":{"rendered":"<p>La de Medell\u00edn, fue una marcha con sentido pol\u00edtico. Muy lejos del simple espect\u00e1culo y exhibicionismo que se\u00f1alan sus detractores Cuando Iv\u00e1n Felipe Palacio, secretario de gobierno del ultra conservador Juan G\u00f3mez Mart\u00ednez, le otorg\u00f3 al ciudadano gay de Medell\u00edn, Manuel Jos\u00e9 Berm\u00fadez Andrade, la autorizaci\u00f3n para la primera Marcha de los homosexuales en la ciudad, la apuesta estaba muy clara: Ver alg\u00fan d\u00eda a las homosexualidades manifest\u00e1ndose pol\u00edticamente por el derecho a una vida digna en la ciudad.<\/p>\n","protected":false},"author":1,"featured_media":0,"comment_status":"open","ping_status":"open","sticky":false,"template":"","format":"standard","meta":{"_acf_changed":false,"site-sidebar-layout":"default","site-content-layout":"default","ast-global-header-display":"","ast-main-header-display":"","ast-hfb-above-header-display":"","ast-hfb-below-header-display":"","ast-hfb-mobile-header-display":"","site-post-title":"","ast-breadcrumbs-content":"","ast-featured-img":"","footer-sml-layout":"","theme-transparent-header-meta":"","adv-header-id-meta":"","stick-header-meta":"","header-above-stick-meta":"","header-main-stick-meta":"","header-below-stick-meta":"","_jetpack_memberships_contains_paid_content":false,"footnotes":""},"categories":[27],"tags":[],"class_list":["post-29779","post","type-post","status-publish","format-standard","hentry","category-en-los-medios"],"acf":[],"yoast_head":"<!-- This site is optimized with the Yoast SEO plugin v26.1.1 - https:\/\/yoast.com\/wordpress\/plugins\/seo\/ -->\n<title>El concepto de diversidad sexual tal y como lo so\u00f1amos un d\u00eda - CLAM - ES<\/title>\n<meta name=\"robots\" content=\"index, follow, max-snippet:-1, max-image-preview:large, max-video-preview:-1\" \/>\n<link rel=\"canonical\" href=\"https:\/\/clam.org.br\/es\/en-los-medios\/el-concepto-de-diversidad-sexual-tal-y-como-lo-sonamos-un-dia\/29779\/\" \/>\n<meta property=\"og:locale\" content=\"es_ES\" \/>\n<meta property=\"og:type\" content=\"article\" \/>\n<meta property=\"og:title\" content=\"El concepto de diversidad sexual tal y como lo so\u00f1amos un d\u00eda - CLAM - ES\" \/>\n<meta property=\"og:description\" content=\"La de Medell\u00edn, fue una marcha con sentido pol\u00edtico. Muy lejos del simple espect\u00e1culo y exhibicionismo que se\u00f1alan sus detractores Cuando Iv\u00e1n Felipe Palacio, secretario de gobierno del ultra conservador Juan G\u00f3mez Mart\u00ednez, le otorg\u00f3 al ciudadano gay de Medell\u00edn, Manuel Jos\u00e9 Berm\u00fadez Andrade, la autorizaci\u00f3n para la primera Marcha de los homosexuales en la ciudad, la apuesta estaba muy clara: Ver alg\u00fan d\u00eda a las homosexualidades manifest\u00e1ndose pol\u00edticamente por el derecho a una vida digna en la ciudad.\" \/>\n<meta property=\"og:url\" content=\"https:\/\/clam.org.br\/es\/en-los-medios\/el-concepto-de-diversidad-sexual-tal-y-como-lo-sonamos-un-dia\/29779\/\" \/>\n<meta property=\"og:site_name\" content=\"CLAM - ES\" \/>\n<meta property=\"article:published_time\" content=\"2006-07-19T03:00:00+00:00\" \/>\n<meta name=\"author\" content=\"fw2\" \/>\n<meta name=\"twitter:card\" content=\"summary_large_image\" \/>\n<meta name=\"twitter:label1\" content=\"Escrito por\" \/>\n\t<meta name=\"twitter:data1\" content=\"fw2\" \/>\n<script type=\"application\/ld+json\" class=\"yoast-schema-graph\">{\"@context\":\"https:\/\/schema.org\",\"@graph\":[{\"@type\":\"WebPage\",\"@id\":\"https:\/\/clam.org.br\/es\/en-los-medios\/el-concepto-de-diversidad-sexual-tal-y-como-lo-sonamos-un-dia\/29779\/\",\"url\":\"https:\/\/clam.org.br\/es\/en-los-medios\/el-concepto-de-diversidad-sexual-tal-y-como-lo-sonamos-un-dia\/29779\/\",\"name\":\"El concepto de diversidad sexual tal y como lo so\u00f1amos un d\u00eda - CLAM - ES\",\"isPartOf\":{\"@id\":\"https:\/\/clam.org.br\/es\/#website\"},\"datePublished\":\"2006-07-19T03:00:00+00:00\",\"author\":{\"@id\":\"https:\/\/clam.org.br\/es\/#\/schema\/person\/fbd9a86032bf7479f94b0ded196f1010\"},\"breadcrumb\":{\"@id\":\"https:\/\/clam.org.br\/es\/en-los-medios\/el-concepto-de-diversidad-sexual-tal-y-como-lo-sonamos-un-dia\/29779\/#breadcrumb\"},\"inLanguage\":\"es\",\"potentialAction\":[{\"@type\":\"ReadAction\",\"target\":[\"https:\/\/clam.org.br\/es\/en-los-medios\/el-concepto-de-diversidad-sexual-tal-y-como-lo-sonamos-un-dia\/29779\/\"]}]},{\"@type\":\"BreadcrumbList\",\"@id\":\"https:\/\/clam.org.br\/es\/en-los-medios\/el-concepto-de-diversidad-sexual-tal-y-como-lo-sonamos-un-dia\/29779\/#breadcrumb\",\"itemListElement\":[{\"@type\":\"ListItem\",\"position\":1,\"name\":\"In\u00edcio\",\"item\":\"https:\/\/clam.org.br\/es\/\"},{\"@type\":\"ListItem\",\"position\":2,\"name\":\"El concepto de diversidad sexual tal y como lo so\u00f1amos un d\u00eda\"}]},{\"@type\":\"WebSite\",\"@id\":\"https:\/\/clam.org.br\/es\/#website\",\"url\":\"https:\/\/clam.org.br\/es\/\",\"name\":\"CLAM - ES\",\"description\":\"S\u00f3 mais um site CLAM - Centro Latino-Americano em Sexualidade e Direitos Humanos sites\",\"potentialAction\":[{\"@type\":\"SearchAction\",\"target\":{\"@type\":\"EntryPoint\",\"urlTemplate\":\"https:\/\/clam.org.br\/es\/?s={search_term_string}\"},\"query-input\":{\"@type\":\"PropertyValueSpecification\",\"valueRequired\":true,\"valueName\":\"search_term_string\"}}],\"inLanguage\":\"es\"},{\"@type\":\"Person\",\"@id\":\"https:\/\/clam.org.br\/es\/#\/schema\/person\/fbd9a86032bf7479f94b0ded196f1010\",\"name\":\"fw2\",\"image\":{\"@type\":\"ImageObject\",\"inLanguage\":\"es\",\"@id\":\"https:\/\/clam.org.br\/es\/#\/schema\/person\/image\/\",\"url\":\"https:\/\/secure.gravatar.com\/avatar\/c38472c0cdbde82d9b6fcc26adb3779d?s=96&d=mm&r=g\",\"contentUrl\":\"https:\/\/secure.gravatar.com\/avatar\/c38472c0cdbde82d9b6fcc26adb3779d?s=96&d=mm&r=g\",\"caption\":\"fw2\"},\"sameAs\":[\"https:\/\/clam.fw2web.com.br\"],\"url\":\"https:\/\/clam.org.br\/es\/author\/fw2\/\"}]}<\/script>\n<!-- \/ Yoast SEO plugin. -->","yoast_head_json":{"title":"El concepto de diversidad sexual tal y como lo so\u00f1amos un d\u00eda - CLAM - ES","robots":{"index":"index","follow":"follow","max-snippet":"max-snippet:-1","max-image-preview":"max-image-preview:large","max-video-preview":"max-video-preview:-1"},"canonical":"https:\/\/clam.org.br\/es\/en-los-medios\/el-concepto-de-diversidad-sexual-tal-y-como-lo-sonamos-un-dia\/29779\/","og_locale":"es_ES","og_type":"article","og_title":"El concepto de diversidad sexual tal y como lo so\u00f1amos un d\u00eda - CLAM - ES","og_description":"La de Medell\u00edn, fue una marcha con sentido pol\u00edtico. Muy lejos del simple espect\u00e1culo y exhibicionismo que se\u00f1alan sus detractores Cuando Iv\u00e1n Felipe Palacio, secretario de gobierno del ultra conservador Juan G\u00f3mez Mart\u00ednez, le otorg\u00f3 al ciudadano gay de Medell\u00edn, Manuel Jos\u00e9 Berm\u00fadez Andrade, la autorizaci\u00f3n para la primera Marcha de los homosexuales en la ciudad, la apuesta estaba muy clara: Ver alg\u00fan d\u00eda a las homosexualidades manifest\u00e1ndose pol\u00edticamente por el derecho a una vida digna en la ciudad.","og_url":"https:\/\/clam.org.br\/es\/en-los-medios\/el-concepto-de-diversidad-sexual-tal-y-como-lo-sonamos-un-dia\/29779\/","og_site_name":"CLAM - ES","article_published_time":"2006-07-19T03:00:00+00:00","author":"fw2","twitter_card":"summary_large_image","twitter_misc":{"Escrito por":"fw2"},"schema":{"@context":"https:\/\/schema.org","@graph":[{"@type":"WebPage","@id":"https:\/\/clam.org.br\/es\/en-los-medios\/el-concepto-de-diversidad-sexual-tal-y-como-lo-sonamos-un-dia\/29779\/","url":"https:\/\/clam.org.br\/es\/en-los-medios\/el-concepto-de-diversidad-sexual-tal-y-como-lo-sonamos-un-dia\/29779\/","name":"El concepto de diversidad sexual tal y como lo so\u00f1amos un d\u00eda - CLAM - ES","isPartOf":{"@id":"https:\/\/clam.org.br\/es\/#website"},"datePublished":"2006-07-19T03:00:00+00:00","author":{"@id":"https:\/\/clam.org.br\/es\/#\/schema\/person\/fbd9a86032bf7479f94b0ded196f1010"},"breadcrumb":{"@id":"https:\/\/clam.org.br\/es\/en-los-medios\/el-concepto-de-diversidad-sexual-tal-y-como-lo-sonamos-un-dia\/29779\/#breadcrumb"},"inLanguage":"es","potentialAction":[{"@type":"ReadAction","target":["https:\/\/clam.org.br\/es\/en-los-medios\/el-concepto-de-diversidad-sexual-tal-y-como-lo-sonamos-un-dia\/29779\/"]}]},{"@type":"BreadcrumbList","@id":"https:\/\/clam.org.br\/es\/en-los-medios\/el-concepto-de-diversidad-sexual-tal-y-como-lo-sonamos-un-dia\/29779\/#breadcrumb","itemListElement":[{"@type":"ListItem","position":1,"name":"In\u00edcio","item":"https:\/\/clam.org.br\/es\/"},{"@type":"ListItem","position":2,"name":"El concepto de diversidad sexual tal y como lo so\u00f1amos un d\u00eda"}]},{"@type":"WebSite","@id":"https:\/\/clam.org.br\/es\/#website","url":"https:\/\/clam.org.br\/es\/","name":"CLAM - ES","description":"S\u00f3 mais um site CLAM - Centro Latino-Americano em Sexualidade e Direitos Humanos sites","potentialAction":[{"@type":"SearchAction","target":{"@type":"EntryPoint","urlTemplate":"https:\/\/clam.org.br\/es\/?s={search_term_string}"},"query-input":{"@type":"PropertyValueSpecification","valueRequired":true,"valueName":"search_term_string"}}],"inLanguage":"es"},{"@type":"Person","@id":"https:\/\/clam.org.br\/es\/#\/schema\/person\/fbd9a86032bf7479f94b0ded196f1010","name":"fw2","image":{"@type":"ImageObject","inLanguage":"es","@id":"https:\/\/clam.org.br\/es\/#\/schema\/person\/image\/","url":"https:\/\/secure.gravatar.com\/avatar\/c38472c0cdbde82d9b6fcc26adb3779d?s=96&d=mm&r=g","contentUrl":"https:\/\/secure.gravatar.com\/avatar\/c38472c0cdbde82d9b6fcc26adb3779d?s=96&d=mm&r=g","caption":"fw2"},"sameAs":["https:\/\/clam.fw2web.com.br"],"url":"https:\/\/clam.org.br\/es\/author\/fw2\/"}]}},"jetpack_featured_media_url":"","jetpack_sharing_enabled":true,"_links":{"self":[{"href":"https:\/\/clam.org.br\/es\/wp-json\/wp\/v2\/posts\/29779","targetHints":{"allow":["GET"]}}],"collection":[{"href":"https:\/\/clam.org.br\/es\/wp-json\/wp\/v2\/posts"}],"about":[{"href":"https:\/\/clam.org.br\/es\/wp-json\/wp\/v2\/types\/post"}],"author":[{"embeddable":true,"href":"https:\/\/clam.org.br\/es\/wp-json\/wp\/v2\/users\/1"}],"replies":[{"embeddable":true,"href":"https:\/\/clam.org.br\/es\/wp-json\/wp\/v2\/comments?post=29779"}],"version-history":[{"count":0,"href":"https:\/\/clam.org.br\/es\/wp-json\/wp\/v2\/posts\/29779\/revisions"}],"wp:attachment":[{"href":"https:\/\/clam.org.br\/es\/wp-json\/wp\/v2\/media?parent=29779"}],"wp:term":[{"taxonomy":"category","embeddable":true,"href":"https:\/\/clam.org.br\/es\/wp-json\/wp\/v2\/categories?post=29779"},{"taxonomy":"post_tag","embeddable":true,"href":"https:\/\/clam.org.br\/es\/wp-json\/wp\/v2\/tags?post=29779"}],"curies":[{"name":"wp","href":"https:\/\/api.w.org\/{rel}","templated":true}]}}