{"id":29805,"date":"2006-08-08T00:00:00","date_gmt":"2006-08-08T03:00:00","guid":{"rendered":"https:\/\/clam.fw2web.com.br\/es\/2006\/08\/08\/reconocimiento-al-liderazgo-comunitario-y-la-lucha-contra-el-vih-sida\/"},"modified":"2006-08-08T00:00:00","modified_gmt":"2006-08-08T03:00:00","slug":"reconocimiento-al-liderazgo-comunitario-y-la-lucha-contra-el-vih-sida","status":"publish","type":"post","link":"https:\/\/clam.org.br\/es\/en-los-medios\/reconocimiento-al-liderazgo-comunitario-y-la-lucha-contra-el-vih-sida\/29805\/","title":{"rendered":"Reconocimiento al liderazgo comunitario y la lucha contra el VIH\/sida"},"content":{"rendered":"<p>Premio cinta Roja 2006. Reconocimiento al liderazgo comunitario y la lucha contra el VIH\/sida. Una organizaci\u00f3n colombiana entre los 25 finalistas <P>Cinco grupos recibir\u00e1n esta distinci\u00f3n en el marco de la Conferencia Internacional de Sida que se realizar\u00e1 en Toronto, a partir del pr\u00f3ximo 13 de agosto. Los nombres de los ganadores se conocer\u00e1n el mi\u00e9rcoles 16 durante la cena del Premio Cinta Roja que se llevar\u00e1 a cabo en Hart House, Universidad de Toronto. En la lista de finalistas se encuentra la Fundaci\u00f3n Casa Gami de Cali (Colombia), entidad sin \u00e1nimo de lucro, dedicada al apoyo de personas que viven con VIH, con \u00e9nfasis en mujeres y ni\u00f1as(os).<\/P><BR> <BR> <a href=\"http:\/\/www.comunicacionpositiva.org\/joomla\/\" target=\"_blank\" rel=\"noopener\">Texto completo.<\/A><\/p>\n","protected":false},"excerpt":{"rendered":"<p>Premio cinta Roja 2006. Reconocimiento al liderazgo comunitario y la lucha contra el VIH\/sida. Una organizaci\u00f3n colombiana entre los 25 finalistas<\/p>\n","protected":false},"author":1,"featured_media":0,"comment_status":"open","ping_status":"open","sticky":false,"template":"","format":"standard","meta":{"_acf_changed":false,"site-sidebar-layout":"default","site-content-layout":"default","ast-global-header-display":"","ast-main-header-display":"","ast-hfb-above-header-display":"","ast-hfb-below-header-display":"","ast-hfb-mobile-header-display":"","site-post-title":"","ast-breadcrumbs-content":"","ast-featured-img":"","footer-sml-layout":"","theme-transparent-header-meta":"","adv-header-id-meta":"","stick-header-meta":"","header-above-stick-meta":"","header-main-stick-meta":"","header-below-stick-meta":"","_jetpack_memberships_contains_paid_content":false,"footnotes":""},"categories":[27],"tags":[],"class_list":["post-29805","post","type-post","status-publish","format-standard","hentry","category-en-los-medios"],"acf":[],"yoast_head":"<!-- This site is optimized with the Yoast SEO plugin v26.1.1 - https:\/\/yoast.com\/wordpress\/plugins\/seo\/ -->\n<title>Reconocimiento al liderazgo comunitario y la lucha contra el VIH\/sida - CLAM - ES<\/title>\n<meta name=\"robots\" content=\"index, follow, max-snippet:-1, max-image-preview:large, max-video-preview:-1\" \/>\n<link rel=\"canonical\" href=\"https:\/\/clam.org.br\/es\/en-los-medios\/reconocimiento-al-liderazgo-comunitario-y-la-lucha-contra-el-vih-sida\/29805\/\" \/>\n<meta property=\"og:locale\" content=\"es_ES\" \/>\n<meta property=\"og:type\" content=\"article\" \/>\n<meta property=\"og:title\" content=\"Reconocimiento al liderazgo comunitario y la lucha contra el VIH\/sida - CLAM - ES\" \/>\n<meta property=\"og:description\" content=\"Premio cinta Roja 2006. Reconocimiento al liderazgo comunitario y la lucha contra el VIH\/sida. Una organizaci\u00f3n colombiana entre los 25 finalistas\" \/>\n<meta property=\"og:url\" content=\"https:\/\/clam.org.br\/es\/en-los-medios\/reconocimiento-al-liderazgo-comunitario-y-la-lucha-contra-el-vih-sida\/29805\/\" \/>\n<meta property=\"og:site_name\" content=\"CLAM - ES\" \/>\n<meta property=\"article:published_time\" content=\"2006-08-08T03:00:00+00:00\" \/>\n<meta name=\"author\" content=\"fw2\" \/>\n<meta name=\"twitter:card\" content=\"summary_large_image\" \/>\n<meta name=\"twitter:label1\" content=\"Escrito por\" \/>\n\t<meta name=\"twitter:data1\" content=\"fw2\" \/>\n\t<meta name=\"twitter:label2\" content=\"Tiempo de lectura\" \/>\n\t<meta name=\"twitter:data2\" content=\"1 minuto\" \/>\n<script type=\"application\/ld+json\" class=\"yoast-schema-graph\">{\"@context\":\"https:\/\/schema.org\",\"@graph\":[{\"@type\":\"WebPage\",\"@id\":\"https:\/\/clam.org.br\/es\/en-los-medios\/reconocimiento-al-liderazgo-comunitario-y-la-lucha-contra-el-vih-sida\/29805\/\",\"url\":\"https:\/\/clam.org.br\/es\/en-los-medios\/reconocimiento-al-liderazgo-comunitario-y-la-lucha-contra-el-vih-sida\/29805\/\",\"name\":\"Reconocimiento al liderazgo comunitario y la lucha contra el VIH\/sida - CLAM - ES\",\"isPartOf\":{\"@id\":\"https:\/\/clam.org.br\/es\/#website\"},\"datePublished\":\"2006-08-08T03:00:00+00:00\",\"author\":{\"@id\":\"https:\/\/clam.org.br\/es\/#\/schema\/person\/fbd9a86032bf7479f94b0ded196f1010\"},\"breadcrumb\":{\"@id\":\"https:\/\/clam.org.br\/es\/en-los-medios\/reconocimiento-al-liderazgo-comunitario-y-la-lucha-contra-el-vih-sida\/29805\/#breadcrumb\"},\"inLanguage\":\"es\",\"potentialAction\":[{\"@type\":\"ReadAction\",\"target\":[\"https:\/\/clam.org.br\/es\/en-los-medios\/reconocimiento-al-liderazgo-comunitario-y-la-lucha-contra-el-vih-sida\/29805\/\"]}]},{\"@type\":\"BreadcrumbList\",\"@id\":\"https:\/\/clam.org.br\/es\/en-los-medios\/reconocimiento-al-liderazgo-comunitario-y-la-lucha-contra-el-vih-sida\/29805\/#breadcrumb\",\"itemListElement\":[{\"@type\":\"ListItem\",\"position\":1,\"name\":\"In\u00edcio\",\"item\":\"https:\/\/clam.org.br\/es\/\"},{\"@type\":\"ListItem\",\"position\":2,\"name\":\"Reconocimiento al liderazgo comunitario y la lucha contra el VIH\/sida\"}]},{\"@type\":\"WebSite\",\"@id\":\"https:\/\/clam.org.br\/es\/#website\",\"url\":\"https:\/\/clam.org.br\/es\/\",\"name\":\"CLAM - ES\",\"description\":\"S\u00f3 mais um site CLAM - Centro Latino-Americano em Sexualidade e Direitos Humanos sites\",\"potentialAction\":[{\"@type\":\"SearchAction\",\"target\":{\"@type\":\"EntryPoint\",\"urlTemplate\":\"https:\/\/clam.org.br\/es\/?s={search_term_string}\"},\"query-input\":{\"@type\":\"PropertyValueSpecification\",\"valueRequired\":true,\"valueName\":\"search_term_string\"}}],\"inLanguage\":\"es\"},{\"@type\":\"Person\",\"@id\":\"https:\/\/clam.org.br\/es\/#\/schema\/person\/fbd9a86032bf7479f94b0ded196f1010\",\"name\":\"fw2\",\"image\":{\"@type\":\"ImageObject\",\"inLanguage\":\"es\",\"@id\":\"https:\/\/clam.org.br\/es\/#\/schema\/person\/image\/\",\"url\":\"https:\/\/secure.gravatar.com\/avatar\/c38472c0cdbde82d9b6fcc26adb3779d?s=96&d=mm&r=g\",\"contentUrl\":\"https:\/\/secure.gravatar.com\/avatar\/c38472c0cdbde82d9b6fcc26adb3779d?s=96&d=mm&r=g\",\"caption\":\"fw2\"},\"sameAs\":[\"https:\/\/clam.fw2web.com.br\"],\"url\":\"https:\/\/clam.org.br\/es\/author\/fw2\/\"}]}<\/script>\n<!-- \/ Yoast SEO plugin. -->","yoast_head_json":{"title":"Reconocimiento al liderazgo comunitario y la lucha contra el VIH\/sida - CLAM - ES","robots":{"index":"index","follow":"follow","max-snippet":"max-snippet:-1","max-image-preview":"max-image-preview:large","max-video-preview":"max-video-preview:-1"},"canonical":"https:\/\/clam.org.br\/es\/en-los-medios\/reconocimiento-al-liderazgo-comunitario-y-la-lucha-contra-el-vih-sida\/29805\/","og_locale":"es_ES","og_type":"article","og_title":"Reconocimiento al liderazgo comunitario y la lucha contra el VIH\/sida - CLAM - ES","og_description":"Premio cinta Roja 2006. Reconocimiento al liderazgo comunitario y la lucha contra el VIH\/sida. Una organizaci\u00f3n colombiana entre los 25 finalistas","og_url":"https:\/\/clam.org.br\/es\/en-los-medios\/reconocimiento-al-liderazgo-comunitario-y-la-lucha-contra-el-vih-sida\/29805\/","og_site_name":"CLAM - ES","article_published_time":"2006-08-08T03:00:00+00:00","author":"fw2","twitter_card":"summary_large_image","twitter_misc":{"Escrito por":"fw2","Tiempo de lectura":"1 minuto"},"schema":{"@context":"https:\/\/schema.org","@graph":[{"@type":"WebPage","@id":"https:\/\/clam.org.br\/es\/en-los-medios\/reconocimiento-al-liderazgo-comunitario-y-la-lucha-contra-el-vih-sida\/29805\/","url":"https:\/\/clam.org.br\/es\/en-los-medios\/reconocimiento-al-liderazgo-comunitario-y-la-lucha-contra-el-vih-sida\/29805\/","name":"Reconocimiento al liderazgo comunitario y la lucha contra el VIH\/sida - CLAM - ES","isPartOf":{"@id":"https:\/\/clam.org.br\/es\/#website"},"datePublished":"2006-08-08T03:00:00+00:00","author":{"@id":"https:\/\/clam.org.br\/es\/#\/schema\/person\/fbd9a86032bf7479f94b0ded196f1010"},"breadcrumb":{"@id":"https:\/\/clam.org.br\/es\/en-los-medios\/reconocimiento-al-liderazgo-comunitario-y-la-lucha-contra-el-vih-sida\/29805\/#breadcrumb"},"inLanguage":"es","potentialAction":[{"@type":"ReadAction","target":["https:\/\/clam.org.br\/es\/en-los-medios\/reconocimiento-al-liderazgo-comunitario-y-la-lucha-contra-el-vih-sida\/29805\/"]}]},{"@type":"BreadcrumbList","@id":"https:\/\/clam.org.br\/es\/en-los-medios\/reconocimiento-al-liderazgo-comunitario-y-la-lucha-contra-el-vih-sida\/29805\/#breadcrumb","itemListElement":[{"@type":"ListItem","position":1,"name":"In\u00edcio","item":"https:\/\/clam.org.br\/es\/"},{"@type":"ListItem","position":2,"name":"Reconocimiento al liderazgo comunitario y la lucha contra el VIH\/sida"}]},{"@type":"WebSite","@id":"https:\/\/clam.org.br\/es\/#website","url":"https:\/\/clam.org.br\/es\/","name":"CLAM - ES","description":"S\u00f3 mais um site CLAM - Centro Latino-Americano em Sexualidade e Direitos Humanos sites","potentialAction":[{"@type":"SearchAction","target":{"@type":"EntryPoint","urlTemplate":"https:\/\/clam.org.br\/es\/?s={search_term_string}"},"query-input":{"@type":"PropertyValueSpecification","valueRequired":true,"valueName":"search_term_string"}}],"inLanguage":"es"},{"@type":"Person","@id":"https:\/\/clam.org.br\/es\/#\/schema\/person\/fbd9a86032bf7479f94b0ded196f1010","name":"fw2","image":{"@type":"ImageObject","inLanguage":"es","@id":"https:\/\/clam.org.br\/es\/#\/schema\/person\/image\/","url":"https:\/\/secure.gravatar.com\/avatar\/c38472c0cdbde82d9b6fcc26adb3779d?s=96&d=mm&r=g","contentUrl":"https:\/\/secure.gravatar.com\/avatar\/c38472c0cdbde82d9b6fcc26adb3779d?s=96&d=mm&r=g","caption":"fw2"},"sameAs":["https:\/\/clam.fw2web.com.br"],"url":"https:\/\/clam.org.br\/es\/author\/fw2\/"}]}},"jetpack_featured_media_url":"","jetpack_sharing_enabled":true,"_links":{"self":[{"href":"https:\/\/clam.org.br\/es\/wp-json\/wp\/v2\/posts\/29805","targetHints":{"allow":["GET"]}}],"collection":[{"href":"https:\/\/clam.org.br\/es\/wp-json\/wp\/v2\/posts"}],"about":[{"href":"https:\/\/clam.org.br\/es\/wp-json\/wp\/v2\/types\/post"}],"author":[{"embeddable":true,"href":"https:\/\/clam.org.br\/es\/wp-json\/wp\/v2\/users\/1"}],"replies":[{"embeddable":true,"href":"https:\/\/clam.org.br\/es\/wp-json\/wp\/v2\/comments?post=29805"}],"version-history":[{"count":0,"href":"https:\/\/clam.org.br\/es\/wp-json\/wp\/v2\/posts\/29805\/revisions"}],"wp:attachment":[{"href":"https:\/\/clam.org.br\/es\/wp-json\/wp\/v2\/media?parent=29805"}],"wp:term":[{"taxonomy":"category","embeddable":true,"href":"https:\/\/clam.org.br\/es\/wp-json\/wp\/v2\/categories?post=29805"},{"taxonomy":"post_tag","embeddable":true,"href":"https:\/\/clam.org.br\/es\/wp-json\/wp\/v2\/tags?post=29805"}],"curies":[{"name":"wp","href":"https:\/\/api.w.org\/{rel}","templated":true}]}}