{"id":29818,"date":"2006-08-15T00:00:00","date_gmt":"2006-08-15T03:00:00","guid":{"rendered":"https:\/\/clam.fw2web.com.br\/es\/2006\/08\/15\/nuevas-cifras-la-misma-historia\/"},"modified":"2006-08-15T00:00:00","modified_gmt":"2006-08-15T03:00:00","slug":"nuevas-cifras-la-misma-historia","status":"publish","type":"post","link":"https:\/\/clam.org.br\/es\/en-los-medios\/nuevas-cifras-la-misma-historia\/29818\/","title":{"rendered":"Nuevas Cifras, la misma Historia"},"content":{"rendered":"<p>El informe del Departamento de Epidemiolog\u00eda del Ministerio de Salud, revel\u00f3 las nuevas cifras de una misma historia. A pesar de ser la misma historia desde hace m\u00e1s de 20 a\u00f1os, a\u00fan no tomamos las medidas de prevenci\u00f3n que nos permitan disminuir la tasa de incidencia de esta pandemia (VIH\/SIDA) en nuestro pa\u00eds y mucho menos en nuestra regi\u00f3n. <a href=\"http:\/\/www.elmorrocotudo.cl\/admin\/render\/noticia\/5435\" target=\"_blank\" rel=\"noopener\">www.elmorrocotudo.cl\/admin\/render\/noticia\/5435<\/A><\/p>\n","protected":false},"excerpt":{"rendered":"<p>El informe del Departamento de Epidemiolog\u00eda del Ministerio de Salud, revel\u00f3 las nuevas cifras de una misma historia. A pesar de ser la misma historia desde hace m\u00e1s de 20 a\u00f1os, a\u00fan no tomamos las medidas de prevenci\u00f3n que nos permitan disminuir la tasa de incidencia de esta pandemia (VIH\/SIDA) en nuestro pa\u00eds y mucho menos en nuestra regi\u00f3n.<\/p>\n","protected":false},"author":1,"featured_media":0,"comment_status":"open","ping_status":"open","sticky":false,"template":"","format":"standard","meta":{"_acf_changed":false,"site-sidebar-layout":"default","site-content-layout":"default","ast-global-header-display":"","ast-main-header-display":"","ast-hfb-above-header-display":"","ast-hfb-below-header-display":"","ast-hfb-mobile-header-display":"","site-post-title":"","ast-breadcrumbs-content":"","ast-featured-img":"","footer-sml-layout":"","theme-transparent-header-meta":"","adv-header-id-meta":"","stick-header-meta":"","header-above-stick-meta":"","header-main-stick-meta":"","header-below-stick-meta":"","_jetpack_memberships_contains_paid_content":false,"footnotes":""},"categories":[27],"tags":[],"class_list":["post-29818","post","type-post","status-publish","format-standard","hentry","category-en-los-medios"],"acf":[],"yoast_head":"<!-- This site is optimized with the Yoast SEO plugin v26.1.1 - https:\/\/yoast.com\/wordpress\/plugins\/seo\/ -->\n<title>Nuevas Cifras, la misma Historia - CLAM - ES<\/title>\n<meta name=\"robots\" content=\"index, follow, max-snippet:-1, max-image-preview:large, max-video-preview:-1\" \/>\n<link rel=\"canonical\" href=\"https:\/\/clam.org.br\/es\/en-los-medios\/nuevas-cifras-la-misma-historia\/29818\/\" \/>\n<meta property=\"og:locale\" content=\"es_ES\" \/>\n<meta property=\"og:type\" content=\"article\" \/>\n<meta property=\"og:title\" content=\"Nuevas Cifras, la misma Historia - CLAM - ES\" \/>\n<meta property=\"og:description\" content=\"El informe del Departamento de Epidemiolog\u00eda del Ministerio de Salud, revel\u00f3 las nuevas cifras de una misma historia. A pesar de ser la misma historia desde hace m\u00e1s de 20 a\u00f1os, a\u00fan no tomamos las medidas de prevenci\u00f3n que nos permitan disminuir la tasa de incidencia de esta pandemia (VIH\/SIDA) en nuestro pa\u00eds y mucho menos en nuestra regi\u00f3n.\" \/>\n<meta property=\"og:url\" content=\"https:\/\/clam.org.br\/es\/en-los-medios\/nuevas-cifras-la-misma-historia\/29818\/\" \/>\n<meta property=\"og:site_name\" content=\"CLAM - ES\" \/>\n<meta property=\"article:published_time\" content=\"2006-08-15T03:00:00+00:00\" \/>\n<meta name=\"author\" content=\"fw2\" \/>\n<meta name=\"twitter:card\" content=\"summary_large_image\" \/>\n<meta name=\"twitter:label1\" content=\"Escrito por\" \/>\n\t<meta name=\"twitter:data1\" content=\"fw2\" \/>\n<script type=\"application\/ld+json\" class=\"yoast-schema-graph\">{\"@context\":\"https:\/\/schema.org\",\"@graph\":[{\"@type\":\"WebPage\",\"@id\":\"https:\/\/clam.org.br\/es\/en-los-medios\/nuevas-cifras-la-misma-historia\/29818\/\",\"url\":\"https:\/\/clam.org.br\/es\/en-los-medios\/nuevas-cifras-la-misma-historia\/29818\/\",\"name\":\"Nuevas Cifras, la misma Historia - CLAM - ES\",\"isPartOf\":{\"@id\":\"https:\/\/clam.org.br\/es\/#website\"},\"datePublished\":\"2006-08-15T03:00:00+00:00\",\"author\":{\"@id\":\"https:\/\/clam.org.br\/es\/#\/schema\/person\/fbd9a86032bf7479f94b0ded196f1010\"},\"breadcrumb\":{\"@id\":\"https:\/\/clam.org.br\/es\/en-los-medios\/nuevas-cifras-la-misma-historia\/29818\/#breadcrumb\"},\"inLanguage\":\"es\",\"potentialAction\":[{\"@type\":\"ReadAction\",\"target\":[\"https:\/\/clam.org.br\/es\/en-los-medios\/nuevas-cifras-la-misma-historia\/29818\/\"]}]},{\"@type\":\"BreadcrumbList\",\"@id\":\"https:\/\/clam.org.br\/es\/en-los-medios\/nuevas-cifras-la-misma-historia\/29818\/#breadcrumb\",\"itemListElement\":[{\"@type\":\"ListItem\",\"position\":1,\"name\":\"In\u00edcio\",\"item\":\"https:\/\/clam.org.br\/es\/\"},{\"@type\":\"ListItem\",\"position\":2,\"name\":\"Nuevas Cifras, la misma Historia\"}]},{\"@type\":\"WebSite\",\"@id\":\"https:\/\/clam.org.br\/es\/#website\",\"url\":\"https:\/\/clam.org.br\/es\/\",\"name\":\"CLAM - ES\",\"description\":\"S\u00f3 mais um site CLAM - Centro Latino-Americano em Sexualidade e Direitos Humanos sites\",\"potentialAction\":[{\"@type\":\"SearchAction\",\"target\":{\"@type\":\"EntryPoint\",\"urlTemplate\":\"https:\/\/clam.org.br\/es\/?s={search_term_string}\"},\"query-input\":{\"@type\":\"PropertyValueSpecification\",\"valueRequired\":true,\"valueName\":\"search_term_string\"}}],\"inLanguage\":\"es\"},{\"@type\":\"Person\",\"@id\":\"https:\/\/clam.org.br\/es\/#\/schema\/person\/fbd9a86032bf7479f94b0ded196f1010\",\"name\":\"fw2\",\"image\":{\"@type\":\"ImageObject\",\"inLanguage\":\"es\",\"@id\":\"https:\/\/clam.org.br\/es\/#\/schema\/person\/image\/\",\"url\":\"https:\/\/secure.gravatar.com\/avatar\/c38472c0cdbde82d9b6fcc26adb3779d?s=96&d=mm&r=g\",\"contentUrl\":\"https:\/\/secure.gravatar.com\/avatar\/c38472c0cdbde82d9b6fcc26adb3779d?s=96&d=mm&r=g\",\"caption\":\"fw2\"},\"sameAs\":[\"https:\/\/clam.fw2web.com.br\"],\"url\":\"https:\/\/clam.org.br\/es\/author\/fw2\/\"}]}<\/script>\n<!-- \/ Yoast SEO plugin. -->","yoast_head_json":{"title":"Nuevas Cifras, la misma Historia - CLAM - ES","robots":{"index":"index","follow":"follow","max-snippet":"max-snippet:-1","max-image-preview":"max-image-preview:large","max-video-preview":"max-video-preview:-1"},"canonical":"https:\/\/clam.org.br\/es\/en-los-medios\/nuevas-cifras-la-misma-historia\/29818\/","og_locale":"es_ES","og_type":"article","og_title":"Nuevas Cifras, la misma Historia - CLAM - ES","og_description":"El informe del Departamento de Epidemiolog\u00eda del Ministerio de Salud, revel\u00f3 las nuevas cifras de una misma historia. A pesar de ser la misma historia desde hace m\u00e1s de 20 a\u00f1os, a\u00fan no tomamos las medidas de prevenci\u00f3n que nos permitan disminuir la tasa de incidencia de esta pandemia (VIH\/SIDA) en nuestro pa\u00eds y mucho menos en nuestra regi\u00f3n.","og_url":"https:\/\/clam.org.br\/es\/en-los-medios\/nuevas-cifras-la-misma-historia\/29818\/","og_site_name":"CLAM - ES","article_published_time":"2006-08-15T03:00:00+00:00","author":"fw2","twitter_card":"summary_large_image","twitter_misc":{"Escrito por":"fw2"},"schema":{"@context":"https:\/\/schema.org","@graph":[{"@type":"WebPage","@id":"https:\/\/clam.org.br\/es\/en-los-medios\/nuevas-cifras-la-misma-historia\/29818\/","url":"https:\/\/clam.org.br\/es\/en-los-medios\/nuevas-cifras-la-misma-historia\/29818\/","name":"Nuevas Cifras, la misma Historia - CLAM - ES","isPartOf":{"@id":"https:\/\/clam.org.br\/es\/#website"},"datePublished":"2006-08-15T03:00:00+00:00","author":{"@id":"https:\/\/clam.org.br\/es\/#\/schema\/person\/fbd9a86032bf7479f94b0ded196f1010"},"breadcrumb":{"@id":"https:\/\/clam.org.br\/es\/en-los-medios\/nuevas-cifras-la-misma-historia\/29818\/#breadcrumb"},"inLanguage":"es","potentialAction":[{"@type":"ReadAction","target":["https:\/\/clam.org.br\/es\/en-los-medios\/nuevas-cifras-la-misma-historia\/29818\/"]}]},{"@type":"BreadcrumbList","@id":"https:\/\/clam.org.br\/es\/en-los-medios\/nuevas-cifras-la-misma-historia\/29818\/#breadcrumb","itemListElement":[{"@type":"ListItem","position":1,"name":"In\u00edcio","item":"https:\/\/clam.org.br\/es\/"},{"@type":"ListItem","position":2,"name":"Nuevas Cifras, la misma Historia"}]},{"@type":"WebSite","@id":"https:\/\/clam.org.br\/es\/#website","url":"https:\/\/clam.org.br\/es\/","name":"CLAM - ES","description":"S\u00f3 mais um site CLAM - Centro Latino-Americano em Sexualidade e Direitos Humanos sites","potentialAction":[{"@type":"SearchAction","target":{"@type":"EntryPoint","urlTemplate":"https:\/\/clam.org.br\/es\/?s={search_term_string}"},"query-input":{"@type":"PropertyValueSpecification","valueRequired":true,"valueName":"search_term_string"}}],"inLanguage":"es"},{"@type":"Person","@id":"https:\/\/clam.org.br\/es\/#\/schema\/person\/fbd9a86032bf7479f94b0ded196f1010","name":"fw2","image":{"@type":"ImageObject","inLanguage":"es","@id":"https:\/\/clam.org.br\/es\/#\/schema\/person\/image\/","url":"https:\/\/secure.gravatar.com\/avatar\/c38472c0cdbde82d9b6fcc26adb3779d?s=96&d=mm&r=g","contentUrl":"https:\/\/secure.gravatar.com\/avatar\/c38472c0cdbde82d9b6fcc26adb3779d?s=96&d=mm&r=g","caption":"fw2"},"sameAs":["https:\/\/clam.fw2web.com.br"],"url":"https:\/\/clam.org.br\/es\/author\/fw2\/"}]}},"jetpack_featured_media_url":"","jetpack_sharing_enabled":true,"_links":{"self":[{"href":"https:\/\/clam.org.br\/es\/wp-json\/wp\/v2\/posts\/29818","targetHints":{"allow":["GET"]}}],"collection":[{"href":"https:\/\/clam.org.br\/es\/wp-json\/wp\/v2\/posts"}],"about":[{"href":"https:\/\/clam.org.br\/es\/wp-json\/wp\/v2\/types\/post"}],"author":[{"embeddable":true,"href":"https:\/\/clam.org.br\/es\/wp-json\/wp\/v2\/users\/1"}],"replies":[{"embeddable":true,"href":"https:\/\/clam.org.br\/es\/wp-json\/wp\/v2\/comments?post=29818"}],"version-history":[{"count":0,"href":"https:\/\/clam.org.br\/es\/wp-json\/wp\/v2\/posts\/29818\/revisions"}],"wp:attachment":[{"href":"https:\/\/clam.org.br\/es\/wp-json\/wp\/v2\/media?parent=29818"}],"wp:term":[{"taxonomy":"category","embeddable":true,"href":"https:\/\/clam.org.br\/es\/wp-json\/wp\/v2\/categories?post=29818"},{"taxonomy":"post_tag","embeddable":true,"href":"https:\/\/clam.org.br\/es\/wp-json\/wp\/v2\/tags?post=29818"}],"curies":[{"name":"wp","href":"https:\/\/api.w.org\/{rel}","templated":true}]}}