{"id":29847,"date":"2006-09-06T00:00:00","date_gmt":"2006-09-06T03:00:00","guid":{"rendered":"https:\/\/clam.fw2web.com.br\/es\/2006\/09\/06\/mujeres-ninas-y-adolescentes-que-viven-con-vih-se-reuniran-en-octubre-proximo\/"},"modified":"2006-09-06T00:00:00","modified_gmt":"2006-09-06T03:00:00","slug":"mujeres-ninas-y-adolescentes-que-viven-con-vih-se-reuniran-en-octubre-proximo","status":"publish","type":"post","link":"https:\/\/clam.org.br\/es\/en-los-medios\/mujeres-ninas-y-adolescentes-que-viven-con-vih-se-reuniran-en-octubre-proximo\/29847\/","title":{"rendered":"Mujeres, ni\u00f1as y adolescentes que viven con VIH se reunir\u00e1n en Octubre pr\u00f3ximo"},"content":{"rendered":"<p><P class=MsoNormal style=\"MARGIN: 0cm 0cm 0pt\"><?xml:namespace prefix = v ns = \"urn:schemas-microsoft-com:vml\" \/><v_shapetype id=_x0000_t75 stroked=\"f\" filled=\"f\" path=\"m@4@5l@4@11@9@11@9@5xe\" o_preferrelative=\"t\" o_spt=\"75\" coordsize=\"21600,21600\"><v_stroke joinstyle=\"miter\"><\/v_stroke><v_formulas><v_f eqn=\"if lineDrawn pixelLineWidth 0\"><\/v_f><v_f eqn=\"sum @0 1 0\"><\/v_f><v_f eqn=\"sum 0 0 @1\"><\/v_f><v_f eqn=\"prod @2 1 2\"><\/v_f><v_f eqn=\"prod @3 21600 pixelWidth\"><\/v_f><v_f eqn=\"prod @3 21600 pixelHeight\"><\/v_f><v_f eqn=\"sum @0 0 1\"><\/v_f><v_f eqn=\"prod @6 1 2\"><\/v_f><v_f eqn=\"prod @7 21600 pixelWidth\"><\/v_f><v_f eqn=\"sum @8 21600 0\"><\/v_f><v_f eqn=\"prod @7 21600 pixelHeight\"><\/v_f><v_f eqn=\"sum @10 21600 0\"><\/v_f><\/v_formulas><v_path o_connecttype=\"rect\" gradientshapeok=\"t\" o_extrusionok=\"f\"><\/v_path><?xml:namespace prefix = o ns = \"urn:schemas-microsoft-com:office:office\" \/><o_lock aspectratio=\"t\" v_ext=\"edit\"><\/o_lock><\/v_shapetype><v_shape id=_x0000_s1026 style=\"MARGIN-TOP: 0px; Z-INDEX: 251657728; MARGIN-LEFT: -16pt; WIDTH: 24pt; POSITION: absolute; HEIGHT: 24pt; mso-wrap-distance-left: 0; mso-wrap-distance-right: 0; mso-position-horizontal: right; mso-position-vertical-relative: line\" o_allowoverlap=\"f\" alt=\"\" type=\"#_x0000_t75\"><?xml:namespace prefix = w ns = \"urn:schemas-microsoft-com:office:word\" \/><w_wrap type=\"square\"><\/w_wrap><\/v_shape><STRONG><SPAN lang=ES style=\"FONT-SIZE: 10pt; FONT-FAMILY: 'Verdana','sans-serif'; mso-ansi-language: ES\">Ciudad de Panam\u00e1<\/SPAN><\/STRONG><SPAN lang=ES style=\"FONT-SIZE: 10pt; FONT-FAMILY: 'Verdana','sans-serif'; mso-ansi-language: ES\">,&nbsp;ICW Latina.- Con el prop\u00f3sito de impulsar la interacci\u00f3n entre las mujeres positivas y conocer la situaci\u00f3n de las ni\u00f1as y adolescentes que viven con VIH, del 16 al 19 de Octubre pr\u00f3ximo se realizar\u00e1 este evento&nbsp;en Ciudad de Panam\u00e1.<BR> <BR> <a href=\"http:\/\/www.comunicacionpositiva.org\/\" target=\"_blank\" rel=\"noopener\">Texto completo.<\/A><\/SPAN><\/P><\/p>\n","protected":false},"excerpt":{"rendered":"<p>Ciudad de Panam\u00e1, ICW Latina.- Con el prop\u00f3sito de impulsar la interacci\u00f3n entre las mujeres positivas y conocer la situaci\u00f3n de las ni\u00f1as y adolescentes que viven con VIH, del 16 al 19 de Octubre pr\u00f3ximo se realizar\u00e1 este evento en Ciudad de Panam\u00e1.<\/p>\n","protected":false},"author":1,"featured_media":0,"comment_status":"open","ping_status":"open","sticky":false,"template":"","format":"standard","meta":{"_acf_changed":false,"site-sidebar-layout":"default","site-content-layout":"default","ast-global-header-display":"","ast-main-header-display":"","ast-hfb-above-header-display":"","ast-hfb-below-header-display":"","ast-hfb-mobile-header-display":"","site-post-title":"","ast-breadcrumbs-content":"","ast-featured-img":"","footer-sml-layout":"","theme-transparent-header-meta":"","adv-header-id-meta":"","stick-header-meta":"","header-above-stick-meta":"","header-main-stick-meta":"","header-below-stick-meta":"","_jetpack_memberships_contains_paid_content":false,"footnotes":""},"categories":[27],"tags":[],"class_list":["post-29847","post","type-post","status-publish","format-standard","hentry","category-en-los-medios"],"acf":[],"yoast_head":"<!-- This site is optimized with the Yoast SEO plugin v26.1.1 - https:\/\/yoast.com\/wordpress\/plugins\/seo\/ -->\n<title>Mujeres, ni\u00f1as y adolescentes que viven con VIH se reunir\u00e1n en Octubre pr\u00f3ximo - CLAM - ES<\/title>\n<meta name=\"robots\" content=\"index, follow, max-snippet:-1, max-image-preview:large, max-video-preview:-1\" \/>\n<link rel=\"canonical\" href=\"https:\/\/clam.org.br\/es\/en-los-medios\/mujeres-ninas-y-adolescentes-que-viven-con-vih-se-reuniran-en-octubre-proximo\/29847\/\" \/>\n<meta property=\"og:locale\" content=\"es_ES\" \/>\n<meta property=\"og:type\" content=\"article\" \/>\n<meta property=\"og:title\" content=\"Mujeres, ni\u00f1as y adolescentes que viven con VIH se reunir\u00e1n en Octubre pr\u00f3ximo - CLAM - ES\" \/>\n<meta property=\"og:description\" content=\"Ciudad de Panam\u00e1, ICW Latina.- Con el prop\u00f3sito de impulsar la interacci\u00f3n entre las mujeres positivas y conocer la situaci\u00f3n de las ni\u00f1as y adolescentes que viven con VIH, del 16 al 19 de Octubre pr\u00f3ximo se realizar\u00e1 este evento en Ciudad de Panam\u00e1.\" \/>\n<meta property=\"og:url\" content=\"https:\/\/clam.org.br\/es\/en-los-medios\/mujeres-ninas-y-adolescentes-que-viven-con-vih-se-reuniran-en-octubre-proximo\/29847\/\" \/>\n<meta property=\"og:site_name\" content=\"CLAM - ES\" \/>\n<meta property=\"article:published_time\" content=\"2006-09-06T03:00:00+00:00\" \/>\n<meta name=\"author\" content=\"fw2\" \/>\n<meta name=\"twitter:card\" content=\"summary_large_image\" \/>\n<meta name=\"twitter:label1\" content=\"Escrito por\" \/>\n\t<meta name=\"twitter:data1\" content=\"fw2\" \/>\n<script type=\"application\/ld+json\" class=\"yoast-schema-graph\">{\"@context\":\"https:\/\/schema.org\",\"@graph\":[{\"@type\":\"WebPage\",\"@id\":\"https:\/\/clam.org.br\/es\/en-los-medios\/mujeres-ninas-y-adolescentes-que-viven-con-vih-se-reuniran-en-octubre-proximo\/29847\/\",\"url\":\"https:\/\/clam.org.br\/es\/en-los-medios\/mujeres-ninas-y-adolescentes-que-viven-con-vih-se-reuniran-en-octubre-proximo\/29847\/\",\"name\":\"Mujeres, ni\u00f1as y adolescentes que viven con VIH se reunir\u00e1n en Octubre pr\u00f3ximo - CLAM - ES\",\"isPartOf\":{\"@id\":\"https:\/\/clam.org.br\/es\/#website\"},\"datePublished\":\"2006-09-06T03:00:00+00:00\",\"author\":{\"@id\":\"https:\/\/clam.org.br\/es\/#\/schema\/person\/fbd9a86032bf7479f94b0ded196f1010\"},\"breadcrumb\":{\"@id\":\"https:\/\/clam.org.br\/es\/en-los-medios\/mujeres-ninas-y-adolescentes-que-viven-con-vih-se-reuniran-en-octubre-proximo\/29847\/#breadcrumb\"},\"inLanguage\":\"es\",\"potentialAction\":[{\"@type\":\"ReadAction\",\"target\":[\"https:\/\/clam.org.br\/es\/en-los-medios\/mujeres-ninas-y-adolescentes-que-viven-con-vih-se-reuniran-en-octubre-proximo\/29847\/\"]}]},{\"@type\":\"BreadcrumbList\",\"@id\":\"https:\/\/clam.org.br\/es\/en-los-medios\/mujeres-ninas-y-adolescentes-que-viven-con-vih-se-reuniran-en-octubre-proximo\/29847\/#breadcrumb\",\"itemListElement\":[{\"@type\":\"ListItem\",\"position\":1,\"name\":\"In\u00edcio\",\"item\":\"https:\/\/clam.org.br\/es\/\"},{\"@type\":\"ListItem\",\"position\":2,\"name\":\"Mujeres, ni\u00f1as y adolescentes que viven con VIH se reunir\u00e1n en Octubre pr\u00f3ximo\"}]},{\"@type\":\"WebSite\",\"@id\":\"https:\/\/clam.org.br\/es\/#website\",\"url\":\"https:\/\/clam.org.br\/es\/\",\"name\":\"CLAM - ES\",\"description\":\"S\u00f3 mais um site CLAM - Centro Latino-Americano em Sexualidade e Direitos Humanos sites\",\"potentialAction\":[{\"@type\":\"SearchAction\",\"target\":{\"@type\":\"EntryPoint\",\"urlTemplate\":\"https:\/\/clam.org.br\/es\/?s={search_term_string}\"},\"query-input\":{\"@type\":\"PropertyValueSpecification\",\"valueRequired\":true,\"valueName\":\"search_term_string\"}}],\"inLanguage\":\"es\"},{\"@type\":\"Person\",\"@id\":\"https:\/\/clam.org.br\/es\/#\/schema\/person\/fbd9a86032bf7479f94b0ded196f1010\",\"name\":\"fw2\",\"image\":{\"@type\":\"ImageObject\",\"inLanguage\":\"es\",\"@id\":\"https:\/\/clam.org.br\/es\/#\/schema\/person\/image\/\",\"url\":\"https:\/\/secure.gravatar.com\/avatar\/c38472c0cdbde82d9b6fcc26adb3779d?s=96&d=mm&r=g\",\"contentUrl\":\"https:\/\/secure.gravatar.com\/avatar\/c38472c0cdbde82d9b6fcc26adb3779d?s=96&d=mm&r=g\",\"caption\":\"fw2\"},\"sameAs\":[\"https:\/\/clam.fw2web.com.br\"],\"url\":\"https:\/\/clam.org.br\/es\/author\/fw2\/\"}]}<\/script>\n<!-- \/ Yoast SEO plugin. -->","yoast_head_json":{"title":"Mujeres, ni\u00f1as y adolescentes que viven con VIH se reunir\u00e1n en Octubre pr\u00f3ximo - CLAM - ES","robots":{"index":"index","follow":"follow","max-snippet":"max-snippet:-1","max-image-preview":"max-image-preview:large","max-video-preview":"max-video-preview:-1"},"canonical":"https:\/\/clam.org.br\/es\/en-los-medios\/mujeres-ninas-y-adolescentes-que-viven-con-vih-se-reuniran-en-octubre-proximo\/29847\/","og_locale":"es_ES","og_type":"article","og_title":"Mujeres, ni\u00f1as y adolescentes que viven con VIH se reunir\u00e1n en Octubre pr\u00f3ximo - CLAM - ES","og_description":"Ciudad de Panam\u00e1, ICW Latina.- Con el prop\u00f3sito de impulsar la interacci\u00f3n entre las mujeres positivas y conocer la situaci\u00f3n de las ni\u00f1as y adolescentes que viven con VIH, del 16 al 19 de Octubre pr\u00f3ximo se realizar\u00e1 este evento en Ciudad de Panam\u00e1.","og_url":"https:\/\/clam.org.br\/es\/en-los-medios\/mujeres-ninas-y-adolescentes-que-viven-con-vih-se-reuniran-en-octubre-proximo\/29847\/","og_site_name":"CLAM - ES","article_published_time":"2006-09-06T03:00:00+00:00","author":"fw2","twitter_card":"summary_large_image","twitter_misc":{"Escrito por":"fw2"},"schema":{"@context":"https:\/\/schema.org","@graph":[{"@type":"WebPage","@id":"https:\/\/clam.org.br\/es\/en-los-medios\/mujeres-ninas-y-adolescentes-que-viven-con-vih-se-reuniran-en-octubre-proximo\/29847\/","url":"https:\/\/clam.org.br\/es\/en-los-medios\/mujeres-ninas-y-adolescentes-que-viven-con-vih-se-reuniran-en-octubre-proximo\/29847\/","name":"Mujeres, ni\u00f1as y adolescentes que viven con VIH se reunir\u00e1n en Octubre pr\u00f3ximo - CLAM - ES","isPartOf":{"@id":"https:\/\/clam.org.br\/es\/#website"},"datePublished":"2006-09-06T03:00:00+00:00","author":{"@id":"https:\/\/clam.org.br\/es\/#\/schema\/person\/fbd9a86032bf7479f94b0ded196f1010"},"breadcrumb":{"@id":"https:\/\/clam.org.br\/es\/en-los-medios\/mujeres-ninas-y-adolescentes-que-viven-con-vih-se-reuniran-en-octubre-proximo\/29847\/#breadcrumb"},"inLanguage":"es","potentialAction":[{"@type":"ReadAction","target":["https:\/\/clam.org.br\/es\/en-los-medios\/mujeres-ninas-y-adolescentes-que-viven-con-vih-se-reuniran-en-octubre-proximo\/29847\/"]}]},{"@type":"BreadcrumbList","@id":"https:\/\/clam.org.br\/es\/en-los-medios\/mujeres-ninas-y-adolescentes-que-viven-con-vih-se-reuniran-en-octubre-proximo\/29847\/#breadcrumb","itemListElement":[{"@type":"ListItem","position":1,"name":"In\u00edcio","item":"https:\/\/clam.org.br\/es\/"},{"@type":"ListItem","position":2,"name":"Mujeres, ni\u00f1as y adolescentes que viven con VIH se reunir\u00e1n en Octubre pr\u00f3ximo"}]},{"@type":"WebSite","@id":"https:\/\/clam.org.br\/es\/#website","url":"https:\/\/clam.org.br\/es\/","name":"CLAM - ES","description":"S\u00f3 mais um site CLAM - Centro Latino-Americano em Sexualidade e Direitos Humanos sites","potentialAction":[{"@type":"SearchAction","target":{"@type":"EntryPoint","urlTemplate":"https:\/\/clam.org.br\/es\/?s={search_term_string}"},"query-input":{"@type":"PropertyValueSpecification","valueRequired":true,"valueName":"search_term_string"}}],"inLanguage":"es"},{"@type":"Person","@id":"https:\/\/clam.org.br\/es\/#\/schema\/person\/fbd9a86032bf7479f94b0ded196f1010","name":"fw2","image":{"@type":"ImageObject","inLanguage":"es","@id":"https:\/\/clam.org.br\/es\/#\/schema\/person\/image\/","url":"https:\/\/secure.gravatar.com\/avatar\/c38472c0cdbde82d9b6fcc26adb3779d?s=96&d=mm&r=g","contentUrl":"https:\/\/secure.gravatar.com\/avatar\/c38472c0cdbde82d9b6fcc26adb3779d?s=96&d=mm&r=g","caption":"fw2"},"sameAs":["https:\/\/clam.fw2web.com.br"],"url":"https:\/\/clam.org.br\/es\/author\/fw2\/"}]}},"jetpack_featured_media_url":"","jetpack_sharing_enabled":true,"_links":{"self":[{"href":"https:\/\/clam.org.br\/es\/wp-json\/wp\/v2\/posts\/29847","targetHints":{"allow":["GET"]}}],"collection":[{"href":"https:\/\/clam.org.br\/es\/wp-json\/wp\/v2\/posts"}],"about":[{"href":"https:\/\/clam.org.br\/es\/wp-json\/wp\/v2\/types\/post"}],"author":[{"embeddable":true,"href":"https:\/\/clam.org.br\/es\/wp-json\/wp\/v2\/users\/1"}],"replies":[{"embeddable":true,"href":"https:\/\/clam.org.br\/es\/wp-json\/wp\/v2\/comments?post=29847"}],"version-history":[{"count":0,"href":"https:\/\/clam.org.br\/es\/wp-json\/wp\/v2\/posts\/29847\/revisions"}],"wp:attachment":[{"href":"https:\/\/clam.org.br\/es\/wp-json\/wp\/v2\/media?parent=29847"}],"wp:term":[{"taxonomy":"category","embeddable":true,"href":"https:\/\/clam.org.br\/es\/wp-json\/wp\/v2\/categories?post=29847"},{"taxonomy":"post_tag","embeddable":true,"href":"https:\/\/clam.org.br\/es\/wp-json\/wp\/v2\/tags?post=29847"}],"curies":[{"name":"wp","href":"https:\/\/api.w.org\/{rel}","templated":true}]}}