{"id":29983,"date":"2006-10-31T00:00:00","date_gmt":"2006-10-31T03:00:00","guid":{"rendered":"https:\/\/clam.fw2web.com.br\/es\/2006\/10\/31\/como-el-proyecto-de-derechos-patrimoniales-y-de-seguridad-social-para-parejas-del-mismo-sexo-impacta-al-panorama-electoral-colombiano\/"},"modified":"2023-06-14T07:48:27","modified_gmt":"2023-06-14T10:48:27","slug":"como-el-proyecto-de-derechos-patrimoniales-y-de-seguridad-social-para-parejas-del-mismo-sexo-impacta-al-panorama-electoral-colombiano","status":"publish","type":"post","link":"https:\/\/clam.org.br\/es\/en-los-medios\/como-el-proyecto-de-derechos-patrimoniales-y-de-seguridad-social-para-parejas-del-mismo-sexo-impacta-al-panorama-electoral-colombiano\/29983\/","title":{"rendered":"\u00bfComo el proyecto de derechos patrimoniales y de seguridad social, para parejas del mismo sexo impacta al panorama electoral colombiano?"},"content":{"rendered":"<p>La aprobaci\u00f3n del Proyecto de ley 130, que reconoce derechos patrimoniales y seguridad social a las parejas del mismo sexo, mas all\u00e1 de ser aprobado por 49 votos a favor y 40 en contra, nos invita a dar una mirada respecto a como se est\u00e1n moviendo las fuerzas electorales el pa\u00eds.<BR>  <P>Es claro que un voto de un senador(a) con 30.000 elector\u00e6s al momento de la aprobaci\u00f3n de un proyecto de ley, cuenta igual que el voto de un senador(a) que haya obtenido mas de 100.000 votos en las pasadas elecciones. Por eso resulta muy interesante realizar una interpretaci\u00f3n desde de la distribuci\u00f3n de las cifras electorales que se dieron luego de la aprobaci\u00f3n de este proyecto de Ley.<BR> <BR> <a href=\"http:\/\/cambio-electoral-2006.50megs.com\/index.htm\" target=\"_blank\" rel=\"noopener\">Texto completo.<\/A><\/P><\/p>\n","protected":false},"excerpt":{"rendered":"<p>La aprobaci\u00f3n del Proyecto de ley 130, que reconoce derechos patrimoniales y seguridad social a las parejas del mismo sexo, mas all\u00e1 de ser aprobado por 49 votos a favor y 40 en contra, nos invita a dar una mirada respecto a como se est\u00e1n moviendo las fuerzas electorales el pa\u00eds.<\/p>\n","protected":false},"author":1,"featured_media":0,"comment_status":"open","ping_status":"open","sticky":false,"template":"","format":"standard","meta":{"_acf_changed":false,"site-sidebar-layout":"default","site-content-layout":"default","ast-global-header-display":"","ast-main-header-display":"","ast-hfb-above-header-display":"","ast-hfb-below-header-display":"","ast-hfb-mobile-header-display":"","site-post-title":"","ast-breadcrumbs-content":"","ast-featured-img":"","footer-sml-layout":"","theme-transparent-header-meta":"","adv-header-id-meta":"","stick-header-meta":"","header-above-stick-meta":"","header-main-stick-meta":"","header-below-stick-meta":"","_jetpack_memberships_contains_paid_content":false,"footnotes":""},"categories":[27],"tags":[],"class_list":["post-29983","post","type-post","status-publish","format-standard","hentry","category-en-los-medios"],"acf":[],"yoast_head":"<!-- This site is optimized with the Yoast SEO plugin v26.1.1 - https:\/\/yoast.com\/wordpress\/plugins\/seo\/ -->\n<title>\u00bfComo el proyecto de derechos patrimoniales y de seguridad social, para parejas del mismo sexo impacta al panorama electoral colombiano? - CLAM - ES<\/title>\n<meta name=\"robots\" content=\"index, follow, max-snippet:-1, max-image-preview:large, max-video-preview:-1\" \/>\n<link rel=\"canonical\" href=\"https:\/\/clam.org.br\/es\/en-los-medios\/como-el-proyecto-de-derechos-patrimoniales-y-de-seguridad-social-para-parejas-del-mismo-sexo-impacta-al-panorama-electoral-colombiano\/29983\/\" \/>\n<meta property=\"og:locale\" content=\"es_ES\" \/>\n<meta property=\"og:type\" content=\"article\" \/>\n<meta property=\"og:title\" content=\"\u00bfComo el proyecto de derechos patrimoniales y de seguridad social, para parejas del mismo sexo impacta al panorama electoral colombiano? - CLAM - ES\" \/>\n<meta property=\"og:description\" content=\"La aprobaci\u00f3n del Proyecto de ley 130, que reconoce derechos patrimoniales y seguridad social a las parejas del mismo sexo, mas all\u00e1 de ser aprobado por 49 votos a favor y 40 en contra, nos invita a dar una mirada respecto a como se est\u00e1n moviendo las fuerzas electorales el pa\u00eds.\" \/>\n<meta property=\"og:url\" content=\"https:\/\/clam.org.br\/es\/en-los-medios\/como-el-proyecto-de-derechos-patrimoniales-y-de-seguridad-social-para-parejas-del-mismo-sexo-impacta-al-panorama-electoral-colombiano\/29983\/\" \/>\n<meta property=\"og:site_name\" content=\"CLAM - ES\" \/>\n<meta property=\"article:published_time\" content=\"2006-10-31T03:00:00+00:00\" \/>\n<meta property=\"article:modified_time\" content=\"2023-06-14T10:48:27+00:00\" \/>\n<meta name=\"author\" content=\"fw2\" \/>\n<meta name=\"twitter:card\" content=\"summary_large_image\" \/>\n<meta name=\"twitter:label1\" content=\"Escrito por\" \/>\n\t<meta name=\"twitter:data1\" content=\"fw2\" \/>\n\t<meta name=\"twitter:label2\" content=\"Tiempo de lectura\" \/>\n\t<meta name=\"twitter:data2\" content=\"1 minuto\" \/>\n<script type=\"application\/ld+json\" class=\"yoast-schema-graph\">{\"@context\":\"https:\/\/schema.org\",\"@graph\":[{\"@type\":\"WebPage\",\"@id\":\"https:\/\/clam.org.br\/es\/en-los-medios\/como-el-proyecto-de-derechos-patrimoniales-y-de-seguridad-social-para-parejas-del-mismo-sexo-impacta-al-panorama-electoral-colombiano\/29983\/\",\"url\":\"https:\/\/clam.org.br\/es\/en-los-medios\/como-el-proyecto-de-derechos-patrimoniales-y-de-seguridad-social-para-parejas-del-mismo-sexo-impacta-al-panorama-electoral-colombiano\/29983\/\",\"name\":\"\u00bfComo el proyecto de derechos patrimoniales y de seguridad social, para parejas del mismo sexo impacta al panorama electoral colombiano? - CLAM - ES\",\"isPartOf\":{\"@id\":\"https:\/\/clam.org.br\/es\/#website\"},\"datePublished\":\"2006-10-31T03:00:00+00:00\",\"dateModified\":\"2023-06-14T10:48:27+00:00\",\"author\":{\"@id\":\"https:\/\/clam.org.br\/es\/#\/schema\/person\/fbd9a86032bf7479f94b0ded196f1010\"},\"breadcrumb\":{\"@id\":\"https:\/\/clam.org.br\/es\/en-los-medios\/como-el-proyecto-de-derechos-patrimoniales-y-de-seguridad-social-para-parejas-del-mismo-sexo-impacta-al-panorama-electoral-colombiano\/29983\/#breadcrumb\"},\"inLanguage\":\"es\",\"potentialAction\":[{\"@type\":\"ReadAction\",\"target\":[\"https:\/\/clam.org.br\/es\/en-los-medios\/como-el-proyecto-de-derechos-patrimoniales-y-de-seguridad-social-para-parejas-del-mismo-sexo-impacta-al-panorama-electoral-colombiano\/29983\/\"]}]},{\"@type\":\"BreadcrumbList\",\"@id\":\"https:\/\/clam.org.br\/es\/en-los-medios\/como-el-proyecto-de-derechos-patrimoniales-y-de-seguridad-social-para-parejas-del-mismo-sexo-impacta-al-panorama-electoral-colombiano\/29983\/#breadcrumb\",\"itemListElement\":[{\"@type\":\"ListItem\",\"position\":1,\"name\":\"In\u00edcio\",\"item\":\"https:\/\/clam.org.br\/es\/\"},{\"@type\":\"ListItem\",\"position\":2,\"name\":\"\u00bfComo el proyecto de derechos patrimoniales y de seguridad social, para parejas del mismo sexo impacta al panorama electoral colombiano?\"}]},{\"@type\":\"WebSite\",\"@id\":\"https:\/\/clam.org.br\/es\/#website\",\"url\":\"https:\/\/clam.org.br\/es\/\",\"name\":\"CLAM - ES\",\"description\":\"S\u00f3 mais um site CLAM - Centro Latino-Americano em Sexualidade e Direitos Humanos sites\",\"potentialAction\":[{\"@type\":\"SearchAction\",\"target\":{\"@type\":\"EntryPoint\",\"urlTemplate\":\"https:\/\/clam.org.br\/es\/?s={search_term_string}\"},\"query-input\":{\"@type\":\"PropertyValueSpecification\",\"valueRequired\":true,\"valueName\":\"search_term_string\"}}],\"inLanguage\":\"es\"},{\"@type\":\"Person\",\"@id\":\"https:\/\/clam.org.br\/es\/#\/schema\/person\/fbd9a86032bf7479f94b0ded196f1010\",\"name\":\"fw2\",\"image\":{\"@type\":\"ImageObject\",\"inLanguage\":\"es\",\"@id\":\"https:\/\/clam.org.br\/es\/#\/schema\/person\/image\/\",\"url\":\"https:\/\/secure.gravatar.com\/avatar\/c38472c0cdbde82d9b6fcc26adb3779d?s=96&d=mm&r=g\",\"contentUrl\":\"https:\/\/secure.gravatar.com\/avatar\/c38472c0cdbde82d9b6fcc26adb3779d?s=96&d=mm&r=g\",\"caption\":\"fw2\"},\"sameAs\":[\"https:\/\/clam.fw2web.com.br\"],\"url\":\"https:\/\/clam.org.br\/es\/author\/fw2\/\"}]}<\/script>\n<!-- \/ Yoast SEO plugin. -->","yoast_head_json":{"title":"\u00bfComo el proyecto de derechos patrimoniales y de seguridad social, para parejas del mismo sexo impacta al panorama electoral colombiano? - CLAM - ES","robots":{"index":"index","follow":"follow","max-snippet":"max-snippet:-1","max-image-preview":"max-image-preview:large","max-video-preview":"max-video-preview:-1"},"canonical":"https:\/\/clam.org.br\/es\/en-los-medios\/como-el-proyecto-de-derechos-patrimoniales-y-de-seguridad-social-para-parejas-del-mismo-sexo-impacta-al-panorama-electoral-colombiano\/29983\/","og_locale":"es_ES","og_type":"article","og_title":"\u00bfComo el proyecto de derechos patrimoniales y de seguridad social, para parejas del mismo sexo impacta al panorama electoral colombiano? - CLAM - ES","og_description":"La aprobaci\u00f3n del Proyecto de ley 130, que reconoce derechos patrimoniales y seguridad social a las parejas del mismo sexo, mas all\u00e1 de ser aprobado por 49 votos a favor y 40 en contra, nos invita a dar una mirada respecto a como se est\u00e1n moviendo las fuerzas electorales el pa\u00eds.","og_url":"https:\/\/clam.org.br\/es\/en-los-medios\/como-el-proyecto-de-derechos-patrimoniales-y-de-seguridad-social-para-parejas-del-mismo-sexo-impacta-al-panorama-electoral-colombiano\/29983\/","og_site_name":"CLAM - ES","article_published_time":"2006-10-31T03:00:00+00:00","article_modified_time":"2023-06-14T10:48:27+00:00","author":"fw2","twitter_card":"summary_large_image","twitter_misc":{"Escrito por":"fw2","Tiempo de lectura":"1 minuto"},"schema":{"@context":"https:\/\/schema.org","@graph":[{"@type":"WebPage","@id":"https:\/\/clam.org.br\/es\/en-los-medios\/como-el-proyecto-de-derechos-patrimoniales-y-de-seguridad-social-para-parejas-del-mismo-sexo-impacta-al-panorama-electoral-colombiano\/29983\/","url":"https:\/\/clam.org.br\/es\/en-los-medios\/como-el-proyecto-de-derechos-patrimoniales-y-de-seguridad-social-para-parejas-del-mismo-sexo-impacta-al-panorama-electoral-colombiano\/29983\/","name":"\u00bfComo el proyecto de derechos patrimoniales y de seguridad social, para parejas del mismo sexo impacta al panorama electoral colombiano? - CLAM - ES","isPartOf":{"@id":"https:\/\/clam.org.br\/es\/#website"},"datePublished":"2006-10-31T03:00:00+00:00","dateModified":"2023-06-14T10:48:27+00:00","author":{"@id":"https:\/\/clam.org.br\/es\/#\/schema\/person\/fbd9a86032bf7479f94b0ded196f1010"},"breadcrumb":{"@id":"https:\/\/clam.org.br\/es\/en-los-medios\/como-el-proyecto-de-derechos-patrimoniales-y-de-seguridad-social-para-parejas-del-mismo-sexo-impacta-al-panorama-electoral-colombiano\/29983\/#breadcrumb"},"inLanguage":"es","potentialAction":[{"@type":"ReadAction","target":["https:\/\/clam.org.br\/es\/en-los-medios\/como-el-proyecto-de-derechos-patrimoniales-y-de-seguridad-social-para-parejas-del-mismo-sexo-impacta-al-panorama-electoral-colombiano\/29983\/"]}]},{"@type":"BreadcrumbList","@id":"https:\/\/clam.org.br\/es\/en-los-medios\/como-el-proyecto-de-derechos-patrimoniales-y-de-seguridad-social-para-parejas-del-mismo-sexo-impacta-al-panorama-electoral-colombiano\/29983\/#breadcrumb","itemListElement":[{"@type":"ListItem","position":1,"name":"In\u00edcio","item":"https:\/\/clam.org.br\/es\/"},{"@type":"ListItem","position":2,"name":"\u00bfComo el proyecto de derechos patrimoniales y de seguridad social, para parejas del mismo sexo impacta al panorama electoral colombiano?"}]},{"@type":"WebSite","@id":"https:\/\/clam.org.br\/es\/#website","url":"https:\/\/clam.org.br\/es\/","name":"CLAM - ES","description":"S\u00f3 mais um site CLAM - Centro Latino-Americano em Sexualidade e Direitos Humanos sites","potentialAction":[{"@type":"SearchAction","target":{"@type":"EntryPoint","urlTemplate":"https:\/\/clam.org.br\/es\/?s={search_term_string}"},"query-input":{"@type":"PropertyValueSpecification","valueRequired":true,"valueName":"search_term_string"}}],"inLanguage":"es"},{"@type":"Person","@id":"https:\/\/clam.org.br\/es\/#\/schema\/person\/fbd9a86032bf7479f94b0ded196f1010","name":"fw2","image":{"@type":"ImageObject","inLanguage":"es","@id":"https:\/\/clam.org.br\/es\/#\/schema\/person\/image\/","url":"https:\/\/secure.gravatar.com\/avatar\/c38472c0cdbde82d9b6fcc26adb3779d?s=96&d=mm&r=g","contentUrl":"https:\/\/secure.gravatar.com\/avatar\/c38472c0cdbde82d9b6fcc26adb3779d?s=96&d=mm&r=g","caption":"fw2"},"sameAs":["https:\/\/clam.fw2web.com.br"],"url":"https:\/\/clam.org.br\/es\/author\/fw2\/"}]}},"jetpack_featured_media_url":"","jetpack_sharing_enabled":true,"_links":{"self":[{"href":"https:\/\/clam.org.br\/es\/wp-json\/wp\/v2\/posts\/29983","targetHints":{"allow":["GET"]}}],"collection":[{"href":"https:\/\/clam.org.br\/es\/wp-json\/wp\/v2\/posts"}],"about":[{"href":"https:\/\/clam.org.br\/es\/wp-json\/wp\/v2\/types\/post"}],"author":[{"embeddable":true,"href":"https:\/\/clam.org.br\/es\/wp-json\/wp\/v2\/users\/1"}],"replies":[{"embeddable":true,"href":"https:\/\/clam.org.br\/es\/wp-json\/wp\/v2\/comments?post=29983"}],"version-history":[{"count":1,"href":"https:\/\/clam.org.br\/es\/wp-json\/wp\/v2\/posts\/29983\/revisions"}],"predecessor-version":[{"id":29992,"href":"https:\/\/clam.org.br\/es\/wp-json\/wp\/v2\/posts\/29983\/revisions\/29992"}],"wp:attachment":[{"href":"https:\/\/clam.org.br\/es\/wp-json\/wp\/v2\/media?parent=29983"}],"wp:term":[{"taxonomy":"category","embeddable":true,"href":"https:\/\/clam.org.br\/es\/wp-json\/wp\/v2\/categories?post=29983"},{"taxonomy":"post_tag","embeddable":true,"href":"https:\/\/clam.org.br\/es\/wp-json\/wp\/v2\/tags?post=29983"}],"curies":[{"name":"wp","href":"https:\/\/api.w.org\/{rel}","templated":true}]}}