{"id":30089,"date":"2008-04-01T00:00:00","date_gmt":"2008-04-01T03:00:00","guid":{"rendered":"https:\/\/clam.fw2web.com.br\/es\/2008\/04\/01\/secretaria-de-salud-de-medellin-le-apuesta-a-la-salud-sexual-de-los-adolescentes\/"},"modified":"2008-04-01T00:00:00","modified_gmt":"2008-04-01T03:00:00","slug":"secretaria-de-salud-de-medellin-le-apuesta-a-la-salud-sexual-de-los-adolescentes","status":"publish","type":"post","link":"https:\/\/clam.org.br\/es\/en-los-medios\/secretaria-de-salud-de-medellin-le-apuesta-a-la-salud-sexual-de-los-adolescentes\/30089\/","title":{"rendered":"Secretar\u00eda de Salud de Medell\u00edn le apuesta a la Salud Sexual de los adolescentes"},"content":{"rendered":"<p>Este, jueves 27 de marzo, a las 3:00 de la tarde la Secretar\u00eda de Salud del Municipio de Medell\u00edn inaugurar\u00e1 el Centro de Salud Sexual y Reproductiva de Loreto, el cual funcionar\u00e1 en el Centro de Salud de este sector; igualmente continuar\u00e1 brindando atenci\u00f3n en siete centros que ven\u00edan funcionando desde el a\u00f1o 2006 por medio del proyecto Sol y Luna.  <P>El Proyecto Sol y Luna para la prevenci\u00f3n del embarazo adolescente, que actualmente se encuentra en su \u00faltima fase, es una iniciativa que se desarroll\u00f3 en la ciudad de Medell\u00edn con el apoyo de la Red de Prevenci\u00f3n del Embarazo Adolescente y la Alcald\u00eda de Medell\u00edn; con gesti\u00f3n del Despacho de la Primera Mujer y fondos de la Secretar\u00eda de Salud, el Banco Interamericano de Desarrollo &#8211; BID y la Agencia Espa\u00f1ola de Cooperaci\u00f3n Internacional para el Desarrollo &#8211; AECID.  <P><a href=\"http:\/\/www.lafm.com.co\/noticia.php3?nt=32725\" target=\"_blank\" rel=\"noopener\">Texto completo<\/A><\/P><\/p>\n","protected":false},"excerpt":{"rendered":"<p>Este, jueves 27 de marzo, a las 3:00 de la tarde la Secretar\u00eda de Salud del Municipio de Medell\u00edn inaugurar\u00e1 el Centro de Salud Sexual y Reproductiva de Loreto, el cual funcionar\u00e1 en el Centro de Salud de este sector; igualmente continuar\u00e1 brindando atenci\u00f3n en siete centros que ven\u00edan funcionando desde el a\u00f1o 2006 por medio del proyecto Sol y Luna.  El Proyecto Sol y Luna para la prevenci\u00f3n del embarazo adolescente, que actualmente se encuentra en su \u00faltima fase, es una iniciativa que se desarroll\u00f3 en la ciudad de Medell\u00edn con el apoyo de la Red de Prevenci\u00f3n del Embarazo Adolescente y la Alcald\u00eda de Medell\u00edn; con gesti\u00f3n del Despacho de la Primera Mujer y fondos de la Secretar\u00eda de Salud, el Banco Interamericano de Desarrollo &#8211; BID y la Agencia Espa\u00f1ola de Cooperaci\u00f3n Internacional para el Desarrollo &#8211; AECID.<\/p>\n","protected":false},"author":1,"featured_media":0,"comment_status":"open","ping_status":"open","sticky":false,"template":"","format":"standard","meta":{"_acf_changed":false,"site-sidebar-layout":"default","site-content-layout":"default","ast-global-header-display":"","ast-main-header-display":"","ast-hfb-above-header-display":"","ast-hfb-below-header-display":"","ast-hfb-mobile-header-display":"","site-post-title":"","ast-breadcrumbs-content":"","ast-featured-img":"","footer-sml-layout":"","theme-transparent-header-meta":"","adv-header-id-meta":"","stick-header-meta":"","header-above-stick-meta":"","header-main-stick-meta":"","header-below-stick-meta":"","_jetpack_memberships_contains_paid_content":false,"footnotes":""},"categories":[27],"tags":[],"class_list":["post-30089","post","type-post","status-publish","format-standard","hentry","category-en-los-medios"],"acf":[],"yoast_head":"<!-- This site is optimized with the Yoast SEO plugin v26.1.1 - https:\/\/yoast.com\/wordpress\/plugins\/seo\/ -->\n<title>Secretar\u00eda de Salud de Medell\u00edn le apuesta a la Salud Sexual de los adolescentes - CLAM - ES<\/title>\n<meta name=\"robots\" content=\"index, follow, max-snippet:-1, max-image-preview:large, max-video-preview:-1\" \/>\n<link rel=\"canonical\" href=\"https:\/\/clam.org.br\/es\/en-los-medios\/secretaria-de-salud-de-medellin-le-apuesta-a-la-salud-sexual-de-los-adolescentes\/30089\/\" \/>\n<meta property=\"og:locale\" content=\"es_ES\" \/>\n<meta property=\"og:type\" content=\"article\" \/>\n<meta property=\"og:title\" content=\"Secretar\u00eda de Salud de Medell\u00edn le apuesta a la Salud Sexual de los adolescentes - CLAM - ES\" \/>\n<meta property=\"og:description\" content=\"Este, jueves 27 de marzo, a las 3:00 de la tarde la Secretar\u00eda de Salud del Municipio de Medell\u00edn inaugurar\u00e1 el Centro de Salud Sexual y Reproductiva de Loreto, el cual funcionar\u00e1 en el Centro de Salud de este sector; igualmente continuar\u00e1 brindando atenci\u00f3n en siete centros que ven\u00edan funcionando desde el a\u00f1o 2006 por medio del proyecto Sol y Luna. El Proyecto Sol y Luna para la prevenci\u00f3n del embarazo adolescente, que actualmente se encuentra en su \u00faltima fase, es una iniciativa que se desarroll\u00f3 en la ciudad de Medell\u00edn con el apoyo de la Red de Prevenci\u00f3n del Embarazo Adolescente y la Alcald\u00eda de Medell\u00edn; con gesti\u00f3n del Despacho de la Primera Mujer y fondos de la Secretar\u00eda de Salud, el Banco Interamericano de Desarrollo - BID y la Agencia Espa\u00f1ola de Cooperaci\u00f3n Internacional para el Desarrollo - AECID.\" \/>\n<meta property=\"og:url\" content=\"https:\/\/clam.org.br\/es\/en-los-medios\/secretaria-de-salud-de-medellin-le-apuesta-a-la-salud-sexual-de-los-adolescentes\/30089\/\" \/>\n<meta property=\"og:site_name\" content=\"CLAM - ES\" \/>\n<meta property=\"article:published_time\" content=\"2008-04-01T03:00:00+00:00\" \/>\n<meta name=\"author\" content=\"fw2\" \/>\n<meta name=\"twitter:card\" content=\"summary_large_image\" \/>\n<meta name=\"twitter:label1\" content=\"Escrito por\" \/>\n\t<meta name=\"twitter:data1\" content=\"fw2\" \/>\n\t<meta name=\"twitter:label2\" content=\"Tiempo de lectura\" \/>\n\t<meta name=\"twitter:data2\" content=\"1 minuto\" \/>\n<script type=\"application\/ld+json\" class=\"yoast-schema-graph\">{\"@context\":\"https:\/\/schema.org\",\"@graph\":[{\"@type\":\"WebPage\",\"@id\":\"https:\/\/clam.org.br\/es\/en-los-medios\/secretaria-de-salud-de-medellin-le-apuesta-a-la-salud-sexual-de-los-adolescentes\/30089\/\",\"url\":\"https:\/\/clam.org.br\/es\/en-los-medios\/secretaria-de-salud-de-medellin-le-apuesta-a-la-salud-sexual-de-los-adolescentes\/30089\/\",\"name\":\"Secretar\u00eda de Salud de Medell\u00edn le apuesta a la Salud Sexual de los adolescentes - CLAM - ES\",\"isPartOf\":{\"@id\":\"https:\/\/clam.org.br\/es\/#website\"},\"datePublished\":\"2008-04-01T03:00:00+00:00\",\"author\":{\"@id\":\"https:\/\/clam.org.br\/es\/#\/schema\/person\/fbd9a86032bf7479f94b0ded196f1010\"},\"breadcrumb\":{\"@id\":\"https:\/\/clam.org.br\/es\/en-los-medios\/secretaria-de-salud-de-medellin-le-apuesta-a-la-salud-sexual-de-los-adolescentes\/30089\/#breadcrumb\"},\"inLanguage\":\"es\",\"potentialAction\":[{\"@type\":\"ReadAction\",\"target\":[\"https:\/\/clam.org.br\/es\/en-los-medios\/secretaria-de-salud-de-medellin-le-apuesta-a-la-salud-sexual-de-los-adolescentes\/30089\/\"]}]},{\"@type\":\"BreadcrumbList\",\"@id\":\"https:\/\/clam.org.br\/es\/en-los-medios\/secretaria-de-salud-de-medellin-le-apuesta-a-la-salud-sexual-de-los-adolescentes\/30089\/#breadcrumb\",\"itemListElement\":[{\"@type\":\"ListItem\",\"position\":1,\"name\":\"In\u00edcio\",\"item\":\"https:\/\/clam.org.br\/es\/\"},{\"@type\":\"ListItem\",\"position\":2,\"name\":\"Secretar\u00eda de Salud de Medell\u00edn le apuesta a la Salud Sexual de los adolescentes\"}]},{\"@type\":\"WebSite\",\"@id\":\"https:\/\/clam.org.br\/es\/#website\",\"url\":\"https:\/\/clam.org.br\/es\/\",\"name\":\"CLAM - ES\",\"description\":\"S\u00f3 mais um site CLAM - Centro Latino-Americano em Sexualidade e Direitos Humanos sites\",\"potentialAction\":[{\"@type\":\"SearchAction\",\"target\":{\"@type\":\"EntryPoint\",\"urlTemplate\":\"https:\/\/clam.org.br\/es\/?s={search_term_string}\"},\"query-input\":{\"@type\":\"PropertyValueSpecification\",\"valueRequired\":true,\"valueName\":\"search_term_string\"}}],\"inLanguage\":\"es\"},{\"@type\":\"Person\",\"@id\":\"https:\/\/clam.org.br\/es\/#\/schema\/person\/fbd9a86032bf7479f94b0ded196f1010\",\"name\":\"fw2\",\"image\":{\"@type\":\"ImageObject\",\"inLanguage\":\"es\",\"@id\":\"https:\/\/clam.org.br\/es\/#\/schema\/person\/image\/\",\"url\":\"https:\/\/secure.gravatar.com\/avatar\/c38472c0cdbde82d9b6fcc26adb3779d?s=96&d=mm&r=g\",\"contentUrl\":\"https:\/\/secure.gravatar.com\/avatar\/c38472c0cdbde82d9b6fcc26adb3779d?s=96&d=mm&r=g\",\"caption\":\"fw2\"},\"sameAs\":[\"https:\/\/clam.fw2web.com.br\"],\"url\":\"https:\/\/clam.org.br\/es\/author\/fw2\/\"}]}<\/script>\n<!-- \/ Yoast SEO plugin. -->","yoast_head_json":{"title":"Secretar\u00eda de Salud de Medell\u00edn le apuesta a la Salud Sexual de los adolescentes - CLAM - ES","robots":{"index":"index","follow":"follow","max-snippet":"max-snippet:-1","max-image-preview":"max-image-preview:large","max-video-preview":"max-video-preview:-1"},"canonical":"https:\/\/clam.org.br\/es\/en-los-medios\/secretaria-de-salud-de-medellin-le-apuesta-a-la-salud-sexual-de-los-adolescentes\/30089\/","og_locale":"es_ES","og_type":"article","og_title":"Secretar\u00eda de Salud de Medell\u00edn le apuesta a la Salud Sexual de los adolescentes - CLAM - ES","og_description":"Este, jueves 27 de marzo, a las 3:00 de la tarde la Secretar\u00eda de Salud del Municipio de Medell\u00edn inaugurar\u00e1 el Centro de Salud Sexual y Reproductiva de Loreto, el cual funcionar\u00e1 en el Centro de Salud de este sector; igualmente continuar\u00e1 brindando atenci\u00f3n en siete centros que ven\u00edan funcionando desde el a\u00f1o 2006 por medio del proyecto Sol y Luna. El Proyecto Sol y Luna para la prevenci\u00f3n del embarazo adolescente, que actualmente se encuentra en su \u00faltima fase, es una iniciativa que se desarroll\u00f3 en la ciudad de Medell\u00edn con el apoyo de la Red de Prevenci\u00f3n del Embarazo Adolescente y la Alcald\u00eda de Medell\u00edn; con gesti\u00f3n del Despacho de la Primera Mujer y fondos de la Secretar\u00eda de Salud, el Banco Interamericano de Desarrollo - BID y la Agencia Espa\u00f1ola de Cooperaci\u00f3n Internacional para el Desarrollo - AECID.","og_url":"https:\/\/clam.org.br\/es\/en-los-medios\/secretaria-de-salud-de-medellin-le-apuesta-a-la-salud-sexual-de-los-adolescentes\/30089\/","og_site_name":"CLAM - ES","article_published_time":"2008-04-01T03:00:00+00:00","author":"fw2","twitter_card":"summary_large_image","twitter_misc":{"Escrito por":"fw2","Tiempo de lectura":"1 minuto"},"schema":{"@context":"https:\/\/schema.org","@graph":[{"@type":"WebPage","@id":"https:\/\/clam.org.br\/es\/en-los-medios\/secretaria-de-salud-de-medellin-le-apuesta-a-la-salud-sexual-de-los-adolescentes\/30089\/","url":"https:\/\/clam.org.br\/es\/en-los-medios\/secretaria-de-salud-de-medellin-le-apuesta-a-la-salud-sexual-de-los-adolescentes\/30089\/","name":"Secretar\u00eda de Salud de Medell\u00edn le apuesta a la Salud Sexual de los adolescentes - CLAM - ES","isPartOf":{"@id":"https:\/\/clam.org.br\/es\/#website"},"datePublished":"2008-04-01T03:00:00+00:00","author":{"@id":"https:\/\/clam.org.br\/es\/#\/schema\/person\/fbd9a86032bf7479f94b0ded196f1010"},"breadcrumb":{"@id":"https:\/\/clam.org.br\/es\/en-los-medios\/secretaria-de-salud-de-medellin-le-apuesta-a-la-salud-sexual-de-los-adolescentes\/30089\/#breadcrumb"},"inLanguage":"es","potentialAction":[{"@type":"ReadAction","target":["https:\/\/clam.org.br\/es\/en-los-medios\/secretaria-de-salud-de-medellin-le-apuesta-a-la-salud-sexual-de-los-adolescentes\/30089\/"]}]},{"@type":"BreadcrumbList","@id":"https:\/\/clam.org.br\/es\/en-los-medios\/secretaria-de-salud-de-medellin-le-apuesta-a-la-salud-sexual-de-los-adolescentes\/30089\/#breadcrumb","itemListElement":[{"@type":"ListItem","position":1,"name":"In\u00edcio","item":"https:\/\/clam.org.br\/es\/"},{"@type":"ListItem","position":2,"name":"Secretar\u00eda de Salud de Medell\u00edn le apuesta a la Salud Sexual de los adolescentes"}]},{"@type":"WebSite","@id":"https:\/\/clam.org.br\/es\/#website","url":"https:\/\/clam.org.br\/es\/","name":"CLAM - ES","description":"S\u00f3 mais um site CLAM - Centro Latino-Americano em Sexualidade e Direitos Humanos sites","potentialAction":[{"@type":"SearchAction","target":{"@type":"EntryPoint","urlTemplate":"https:\/\/clam.org.br\/es\/?s={search_term_string}"},"query-input":{"@type":"PropertyValueSpecification","valueRequired":true,"valueName":"search_term_string"}}],"inLanguage":"es"},{"@type":"Person","@id":"https:\/\/clam.org.br\/es\/#\/schema\/person\/fbd9a86032bf7479f94b0ded196f1010","name":"fw2","image":{"@type":"ImageObject","inLanguage":"es","@id":"https:\/\/clam.org.br\/es\/#\/schema\/person\/image\/","url":"https:\/\/secure.gravatar.com\/avatar\/c38472c0cdbde82d9b6fcc26adb3779d?s=96&d=mm&r=g","contentUrl":"https:\/\/secure.gravatar.com\/avatar\/c38472c0cdbde82d9b6fcc26adb3779d?s=96&d=mm&r=g","caption":"fw2"},"sameAs":["https:\/\/clam.fw2web.com.br"],"url":"https:\/\/clam.org.br\/es\/author\/fw2\/"}]}},"jetpack_featured_media_url":"","jetpack_sharing_enabled":true,"_links":{"self":[{"href":"https:\/\/clam.org.br\/es\/wp-json\/wp\/v2\/posts\/30089","targetHints":{"allow":["GET"]}}],"collection":[{"href":"https:\/\/clam.org.br\/es\/wp-json\/wp\/v2\/posts"}],"about":[{"href":"https:\/\/clam.org.br\/es\/wp-json\/wp\/v2\/types\/post"}],"author":[{"embeddable":true,"href":"https:\/\/clam.org.br\/es\/wp-json\/wp\/v2\/users\/1"}],"replies":[{"embeddable":true,"href":"https:\/\/clam.org.br\/es\/wp-json\/wp\/v2\/comments?post=30089"}],"version-history":[{"count":0,"href":"https:\/\/clam.org.br\/es\/wp-json\/wp\/v2\/posts\/30089\/revisions"}],"wp:attachment":[{"href":"https:\/\/clam.org.br\/es\/wp-json\/wp\/v2\/media?parent=30089"}],"wp:term":[{"taxonomy":"category","embeddable":true,"href":"https:\/\/clam.org.br\/es\/wp-json\/wp\/v2\/categories?post=30089"},{"taxonomy":"post_tag","embeddable":true,"href":"https:\/\/clam.org.br\/es\/wp-json\/wp\/v2\/tags?post=30089"}],"curies":[{"name":"wp","href":"https:\/\/api.w.org\/{rel}","templated":true}]}}