{"id":30182,"date":"2008-05-21T00:00:00","date_gmt":"2008-05-21T03:00:00","guid":{"rendered":"https:\/\/clam.fw2web.com.br\/es\/2008\/05\/21\/en-bogota-tambien-se-celebra-el-dia-internacional-contra-la-homofobia\/"},"modified":"2008-05-21T00:00:00","modified_gmt":"2008-05-21T03:00:00","slug":"en-bogota-tambien-se-celebra-el-dia-internacional-contra-la-homofobia","status":"publish","type":"post","link":"https:\/\/clam.org.br\/es\/en-los-medios\/en-bogota-tambien-se-celebra-el-dia-internacional-contra-la-homofobia\/30182\/","title":{"rendered":"En Bogot\u00e1 tambi\u00e9n se celebra el d\u00eda internacional contra la homofob\u00eda"},"content":{"rendered":"<p><P>Por primera vez en la capital del pa\u00eds se realiza la &#8216;Marat\u00f3n LGBT&#8217; con el fin de promover la reflexi\u00f3n de la comunidad homosexual. Una Marat\u00f3n LGBT, 12 obras teatrales y cinco eventos acad\u00e9micos que buscan promover a trav\u00e9s de la reflexi\u00f3n art\u00edstica la situaci\u00f3n y problem\u00e1tica de la poblaci\u00f3n LGBT, son los actos que la Secretar\u00eda Distrital de Planeaci\u00f3n ha programado para conmemorar el &#8216;D\u00eda mundial contra la homofobia&#8217;. Es la primera vez que el Distrito recibe esta fecha con avances en el campo de los Derechos Humanos como lo representa la Pol\u00edtica P\u00fablica para la garant\u00eda plena de los derechos de las personas LGBT, establecida mediante el Decreto 608 de 2007, la cual se constituye en el reconocimiento de la diversidad y la diferencia como factores esenciales en la construcci\u00f3n de una ciudad incluyente, humana y positiva. <\/P> <P><a href=\"http:\/\/www.elespectador.com\/noticias\/bogota\/articulo-bogota-tambien-se-celebra-el-dia-internacional-contra-homofobia\" target=\"_blank\" rel=\"noopener\">Texto completo<\/A><\/P><\/p>\n","protected":false},"excerpt":{"rendered":"<p>Por primera vez en la capital del pa\u00eds se realiza la &#8216;Marat\u00f3n LGBT&#8217; con el fin de promover la reflexi\u00f3n de la comunidad homosexual. Una Marat\u00f3n LGBT, 12 obras teatrales y cinco eventos acad\u00e9micos que buscan promover a trav\u00e9s de la reflexi\u00f3n art\u00edstica la situaci\u00f3n y problem\u00e1tica de la poblaci\u00f3n LGBT, son los actos que la Secretar\u00eda Distrital de Planeaci\u00f3n ha programado para conmemorar el &#8216;D\u00eda mundial contra la homofobia&#8217;. Es la primera vez que el Distrito recibe esta fecha con avances en el campo de los Derechos Humanos como lo representa la Pol\u00edtica P\u00fablica para la garant\u00eda plena de los derechos de las personas LGBT, establecida mediante el Decreto 608 de 2007, la cual se constituye en el reconocimiento de la diversidad y la diferencia como factores esenciales en la construcci\u00f3n de una ciudad incluyente, humana y positiva.<\/p>\n","protected":false},"author":1,"featured_media":0,"comment_status":"open","ping_status":"open","sticky":false,"template":"","format":"standard","meta":{"_acf_changed":false,"site-sidebar-layout":"default","site-content-layout":"default","ast-global-header-display":"","ast-main-header-display":"","ast-hfb-above-header-display":"","ast-hfb-below-header-display":"","ast-hfb-mobile-header-display":"","site-post-title":"","ast-breadcrumbs-content":"","ast-featured-img":"","footer-sml-layout":"","theme-transparent-header-meta":"","adv-header-id-meta":"","stick-header-meta":"","header-above-stick-meta":"","header-main-stick-meta":"","header-below-stick-meta":"","_jetpack_memberships_contains_paid_content":false,"footnotes":""},"categories":[27],"tags":[],"class_list":["post-30182","post","type-post","status-publish","format-standard","hentry","category-en-los-medios"],"acf":[],"yoast_head":"<!-- This site is optimized with the Yoast SEO plugin v26.1.1 - https:\/\/yoast.com\/wordpress\/plugins\/seo\/ -->\n<title>En Bogot\u00e1 tambi\u00e9n se celebra el d\u00eda internacional contra la homofob\u00eda - CLAM - ES<\/title>\n<meta name=\"robots\" content=\"index, follow, max-snippet:-1, max-image-preview:large, max-video-preview:-1\" \/>\n<link rel=\"canonical\" href=\"https:\/\/clam.org.br\/es\/en-los-medios\/en-bogota-tambien-se-celebra-el-dia-internacional-contra-la-homofobia\/30182\/\" \/>\n<meta property=\"og:locale\" content=\"es_ES\" \/>\n<meta property=\"og:type\" content=\"article\" \/>\n<meta property=\"og:title\" content=\"En Bogot\u00e1 tambi\u00e9n se celebra el d\u00eda internacional contra la homofob\u00eda - CLAM - ES\" \/>\n<meta property=\"og:description\" content=\"Por primera vez en la capital del pa\u00eds se realiza la &#039;Marat\u00f3n LGBT&#039; con el fin de promover la reflexi\u00f3n de la comunidad homosexual. Una Marat\u00f3n LGBT, 12 obras teatrales y cinco eventos acad\u00e9micos que buscan promover a trav\u00e9s de la reflexi\u00f3n art\u00edstica la situaci\u00f3n y problem\u00e1tica de la poblaci\u00f3n LGBT, son los actos que la Secretar\u00eda Distrital de Planeaci\u00f3n ha programado para conmemorar el &#039;D\u00eda mundial contra la homofobia&#039;. Es la primera vez que el Distrito recibe esta fecha con avances en el campo de los Derechos Humanos como lo representa la Pol\u00edtica P\u00fablica para la garant\u00eda plena de los derechos de las personas LGBT, establecida mediante el Decreto 608 de 2007, la cual se constituye en el reconocimiento de la diversidad y la diferencia como factores esenciales en la construcci\u00f3n de una ciudad incluyente, humana y positiva.\" \/>\n<meta property=\"og:url\" content=\"https:\/\/clam.org.br\/es\/en-los-medios\/en-bogota-tambien-se-celebra-el-dia-internacional-contra-la-homofobia\/30182\/\" \/>\n<meta property=\"og:site_name\" content=\"CLAM - ES\" \/>\n<meta property=\"article:published_time\" content=\"2008-05-21T03:00:00+00:00\" \/>\n<meta name=\"author\" content=\"fw2\" \/>\n<meta name=\"twitter:card\" content=\"summary_large_image\" \/>\n<meta name=\"twitter:label1\" content=\"Escrito por\" \/>\n\t<meta name=\"twitter:data1\" content=\"fw2\" \/>\n\t<meta name=\"twitter:label2\" content=\"Tiempo de lectura\" \/>\n\t<meta name=\"twitter:data2\" content=\"1 minuto\" \/>\n<script type=\"application\/ld+json\" class=\"yoast-schema-graph\">{\"@context\":\"https:\/\/schema.org\",\"@graph\":[{\"@type\":\"WebPage\",\"@id\":\"https:\/\/clam.org.br\/es\/en-los-medios\/en-bogota-tambien-se-celebra-el-dia-internacional-contra-la-homofobia\/30182\/\",\"url\":\"https:\/\/clam.org.br\/es\/en-los-medios\/en-bogota-tambien-se-celebra-el-dia-internacional-contra-la-homofobia\/30182\/\",\"name\":\"En Bogot\u00e1 tambi\u00e9n se celebra el d\u00eda internacional contra la homofob\u00eda - CLAM - ES\",\"isPartOf\":{\"@id\":\"https:\/\/clam.org.br\/es\/#website\"},\"datePublished\":\"2008-05-21T03:00:00+00:00\",\"author\":{\"@id\":\"https:\/\/clam.org.br\/es\/#\/schema\/person\/fbd9a86032bf7479f94b0ded196f1010\"},\"breadcrumb\":{\"@id\":\"https:\/\/clam.org.br\/es\/en-los-medios\/en-bogota-tambien-se-celebra-el-dia-internacional-contra-la-homofobia\/30182\/#breadcrumb\"},\"inLanguage\":\"es\",\"potentialAction\":[{\"@type\":\"ReadAction\",\"target\":[\"https:\/\/clam.org.br\/es\/en-los-medios\/en-bogota-tambien-se-celebra-el-dia-internacional-contra-la-homofobia\/30182\/\"]}]},{\"@type\":\"BreadcrumbList\",\"@id\":\"https:\/\/clam.org.br\/es\/en-los-medios\/en-bogota-tambien-se-celebra-el-dia-internacional-contra-la-homofobia\/30182\/#breadcrumb\",\"itemListElement\":[{\"@type\":\"ListItem\",\"position\":1,\"name\":\"In\u00edcio\",\"item\":\"https:\/\/clam.org.br\/es\/\"},{\"@type\":\"ListItem\",\"position\":2,\"name\":\"En Bogot\u00e1 tambi\u00e9n se celebra el d\u00eda internacional contra la homofob\u00eda\"}]},{\"@type\":\"WebSite\",\"@id\":\"https:\/\/clam.org.br\/es\/#website\",\"url\":\"https:\/\/clam.org.br\/es\/\",\"name\":\"CLAM - ES\",\"description\":\"S\u00f3 mais um site CLAM - Centro Latino-Americano em Sexualidade e Direitos Humanos sites\",\"potentialAction\":[{\"@type\":\"SearchAction\",\"target\":{\"@type\":\"EntryPoint\",\"urlTemplate\":\"https:\/\/clam.org.br\/es\/?s={search_term_string}\"},\"query-input\":{\"@type\":\"PropertyValueSpecification\",\"valueRequired\":true,\"valueName\":\"search_term_string\"}}],\"inLanguage\":\"es\"},{\"@type\":\"Person\",\"@id\":\"https:\/\/clam.org.br\/es\/#\/schema\/person\/fbd9a86032bf7479f94b0ded196f1010\",\"name\":\"fw2\",\"image\":{\"@type\":\"ImageObject\",\"inLanguage\":\"es\",\"@id\":\"https:\/\/clam.org.br\/es\/#\/schema\/person\/image\/\",\"url\":\"https:\/\/secure.gravatar.com\/avatar\/c38472c0cdbde82d9b6fcc26adb3779d?s=96&d=mm&r=g\",\"contentUrl\":\"https:\/\/secure.gravatar.com\/avatar\/c38472c0cdbde82d9b6fcc26adb3779d?s=96&d=mm&r=g\",\"caption\":\"fw2\"},\"sameAs\":[\"https:\/\/clam.fw2web.com.br\"],\"url\":\"https:\/\/clam.org.br\/es\/author\/fw2\/\"}]}<\/script>\n<!-- \/ Yoast SEO plugin. -->","yoast_head_json":{"title":"En Bogot\u00e1 tambi\u00e9n se celebra el d\u00eda internacional contra la homofob\u00eda - CLAM - ES","robots":{"index":"index","follow":"follow","max-snippet":"max-snippet:-1","max-image-preview":"max-image-preview:large","max-video-preview":"max-video-preview:-1"},"canonical":"https:\/\/clam.org.br\/es\/en-los-medios\/en-bogota-tambien-se-celebra-el-dia-internacional-contra-la-homofobia\/30182\/","og_locale":"es_ES","og_type":"article","og_title":"En Bogot\u00e1 tambi\u00e9n se celebra el d\u00eda internacional contra la homofob\u00eda - CLAM - ES","og_description":"Por primera vez en la capital del pa\u00eds se realiza la 'Marat\u00f3n LGBT' con el fin de promover la reflexi\u00f3n de la comunidad homosexual. Una Marat\u00f3n LGBT, 12 obras teatrales y cinco eventos acad\u00e9micos que buscan promover a trav\u00e9s de la reflexi\u00f3n art\u00edstica la situaci\u00f3n y problem\u00e1tica de la poblaci\u00f3n LGBT, son los actos que la Secretar\u00eda Distrital de Planeaci\u00f3n ha programado para conmemorar el 'D\u00eda mundial contra la homofobia'. Es la primera vez que el Distrito recibe esta fecha con avances en el campo de los Derechos Humanos como lo representa la Pol\u00edtica P\u00fablica para la garant\u00eda plena de los derechos de las personas LGBT, establecida mediante el Decreto 608 de 2007, la cual se constituye en el reconocimiento de la diversidad y la diferencia como factores esenciales en la construcci\u00f3n de una ciudad incluyente, humana y positiva.","og_url":"https:\/\/clam.org.br\/es\/en-los-medios\/en-bogota-tambien-se-celebra-el-dia-internacional-contra-la-homofobia\/30182\/","og_site_name":"CLAM - ES","article_published_time":"2008-05-21T03:00:00+00:00","author":"fw2","twitter_card":"summary_large_image","twitter_misc":{"Escrito por":"fw2","Tiempo de lectura":"1 minuto"},"schema":{"@context":"https:\/\/schema.org","@graph":[{"@type":"WebPage","@id":"https:\/\/clam.org.br\/es\/en-los-medios\/en-bogota-tambien-se-celebra-el-dia-internacional-contra-la-homofobia\/30182\/","url":"https:\/\/clam.org.br\/es\/en-los-medios\/en-bogota-tambien-se-celebra-el-dia-internacional-contra-la-homofobia\/30182\/","name":"En Bogot\u00e1 tambi\u00e9n se celebra el d\u00eda internacional contra la homofob\u00eda - CLAM - ES","isPartOf":{"@id":"https:\/\/clam.org.br\/es\/#website"},"datePublished":"2008-05-21T03:00:00+00:00","author":{"@id":"https:\/\/clam.org.br\/es\/#\/schema\/person\/fbd9a86032bf7479f94b0ded196f1010"},"breadcrumb":{"@id":"https:\/\/clam.org.br\/es\/en-los-medios\/en-bogota-tambien-se-celebra-el-dia-internacional-contra-la-homofobia\/30182\/#breadcrumb"},"inLanguage":"es","potentialAction":[{"@type":"ReadAction","target":["https:\/\/clam.org.br\/es\/en-los-medios\/en-bogota-tambien-se-celebra-el-dia-internacional-contra-la-homofobia\/30182\/"]}]},{"@type":"BreadcrumbList","@id":"https:\/\/clam.org.br\/es\/en-los-medios\/en-bogota-tambien-se-celebra-el-dia-internacional-contra-la-homofobia\/30182\/#breadcrumb","itemListElement":[{"@type":"ListItem","position":1,"name":"In\u00edcio","item":"https:\/\/clam.org.br\/es\/"},{"@type":"ListItem","position":2,"name":"En Bogot\u00e1 tambi\u00e9n se celebra el d\u00eda internacional contra la homofob\u00eda"}]},{"@type":"WebSite","@id":"https:\/\/clam.org.br\/es\/#website","url":"https:\/\/clam.org.br\/es\/","name":"CLAM - ES","description":"S\u00f3 mais um site CLAM - Centro Latino-Americano em Sexualidade e Direitos Humanos sites","potentialAction":[{"@type":"SearchAction","target":{"@type":"EntryPoint","urlTemplate":"https:\/\/clam.org.br\/es\/?s={search_term_string}"},"query-input":{"@type":"PropertyValueSpecification","valueRequired":true,"valueName":"search_term_string"}}],"inLanguage":"es"},{"@type":"Person","@id":"https:\/\/clam.org.br\/es\/#\/schema\/person\/fbd9a86032bf7479f94b0ded196f1010","name":"fw2","image":{"@type":"ImageObject","inLanguage":"es","@id":"https:\/\/clam.org.br\/es\/#\/schema\/person\/image\/","url":"https:\/\/secure.gravatar.com\/avatar\/c38472c0cdbde82d9b6fcc26adb3779d?s=96&d=mm&r=g","contentUrl":"https:\/\/secure.gravatar.com\/avatar\/c38472c0cdbde82d9b6fcc26adb3779d?s=96&d=mm&r=g","caption":"fw2"},"sameAs":["https:\/\/clam.fw2web.com.br"],"url":"https:\/\/clam.org.br\/es\/author\/fw2\/"}]}},"jetpack_featured_media_url":"","jetpack_sharing_enabled":true,"_links":{"self":[{"href":"https:\/\/clam.org.br\/es\/wp-json\/wp\/v2\/posts\/30182","targetHints":{"allow":["GET"]}}],"collection":[{"href":"https:\/\/clam.org.br\/es\/wp-json\/wp\/v2\/posts"}],"about":[{"href":"https:\/\/clam.org.br\/es\/wp-json\/wp\/v2\/types\/post"}],"author":[{"embeddable":true,"href":"https:\/\/clam.org.br\/es\/wp-json\/wp\/v2\/users\/1"}],"replies":[{"embeddable":true,"href":"https:\/\/clam.org.br\/es\/wp-json\/wp\/v2\/comments?post=30182"}],"version-history":[{"count":0,"href":"https:\/\/clam.org.br\/es\/wp-json\/wp\/v2\/posts\/30182\/revisions"}],"wp:attachment":[{"href":"https:\/\/clam.org.br\/es\/wp-json\/wp\/v2\/media?parent=30182"}],"wp:term":[{"taxonomy":"category","embeddable":true,"href":"https:\/\/clam.org.br\/es\/wp-json\/wp\/v2\/categories?post=30182"},{"taxonomy":"post_tag","embeddable":true,"href":"https:\/\/clam.org.br\/es\/wp-json\/wp\/v2\/tags?post=30182"}],"curies":[{"name":"wp","href":"https:\/\/api.w.org\/{rel}","templated":true}]}}