{"id":30203,"date":"2008-05-30T00:00:00","date_gmt":"2008-05-30T03:00:00","guid":{"rendered":"https:\/\/clam.fw2web.com.br\/es\/2008\/05\/30\/guatemala-ley-contra-feminicidio-producto-de-20-anos-de-lucha\/"},"modified":"2008-05-30T00:00:00","modified_gmt":"2008-05-30T03:00:00","slug":"guatemala-ley-contra-feminicidio-producto-de-20-anos-de-lucha","status":"publish","type":"post","link":"https:\/\/clam.org.br\/es\/en-los-medios\/guatemala-ley-contra-feminicidio-producto-de-20-anos-de-lucha\/30203\/","title":{"rendered":"Guatemala: Ley contra Feminicidio, producto de 20 a\u00f1os de lucha"},"content":{"rendered":"<p><P>La Ley contra el Feminicidio y Otras Formas de Violencia contra las Mujeres constituye un avance en el fortalecimiento de la justicia, el disfrute de las libertades fundamentales y la promoci\u00f3n de los derechos humanos de las guatemaltecas, especialmente el derecho a una vida libre de violencia. De acuerdo con un comunicado de prensa de la Coordinadora Nacional para la Prevenci\u00f3n de la Violencia Intrafamiliar y contra las Mujeres (Conaprevi), la promulgaci\u00f3n de la nueva norma abre una etapa en la aplicaci\u00f3n de la justicia en Guatemala y requerir\u00e1 que las instituciones del Estado competentes contribuyan en su funcionalidad. <\/P> <P><a href=\"http:\/\/www.cimacnoticias.com\/site\/08052308-Guatemala-Ley-cont.33282.0.html\" target=\"_blank\" rel=\"noopener\">Texto completo<\/A><\/P><\/p>\n","protected":false},"excerpt":{"rendered":"<p>La Ley contra el Feminicidio y Otras Formas de Violencia contra las Mujeres constituye un avance en el fortalecimiento de la justicia, el disfrute de las libertades fundamentales y la promoci\u00f3n de los derechos humanos de las guatemaltecas, especialmente el derecho a una vida libre de violencia. De acuerdo con un comunicado de prensa de la Coordinadora Nacional para la Prevenci\u00f3n de la Violencia Intrafamiliar y contra las Mujeres (Conaprevi), la promulgaci\u00f3n de la nueva norma abre una etapa en la aplicaci\u00f3n de la justicia en Guatemala y requerir\u00e1 que las instituciones del Estado competentes contribuyan en su funcionalidad.<\/p>\n","protected":false},"author":1,"featured_media":0,"comment_status":"open","ping_status":"open","sticky":false,"template":"","format":"standard","meta":{"_acf_changed":false,"site-sidebar-layout":"default","site-content-layout":"default","ast-global-header-display":"","ast-main-header-display":"","ast-hfb-above-header-display":"","ast-hfb-below-header-display":"","ast-hfb-mobile-header-display":"","site-post-title":"","ast-breadcrumbs-content":"","ast-featured-img":"","footer-sml-layout":"","theme-transparent-header-meta":"","adv-header-id-meta":"","stick-header-meta":"","header-above-stick-meta":"","header-main-stick-meta":"","header-below-stick-meta":"","_jetpack_memberships_contains_paid_content":false,"footnotes":""},"categories":[27],"tags":[],"class_list":["post-30203","post","type-post","status-publish","format-standard","hentry","category-en-los-medios"],"acf":[],"yoast_head":"<!-- This site is optimized with the Yoast SEO plugin v26.1.1 - https:\/\/yoast.com\/wordpress\/plugins\/seo\/ -->\n<title>Guatemala: Ley contra Feminicidio, producto de 20 a\u00f1os de lucha - CLAM - ES<\/title>\n<meta name=\"robots\" content=\"index, follow, max-snippet:-1, max-image-preview:large, max-video-preview:-1\" \/>\n<link rel=\"canonical\" href=\"https:\/\/clam.org.br\/es\/en-los-medios\/guatemala-ley-contra-feminicidio-producto-de-20-anos-de-lucha\/30203\/\" \/>\n<meta property=\"og:locale\" content=\"es_ES\" \/>\n<meta property=\"og:type\" content=\"article\" \/>\n<meta property=\"og:title\" content=\"Guatemala: Ley contra Feminicidio, producto de 20 a\u00f1os de lucha - CLAM - ES\" \/>\n<meta property=\"og:description\" content=\"La Ley contra el Feminicidio y Otras Formas de Violencia contra las Mujeres constituye un avance en el fortalecimiento de la justicia, el disfrute de las libertades fundamentales y la promoci\u00f3n de los derechos humanos de las guatemaltecas, especialmente el derecho a una vida libre de violencia. De acuerdo con un comunicado de prensa de la Coordinadora Nacional para la Prevenci\u00f3n de la Violencia Intrafamiliar y contra las Mujeres (Conaprevi), la promulgaci\u00f3n de la nueva norma abre una etapa en la aplicaci\u00f3n de la justicia en Guatemala y requerir\u00e1 que las instituciones del Estado competentes contribuyan en su funcionalidad.\" \/>\n<meta property=\"og:url\" content=\"https:\/\/clam.org.br\/es\/en-los-medios\/guatemala-ley-contra-feminicidio-producto-de-20-anos-de-lucha\/30203\/\" \/>\n<meta property=\"og:site_name\" content=\"CLAM - ES\" \/>\n<meta property=\"article:published_time\" content=\"2008-05-30T03:00:00+00:00\" \/>\n<meta name=\"author\" content=\"fw2\" \/>\n<meta name=\"twitter:card\" content=\"summary_large_image\" \/>\n<meta name=\"twitter:label1\" content=\"Escrito por\" \/>\n\t<meta name=\"twitter:data1\" content=\"fw2\" \/>\n\t<meta name=\"twitter:label2\" content=\"Tiempo de lectura\" \/>\n\t<meta name=\"twitter:data2\" content=\"1 minuto\" \/>\n<script type=\"application\/ld+json\" class=\"yoast-schema-graph\">{\"@context\":\"https:\/\/schema.org\",\"@graph\":[{\"@type\":\"WebPage\",\"@id\":\"https:\/\/clam.org.br\/es\/en-los-medios\/guatemala-ley-contra-feminicidio-producto-de-20-anos-de-lucha\/30203\/\",\"url\":\"https:\/\/clam.org.br\/es\/en-los-medios\/guatemala-ley-contra-feminicidio-producto-de-20-anos-de-lucha\/30203\/\",\"name\":\"Guatemala: Ley contra Feminicidio, producto de 20 a\u00f1os de lucha - CLAM - ES\",\"isPartOf\":{\"@id\":\"https:\/\/clam.org.br\/es\/#website\"},\"datePublished\":\"2008-05-30T03:00:00+00:00\",\"author\":{\"@id\":\"https:\/\/clam.org.br\/es\/#\/schema\/person\/fbd9a86032bf7479f94b0ded196f1010\"},\"breadcrumb\":{\"@id\":\"https:\/\/clam.org.br\/es\/en-los-medios\/guatemala-ley-contra-feminicidio-producto-de-20-anos-de-lucha\/30203\/#breadcrumb\"},\"inLanguage\":\"es\",\"potentialAction\":[{\"@type\":\"ReadAction\",\"target\":[\"https:\/\/clam.org.br\/es\/en-los-medios\/guatemala-ley-contra-feminicidio-producto-de-20-anos-de-lucha\/30203\/\"]}]},{\"@type\":\"BreadcrumbList\",\"@id\":\"https:\/\/clam.org.br\/es\/en-los-medios\/guatemala-ley-contra-feminicidio-producto-de-20-anos-de-lucha\/30203\/#breadcrumb\",\"itemListElement\":[{\"@type\":\"ListItem\",\"position\":1,\"name\":\"In\u00edcio\",\"item\":\"https:\/\/clam.org.br\/es\/\"},{\"@type\":\"ListItem\",\"position\":2,\"name\":\"Guatemala: Ley contra Feminicidio, producto de 20 a\u00f1os de lucha\"}]},{\"@type\":\"WebSite\",\"@id\":\"https:\/\/clam.org.br\/es\/#website\",\"url\":\"https:\/\/clam.org.br\/es\/\",\"name\":\"CLAM - ES\",\"description\":\"S\u00f3 mais um site CLAM - Centro Latino-Americano em Sexualidade e Direitos Humanos sites\",\"potentialAction\":[{\"@type\":\"SearchAction\",\"target\":{\"@type\":\"EntryPoint\",\"urlTemplate\":\"https:\/\/clam.org.br\/es\/?s={search_term_string}\"},\"query-input\":{\"@type\":\"PropertyValueSpecification\",\"valueRequired\":true,\"valueName\":\"search_term_string\"}}],\"inLanguage\":\"es\"},{\"@type\":\"Person\",\"@id\":\"https:\/\/clam.org.br\/es\/#\/schema\/person\/fbd9a86032bf7479f94b0ded196f1010\",\"name\":\"fw2\",\"image\":{\"@type\":\"ImageObject\",\"inLanguage\":\"es\",\"@id\":\"https:\/\/clam.org.br\/es\/#\/schema\/person\/image\/\",\"url\":\"https:\/\/secure.gravatar.com\/avatar\/c38472c0cdbde82d9b6fcc26adb3779d?s=96&d=mm&r=g\",\"contentUrl\":\"https:\/\/secure.gravatar.com\/avatar\/c38472c0cdbde82d9b6fcc26adb3779d?s=96&d=mm&r=g\",\"caption\":\"fw2\"},\"sameAs\":[\"https:\/\/clam.fw2web.com.br\"],\"url\":\"https:\/\/clam.org.br\/es\/author\/fw2\/\"}]}<\/script>\n<!-- \/ Yoast SEO plugin. -->","yoast_head_json":{"title":"Guatemala: Ley contra Feminicidio, producto de 20 a\u00f1os de lucha - CLAM - ES","robots":{"index":"index","follow":"follow","max-snippet":"max-snippet:-1","max-image-preview":"max-image-preview:large","max-video-preview":"max-video-preview:-1"},"canonical":"https:\/\/clam.org.br\/es\/en-los-medios\/guatemala-ley-contra-feminicidio-producto-de-20-anos-de-lucha\/30203\/","og_locale":"es_ES","og_type":"article","og_title":"Guatemala: Ley contra Feminicidio, producto de 20 a\u00f1os de lucha - CLAM - ES","og_description":"La Ley contra el Feminicidio y Otras Formas de Violencia contra las Mujeres constituye un avance en el fortalecimiento de la justicia, el disfrute de las libertades fundamentales y la promoci\u00f3n de los derechos humanos de las guatemaltecas, especialmente el derecho a una vida libre de violencia. De acuerdo con un comunicado de prensa de la Coordinadora Nacional para la Prevenci\u00f3n de la Violencia Intrafamiliar y contra las Mujeres (Conaprevi), la promulgaci\u00f3n de la nueva norma abre una etapa en la aplicaci\u00f3n de la justicia en Guatemala y requerir\u00e1 que las instituciones del Estado competentes contribuyan en su funcionalidad.","og_url":"https:\/\/clam.org.br\/es\/en-los-medios\/guatemala-ley-contra-feminicidio-producto-de-20-anos-de-lucha\/30203\/","og_site_name":"CLAM - ES","article_published_time":"2008-05-30T03:00:00+00:00","author":"fw2","twitter_card":"summary_large_image","twitter_misc":{"Escrito por":"fw2","Tiempo de lectura":"1 minuto"},"schema":{"@context":"https:\/\/schema.org","@graph":[{"@type":"WebPage","@id":"https:\/\/clam.org.br\/es\/en-los-medios\/guatemala-ley-contra-feminicidio-producto-de-20-anos-de-lucha\/30203\/","url":"https:\/\/clam.org.br\/es\/en-los-medios\/guatemala-ley-contra-feminicidio-producto-de-20-anos-de-lucha\/30203\/","name":"Guatemala: Ley contra Feminicidio, producto de 20 a\u00f1os de lucha - CLAM - ES","isPartOf":{"@id":"https:\/\/clam.org.br\/es\/#website"},"datePublished":"2008-05-30T03:00:00+00:00","author":{"@id":"https:\/\/clam.org.br\/es\/#\/schema\/person\/fbd9a86032bf7479f94b0ded196f1010"},"breadcrumb":{"@id":"https:\/\/clam.org.br\/es\/en-los-medios\/guatemala-ley-contra-feminicidio-producto-de-20-anos-de-lucha\/30203\/#breadcrumb"},"inLanguage":"es","potentialAction":[{"@type":"ReadAction","target":["https:\/\/clam.org.br\/es\/en-los-medios\/guatemala-ley-contra-feminicidio-producto-de-20-anos-de-lucha\/30203\/"]}]},{"@type":"BreadcrumbList","@id":"https:\/\/clam.org.br\/es\/en-los-medios\/guatemala-ley-contra-feminicidio-producto-de-20-anos-de-lucha\/30203\/#breadcrumb","itemListElement":[{"@type":"ListItem","position":1,"name":"In\u00edcio","item":"https:\/\/clam.org.br\/es\/"},{"@type":"ListItem","position":2,"name":"Guatemala: Ley contra Feminicidio, producto de 20 a\u00f1os de lucha"}]},{"@type":"WebSite","@id":"https:\/\/clam.org.br\/es\/#website","url":"https:\/\/clam.org.br\/es\/","name":"CLAM - ES","description":"S\u00f3 mais um site CLAM - Centro Latino-Americano em Sexualidade e Direitos Humanos sites","potentialAction":[{"@type":"SearchAction","target":{"@type":"EntryPoint","urlTemplate":"https:\/\/clam.org.br\/es\/?s={search_term_string}"},"query-input":{"@type":"PropertyValueSpecification","valueRequired":true,"valueName":"search_term_string"}}],"inLanguage":"es"},{"@type":"Person","@id":"https:\/\/clam.org.br\/es\/#\/schema\/person\/fbd9a86032bf7479f94b0ded196f1010","name":"fw2","image":{"@type":"ImageObject","inLanguage":"es","@id":"https:\/\/clam.org.br\/es\/#\/schema\/person\/image\/","url":"https:\/\/secure.gravatar.com\/avatar\/c38472c0cdbde82d9b6fcc26adb3779d?s=96&d=mm&r=g","contentUrl":"https:\/\/secure.gravatar.com\/avatar\/c38472c0cdbde82d9b6fcc26adb3779d?s=96&d=mm&r=g","caption":"fw2"},"sameAs":["https:\/\/clam.fw2web.com.br"],"url":"https:\/\/clam.org.br\/es\/author\/fw2\/"}]}},"jetpack_featured_media_url":"","jetpack_sharing_enabled":true,"_links":{"self":[{"href":"https:\/\/clam.org.br\/es\/wp-json\/wp\/v2\/posts\/30203","targetHints":{"allow":["GET"]}}],"collection":[{"href":"https:\/\/clam.org.br\/es\/wp-json\/wp\/v2\/posts"}],"about":[{"href":"https:\/\/clam.org.br\/es\/wp-json\/wp\/v2\/types\/post"}],"author":[{"embeddable":true,"href":"https:\/\/clam.org.br\/es\/wp-json\/wp\/v2\/users\/1"}],"replies":[{"embeddable":true,"href":"https:\/\/clam.org.br\/es\/wp-json\/wp\/v2\/comments?post=30203"}],"version-history":[{"count":0,"href":"https:\/\/clam.org.br\/es\/wp-json\/wp\/v2\/posts\/30203\/revisions"}],"wp:attachment":[{"href":"https:\/\/clam.org.br\/es\/wp-json\/wp\/v2\/media?parent=30203"}],"wp:term":[{"taxonomy":"category","embeddable":true,"href":"https:\/\/clam.org.br\/es\/wp-json\/wp\/v2\/categories?post=30203"},{"taxonomy":"post_tag","embeddable":true,"href":"https:\/\/clam.org.br\/es\/wp-json\/wp\/v2\/tags?post=30203"}],"curies":[{"name":"wp","href":"https:\/\/api.w.org\/{rel}","templated":true}]}}