{"id":30320,"date":"2008-07-31T00:00:00","date_gmt":"2008-07-31T03:00:00","guid":{"rendered":"https:\/\/clam.fw2web.com.br\/es\/2008\/07\/31\/dominan-en-conferencia-del-sida-tesis-polemicas-y-avance-medico\/"},"modified":"2008-07-31T00:00:00","modified_gmt":"2008-07-31T03:00:00","slug":"dominan-en-conferencia-del-sida-tesis-polemicas-y-avance-medico","status":"publish","type":"post","link":"https:\/\/clam.org.br\/es\/en-los-medios\/dominan-en-conferencia-del-sida-tesis-polemicas-y-avance-medico\/30320\/","title":{"rendered":"Dominan en conferencia del sida tesis pol\u00e9micas y avance m\u00e9dico"},"content":{"rendered":"<p><P>Con una asistencia s\u00f3lo comparada a la registrada en los mundiales de f\u00fatbol, a partir del pr\u00f3ximo domingo se realizar\u00e1 en la ciudad de M\u00e9xico la 17 Conferencia Internacional de Sida, por primera vez en una naci\u00f3n latinoamericana y en la que se expondr\u00e1n los avances y retos principales que enfrentan los pa\u00edses con respecto a la epidemia. De acuerdo con informaci\u00f3n del Programa de Sida de Naciones Unidas (Onusida), en 2007 hab\u00eda 33 millones de individuos portadores del VIH\/sida en el mundo. S\u00f3lo en ese a\u00f1o se reportaron 2.5 millones de nuevos contagios, lo que constituye un grave problema de salud. Por causa de la epidemia, en pa\u00edses de \u00c1frica Subsahariana la esperanza de vida es de 46 a\u00f1os.<\/P> <P><a href=\"http:\/\/www.jornada.unam.mx\/2008\/07\/28\/index.php?section=sociedad&amp;article=047n1soc\" target=\"_blank\" rel=\"noopener\">Texto completo<\/A><\/P><\/p>\n","protected":false},"excerpt":{"rendered":"<p>Con una asistencia s\u00f3lo comparada a la registrada en los mundiales de f\u00fatbol, a partir del pr\u00f3ximo domingo se realizar\u00e1 en la ciudad de M\u00e9xico la 17 Conferencia Internacional de Sida, por primera vez en una naci\u00f3n latinoamericana y en la que se expondr\u00e1n los avances y retos principales que enfrentan los pa\u00edses con respecto a la epidemia. De acuerdo con informaci\u00f3n del Programa de Sida de Naciones Unidas (Onusida), en 2007 hab\u00eda 33 millones de individuos portadores del VIH\/sida en el mundo. S\u00f3lo en ese a\u00f1o se reportaron 2.5 millones de nuevos contagios, lo que constituye un grave problema de salud. Por causa de la epidemia, en pa\u00edses de \u00c1frica Subsahariana la esperanza de vida es de 46 a\u00f1os.<\/p>\n","protected":false},"author":1,"featured_media":0,"comment_status":"open","ping_status":"open","sticky":false,"template":"","format":"standard","meta":{"_acf_changed":false,"site-sidebar-layout":"default","site-content-layout":"default","ast-global-header-display":"","ast-main-header-display":"","ast-hfb-above-header-display":"","ast-hfb-below-header-display":"","ast-hfb-mobile-header-display":"","site-post-title":"","ast-breadcrumbs-content":"","ast-featured-img":"","footer-sml-layout":"","theme-transparent-header-meta":"","adv-header-id-meta":"","stick-header-meta":"","header-above-stick-meta":"","header-main-stick-meta":"","header-below-stick-meta":"","_jetpack_memberships_contains_paid_content":false,"footnotes":""},"categories":[27],"tags":[],"class_list":["post-30320","post","type-post","status-publish","format-standard","hentry","category-en-los-medios"],"acf":[],"yoast_head":"<!-- This site is optimized with the Yoast SEO plugin v26.1.1 - https:\/\/yoast.com\/wordpress\/plugins\/seo\/ -->\n<title>Dominan en conferencia del sida tesis pol\u00e9micas y avance m\u00e9dico - CLAM - ES<\/title>\n<meta name=\"robots\" content=\"index, follow, max-snippet:-1, max-image-preview:large, max-video-preview:-1\" \/>\n<link rel=\"canonical\" href=\"https:\/\/clam.org.br\/es\/en-los-medios\/dominan-en-conferencia-del-sida-tesis-polemicas-y-avance-medico\/30320\/\" \/>\n<meta property=\"og:locale\" content=\"es_ES\" \/>\n<meta property=\"og:type\" content=\"article\" \/>\n<meta property=\"og:title\" content=\"Dominan en conferencia del sida tesis pol\u00e9micas y avance m\u00e9dico - CLAM - ES\" \/>\n<meta property=\"og:description\" content=\"Con una asistencia s\u00f3lo comparada a la registrada en los mundiales de f\u00fatbol, a partir del pr\u00f3ximo domingo se realizar\u00e1 en la ciudad de M\u00e9xico la 17 Conferencia Internacional de Sida, por primera vez en una naci\u00f3n latinoamericana y en la que se expondr\u00e1n los avances y retos principales que enfrentan los pa\u00edses con respecto a la epidemia. De acuerdo con informaci\u00f3n del Programa de Sida de Naciones Unidas (Onusida), en 2007 hab\u00eda 33 millones de individuos portadores del VIH\/sida en el mundo. S\u00f3lo en ese a\u00f1o se reportaron 2.5 millones de nuevos contagios, lo que constituye un grave problema de salud. Por causa de la epidemia, en pa\u00edses de \u00c1frica Subsahariana la esperanza de vida es de 46 a\u00f1os.\" \/>\n<meta property=\"og:url\" content=\"https:\/\/clam.org.br\/es\/en-los-medios\/dominan-en-conferencia-del-sida-tesis-polemicas-y-avance-medico\/30320\/\" \/>\n<meta property=\"og:site_name\" content=\"CLAM - ES\" \/>\n<meta property=\"article:published_time\" content=\"2008-07-31T03:00:00+00:00\" \/>\n<meta name=\"author\" content=\"fw2\" \/>\n<meta name=\"twitter:card\" content=\"summary_large_image\" \/>\n<meta name=\"twitter:label1\" content=\"Escrito por\" \/>\n\t<meta name=\"twitter:data1\" content=\"fw2\" \/>\n\t<meta name=\"twitter:label2\" content=\"Tiempo de lectura\" \/>\n\t<meta name=\"twitter:data2\" content=\"1 minuto\" \/>\n<script type=\"application\/ld+json\" class=\"yoast-schema-graph\">{\"@context\":\"https:\/\/schema.org\",\"@graph\":[{\"@type\":\"WebPage\",\"@id\":\"https:\/\/clam.org.br\/es\/en-los-medios\/dominan-en-conferencia-del-sida-tesis-polemicas-y-avance-medico\/30320\/\",\"url\":\"https:\/\/clam.org.br\/es\/en-los-medios\/dominan-en-conferencia-del-sida-tesis-polemicas-y-avance-medico\/30320\/\",\"name\":\"Dominan en conferencia del sida tesis pol\u00e9micas y avance m\u00e9dico - CLAM - ES\",\"isPartOf\":{\"@id\":\"https:\/\/clam.org.br\/es\/#website\"},\"datePublished\":\"2008-07-31T03:00:00+00:00\",\"author\":{\"@id\":\"https:\/\/clam.org.br\/es\/#\/schema\/person\/fbd9a86032bf7479f94b0ded196f1010\"},\"breadcrumb\":{\"@id\":\"https:\/\/clam.org.br\/es\/en-los-medios\/dominan-en-conferencia-del-sida-tesis-polemicas-y-avance-medico\/30320\/#breadcrumb\"},\"inLanguage\":\"es\",\"potentialAction\":[{\"@type\":\"ReadAction\",\"target\":[\"https:\/\/clam.org.br\/es\/en-los-medios\/dominan-en-conferencia-del-sida-tesis-polemicas-y-avance-medico\/30320\/\"]}]},{\"@type\":\"BreadcrumbList\",\"@id\":\"https:\/\/clam.org.br\/es\/en-los-medios\/dominan-en-conferencia-del-sida-tesis-polemicas-y-avance-medico\/30320\/#breadcrumb\",\"itemListElement\":[{\"@type\":\"ListItem\",\"position\":1,\"name\":\"In\u00edcio\",\"item\":\"https:\/\/clam.org.br\/es\/\"},{\"@type\":\"ListItem\",\"position\":2,\"name\":\"Dominan en conferencia del sida tesis pol\u00e9micas y avance m\u00e9dico\"}]},{\"@type\":\"WebSite\",\"@id\":\"https:\/\/clam.org.br\/es\/#website\",\"url\":\"https:\/\/clam.org.br\/es\/\",\"name\":\"CLAM - ES\",\"description\":\"S\u00f3 mais um site CLAM - Centro Latino-Americano em Sexualidade e Direitos Humanos sites\",\"potentialAction\":[{\"@type\":\"SearchAction\",\"target\":{\"@type\":\"EntryPoint\",\"urlTemplate\":\"https:\/\/clam.org.br\/es\/?s={search_term_string}\"},\"query-input\":{\"@type\":\"PropertyValueSpecification\",\"valueRequired\":true,\"valueName\":\"search_term_string\"}}],\"inLanguage\":\"es\"},{\"@type\":\"Person\",\"@id\":\"https:\/\/clam.org.br\/es\/#\/schema\/person\/fbd9a86032bf7479f94b0ded196f1010\",\"name\":\"fw2\",\"image\":{\"@type\":\"ImageObject\",\"inLanguage\":\"es\",\"@id\":\"https:\/\/clam.org.br\/es\/#\/schema\/person\/image\/\",\"url\":\"https:\/\/secure.gravatar.com\/avatar\/c38472c0cdbde82d9b6fcc26adb3779d?s=96&d=mm&r=g\",\"contentUrl\":\"https:\/\/secure.gravatar.com\/avatar\/c38472c0cdbde82d9b6fcc26adb3779d?s=96&d=mm&r=g\",\"caption\":\"fw2\"},\"sameAs\":[\"https:\/\/clam.fw2web.com.br\"],\"url\":\"https:\/\/clam.org.br\/es\/author\/fw2\/\"}]}<\/script>\n<!-- \/ Yoast SEO plugin. -->","yoast_head_json":{"title":"Dominan en conferencia del sida tesis pol\u00e9micas y avance m\u00e9dico - CLAM - ES","robots":{"index":"index","follow":"follow","max-snippet":"max-snippet:-1","max-image-preview":"max-image-preview:large","max-video-preview":"max-video-preview:-1"},"canonical":"https:\/\/clam.org.br\/es\/en-los-medios\/dominan-en-conferencia-del-sida-tesis-polemicas-y-avance-medico\/30320\/","og_locale":"es_ES","og_type":"article","og_title":"Dominan en conferencia del sida tesis pol\u00e9micas y avance m\u00e9dico - CLAM - ES","og_description":"Con una asistencia s\u00f3lo comparada a la registrada en los mundiales de f\u00fatbol, a partir del pr\u00f3ximo domingo se realizar\u00e1 en la ciudad de M\u00e9xico la 17 Conferencia Internacional de Sida, por primera vez en una naci\u00f3n latinoamericana y en la que se expondr\u00e1n los avances y retos principales que enfrentan los pa\u00edses con respecto a la epidemia. De acuerdo con informaci\u00f3n del Programa de Sida de Naciones Unidas (Onusida), en 2007 hab\u00eda 33 millones de individuos portadores del VIH\/sida en el mundo. S\u00f3lo en ese a\u00f1o se reportaron 2.5 millones de nuevos contagios, lo que constituye un grave problema de salud. Por causa de la epidemia, en pa\u00edses de \u00c1frica Subsahariana la esperanza de vida es de 46 a\u00f1os.","og_url":"https:\/\/clam.org.br\/es\/en-los-medios\/dominan-en-conferencia-del-sida-tesis-polemicas-y-avance-medico\/30320\/","og_site_name":"CLAM - ES","article_published_time":"2008-07-31T03:00:00+00:00","author":"fw2","twitter_card":"summary_large_image","twitter_misc":{"Escrito por":"fw2","Tiempo de lectura":"1 minuto"},"schema":{"@context":"https:\/\/schema.org","@graph":[{"@type":"WebPage","@id":"https:\/\/clam.org.br\/es\/en-los-medios\/dominan-en-conferencia-del-sida-tesis-polemicas-y-avance-medico\/30320\/","url":"https:\/\/clam.org.br\/es\/en-los-medios\/dominan-en-conferencia-del-sida-tesis-polemicas-y-avance-medico\/30320\/","name":"Dominan en conferencia del sida tesis pol\u00e9micas y avance m\u00e9dico - CLAM - ES","isPartOf":{"@id":"https:\/\/clam.org.br\/es\/#website"},"datePublished":"2008-07-31T03:00:00+00:00","author":{"@id":"https:\/\/clam.org.br\/es\/#\/schema\/person\/fbd9a86032bf7479f94b0ded196f1010"},"breadcrumb":{"@id":"https:\/\/clam.org.br\/es\/en-los-medios\/dominan-en-conferencia-del-sida-tesis-polemicas-y-avance-medico\/30320\/#breadcrumb"},"inLanguage":"es","potentialAction":[{"@type":"ReadAction","target":["https:\/\/clam.org.br\/es\/en-los-medios\/dominan-en-conferencia-del-sida-tesis-polemicas-y-avance-medico\/30320\/"]}]},{"@type":"BreadcrumbList","@id":"https:\/\/clam.org.br\/es\/en-los-medios\/dominan-en-conferencia-del-sida-tesis-polemicas-y-avance-medico\/30320\/#breadcrumb","itemListElement":[{"@type":"ListItem","position":1,"name":"In\u00edcio","item":"https:\/\/clam.org.br\/es\/"},{"@type":"ListItem","position":2,"name":"Dominan en conferencia del sida tesis pol\u00e9micas y avance m\u00e9dico"}]},{"@type":"WebSite","@id":"https:\/\/clam.org.br\/es\/#website","url":"https:\/\/clam.org.br\/es\/","name":"CLAM - ES","description":"S\u00f3 mais um site CLAM - Centro Latino-Americano em Sexualidade e Direitos Humanos sites","potentialAction":[{"@type":"SearchAction","target":{"@type":"EntryPoint","urlTemplate":"https:\/\/clam.org.br\/es\/?s={search_term_string}"},"query-input":{"@type":"PropertyValueSpecification","valueRequired":true,"valueName":"search_term_string"}}],"inLanguage":"es"},{"@type":"Person","@id":"https:\/\/clam.org.br\/es\/#\/schema\/person\/fbd9a86032bf7479f94b0ded196f1010","name":"fw2","image":{"@type":"ImageObject","inLanguage":"es","@id":"https:\/\/clam.org.br\/es\/#\/schema\/person\/image\/","url":"https:\/\/secure.gravatar.com\/avatar\/c38472c0cdbde82d9b6fcc26adb3779d?s=96&d=mm&r=g","contentUrl":"https:\/\/secure.gravatar.com\/avatar\/c38472c0cdbde82d9b6fcc26adb3779d?s=96&d=mm&r=g","caption":"fw2"},"sameAs":["https:\/\/clam.fw2web.com.br"],"url":"https:\/\/clam.org.br\/es\/author\/fw2\/"}]}},"jetpack_featured_media_url":"","jetpack_sharing_enabled":true,"_links":{"self":[{"href":"https:\/\/clam.org.br\/es\/wp-json\/wp\/v2\/posts\/30320","targetHints":{"allow":["GET"]}}],"collection":[{"href":"https:\/\/clam.org.br\/es\/wp-json\/wp\/v2\/posts"}],"about":[{"href":"https:\/\/clam.org.br\/es\/wp-json\/wp\/v2\/types\/post"}],"author":[{"embeddable":true,"href":"https:\/\/clam.org.br\/es\/wp-json\/wp\/v2\/users\/1"}],"replies":[{"embeddable":true,"href":"https:\/\/clam.org.br\/es\/wp-json\/wp\/v2\/comments?post=30320"}],"version-history":[{"count":0,"href":"https:\/\/clam.org.br\/es\/wp-json\/wp\/v2\/posts\/30320\/revisions"}],"wp:attachment":[{"href":"https:\/\/clam.org.br\/es\/wp-json\/wp\/v2\/media?parent=30320"}],"wp:term":[{"taxonomy":"category","embeddable":true,"href":"https:\/\/clam.org.br\/es\/wp-json\/wp\/v2\/categories?post=30320"},{"taxonomy":"post_tag","embeddable":true,"href":"https:\/\/clam.org.br\/es\/wp-json\/wp\/v2\/tags?post=30320"}],"curies":[{"name":"wp","href":"https:\/\/api.w.org\/{rel}","templated":true}]}}