{"id":30612,"date":"2009-02-12T00:00:00","date_gmt":"2009-02-12T02:00:00","guid":{"rendered":"https:\/\/clam.fw2web.com.br\/es\/2009\/02\/12\/corte-ordena-investigar-a-jueces-y-medicos-por-no-practicar-aborto\/"},"modified":"2009-02-12T00:00:00","modified_gmt":"2009-02-12T02:00:00","slug":"corte-ordena-investigar-a-jueces-y-medicos-por-no-practicar-aborto","status":"publish","type":"post","link":"https:\/\/clam.org.br\/es\/en-los-medios\/corte-ordena-investigar-a-jueces-y-medicos-por-no-practicar-aborto\/30612\/","title":{"rendered":"Corte ordena investigar a jueces y m\u00e9dicos por no practicar aborto"},"content":{"rendered":"<p><P>Cinco meses despu\u00e9s de que Ana dio a luz, la Corte Constitucional reconoci\u00f3 el derecho que la joven invoc\u00f3 en una tutela para interrumpir su embarazo. El fallo, basado en una ponencia del magistrado Jaime C\u00f3rdoba Trivi\u00f1o, dispuso tambi\u00e9n que la Superintendencia de Salud investigue la actuaci\u00f3n de la Entidad Prestadora de Salud (EPS) Cosmitet Ltda, a la que est\u00e1 afiliada la menor, y que aplique las sanciones del caso. En la decisi\u00f3n, la Corte Constitucional reiter\u00f3 la obligaci\u00f3n de los jueces de ordenar la interrupci\u00f3n del embarazo en caso de violaci\u00f3n, malformaci\u00f3n y las otras causas establecidas en la sentencia que despenaliz\u00f3 de manera parcial el aborto.<\/P> <P><a href=\"http:\/\/www.eltiempo.com\/colombia\/justicia\/corte-ordena-investigar-a-jueces-y-medicos-por-no-practicar-aborto_4797145-1\" target=\"_blank\" rel=\"noopener\">Texto completo<\/A><\/P><\/p>\n","protected":false},"excerpt":{"rendered":"<p>Cinco meses despu\u00e9s de que Ana dio a luz, la Corte Constitucional reconoci\u00f3 el derecho que la joven invoc\u00f3 en una tutela para interrumpir su embarazo. El fallo, basado en una ponencia del magistrado Jaime C\u00f3rdoba Trivi\u00f1o, dispuso tambi\u00e9n que la Superintendencia de Salud investigue la actuaci\u00f3n de la Entidad Prestadora de Salud (EPS) Cosmitet Ltda, a la que est\u00e1 afiliada la menor, y que aplique las sanciones del caso. En la decisi\u00f3n, la Corte Constitucional reiter\u00f3 la obligaci\u00f3n de los jueces de ordenar la interrupci\u00f3n del embarazo en caso de violaci\u00f3n, malformaci\u00f3n y las otras causas establecidas en la sentencia que despenaliz\u00f3 de manera parcial el aborto.<\/p>\n","protected":false},"author":1,"featured_media":0,"comment_status":"open","ping_status":"open","sticky":false,"template":"","format":"standard","meta":{"_acf_changed":false,"site-sidebar-layout":"default","site-content-layout":"default","ast-global-header-display":"","ast-main-header-display":"","ast-hfb-above-header-display":"","ast-hfb-below-header-display":"","ast-hfb-mobile-header-display":"","site-post-title":"","ast-breadcrumbs-content":"","ast-featured-img":"","footer-sml-layout":"","theme-transparent-header-meta":"","adv-header-id-meta":"","stick-header-meta":"","header-above-stick-meta":"","header-main-stick-meta":"","header-below-stick-meta":"","_jetpack_memberships_contains_paid_content":false,"footnotes":""},"categories":[27],"tags":[],"class_list":["post-30612","post","type-post","status-publish","format-standard","hentry","category-en-los-medios"],"acf":[],"yoast_head":"<!-- This site is optimized with the Yoast SEO plugin v26.1.1 - https:\/\/yoast.com\/wordpress\/plugins\/seo\/ -->\n<title>Corte ordena investigar a jueces y m\u00e9dicos por no practicar aborto - CLAM - ES<\/title>\n<meta name=\"robots\" content=\"index, follow, max-snippet:-1, max-image-preview:large, max-video-preview:-1\" \/>\n<link rel=\"canonical\" href=\"https:\/\/clam.org.br\/es\/en-los-medios\/corte-ordena-investigar-a-jueces-y-medicos-por-no-practicar-aborto\/30612\/\" \/>\n<meta property=\"og:locale\" content=\"es_ES\" \/>\n<meta property=\"og:type\" content=\"article\" \/>\n<meta property=\"og:title\" content=\"Corte ordena investigar a jueces y m\u00e9dicos por no practicar aborto - CLAM - ES\" \/>\n<meta property=\"og:description\" content=\"Cinco meses despu\u00e9s de que Ana dio a luz, la Corte Constitucional reconoci\u00f3 el derecho que la joven invoc\u00f3 en una tutela para interrumpir su embarazo. El fallo, basado en una ponencia del magistrado Jaime C\u00f3rdoba Trivi\u00f1o, dispuso tambi\u00e9n que la Superintendencia de Salud investigue la actuaci\u00f3n de la Entidad Prestadora de Salud (EPS) Cosmitet Ltda, a la que est\u00e1 afiliada la menor, y que aplique las sanciones del caso. En la decisi\u00f3n, la Corte Constitucional reiter\u00f3 la obligaci\u00f3n de los jueces de ordenar la interrupci\u00f3n del embarazo en caso de violaci\u00f3n, malformaci\u00f3n y las otras causas establecidas en la sentencia que despenaliz\u00f3 de manera parcial el aborto.\" \/>\n<meta property=\"og:url\" content=\"https:\/\/clam.org.br\/es\/en-los-medios\/corte-ordena-investigar-a-jueces-y-medicos-por-no-practicar-aborto\/30612\/\" \/>\n<meta property=\"og:site_name\" content=\"CLAM - ES\" \/>\n<meta property=\"article:published_time\" content=\"2009-02-12T02:00:00+00:00\" \/>\n<meta name=\"author\" content=\"fw2\" \/>\n<meta name=\"twitter:card\" content=\"summary_large_image\" \/>\n<meta name=\"twitter:label1\" content=\"Escrito por\" \/>\n\t<meta name=\"twitter:data1\" content=\"fw2\" \/>\n\t<meta name=\"twitter:label2\" content=\"Tiempo de lectura\" \/>\n\t<meta name=\"twitter:data2\" content=\"1 minuto\" \/>\n<script type=\"application\/ld+json\" class=\"yoast-schema-graph\">{\"@context\":\"https:\/\/schema.org\",\"@graph\":[{\"@type\":\"WebPage\",\"@id\":\"https:\/\/clam.org.br\/es\/en-los-medios\/corte-ordena-investigar-a-jueces-y-medicos-por-no-practicar-aborto\/30612\/\",\"url\":\"https:\/\/clam.org.br\/es\/en-los-medios\/corte-ordena-investigar-a-jueces-y-medicos-por-no-practicar-aborto\/30612\/\",\"name\":\"Corte ordena investigar a jueces y m\u00e9dicos por no practicar aborto - CLAM - ES\",\"isPartOf\":{\"@id\":\"https:\/\/clam.org.br\/es\/#website\"},\"datePublished\":\"2009-02-12T02:00:00+00:00\",\"author\":{\"@id\":\"https:\/\/clam.org.br\/es\/#\/schema\/person\/fbd9a86032bf7479f94b0ded196f1010\"},\"breadcrumb\":{\"@id\":\"https:\/\/clam.org.br\/es\/en-los-medios\/corte-ordena-investigar-a-jueces-y-medicos-por-no-practicar-aborto\/30612\/#breadcrumb\"},\"inLanguage\":\"es\",\"potentialAction\":[{\"@type\":\"ReadAction\",\"target\":[\"https:\/\/clam.org.br\/es\/en-los-medios\/corte-ordena-investigar-a-jueces-y-medicos-por-no-practicar-aborto\/30612\/\"]}]},{\"@type\":\"BreadcrumbList\",\"@id\":\"https:\/\/clam.org.br\/es\/en-los-medios\/corte-ordena-investigar-a-jueces-y-medicos-por-no-practicar-aborto\/30612\/#breadcrumb\",\"itemListElement\":[{\"@type\":\"ListItem\",\"position\":1,\"name\":\"In\u00edcio\",\"item\":\"https:\/\/clam.org.br\/es\/\"},{\"@type\":\"ListItem\",\"position\":2,\"name\":\"Corte ordena investigar a jueces y m\u00e9dicos por no practicar aborto\"}]},{\"@type\":\"WebSite\",\"@id\":\"https:\/\/clam.org.br\/es\/#website\",\"url\":\"https:\/\/clam.org.br\/es\/\",\"name\":\"CLAM - ES\",\"description\":\"S\u00f3 mais um site CLAM - Centro Latino-Americano em Sexualidade e Direitos Humanos sites\",\"potentialAction\":[{\"@type\":\"SearchAction\",\"target\":{\"@type\":\"EntryPoint\",\"urlTemplate\":\"https:\/\/clam.org.br\/es\/?s={search_term_string}\"},\"query-input\":{\"@type\":\"PropertyValueSpecification\",\"valueRequired\":true,\"valueName\":\"search_term_string\"}}],\"inLanguage\":\"es\"},{\"@type\":\"Person\",\"@id\":\"https:\/\/clam.org.br\/es\/#\/schema\/person\/fbd9a86032bf7479f94b0ded196f1010\",\"name\":\"fw2\",\"image\":{\"@type\":\"ImageObject\",\"inLanguage\":\"es\",\"@id\":\"https:\/\/clam.org.br\/es\/#\/schema\/person\/image\/\",\"url\":\"https:\/\/secure.gravatar.com\/avatar\/c38472c0cdbde82d9b6fcc26adb3779d?s=96&d=mm&r=g\",\"contentUrl\":\"https:\/\/secure.gravatar.com\/avatar\/c38472c0cdbde82d9b6fcc26adb3779d?s=96&d=mm&r=g\",\"caption\":\"fw2\"},\"sameAs\":[\"https:\/\/clam.fw2web.com.br\"],\"url\":\"https:\/\/clam.org.br\/es\/author\/fw2\/\"}]}<\/script>\n<!-- \/ Yoast SEO plugin. -->","yoast_head_json":{"title":"Corte ordena investigar a jueces y m\u00e9dicos por no practicar aborto - CLAM - ES","robots":{"index":"index","follow":"follow","max-snippet":"max-snippet:-1","max-image-preview":"max-image-preview:large","max-video-preview":"max-video-preview:-1"},"canonical":"https:\/\/clam.org.br\/es\/en-los-medios\/corte-ordena-investigar-a-jueces-y-medicos-por-no-practicar-aborto\/30612\/","og_locale":"es_ES","og_type":"article","og_title":"Corte ordena investigar a jueces y m\u00e9dicos por no practicar aborto - CLAM - ES","og_description":"Cinco meses despu\u00e9s de que Ana dio a luz, la Corte Constitucional reconoci\u00f3 el derecho que la joven invoc\u00f3 en una tutela para interrumpir su embarazo. El fallo, basado en una ponencia del magistrado Jaime C\u00f3rdoba Trivi\u00f1o, dispuso tambi\u00e9n que la Superintendencia de Salud investigue la actuaci\u00f3n de la Entidad Prestadora de Salud (EPS) Cosmitet Ltda, a la que est\u00e1 afiliada la menor, y que aplique las sanciones del caso. En la decisi\u00f3n, la Corte Constitucional reiter\u00f3 la obligaci\u00f3n de los jueces de ordenar la interrupci\u00f3n del embarazo en caso de violaci\u00f3n, malformaci\u00f3n y las otras causas establecidas en la sentencia que despenaliz\u00f3 de manera parcial el aborto.","og_url":"https:\/\/clam.org.br\/es\/en-los-medios\/corte-ordena-investigar-a-jueces-y-medicos-por-no-practicar-aborto\/30612\/","og_site_name":"CLAM - ES","article_published_time":"2009-02-12T02:00:00+00:00","author":"fw2","twitter_card":"summary_large_image","twitter_misc":{"Escrito por":"fw2","Tiempo de lectura":"1 minuto"},"schema":{"@context":"https:\/\/schema.org","@graph":[{"@type":"WebPage","@id":"https:\/\/clam.org.br\/es\/en-los-medios\/corte-ordena-investigar-a-jueces-y-medicos-por-no-practicar-aborto\/30612\/","url":"https:\/\/clam.org.br\/es\/en-los-medios\/corte-ordena-investigar-a-jueces-y-medicos-por-no-practicar-aborto\/30612\/","name":"Corte ordena investigar a jueces y m\u00e9dicos por no practicar aborto - CLAM - ES","isPartOf":{"@id":"https:\/\/clam.org.br\/es\/#website"},"datePublished":"2009-02-12T02:00:00+00:00","author":{"@id":"https:\/\/clam.org.br\/es\/#\/schema\/person\/fbd9a86032bf7479f94b0ded196f1010"},"breadcrumb":{"@id":"https:\/\/clam.org.br\/es\/en-los-medios\/corte-ordena-investigar-a-jueces-y-medicos-por-no-practicar-aborto\/30612\/#breadcrumb"},"inLanguage":"es","potentialAction":[{"@type":"ReadAction","target":["https:\/\/clam.org.br\/es\/en-los-medios\/corte-ordena-investigar-a-jueces-y-medicos-por-no-practicar-aborto\/30612\/"]}]},{"@type":"BreadcrumbList","@id":"https:\/\/clam.org.br\/es\/en-los-medios\/corte-ordena-investigar-a-jueces-y-medicos-por-no-practicar-aborto\/30612\/#breadcrumb","itemListElement":[{"@type":"ListItem","position":1,"name":"In\u00edcio","item":"https:\/\/clam.org.br\/es\/"},{"@type":"ListItem","position":2,"name":"Corte ordena investigar a jueces y m\u00e9dicos por no practicar aborto"}]},{"@type":"WebSite","@id":"https:\/\/clam.org.br\/es\/#website","url":"https:\/\/clam.org.br\/es\/","name":"CLAM - ES","description":"S\u00f3 mais um site CLAM - Centro Latino-Americano em Sexualidade e Direitos Humanos sites","potentialAction":[{"@type":"SearchAction","target":{"@type":"EntryPoint","urlTemplate":"https:\/\/clam.org.br\/es\/?s={search_term_string}"},"query-input":{"@type":"PropertyValueSpecification","valueRequired":true,"valueName":"search_term_string"}}],"inLanguage":"es"},{"@type":"Person","@id":"https:\/\/clam.org.br\/es\/#\/schema\/person\/fbd9a86032bf7479f94b0ded196f1010","name":"fw2","image":{"@type":"ImageObject","inLanguage":"es","@id":"https:\/\/clam.org.br\/es\/#\/schema\/person\/image\/","url":"https:\/\/secure.gravatar.com\/avatar\/c38472c0cdbde82d9b6fcc26adb3779d?s=96&d=mm&r=g","contentUrl":"https:\/\/secure.gravatar.com\/avatar\/c38472c0cdbde82d9b6fcc26adb3779d?s=96&d=mm&r=g","caption":"fw2"},"sameAs":["https:\/\/clam.fw2web.com.br"],"url":"https:\/\/clam.org.br\/es\/author\/fw2\/"}]}},"jetpack_featured_media_url":"","jetpack_sharing_enabled":true,"_links":{"self":[{"href":"https:\/\/clam.org.br\/es\/wp-json\/wp\/v2\/posts\/30612","targetHints":{"allow":["GET"]}}],"collection":[{"href":"https:\/\/clam.org.br\/es\/wp-json\/wp\/v2\/posts"}],"about":[{"href":"https:\/\/clam.org.br\/es\/wp-json\/wp\/v2\/types\/post"}],"author":[{"embeddable":true,"href":"https:\/\/clam.org.br\/es\/wp-json\/wp\/v2\/users\/1"}],"replies":[{"embeddable":true,"href":"https:\/\/clam.org.br\/es\/wp-json\/wp\/v2\/comments?post=30612"}],"version-history":[{"count":0,"href":"https:\/\/clam.org.br\/es\/wp-json\/wp\/v2\/posts\/30612\/revisions"}],"wp:attachment":[{"href":"https:\/\/clam.org.br\/es\/wp-json\/wp\/v2\/media?parent=30612"}],"wp:term":[{"taxonomy":"category","embeddable":true,"href":"https:\/\/clam.org.br\/es\/wp-json\/wp\/v2\/categories?post=30612"},{"taxonomy":"post_tag","embeddable":true,"href":"https:\/\/clam.org.br\/es\/wp-json\/wp\/v2\/tags?post=30612"}],"curies":[{"name":"wp","href":"https:\/\/api.w.org\/{rel}","templated":true}]}}