{"id":30681,"date":"2009-04-01T00:00:00","date_gmt":"2009-04-01T03:00:00","guid":{"rendered":"https:\/\/clam.fw2web.com.br\/es\/2009\/04\/01\/movilh-y-victimas-de-la-homofobia-ganan-historico-juicio\/"},"modified":"2009-04-01T00:00:00","modified_gmt":"2009-04-01T03:00:00","slug":"movilh-y-victimas-de-la-homofobia-ganan-historico-juicio","status":"publish","type":"post","link":"https:\/\/clam.org.br\/es\/en-los-medios\/movilh-y-victimas-de-la-homofobia-ganan-historico-juicio\/30681\/","title":{"rendered":"Movilh y v\u00edctimas de la homofobia ganan hist\u00f3rico juicio"},"content":{"rendered":"<p><P>Se sobresey\u00f3 definitivamente el juicio iniciado contra activistas que protestaron por la homofobia de los parlamentarios de un partido de derecha, la UDI. Esto, luego de que representantes de ese partido efectuaran una denuncia de alteraci\u00f3n al orden p\u00fablico, que el juez descart\u00f3 de plano, marc\u00e1ndose un hist\u00f3rico triunfo para la democracia y la libertad de expresi\u00f3n en Chile. <\/P> <P><a href=\"http:\/\/www.elciudadano.cl\/2009\/03\/27\/movilh-y-victimas-de-la-homofobia-ganan-historico-juicio\/\" target=\"_blank\" rel=\"noopener\">Texto completo<\/A><\/P><\/p>\n","protected":false},"excerpt":{"rendered":"<p>Se sobresey\u00f3 definitivamente el juicio iniciado contra activistas que protestaron por la homofobia de los parlamentarios de un partido de derecha, la UDI. Esto, luego de que representantes de ese partido efectuaran una denuncia de alteraci\u00f3n al orden p\u00fablico, que el juez descart\u00f3 de plano, marc\u00e1ndose un hist\u00f3rico triunfo para la democracia y la libertad de expresi\u00f3n en Chile<\/p>\n","protected":false},"author":1,"featured_media":0,"comment_status":"open","ping_status":"open","sticky":false,"template":"","format":"standard","meta":{"_acf_changed":false,"site-sidebar-layout":"default","site-content-layout":"default","ast-global-header-display":"","ast-main-header-display":"","ast-hfb-above-header-display":"","ast-hfb-below-header-display":"","ast-hfb-mobile-header-display":"","site-post-title":"","ast-breadcrumbs-content":"","ast-featured-img":"","footer-sml-layout":"","theme-transparent-header-meta":"","adv-header-id-meta":"","stick-header-meta":"","header-above-stick-meta":"","header-main-stick-meta":"","header-below-stick-meta":"","_jetpack_memberships_contains_paid_content":false,"footnotes":""},"categories":[27],"tags":[],"class_list":["post-30681","post","type-post","status-publish","format-standard","hentry","category-en-los-medios"],"acf":[],"yoast_head":"<!-- This site is optimized with the Yoast SEO plugin v26.1.1 - https:\/\/yoast.com\/wordpress\/plugins\/seo\/ -->\n<title>Movilh y v\u00edctimas de la homofobia ganan hist\u00f3rico juicio - CLAM - ES<\/title>\n<meta name=\"robots\" content=\"index, follow, max-snippet:-1, max-image-preview:large, max-video-preview:-1\" \/>\n<link rel=\"canonical\" href=\"https:\/\/clam.org.br\/es\/en-los-medios\/movilh-y-victimas-de-la-homofobia-ganan-historico-juicio\/30681\/\" \/>\n<meta property=\"og:locale\" content=\"es_ES\" \/>\n<meta property=\"og:type\" content=\"article\" \/>\n<meta property=\"og:title\" content=\"Movilh y v\u00edctimas de la homofobia ganan hist\u00f3rico juicio - CLAM - ES\" \/>\n<meta property=\"og:description\" content=\"Se sobresey\u00f3 definitivamente el juicio iniciado contra activistas que protestaron por la homofobia de los parlamentarios de un partido de derecha, la UDI. Esto, luego de que representantes de ese partido efectuaran una denuncia de alteraci\u00f3n al orden p\u00fablico, que el juez descart\u00f3 de plano, marc\u00e1ndose un hist\u00f3rico triunfo para la democracia y la libertad de expresi\u00f3n en Chile\" \/>\n<meta property=\"og:url\" content=\"https:\/\/clam.org.br\/es\/en-los-medios\/movilh-y-victimas-de-la-homofobia-ganan-historico-juicio\/30681\/\" \/>\n<meta property=\"og:site_name\" content=\"CLAM - ES\" \/>\n<meta property=\"article:published_time\" content=\"2009-04-01T03:00:00+00:00\" \/>\n<meta name=\"author\" content=\"fw2\" \/>\n<meta name=\"twitter:card\" content=\"summary_large_image\" \/>\n<meta name=\"twitter:label1\" content=\"Escrito por\" \/>\n\t<meta name=\"twitter:data1\" content=\"fw2\" \/>\n<script type=\"application\/ld+json\" class=\"yoast-schema-graph\">{\"@context\":\"https:\/\/schema.org\",\"@graph\":[{\"@type\":\"WebPage\",\"@id\":\"https:\/\/clam.org.br\/es\/en-los-medios\/movilh-y-victimas-de-la-homofobia-ganan-historico-juicio\/30681\/\",\"url\":\"https:\/\/clam.org.br\/es\/en-los-medios\/movilh-y-victimas-de-la-homofobia-ganan-historico-juicio\/30681\/\",\"name\":\"Movilh y v\u00edctimas de la homofobia ganan hist\u00f3rico juicio - CLAM - ES\",\"isPartOf\":{\"@id\":\"https:\/\/clam.org.br\/es\/#website\"},\"datePublished\":\"2009-04-01T03:00:00+00:00\",\"author\":{\"@id\":\"https:\/\/clam.org.br\/es\/#\/schema\/person\/fbd9a86032bf7479f94b0ded196f1010\"},\"breadcrumb\":{\"@id\":\"https:\/\/clam.org.br\/es\/en-los-medios\/movilh-y-victimas-de-la-homofobia-ganan-historico-juicio\/30681\/#breadcrumb\"},\"inLanguage\":\"es\",\"potentialAction\":[{\"@type\":\"ReadAction\",\"target\":[\"https:\/\/clam.org.br\/es\/en-los-medios\/movilh-y-victimas-de-la-homofobia-ganan-historico-juicio\/30681\/\"]}]},{\"@type\":\"BreadcrumbList\",\"@id\":\"https:\/\/clam.org.br\/es\/en-los-medios\/movilh-y-victimas-de-la-homofobia-ganan-historico-juicio\/30681\/#breadcrumb\",\"itemListElement\":[{\"@type\":\"ListItem\",\"position\":1,\"name\":\"In\u00edcio\",\"item\":\"https:\/\/clam.org.br\/es\/\"},{\"@type\":\"ListItem\",\"position\":2,\"name\":\"Movilh y v\u00edctimas de la homofobia ganan hist\u00f3rico juicio\"}]},{\"@type\":\"WebSite\",\"@id\":\"https:\/\/clam.org.br\/es\/#website\",\"url\":\"https:\/\/clam.org.br\/es\/\",\"name\":\"CLAM - ES\",\"description\":\"S\u00f3 mais um site CLAM - Centro Latino-Americano em Sexualidade e Direitos Humanos sites\",\"potentialAction\":[{\"@type\":\"SearchAction\",\"target\":{\"@type\":\"EntryPoint\",\"urlTemplate\":\"https:\/\/clam.org.br\/es\/?s={search_term_string}\"},\"query-input\":{\"@type\":\"PropertyValueSpecification\",\"valueRequired\":true,\"valueName\":\"search_term_string\"}}],\"inLanguage\":\"es\"},{\"@type\":\"Person\",\"@id\":\"https:\/\/clam.org.br\/es\/#\/schema\/person\/fbd9a86032bf7479f94b0ded196f1010\",\"name\":\"fw2\",\"image\":{\"@type\":\"ImageObject\",\"inLanguage\":\"es\",\"@id\":\"https:\/\/clam.org.br\/es\/#\/schema\/person\/image\/\",\"url\":\"https:\/\/secure.gravatar.com\/avatar\/c38472c0cdbde82d9b6fcc26adb3779d?s=96&d=mm&r=g\",\"contentUrl\":\"https:\/\/secure.gravatar.com\/avatar\/c38472c0cdbde82d9b6fcc26adb3779d?s=96&d=mm&r=g\",\"caption\":\"fw2\"},\"sameAs\":[\"https:\/\/clam.fw2web.com.br\"],\"url\":\"https:\/\/clam.org.br\/es\/author\/fw2\/\"}]}<\/script>\n<!-- \/ Yoast SEO plugin. -->","yoast_head_json":{"title":"Movilh y v\u00edctimas de la homofobia ganan hist\u00f3rico juicio - CLAM - ES","robots":{"index":"index","follow":"follow","max-snippet":"max-snippet:-1","max-image-preview":"max-image-preview:large","max-video-preview":"max-video-preview:-1"},"canonical":"https:\/\/clam.org.br\/es\/en-los-medios\/movilh-y-victimas-de-la-homofobia-ganan-historico-juicio\/30681\/","og_locale":"es_ES","og_type":"article","og_title":"Movilh y v\u00edctimas de la homofobia ganan hist\u00f3rico juicio - CLAM - ES","og_description":"Se sobresey\u00f3 definitivamente el juicio iniciado contra activistas que protestaron por la homofobia de los parlamentarios de un partido de derecha, la UDI. Esto, luego de que representantes de ese partido efectuaran una denuncia de alteraci\u00f3n al orden p\u00fablico, que el juez descart\u00f3 de plano, marc\u00e1ndose un hist\u00f3rico triunfo para la democracia y la libertad de expresi\u00f3n en Chile","og_url":"https:\/\/clam.org.br\/es\/en-los-medios\/movilh-y-victimas-de-la-homofobia-ganan-historico-juicio\/30681\/","og_site_name":"CLAM - ES","article_published_time":"2009-04-01T03:00:00+00:00","author":"fw2","twitter_card":"summary_large_image","twitter_misc":{"Escrito por":"fw2"},"schema":{"@context":"https:\/\/schema.org","@graph":[{"@type":"WebPage","@id":"https:\/\/clam.org.br\/es\/en-los-medios\/movilh-y-victimas-de-la-homofobia-ganan-historico-juicio\/30681\/","url":"https:\/\/clam.org.br\/es\/en-los-medios\/movilh-y-victimas-de-la-homofobia-ganan-historico-juicio\/30681\/","name":"Movilh y v\u00edctimas de la homofobia ganan hist\u00f3rico juicio - CLAM - ES","isPartOf":{"@id":"https:\/\/clam.org.br\/es\/#website"},"datePublished":"2009-04-01T03:00:00+00:00","author":{"@id":"https:\/\/clam.org.br\/es\/#\/schema\/person\/fbd9a86032bf7479f94b0ded196f1010"},"breadcrumb":{"@id":"https:\/\/clam.org.br\/es\/en-los-medios\/movilh-y-victimas-de-la-homofobia-ganan-historico-juicio\/30681\/#breadcrumb"},"inLanguage":"es","potentialAction":[{"@type":"ReadAction","target":["https:\/\/clam.org.br\/es\/en-los-medios\/movilh-y-victimas-de-la-homofobia-ganan-historico-juicio\/30681\/"]}]},{"@type":"BreadcrumbList","@id":"https:\/\/clam.org.br\/es\/en-los-medios\/movilh-y-victimas-de-la-homofobia-ganan-historico-juicio\/30681\/#breadcrumb","itemListElement":[{"@type":"ListItem","position":1,"name":"In\u00edcio","item":"https:\/\/clam.org.br\/es\/"},{"@type":"ListItem","position":2,"name":"Movilh y v\u00edctimas de la homofobia ganan hist\u00f3rico juicio"}]},{"@type":"WebSite","@id":"https:\/\/clam.org.br\/es\/#website","url":"https:\/\/clam.org.br\/es\/","name":"CLAM - ES","description":"S\u00f3 mais um site CLAM - Centro Latino-Americano em Sexualidade e Direitos Humanos sites","potentialAction":[{"@type":"SearchAction","target":{"@type":"EntryPoint","urlTemplate":"https:\/\/clam.org.br\/es\/?s={search_term_string}"},"query-input":{"@type":"PropertyValueSpecification","valueRequired":true,"valueName":"search_term_string"}}],"inLanguage":"es"},{"@type":"Person","@id":"https:\/\/clam.org.br\/es\/#\/schema\/person\/fbd9a86032bf7479f94b0ded196f1010","name":"fw2","image":{"@type":"ImageObject","inLanguage":"es","@id":"https:\/\/clam.org.br\/es\/#\/schema\/person\/image\/","url":"https:\/\/secure.gravatar.com\/avatar\/c38472c0cdbde82d9b6fcc26adb3779d?s=96&d=mm&r=g","contentUrl":"https:\/\/secure.gravatar.com\/avatar\/c38472c0cdbde82d9b6fcc26adb3779d?s=96&d=mm&r=g","caption":"fw2"},"sameAs":["https:\/\/clam.fw2web.com.br"],"url":"https:\/\/clam.org.br\/es\/author\/fw2\/"}]}},"jetpack_featured_media_url":"","jetpack_sharing_enabled":true,"_links":{"self":[{"href":"https:\/\/clam.org.br\/es\/wp-json\/wp\/v2\/posts\/30681","targetHints":{"allow":["GET"]}}],"collection":[{"href":"https:\/\/clam.org.br\/es\/wp-json\/wp\/v2\/posts"}],"about":[{"href":"https:\/\/clam.org.br\/es\/wp-json\/wp\/v2\/types\/post"}],"author":[{"embeddable":true,"href":"https:\/\/clam.org.br\/es\/wp-json\/wp\/v2\/users\/1"}],"replies":[{"embeddable":true,"href":"https:\/\/clam.org.br\/es\/wp-json\/wp\/v2\/comments?post=30681"}],"version-history":[{"count":0,"href":"https:\/\/clam.org.br\/es\/wp-json\/wp\/v2\/posts\/30681\/revisions"}],"wp:attachment":[{"href":"https:\/\/clam.org.br\/es\/wp-json\/wp\/v2\/media?parent=30681"}],"wp:term":[{"taxonomy":"category","embeddable":true,"href":"https:\/\/clam.org.br\/es\/wp-json\/wp\/v2\/categories?post=30681"},{"taxonomy":"post_tag","embeddable":true,"href":"https:\/\/clam.org.br\/es\/wp-json\/wp\/v2\/tags?post=30681"}],"curies":[{"name":"wp","href":"https:\/\/api.w.org\/{rel}","templated":true}]}}