{"id":30766,"date":"2009-05-27T00:00:00","date_gmt":"2009-05-27T03:00:00","guid":{"rendered":"https:\/\/clam.fw2web.com.br\/es\/2000\/05\/27\/aceptan-amparo-de-67-mujeres-colimenses-contra-reforma-que-protege-la-vida-desde-la-concepcion\/"},"modified":"2023-06-14T08:00:39","modified_gmt":"2023-06-14T11:00:39","slug":"aceptan-amparo-de-67-mujeres-colimenses-contra-reforma-que-protege-la-vida-desde-la-concepcion","status":"publish","type":"post","link":"https:\/\/clam.org.br\/es\/en-los-medios\/aceptan-amparo-de-67-mujeres-colimenses-contra-reforma-que-protege-la-vida-desde-la-concepcion\/30766\/","title":{"rendered":"Aceptan amparo de 67 mujeres colimenses contra reforma que \u201cprotege la vida desde la concepci\u00f3n\u201d"},"content":{"rendered":"<p><P>Martha Leticia Muro y Francisco Javier Rodr\u00edguez, jueces de distrito uno y dos de Colima, respectivamente, aceptaron los amparos que 67 mujeres presentaron en contra del cambio al art\u00edculo primero de la constituci\u00f3n local, que protege la vida desde el momento de la fecundaci\u00f3n. <\/P> <P><a href=\"http:\/\/www.notiese.org\/notiese.php?ctn_id=2900\" target=\"_blank\" rel=\"noopener\">Texto completo<\/A><\/P><\/p>\n","protected":false},"excerpt":{"rendered":"<p>Martha Leticia Muro y Francisco Javier Rodr\u00edguez, jueces de distrito uno y dos de Colima, respectivamente, aceptaron los amparos que 67 mujeres presentaron en contra del cambio al art\u00edculo primero de la constituci\u00f3n local, que protege la vida desde el momento de la fecundaci\u00f3n<\/p>\n","protected":false},"author":1,"featured_media":0,"comment_status":"open","ping_status":"open","sticky":false,"template":"","format":"standard","meta":{"_acf_changed":false,"site-sidebar-layout":"default","site-content-layout":"default","ast-global-header-display":"","ast-main-header-display":"","ast-hfb-above-header-display":"","ast-hfb-below-header-display":"","ast-hfb-mobile-header-display":"","site-post-title":"","ast-breadcrumbs-content":"","ast-featured-img":"","footer-sml-layout":"","theme-transparent-header-meta":"","adv-header-id-meta":"","stick-header-meta":"","header-above-stick-meta":"","header-main-stick-meta":"","header-below-stick-meta":"","_jetpack_memberships_contains_paid_content":false,"footnotes":""},"categories":[27],"tags":[],"class_list":["post-30766","post","type-post","status-publish","format-standard","hentry","category-en-los-medios"],"acf":[],"yoast_head":"<!-- This site is optimized with the Yoast SEO plugin v26.1.1 - https:\/\/yoast.com\/wordpress\/plugins\/seo\/ -->\n<title>Aceptan amparo de 67 mujeres colimenses contra reforma que \u201cprotege la vida desde la concepci\u00f3n\u201d - CLAM - ES<\/title>\n<meta name=\"robots\" content=\"index, follow, max-snippet:-1, max-image-preview:large, max-video-preview:-1\" \/>\n<link rel=\"canonical\" href=\"https:\/\/clam.org.br\/es\/en-los-medios\/aceptan-amparo-de-67-mujeres-colimenses-contra-reforma-que-protege-la-vida-desde-la-concepcion\/30766\/\" \/>\n<meta property=\"og:locale\" content=\"es_ES\" \/>\n<meta property=\"og:type\" content=\"article\" \/>\n<meta property=\"og:title\" content=\"Aceptan amparo de 67 mujeres colimenses contra reforma que \u201cprotege la vida desde la concepci\u00f3n\u201d - CLAM - ES\" \/>\n<meta property=\"og:description\" content=\"Martha Leticia Muro y Francisco Javier Rodr\u00edguez, jueces de distrito uno y dos de Colima, respectivamente, aceptaron los amparos que 67 mujeres presentaron en contra del cambio al art\u00edculo primero de la constituci\u00f3n local, que protege la vida desde el momento de la fecundaci\u00f3n\" \/>\n<meta property=\"og:url\" content=\"https:\/\/clam.org.br\/es\/en-los-medios\/aceptan-amparo-de-67-mujeres-colimenses-contra-reforma-que-protege-la-vida-desde-la-concepcion\/30766\/\" \/>\n<meta property=\"og:site_name\" content=\"CLAM - ES\" \/>\n<meta property=\"article:published_time\" content=\"2009-05-27T03:00:00+00:00\" \/>\n<meta property=\"article:modified_time\" content=\"2023-06-14T11:00:39+00:00\" \/>\n<meta name=\"author\" content=\"fw2\" \/>\n<meta name=\"twitter:card\" content=\"summary_large_image\" \/>\n<meta name=\"twitter:label1\" content=\"Escrito por\" \/>\n\t<meta name=\"twitter:data1\" content=\"fw2\" \/>\n<script type=\"application\/ld+json\" class=\"yoast-schema-graph\">{\"@context\":\"https:\/\/schema.org\",\"@graph\":[{\"@type\":\"WebPage\",\"@id\":\"https:\/\/clam.org.br\/es\/en-los-medios\/aceptan-amparo-de-67-mujeres-colimenses-contra-reforma-que-protege-la-vida-desde-la-concepcion\/30766\/\",\"url\":\"https:\/\/clam.org.br\/es\/en-los-medios\/aceptan-amparo-de-67-mujeres-colimenses-contra-reforma-que-protege-la-vida-desde-la-concepcion\/30766\/\",\"name\":\"Aceptan amparo de 67 mujeres colimenses contra reforma que \u201cprotege la vida desde la concepci\u00f3n\u201d - CLAM - ES\",\"isPartOf\":{\"@id\":\"https:\/\/clam.org.br\/es\/#website\"},\"datePublished\":\"2009-05-27T03:00:00+00:00\",\"dateModified\":\"2023-06-14T11:00:39+00:00\",\"author\":{\"@id\":\"https:\/\/clam.org.br\/es\/#\/schema\/person\/fbd9a86032bf7479f94b0ded196f1010\"},\"breadcrumb\":{\"@id\":\"https:\/\/clam.org.br\/es\/en-los-medios\/aceptan-amparo-de-67-mujeres-colimenses-contra-reforma-que-protege-la-vida-desde-la-concepcion\/30766\/#breadcrumb\"},\"inLanguage\":\"es\",\"potentialAction\":[{\"@type\":\"ReadAction\",\"target\":[\"https:\/\/clam.org.br\/es\/en-los-medios\/aceptan-amparo-de-67-mujeres-colimenses-contra-reforma-que-protege-la-vida-desde-la-concepcion\/30766\/\"]}]},{\"@type\":\"BreadcrumbList\",\"@id\":\"https:\/\/clam.org.br\/es\/en-los-medios\/aceptan-amparo-de-67-mujeres-colimenses-contra-reforma-que-protege-la-vida-desde-la-concepcion\/30766\/#breadcrumb\",\"itemListElement\":[{\"@type\":\"ListItem\",\"position\":1,\"name\":\"In\u00edcio\",\"item\":\"https:\/\/clam.org.br\/es\/\"},{\"@type\":\"ListItem\",\"position\":2,\"name\":\"Aceptan amparo de 67 mujeres colimenses contra reforma que \u201cprotege la vida desde la concepci\u00f3n\u201d\"}]},{\"@type\":\"WebSite\",\"@id\":\"https:\/\/clam.org.br\/es\/#website\",\"url\":\"https:\/\/clam.org.br\/es\/\",\"name\":\"CLAM - ES\",\"description\":\"S\u00f3 mais um site CLAM - Centro Latino-Americano em Sexualidade e Direitos Humanos sites\",\"potentialAction\":[{\"@type\":\"SearchAction\",\"target\":{\"@type\":\"EntryPoint\",\"urlTemplate\":\"https:\/\/clam.org.br\/es\/?s={search_term_string}\"},\"query-input\":{\"@type\":\"PropertyValueSpecification\",\"valueRequired\":true,\"valueName\":\"search_term_string\"}}],\"inLanguage\":\"es\"},{\"@type\":\"Person\",\"@id\":\"https:\/\/clam.org.br\/es\/#\/schema\/person\/fbd9a86032bf7479f94b0ded196f1010\",\"name\":\"fw2\",\"image\":{\"@type\":\"ImageObject\",\"inLanguage\":\"es\",\"@id\":\"https:\/\/clam.org.br\/es\/#\/schema\/person\/image\/\",\"url\":\"https:\/\/secure.gravatar.com\/avatar\/c38472c0cdbde82d9b6fcc26adb3779d?s=96&d=mm&r=g\",\"contentUrl\":\"https:\/\/secure.gravatar.com\/avatar\/c38472c0cdbde82d9b6fcc26adb3779d?s=96&d=mm&r=g\",\"caption\":\"fw2\"},\"sameAs\":[\"https:\/\/clam.fw2web.com.br\"],\"url\":\"https:\/\/clam.org.br\/es\/author\/fw2\/\"}]}<\/script>\n<!-- \/ Yoast SEO plugin. -->","yoast_head_json":{"title":"Aceptan amparo de 67 mujeres colimenses contra reforma que \u201cprotege la vida desde la concepci\u00f3n\u201d - CLAM - ES","robots":{"index":"index","follow":"follow","max-snippet":"max-snippet:-1","max-image-preview":"max-image-preview:large","max-video-preview":"max-video-preview:-1"},"canonical":"https:\/\/clam.org.br\/es\/en-los-medios\/aceptan-amparo-de-67-mujeres-colimenses-contra-reforma-que-protege-la-vida-desde-la-concepcion\/30766\/","og_locale":"es_ES","og_type":"article","og_title":"Aceptan amparo de 67 mujeres colimenses contra reforma que \u201cprotege la vida desde la concepci\u00f3n\u201d - CLAM - ES","og_description":"Martha Leticia Muro y Francisco Javier Rodr\u00edguez, jueces de distrito uno y dos de Colima, respectivamente, aceptaron los amparos que 67 mujeres presentaron en contra del cambio al art\u00edculo primero de la constituci\u00f3n local, que protege la vida desde el momento de la fecundaci\u00f3n","og_url":"https:\/\/clam.org.br\/es\/en-los-medios\/aceptan-amparo-de-67-mujeres-colimenses-contra-reforma-que-protege-la-vida-desde-la-concepcion\/30766\/","og_site_name":"CLAM - ES","article_published_time":"2009-05-27T03:00:00+00:00","article_modified_time":"2023-06-14T11:00:39+00:00","author":"fw2","twitter_card":"summary_large_image","twitter_misc":{"Escrito por":"fw2"},"schema":{"@context":"https:\/\/schema.org","@graph":[{"@type":"WebPage","@id":"https:\/\/clam.org.br\/es\/en-los-medios\/aceptan-amparo-de-67-mujeres-colimenses-contra-reforma-que-protege-la-vida-desde-la-concepcion\/30766\/","url":"https:\/\/clam.org.br\/es\/en-los-medios\/aceptan-amparo-de-67-mujeres-colimenses-contra-reforma-que-protege-la-vida-desde-la-concepcion\/30766\/","name":"Aceptan amparo de 67 mujeres colimenses contra reforma que \u201cprotege la vida desde la concepci\u00f3n\u201d - CLAM - ES","isPartOf":{"@id":"https:\/\/clam.org.br\/es\/#website"},"datePublished":"2009-05-27T03:00:00+00:00","dateModified":"2023-06-14T11:00:39+00:00","author":{"@id":"https:\/\/clam.org.br\/es\/#\/schema\/person\/fbd9a86032bf7479f94b0ded196f1010"},"breadcrumb":{"@id":"https:\/\/clam.org.br\/es\/en-los-medios\/aceptan-amparo-de-67-mujeres-colimenses-contra-reforma-que-protege-la-vida-desde-la-concepcion\/30766\/#breadcrumb"},"inLanguage":"es","potentialAction":[{"@type":"ReadAction","target":["https:\/\/clam.org.br\/es\/en-los-medios\/aceptan-amparo-de-67-mujeres-colimenses-contra-reforma-que-protege-la-vida-desde-la-concepcion\/30766\/"]}]},{"@type":"BreadcrumbList","@id":"https:\/\/clam.org.br\/es\/en-los-medios\/aceptan-amparo-de-67-mujeres-colimenses-contra-reforma-que-protege-la-vida-desde-la-concepcion\/30766\/#breadcrumb","itemListElement":[{"@type":"ListItem","position":1,"name":"In\u00edcio","item":"https:\/\/clam.org.br\/es\/"},{"@type":"ListItem","position":2,"name":"Aceptan amparo de 67 mujeres colimenses contra reforma que \u201cprotege la vida desde la concepci\u00f3n\u201d"}]},{"@type":"WebSite","@id":"https:\/\/clam.org.br\/es\/#website","url":"https:\/\/clam.org.br\/es\/","name":"CLAM - ES","description":"S\u00f3 mais um site CLAM - Centro Latino-Americano em Sexualidade e Direitos Humanos sites","potentialAction":[{"@type":"SearchAction","target":{"@type":"EntryPoint","urlTemplate":"https:\/\/clam.org.br\/es\/?s={search_term_string}"},"query-input":{"@type":"PropertyValueSpecification","valueRequired":true,"valueName":"search_term_string"}}],"inLanguage":"es"},{"@type":"Person","@id":"https:\/\/clam.org.br\/es\/#\/schema\/person\/fbd9a86032bf7479f94b0ded196f1010","name":"fw2","image":{"@type":"ImageObject","inLanguage":"es","@id":"https:\/\/clam.org.br\/es\/#\/schema\/person\/image\/","url":"https:\/\/secure.gravatar.com\/avatar\/c38472c0cdbde82d9b6fcc26adb3779d?s=96&d=mm&r=g","contentUrl":"https:\/\/secure.gravatar.com\/avatar\/c38472c0cdbde82d9b6fcc26adb3779d?s=96&d=mm&r=g","caption":"fw2"},"sameAs":["https:\/\/clam.fw2web.com.br"],"url":"https:\/\/clam.org.br\/es\/author\/fw2\/"}]}},"jetpack_featured_media_url":"","jetpack_sharing_enabled":true,"_links":{"self":[{"href":"https:\/\/clam.org.br\/es\/wp-json\/wp\/v2\/posts\/30766","targetHints":{"allow":["GET"]}}],"collection":[{"href":"https:\/\/clam.org.br\/es\/wp-json\/wp\/v2\/posts"}],"about":[{"href":"https:\/\/clam.org.br\/es\/wp-json\/wp\/v2\/types\/post"}],"author":[{"embeddable":true,"href":"https:\/\/clam.org.br\/es\/wp-json\/wp\/v2\/users\/1"}],"replies":[{"embeddable":true,"href":"https:\/\/clam.org.br\/es\/wp-json\/wp\/v2\/comments?post=30766"}],"version-history":[{"count":1,"href":"https:\/\/clam.org.br\/es\/wp-json\/wp\/v2\/posts\/30766\/revisions"}],"predecessor-version":[{"id":30767,"href":"https:\/\/clam.org.br\/es\/wp-json\/wp\/v2\/posts\/30766\/revisions\/30767"}],"wp:attachment":[{"href":"https:\/\/clam.org.br\/es\/wp-json\/wp\/v2\/media?parent=30766"}],"wp:term":[{"taxonomy":"category","embeddable":true,"href":"https:\/\/clam.org.br\/es\/wp-json\/wp\/v2\/categories?post=30766"},{"taxonomy":"post_tag","embeddable":true,"href":"https:\/\/clam.org.br\/es\/wp-json\/wp\/v2\/tags?post=30766"}],"curies":[{"name":"wp","href":"https:\/\/api.w.org\/{rel}","templated":true}]}}