{"id":3077,"date":"2007-01-24T00:00:00","date_gmt":"2007-01-24T02:00:00","guid":{"rendered":"https:\/\/clam.fw2web.com.br\/es\/2007\/01\/24\/homofobia-la-complicidad-de-las-instituciones\/"},"modified":"2023-06-14T07:49:12","modified_gmt":"2023-06-14T10:49:12","slug":"homofobia-la-complicidad-de-las-instituciones","status":"publish","type":"post","link":"https:\/\/clam.org.br\/es\/en-los-medios\/homofobia-la-complicidad-de-las-instituciones\/3077\/","title":{"rendered":"Homofobia, la complicidad de las instituciones"},"content":{"rendered":"<p>&ldquo;\u00bfHomofobia? No, no, no. Nada de eso.&rdquo; Las declaraciones hechas a NotieSe por el director de Comunicaci\u00f3n Social de la Procuradur\u00eda de Justicia de Tamaulipas, Rub\u00e9n Dar\u00edo R\u00edos L\u00f3pez, en torno al asesinato del activista gay Jos\u00e9 Ernesto Leal Rodr\u00edguez en Matamoros son una loa a la discriminaci\u00f3n institucional que se vive en M\u00e9xico.<BR> <a href=\"http:\/\/www.notiese.org\/interior.shtml?sh_itm=74045f967ea5dc90131cbd950639c1c3\" target=\"_blank\" rel=\"noopener\">Texto completo<\/A><\/p>\n","protected":false},"excerpt":{"rendered":"<p>&ldquo;\u00bfHomofobia? No, no, no. Nada de eso.&rdquo; Las declaraciones hechas a NotieSe por el director de Comunicaci\u00f3n Social de la Procuradur\u00eda de Justicia de Tamaulipas, Rub\u00e9n Dar\u00edo R\u00edos L\u00f3pez, en torno al asesinato del activista gay Jos\u00e9 Ernesto Leal Rodr\u00edguez en Matamoros son una loa a la discriminaci\u00f3n institucional que se vive en M\u00e9xico.<\/p>\n","protected":false},"author":1,"featured_media":0,"comment_status":"open","ping_status":"open","sticky":false,"template":"","format":"standard","meta":{"_acf_changed":false,"site-sidebar-layout":"default","site-content-layout":"default","ast-global-header-display":"","ast-main-header-display":"","ast-hfb-above-header-display":"","ast-hfb-below-header-display":"","ast-hfb-mobile-header-display":"","site-post-title":"","ast-breadcrumbs-content":"","ast-featured-img":"","footer-sml-layout":"","theme-transparent-header-meta":"","adv-header-id-meta":"","stick-header-meta":"","header-above-stick-meta":"","header-main-stick-meta":"","header-below-stick-meta":"","_jetpack_memberships_contains_paid_content":false,"footnotes":""},"categories":[27],"tags":[],"class_list":["post-3077","post","type-post","status-publish","format-standard","hentry","category-en-los-medios"],"acf":[],"yoast_head":"<!-- This site is optimized with the Yoast SEO plugin v26.1.1 - https:\/\/yoast.com\/wordpress\/plugins\/seo\/ -->\n<title>Homofobia, la complicidad de las instituciones - CLAM - ES<\/title>\n<meta name=\"robots\" content=\"index, follow, max-snippet:-1, max-image-preview:large, max-video-preview:-1\" \/>\n<link rel=\"canonical\" href=\"https:\/\/clam.org.br\/es\/en-los-medios\/homofobia-la-complicidad-de-las-instituciones\/3077\/\" \/>\n<meta property=\"og:locale\" content=\"es_ES\" \/>\n<meta property=\"og:type\" content=\"article\" \/>\n<meta property=\"og:title\" content=\"Homofobia, la complicidad de las instituciones - CLAM - ES\" \/>\n<meta property=\"og:description\" content=\"&ldquo;\u00bfHomofobia? No, no, no. Nada de eso.&rdquo; Las declaraciones hechas a NotieSe por el director de Comunicaci\u00f3n Social de la Procuradur\u00eda de Justicia de Tamaulipas, Rub\u00e9n Dar\u00edo R\u00edos L\u00f3pez, en torno al asesinato del activista gay Jos\u00e9 Ernesto Leal Rodr\u00edguez en Matamoros son una loa a la discriminaci\u00f3n institucional que se vive en M\u00e9xico.\" \/>\n<meta property=\"og:url\" content=\"https:\/\/clam.org.br\/es\/en-los-medios\/homofobia-la-complicidad-de-las-instituciones\/3077\/\" \/>\n<meta property=\"og:site_name\" content=\"CLAM - ES\" \/>\n<meta property=\"article:published_time\" content=\"2007-01-24T02:00:00+00:00\" \/>\n<meta property=\"article:modified_time\" content=\"2023-06-14T10:49:12+00:00\" \/>\n<meta name=\"author\" content=\"fw2\" \/>\n<meta name=\"twitter:card\" content=\"summary_large_image\" \/>\n<meta name=\"twitter:label1\" content=\"Escrito por\" \/>\n\t<meta name=\"twitter:data1\" content=\"fw2\" \/>\n<script type=\"application\/ld+json\" class=\"yoast-schema-graph\">{\"@context\":\"https:\/\/schema.org\",\"@graph\":[{\"@type\":\"WebPage\",\"@id\":\"https:\/\/clam.org.br\/es\/en-los-medios\/homofobia-la-complicidad-de-las-instituciones\/3077\/\",\"url\":\"https:\/\/clam.org.br\/es\/en-los-medios\/homofobia-la-complicidad-de-las-instituciones\/3077\/\",\"name\":\"Homofobia, la complicidad de las instituciones - CLAM - ES\",\"isPartOf\":{\"@id\":\"https:\/\/clam.org.br\/es\/#website\"},\"datePublished\":\"2007-01-24T02:00:00+00:00\",\"dateModified\":\"2023-06-14T10:49:12+00:00\",\"author\":{\"@id\":\"https:\/\/clam.org.br\/es\/#\/schema\/person\/fbd9a86032bf7479f94b0ded196f1010\"},\"breadcrumb\":{\"@id\":\"https:\/\/clam.org.br\/es\/en-los-medios\/homofobia-la-complicidad-de-las-instituciones\/3077\/#breadcrumb\"},\"inLanguage\":\"es\",\"potentialAction\":[{\"@type\":\"ReadAction\",\"target\":[\"https:\/\/clam.org.br\/es\/en-los-medios\/homofobia-la-complicidad-de-las-instituciones\/3077\/\"]}]},{\"@type\":\"BreadcrumbList\",\"@id\":\"https:\/\/clam.org.br\/es\/en-los-medios\/homofobia-la-complicidad-de-las-instituciones\/3077\/#breadcrumb\",\"itemListElement\":[{\"@type\":\"ListItem\",\"position\":1,\"name\":\"In\u00edcio\",\"item\":\"https:\/\/clam.org.br\/es\/\"},{\"@type\":\"ListItem\",\"position\":2,\"name\":\"Homofobia, la complicidad de las instituciones\"}]},{\"@type\":\"WebSite\",\"@id\":\"https:\/\/clam.org.br\/es\/#website\",\"url\":\"https:\/\/clam.org.br\/es\/\",\"name\":\"CLAM - ES\",\"description\":\"S\u00f3 mais um site CLAM - Centro Latino-Americano em Sexualidade e Direitos Humanos sites\",\"potentialAction\":[{\"@type\":\"SearchAction\",\"target\":{\"@type\":\"EntryPoint\",\"urlTemplate\":\"https:\/\/clam.org.br\/es\/?s={search_term_string}\"},\"query-input\":{\"@type\":\"PropertyValueSpecification\",\"valueRequired\":true,\"valueName\":\"search_term_string\"}}],\"inLanguage\":\"es\"},{\"@type\":\"Person\",\"@id\":\"https:\/\/clam.org.br\/es\/#\/schema\/person\/fbd9a86032bf7479f94b0ded196f1010\",\"name\":\"fw2\",\"image\":{\"@type\":\"ImageObject\",\"inLanguage\":\"es\",\"@id\":\"https:\/\/clam.org.br\/es\/#\/schema\/person\/image\/\",\"url\":\"https:\/\/secure.gravatar.com\/avatar\/c38472c0cdbde82d9b6fcc26adb3779d?s=96&d=mm&r=g\",\"contentUrl\":\"https:\/\/secure.gravatar.com\/avatar\/c38472c0cdbde82d9b6fcc26adb3779d?s=96&d=mm&r=g\",\"caption\":\"fw2\"},\"sameAs\":[\"https:\/\/clam.fw2web.com.br\"],\"url\":\"https:\/\/clam.org.br\/es\/author\/fw2\/\"}]}<\/script>\n<!-- \/ Yoast SEO plugin. -->","yoast_head_json":{"title":"Homofobia, la complicidad de las instituciones - CLAM - ES","robots":{"index":"index","follow":"follow","max-snippet":"max-snippet:-1","max-image-preview":"max-image-preview:large","max-video-preview":"max-video-preview:-1"},"canonical":"https:\/\/clam.org.br\/es\/en-los-medios\/homofobia-la-complicidad-de-las-instituciones\/3077\/","og_locale":"es_ES","og_type":"article","og_title":"Homofobia, la complicidad de las instituciones - CLAM - ES","og_description":"&ldquo;\u00bfHomofobia? No, no, no. Nada de eso.&rdquo; Las declaraciones hechas a NotieSe por el director de Comunicaci\u00f3n Social de la Procuradur\u00eda de Justicia de Tamaulipas, Rub\u00e9n Dar\u00edo R\u00edos L\u00f3pez, en torno al asesinato del activista gay Jos\u00e9 Ernesto Leal Rodr\u00edguez en Matamoros son una loa a la discriminaci\u00f3n institucional que se vive en M\u00e9xico.","og_url":"https:\/\/clam.org.br\/es\/en-los-medios\/homofobia-la-complicidad-de-las-instituciones\/3077\/","og_site_name":"CLAM - ES","article_published_time":"2007-01-24T02:00:00+00:00","article_modified_time":"2023-06-14T10:49:12+00:00","author":"fw2","twitter_card":"summary_large_image","twitter_misc":{"Escrito por":"fw2"},"schema":{"@context":"https:\/\/schema.org","@graph":[{"@type":"WebPage","@id":"https:\/\/clam.org.br\/es\/en-los-medios\/homofobia-la-complicidad-de-las-instituciones\/3077\/","url":"https:\/\/clam.org.br\/es\/en-los-medios\/homofobia-la-complicidad-de-las-instituciones\/3077\/","name":"Homofobia, la complicidad de las instituciones - CLAM - ES","isPartOf":{"@id":"https:\/\/clam.org.br\/es\/#website"},"datePublished":"2007-01-24T02:00:00+00:00","dateModified":"2023-06-14T10:49:12+00:00","author":{"@id":"https:\/\/clam.org.br\/es\/#\/schema\/person\/fbd9a86032bf7479f94b0ded196f1010"},"breadcrumb":{"@id":"https:\/\/clam.org.br\/es\/en-los-medios\/homofobia-la-complicidad-de-las-instituciones\/3077\/#breadcrumb"},"inLanguage":"es","potentialAction":[{"@type":"ReadAction","target":["https:\/\/clam.org.br\/es\/en-los-medios\/homofobia-la-complicidad-de-las-instituciones\/3077\/"]}]},{"@type":"BreadcrumbList","@id":"https:\/\/clam.org.br\/es\/en-los-medios\/homofobia-la-complicidad-de-las-instituciones\/3077\/#breadcrumb","itemListElement":[{"@type":"ListItem","position":1,"name":"In\u00edcio","item":"https:\/\/clam.org.br\/es\/"},{"@type":"ListItem","position":2,"name":"Homofobia, la complicidad de las instituciones"}]},{"@type":"WebSite","@id":"https:\/\/clam.org.br\/es\/#website","url":"https:\/\/clam.org.br\/es\/","name":"CLAM - ES","description":"S\u00f3 mais um site CLAM - Centro Latino-Americano em Sexualidade e Direitos Humanos sites","potentialAction":[{"@type":"SearchAction","target":{"@type":"EntryPoint","urlTemplate":"https:\/\/clam.org.br\/es\/?s={search_term_string}"},"query-input":{"@type":"PropertyValueSpecification","valueRequired":true,"valueName":"search_term_string"}}],"inLanguage":"es"},{"@type":"Person","@id":"https:\/\/clam.org.br\/es\/#\/schema\/person\/fbd9a86032bf7479f94b0ded196f1010","name":"fw2","image":{"@type":"ImageObject","inLanguage":"es","@id":"https:\/\/clam.org.br\/es\/#\/schema\/person\/image\/","url":"https:\/\/secure.gravatar.com\/avatar\/c38472c0cdbde82d9b6fcc26adb3779d?s=96&d=mm&r=g","contentUrl":"https:\/\/secure.gravatar.com\/avatar\/c38472c0cdbde82d9b6fcc26adb3779d?s=96&d=mm&r=g","caption":"fw2"},"sameAs":["https:\/\/clam.fw2web.com.br"],"url":"https:\/\/clam.org.br\/es\/author\/fw2\/"}]}},"jetpack_featured_media_url":"","jetpack_sharing_enabled":true,"_links":{"self":[{"href":"https:\/\/clam.org.br\/es\/wp-json\/wp\/v2\/posts\/3077","targetHints":{"allow":["GET"]}}],"collection":[{"href":"https:\/\/clam.org.br\/es\/wp-json\/wp\/v2\/posts"}],"about":[{"href":"https:\/\/clam.org.br\/es\/wp-json\/wp\/v2\/types\/post"}],"author":[{"embeddable":true,"href":"https:\/\/clam.org.br\/es\/wp-json\/wp\/v2\/users\/1"}],"replies":[{"embeddable":true,"href":"https:\/\/clam.org.br\/es\/wp-json\/wp\/v2\/comments?post=3077"}],"version-history":[{"count":1,"href":"https:\/\/clam.org.br\/es\/wp-json\/wp\/v2\/posts\/3077\/revisions"}],"predecessor-version":[{"id":28577,"href":"https:\/\/clam.org.br\/es\/wp-json\/wp\/v2\/posts\/3077\/revisions\/28577"}],"wp:attachment":[{"href":"https:\/\/clam.org.br\/es\/wp-json\/wp\/v2\/media?parent=3077"}],"wp:term":[{"taxonomy":"category","embeddable":true,"href":"https:\/\/clam.org.br\/es\/wp-json\/wp\/v2\/categories?post=3077"},{"taxonomy":"post_tag","embeddable":true,"href":"https:\/\/clam.org.br\/es\/wp-json\/wp\/v2\/tags?post=3077"}],"curies":[{"name":"wp","href":"https:\/\/api.w.org\/{rel}","templated":true}]}}