{"id":3081,"date":"2007-01-30T00:00:00","date_gmt":"2007-01-30T02:00:00","guid":{"rendered":"https:\/\/clam.fw2web.com.br\/es\/2007\/01\/30\/mujer-vs-mujer\/"},"modified":"2023-06-14T07:49:14","modified_gmt":"2023-06-14T10:49:14","slug":"mujer-vs-mujer","status":"publish","type":"post","link":"https:\/\/clam.org.br\/es\/en-los-medios\/mujer-vs-mujer\/3081\/","title":{"rendered":"Mujer vs. mujer"},"content":{"rendered":"<p><P>Un caso ilustra que las relaciones entre homosexuales pueden ser m\u00e1s conflictivas que las dem\u00e1s. La primera impresi\u00f3n cuando se abre la puerta de la casa de Gabri y Ana es de pura tranquilidad. La habitaci\u00f3n que han compartido durante 12 a\u00f1os evidencia calidez. Ana tuvo un matrimonio anterior -a escondidas- cuando apenas ten\u00eda 15 a\u00f1os, y tiene un hijo. Gabri tiene tambi\u00e9n una hija, Lina, de 20 a\u00f1os, de una uni\u00f3n anterior. Todo parece ser felicidad. Pero lo cierto es que adem\u00e1s de haber superado los problemas de cualquier pareja (infidelidad, inseguridad, escasez de dinero), han tenido que luchar por merecer el respeto y la consideraci\u00f3n de los dem\u00e1s dentro de un contexto social hostil. Ana y Gabri son dos mujeres lesbianas que se aman y tratan de llevar una vida normal como la de cualquier &#8216;hijo de vecino&#8217;. <\/P> <P><a href=\"http:\/\/www.semana.com\/wf_InfoArticulo.aspx?idArt=100661\" target=\"_blank\" rel=\"noopener\">Texto completo<\/A><\/P><\/p>\n","protected":false},"excerpt":{"rendered":"<p>Un caso ilustra que las relaciones entre homosexuales pueden ser m\u00e1s conflictivas que las dem\u00e1s. La primera impresi\u00f3n cuando se abre la puerta de la casa de Gabri y Ana es de pura tranquilidad. La habitaci\u00f3n que han compartido durante 12 a\u00f1os evidencia calidez. Ana tuvo un matrimonio anterior -a escondidas- cuando apenas ten\u00eda 15 a\u00f1os, y tiene un hijo. Gabri tiene tambi\u00e9n una hija, Lina, de 20 a\u00f1os, de una uni\u00f3n anterior. Todo parece ser felicidad. Pero lo cierto es que adem\u00e1s de haber superado los problemas de cualquier pareja (infidelidad, inseguridad, escasez de dinero), han tenido que luchar por merecer el respeto y la consideraci\u00f3n de los dem\u00e1s dentro de un contexto social hostil. Ana y Gabri son dos mujeres lesbianas que se aman y tratan de llevar una vida normal como la de cualquier &#8216;hijo de vecino&#8217;.<\/p>\n","protected":false},"author":1,"featured_media":0,"comment_status":"open","ping_status":"open","sticky":false,"template":"","format":"standard","meta":{"_acf_changed":false,"site-sidebar-layout":"default","site-content-layout":"default","ast-global-header-display":"","ast-main-header-display":"","ast-hfb-above-header-display":"","ast-hfb-below-header-display":"","ast-hfb-mobile-header-display":"","site-post-title":"","ast-breadcrumbs-content":"","ast-featured-img":"","footer-sml-layout":"","theme-transparent-header-meta":"","adv-header-id-meta":"","stick-header-meta":"","header-above-stick-meta":"","header-main-stick-meta":"","header-below-stick-meta":"","_jetpack_memberships_contains_paid_content":false,"footnotes":""},"categories":[27],"tags":[],"class_list":["post-3081","post","type-post","status-publish","format-standard","hentry","category-en-los-medios"],"acf":[],"yoast_head":"<!-- This site is optimized with the Yoast SEO plugin v26.1.1 - https:\/\/yoast.com\/wordpress\/plugins\/seo\/ -->\n<title>Mujer vs. mujer - CLAM - ES<\/title>\n<meta name=\"robots\" content=\"index, follow, max-snippet:-1, max-image-preview:large, max-video-preview:-1\" \/>\n<link rel=\"canonical\" href=\"https:\/\/clam.org.br\/es\/en-los-medios\/mujer-vs-mujer\/3081\/\" \/>\n<meta property=\"og:locale\" content=\"es_ES\" \/>\n<meta property=\"og:type\" content=\"article\" \/>\n<meta property=\"og:title\" content=\"Mujer vs. mujer - CLAM - ES\" \/>\n<meta property=\"og:description\" content=\"Un caso ilustra que las relaciones entre homosexuales pueden ser m\u00e1s conflictivas que las dem\u00e1s. La primera impresi\u00f3n cuando se abre la puerta de la casa de Gabri y Ana es de pura tranquilidad. La habitaci\u00f3n que han compartido durante 12 a\u00f1os evidencia calidez. Ana tuvo un matrimonio anterior -a escondidas- cuando apenas ten\u00eda 15 a\u00f1os, y tiene un hijo. Gabri tiene tambi\u00e9n una hija, Lina, de 20 a\u00f1os, de una uni\u00f3n anterior. Todo parece ser felicidad. Pero lo cierto es que adem\u00e1s de haber superado los problemas de cualquier pareja (infidelidad, inseguridad, escasez de dinero), han tenido que luchar por merecer el respeto y la consideraci\u00f3n de los dem\u00e1s dentro de un contexto social hostil. Ana y Gabri son dos mujeres lesbianas que se aman y tratan de llevar una vida normal como la de cualquier &#039;hijo de vecino&#039;.\" \/>\n<meta property=\"og:url\" content=\"https:\/\/clam.org.br\/es\/en-los-medios\/mujer-vs-mujer\/3081\/\" \/>\n<meta property=\"og:site_name\" content=\"CLAM - ES\" \/>\n<meta property=\"article:published_time\" content=\"2007-01-30T02:00:00+00:00\" \/>\n<meta property=\"article:modified_time\" content=\"2023-06-14T10:49:14+00:00\" \/>\n<meta name=\"author\" content=\"fw2\" \/>\n<meta name=\"twitter:card\" content=\"summary_large_image\" \/>\n<meta name=\"twitter:label1\" content=\"Escrito por\" \/>\n\t<meta name=\"twitter:data1\" content=\"fw2\" \/>\n\t<meta name=\"twitter:label2\" content=\"Tiempo de lectura\" \/>\n\t<meta name=\"twitter:data2\" content=\"1 minuto\" \/>\n<script type=\"application\/ld+json\" class=\"yoast-schema-graph\">{\"@context\":\"https:\/\/schema.org\",\"@graph\":[{\"@type\":\"WebPage\",\"@id\":\"https:\/\/clam.org.br\/es\/en-los-medios\/mujer-vs-mujer\/3081\/\",\"url\":\"https:\/\/clam.org.br\/es\/en-los-medios\/mujer-vs-mujer\/3081\/\",\"name\":\"Mujer vs. mujer - CLAM - ES\",\"isPartOf\":{\"@id\":\"https:\/\/clam.org.br\/es\/#website\"},\"datePublished\":\"2007-01-30T02:00:00+00:00\",\"dateModified\":\"2023-06-14T10:49:14+00:00\",\"author\":{\"@id\":\"https:\/\/clam.org.br\/es\/#\/schema\/person\/fbd9a86032bf7479f94b0ded196f1010\"},\"breadcrumb\":{\"@id\":\"https:\/\/clam.org.br\/es\/en-los-medios\/mujer-vs-mujer\/3081\/#breadcrumb\"},\"inLanguage\":\"es\",\"potentialAction\":[{\"@type\":\"ReadAction\",\"target\":[\"https:\/\/clam.org.br\/es\/en-los-medios\/mujer-vs-mujer\/3081\/\"]}]},{\"@type\":\"BreadcrumbList\",\"@id\":\"https:\/\/clam.org.br\/es\/en-los-medios\/mujer-vs-mujer\/3081\/#breadcrumb\",\"itemListElement\":[{\"@type\":\"ListItem\",\"position\":1,\"name\":\"In\u00edcio\",\"item\":\"https:\/\/clam.org.br\/es\/\"},{\"@type\":\"ListItem\",\"position\":2,\"name\":\"Mujer vs. mujer\"}]},{\"@type\":\"WebSite\",\"@id\":\"https:\/\/clam.org.br\/es\/#website\",\"url\":\"https:\/\/clam.org.br\/es\/\",\"name\":\"CLAM - ES\",\"description\":\"S\u00f3 mais um site CLAM - Centro Latino-Americano em Sexualidade e Direitos Humanos sites\",\"potentialAction\":[{\"@type\":\"SearchAction\",\"target\":{\"@type\":\"EntryPoint\",\"urlTemplate\":\"https:\/\/clam.org.br\/es\/?s={search_term_string}\"},\"query-input\":{\"@type\":\"PropertyValueSpecification\",\"valueRequired\":true,\"valueName\":\"search_term_string\"}}],\"inLanguage\":\"es\"},{\"@type\":\"Person\",\"@id\":\"https:\/\/clam.org.br\/es\/#\/schema\/person\/fbd9a86032bf7479f94b0ded196f1010\",\"name\":\"fw2\",\"image\":{\"@type\":\"ImageObject\",\"inLanguage\":\"es\",\"@id\":\"https:\/\/clam.org.br\/es\/#\/schema\/person\/image\/\",\"url\":\"https:\/\/secure.gravatar.com\/avatar\/c38472c0cdbde82d9b6fcc26adb3779d?s=96&d=mm&r=g\",\"contentUrl\":\"https:\/\/secure.gravatar.com\/avatar\/c38472c0cdbde82d9b6fcc26adb3779d?s=96&d=mm&r=g\",\"caption\":\"fw2\"},\"sameAs\":[\"https:\/\/clam.fw2web.com.br\"],\"url\":\"https:\/\/clam.org.br\/es\/author\/fw2\/\"}]}<\/script>\n<!-- \/ Yoast SEO plugin. -->","yoast_head_json":{"title":"Mujer vs. mujer - CLAM - ES","robots":{"index":"index","follow":"follow","max-snippet":"max-snippet:-1","max-image-preview":"max-image-preview:large","max-video-preview":"max-video-preview:-1"},"canonical":"https:\/\/clam.org.br\/es\/en-los-medios\/mujer-vs-mujer\/3081\/","og_locale":"es_ES","og_type":"article","og_title":"Mujer vs. mujer - CLAM - ES","og_description":"Un caso ilustra que las relaciones entre homosexuales pueden ser m\u00e1s conflictivas que las dem\u00e1s. La primera impresi\u00f3n cuando se abre la puerta de la casa de Gabri y Ana es de pura tranquilidad. La habitaci\u00f3n que han compartido durante 12 a\u00f1os evidencia calidez. Ana tuvo un matrimonio anterior -a escondidas- cuando apenas ten\u00eda 15 a\u00f1os, y tiene un hijo. Gabri tiene tambi\u00e9n una hija, Lina, de 20 a\u00f1os, de una uni\u00f3n anterior. Todo parece ser felicidad. Pero lo cierto es que adem\u00e1s de haber superado los problemas de cualquier pareja (infidelidad, inseguridad, escasez de dinero), han tenido que luchar por merecer el respeto y la consideraci\u00f3n de los dem\u00e1s dentro de un contexto social hostil. Ana y Gabri son dos mujeres lesbianas que se aman y tratan de llevar una vida normal como la de cualquier 'hijo de vecino'.","og_url":"https:\/\/clam.org.br\/es\/en-los-medios\/mujer-vs-mujer\/3081\/","og_site_name":"CLAM - ES","article_published_time":"2007-01-30T02:00:00+00:00","article_modified_time":"2023-06-14T10:49:14+00:00","author":"fw2","twitter_card":"summary_large_image","twitter_misc":{"Escrito por":"fw2","Tiempo de lectura":"1 minuto"},"schema":{"@context":"https:\/\/schema.org","@graph":[{"@type":"WebPage","@id":"https:\/\/clam.org.br\/es\/en-los-medios\/mujer-vs-mujer\/3081\/","url":"https:\/\/clam.org.br\/es\/en-los-medios\/mujer-vs-mujer\/3081\/","name":"Mujer vs. mujer - CLAM - ES","isPartOf":{"@id":"https:\/\/clam.org.br\/es\/#website"},"datePublished":"2007-01-30T02:00:00+00:00","dateModified":"2023-06-14T10:49:14+00:00","author":{"@id":"https:\/\/clam.org.br\/es\/#\/schema\/person\/fbd9a86032bf7479f94b0ded196f1010"},"breadcrumb":{"@id":"https:\/\/clam.org.br\/es\/en-los-medios\/mujer-vs-mujer\/3081\/#breadcrumb"},"inLanguage":"es","potentialAction":[{"@type":"ReadAction","target":["https:\/\/clam.org.br\/es\/en-los-medios\/mujer-vs-mujer\/3081\/"]}]},{"@type":"BreadcrumbList","@id":"https:\/\/clam.org.br\/es\/en-los-medios\/mujer-vs-mujer\/3081\/#breadcrumb","itemListElement":[{"@type":"ListItem","position":1,"name":"In\u00edcio","item":"https:\/\/clam.org.br\/es\/"},{"@type":"ListItem","position":2,"name":"Mujer vs. mujer"}]},{"@type":"WebSite","@id":"https:\/\/clam.org.br\/es\/#website","url":"https:\/\/clam.org.br\/es\/","name":"CLAM - ES","description":"S\u00f3 mais um site CLAM - Centro Latino-Americano em Sexualidade e Direitos Humanos sites","potentialAction":[{"@type":"SearchAction","target":{"@type":"EntryPoint","urlTemplate":"https:\/\/clam.org.br\/es\/?s={search_term_string}"},"query-input":{"@type":"PropertyValueSpecification","valueRequired":true,"valueName":"search_term_string"}}],"inLanguage":"es"},{"@type":"Person","@id":"https:\/\/clam.org.br\/es\/#\/schema\/person\/fbd9a86032bf7479f94b0ded196f1010","name":"fw2","image":{"@type":"ImageObject","inLanguage":"es","@id":"https:\/\/clam.org.br\/es\/#\/schema\/person\/image\/","url":"https:\/\/secure.gravatar.com\/avatar\/c38472c0cdbde82d9b6fcc26adb3779d?s=96&d=mm&r=g","contentUrl":"https:\/\/secure.gravatar.com\/avatar\/c38472c0cdbde82d9b6fcc26adb3779d?s=96&d=mm&r=g","caption":"fw2"},"sameAs":["https:\/\/clam.fw2web.com.br"],"url":"https:\/\/clam.org.br\/es\/author\/fw2\/"}]}},"jetpack_featured_media_url":"","jetpack_sharing_enabled":true,"_links":{"self":[{"href":"https:\/\/clam.org.br\/es\/wp-json\/wp\/v2\/posts\/3081","targetHints":{"allow":["GET"]}}],"collection":[{"href":"https:\/\/clam.org.br\/es\/wp-json\/wp\/v2\/posts"}],"about":[{"href":"https:\/\/clam.org.br\/es\/wp-json\/wp\/v2\/types\/post"}],"author":[{"embeddable":true,"href":"https:\/\/clam.org.br\/es\/wp-json\/wp\/v2\/users\/1"}],"replies":[{"embeddable":true,"href":"https:\/\/clam.org.br\/es\/wp-json\/wp\/v2\/comments?post=3081"}],"version-history":[{"count":1,"href":"https:\/\/clam.org.br\/es\/wp-json\/wp\/v2\/posts\/3081\/revisions"}],"predecessor-version":[{"id":28581,"href":"https:\/\/clam.org.br\/es\/wp-json\/wp\/v2\/posts\/3081\/revisions\/28581"}],"wp:attachment":[{"href":"https:\/\/clam.org.br\/es\/wp-json\/wp\/v2\/media?parent=3081"}],"wp:term":[{"taxonomy":"category","embeddable":true,"href":"https:\/\/clam.org.br\/es\/wp-json\/wp\/v2\/categories?post=3081"},{"taxonomy":"post_tag","embeddable":true,"href":"https:\/\/clam.org.br\/es\/wp-json\/wp\/v2\/tags?post=3081"}],"curies":[{"name":"wp","href":"https:\/\/api.w.org\/{rel}","templated":true}]}}