{"id":30898,"date":"2009-08-04T00:00:00","date_gmt":"2009-08-04T03:00:00","guid":{"rendered":"https:\/\/clam.fw2web.com.br\/es\/2009\/08\/04\/lanza-ai-advertencia-por-agresion-a-mujeres\/"},"modified":"2009-08-04T00:00:00","modified_gmt":"2009-08-04T03:00:00","slug":"lanza-ai-advertencia-por-agresion-a-mujeres","status":"publish","type":"post","link":"https:\/\/clam.org.br\/es\/en-los-medios\/lanza-ai-advertencia-por-agresion-a-mujeres\/30898\/","title":{"rendered":"Lanza AI advertencia por agresi\u00f3n a mujeres"},"content":{"rendered":"<p><P>Cuatro ni\u00f1as, de entre 10 y 14 a\u00f1os fueron abusadas y embarazadas por parientes cercanos. Por casos como \u00e9ste, m\u00e9dicos y defensoras de las mujeres testimoniaron sobre los efectos de la prohibici\u00f3n del aborto terap\u00e9utico ante una delegaci\u00f3n de Amnist\u00eda Internacional (AI), la cual, en voz de Kate Gilmore, alto cargo de AI, anunci\u00f3 una campa\u00f1a internacional para restituir este derecho, mientras calific\u00f3 la proscripci\u00f3n de \u00abcruel y c\u00ednica\u00bb. <\/P> <P><a href=\"http:\/\/www.cimacnoticias.com\/site\/09073104-Nicaragua-AI-a-la.38754.0.html\" target=\"_blank\" rel=\"noopener\">Texto completo<\/A><\/P><\/p>\n","protected":false},"excerpt":{"rendered":"<p>Cuatro ni\u00f1as, de entre 10 y 14 a\u00f1os fueron abusadas y embarazadas por parientes cercanos. Por casos como \u00e9ste, m\u00e9dicos y defensoras de las mujeres testimoniaron sobre los efectos de la prohibici\u00f3n del aborto terap\u00e9utico ante una delegaci\u00f3n de Amnist\u00eda Internacional (AI), la cual, en voz de Kate Gilmore, alto cargo de AI, anunci\u00f3 una campa\u00f1a internacional para restituir este derecho, mientras calific\u00f3 la proscripci\u00f3n de \u00abcruel y c\u00ednica\u00bb.<\/p>\n","protected":false},"author":1,"featured_media":0,"comment_status":"open","ping_status":"open","sticky":false,"template":"","format":"standard","meta":{"_acf_changed":false,"site-sidebar-layout":"default","site-content-layout":"default","ast-global-header-display":"","ast-main-header-display":"","ast-hfb-above-header-display":"","ast-hfb-below-header-display":"","ast-hfb-mobile-header-display":"","site-post-title":"","ast-breadcrumbs-content":"","ast-featured-img":"","footer-sml-layout":"","theme-transparent-header-meta":"","adv-header-id-meta":"","stick-header-meta":"","header-above-stick-meta":"","header-main-stick-meta":"","header-below-stick-meta":"","_jetpack_memberships_contains_paid_content":false,"footnotes":""},"categories":[27],"tags":[],"class_list":["post-30898","post","type-post","status-publish","format-standard","hentry","category-en-los-medios"],"acf":[],"yoast_head":"<!-- This site is optimized with the Yoast SEO plugin v26.1.1 - https:\/\/yoast.com\/wordpress\/plugins\/seo\/ -->\n<title>Lanza AI advertencia por agresi\u00f3n a mujeres - CLAM - ES<\/title>\n<meta name=\"robots\" content=\"index, follow, max-snippet:-1, max-image-preview:large, max-video-preview:-1\" \/>\n<link rel=\"canonical\" href=\"https:\/\/clam.org.br\/es\/en-los-medios\/lanza-ai-advertencia-por-agresion-a-mujeres\/30898\/\" \/>\n<meta property=\"og:locale\" content=\"es_ES\" \/>\n<meta property=\"og:type\" content=\"article\" \/>\n<meta property=\"og:title\" content=\"Lanza AI advertencia por agresi\u00f3n a mujeres - CLAM - ES\" \/>\n<meta property=\"og:description\" content=\"Cuatro ni\u00f1as, de entre 10 y 14 a\u00f1os fueron abusadas y embarazadas por parientes cercanos. Por casos como \u00e9ste, m\u00e9dicos y defensoras de las mujeres testimoniaron sobre los efectos de la prohibici\u00f3n del aborto terap\u00e9utico ante una delegaci\u00f3n de Amnist\u00eda Internacional (AI), la cual, en voz de Kate Gilmore, alto cargo de AI, anunci\u00f3 una campa\u00f1a internacional para restituir este derecho, mientras calific\u00f3 la proscripci\u00f3n de &quot;cruel y c\u00ednica&quot;.\" \/>\n<meta property=\"og:url\" content=\"https:\/\/clam.org.br\/es\/en-los-medios\/lanza-ai-advertencia-por-agresion-a-mujeres\/30898\/\" \/>\n<meta property=\"og:site_name\" content=\"CLAM - ES\" \/>\n<meta property=\"article:published_time\" content=\"2009-08-04T03:00:00+00:00\" \/>\n<meta name=\"author\" content=\"fw2\" \/>\n<meta name=\"twitter:card\" content=\"summary_large_image\" \/>\n<meta name=\"twitter:label1\" content=\"Escrito por\" \/>\n\t<meta name=\"twitter:data1\" content=\"fw2\" \/>\n<script type=\"application\/ld+json\" class=\"yoast-schema-graph\">{\"@context\":\"https:\/\/schema.org\",\"@graph\":[{\"@type\":\"WebPage\",\"@id\":\"https:\/\/clam.org.br\/es\/en-los-medios\/lanza-ai-advertencia-por-agresion-a-mujeres\/30898\/\",\"url\":\"https:\/\/clam.org.br\/es\/en-los-medios\/lanza-ai-advertencia-por-agresion-a-mujeres\/30898\/\",\"name\":\"Lanza AI advertencia por agresi\u00f3n a mujeres - CLAM - ES\",\"isPartOf\":{\"@id\":\"https:\/\/clam.org.br\/es\/#website\"},\"datePublished\":\"2009-08-04T03:00:00+00:00\",\"author\":{\"@id\":\"https:\/\/clam.org.br\/es\/#\/schema\/person\/fbd9a86032bf7479f94b0ded196f1010\"},\"breadcrumb\":{\"@id\":\"https:\/\/clam.org.br\/es\/en-los-medios\/lanza-ai-advertencia-por-agresion-a-mujeres\/30898\/#breadcrumb\"},\"inLanguage\":\"es\",\"potentialAction\":[{\"@type\":\"ReadAction\",\"target\":[\"https:\/\/clam.org.br\/es\/en-los-medios\/lanza-ai-advertencia-por-agresion-a-mujeres\/30898\/\"]}]},{\"@type\":\"BreadcrumbList\",\"@id\":\"https:\/\/clam.org.br\/es\/en-los-medios\/lanza-ai-advertencia-por-agresion-a-mujeres\/30898\/#breadcrumb\",\"itemListElement\":[{\"@type\":\"ListItem\",\"position\":1,\"name\":\"In\u00edcio\",\"item\":\"https:\/\/clam.org.br\/es\/\"},{\"@type\":\"ListItem\",\"position\":2,\"name\":\"Lanza AI advertencia por agresi\u00f3n a mujeres\"}]},{\"@type\":\"WebSite\",\"@id\":\"https:\/\/clam.org.br\/es\/#website\",\"url\":\"https:\/\/clam.org.br\/es\/\",\"name\":\"CLAM - ES\",\"description\":\"S\u00f3 mais um site CLAM - Centro Latino-Americano em Sexualidade e Direitos Humanos sites\",\"potentialAction\":[{\"@type\":\"SearchAction\",\"target\":{\"@type\":\"EntryPoint\",\"urlTemplate\":\"https:\/\/clam.org.br\/es\/?s={search_term_string}\"},\"query-input\":{\"@type\":\"PropertyValueSpecification\",\"valueRequired\":true,\"valueName\":\"search_term_string\"}}],\"inLanguage\":\"es\"},{\"@type\":\"Person\",\"@id\":\"https:\/\/clam.org.br\/es\/#\/schema\/person\/fbd9a86032bf7479f94b0ded196f1010\",\"name\":\"fw2\",\"image\":{\"@type\":\"ImageObject\",\"inLanguage\":\"es\",\"@id\":\"https:\/\/clam.org.br\/es\/#\/schema\/person\/image\/\",\"url\":\"https:\/\/secure.gravatar.com\/avatar\/c38472c0cdbde82d9b6fcc26adb3779d?s=96&d=mm&r=g\",\"contentUrl\":\"https:\/\/secure.gravatar.com\/avatar\/c38472c0cdbde82d9b6fcc26adb3779d?s=96&d=mm&r=g\",\"caption\":\"fw2\"},\"sameAs\":[\"https:\/\/clam.fw2web.com.br\"],\"url\":\"https:\/\/clam.org.br\/es\/author\/fw2\/\"}]}<\/script>\n<!-- \/ Yoast SEO plugin. -->","yoast_head_json":{"title":"Lanza AI advertencia por agresi\u00f3n a mujeres - CLAM - ES","robots":{"index":"index","follow":"follow","max-snippet":"max-snippet:-1","max-image-preview":"max-image-preview:large","max-video-preview":"max-video-preview:-1"},"canonical":"https:\/\/clam.org.br\/es\/en-los-medios\/lanza-ai-advertencia-por-agresion-a-mujeres\/30898\/","og_locale":"es_ES","og_type":"article","og_title":"Lanza AI advertencia por agresi\u00f3n a mujeres - CLAM - ES","og_description":"Cuatro ni\u00f1as, de entre 10 y 14 a\u00f1os fueron abusadas y embarazadas por parientes cercanos. Por casos como \u00e9ste, m\u00e9dicos y defensoras de las mujeres testimoniaron sobre los efectos de la prohibici\u00f3n del aborto terap\u00e9utico ante una delegaci\u00f3n de Amnist\u00eda Internacional (AI), la cual, en voz de Kate Gilmore, alto cargo de AI, anunci\u00f3 una campa\u00f1a internacional para restituir este derecho, mientras calific\u00f3 la proscripci\u00f3n de \"cruel y c\u00ednica\".","og_url":"https:\/\/clam.org.br\/es\/en-los-medios\/lanza-ai-advertencia-por-agresion-a-mujeres\/30898\/","og_site_name":"CLAM - ES","article_published_time":"2009-08-04T03:00:00+00:00","author":"fw2","twitter_card":"summary_large_image","twitter_misc":{"Escrito por":"fw2"},"schema":{"@context":"https:\/\/schema.org","@graph":[{"@type":"WebPage","@id":"https:\/\/clam.org.br\/es\/en-los-medios\/lanza-ai-advertencia-por-agresion-a-mujeres\/30898\/","url":"https:\/\/clam.org.br\/es\/en-los-medios\/lanza-ai-advertencia-por-agresion-a-mujeres\/30898\/","name":"Lanza AI advertencia por agresi\u00f3n a mujeres - CLAM - ES","isPartOf":{"@id":"https:\/\/clam.org.br\/es\/#website"},"datePublished":"2009-08-04T03:00:00+00:00","author":{"@id":"https:\/\/clam.org.br\/es\/#\/schema\/person\/fbd9a86032bf7479f94b0ded196f1010"},"breadcrumb":{"@id":"https:\/\/clam.org.br\/es\/en-los-medios\/lanza-ai-advertencia-por-agresion-a-mujeres\/30898\/#breadcrumb"},"inLanguage":"es","potentialAction":[{"@type":"ReadAction","target":["https:\/\/clam.org.br\/es\/en-los-medios\/lanza-ai-advertencia-por-agresion-a-mujeres\/30898\/"]}]},{"@type":"BreadcrumbList","@id":"https:\/\/clam.org.br\/es\/en-los-medios\/lanza-ai-advertencia-por-agresion-a-mujeres\/30898\/#breadcrumb","itemListElement":[{"@type":"ListItem","position":1,"name":"In\u00edcio","item":"https:\/\/clam.org.br\/es\/"},{"@type":"ListItem","position":2,"name":"Lanza AI advertencia por agresi\u00f3n a mujeres"}]},{"@type":"WebSite","@id":"https:\/\/clam.org.br\/es\/#website","url":"https:\/\/clam.org.br\/es\/","name":"CLAM - ES","description":"S\u00f3 mais um site CLAM - Centro Latino-Americano em Sexualidade e Direitos Humanos sites","potentialAction":[{"@type":"SearchAction","target":{"@type":"EntryPoint","urlTemplate":"https:\/\/clam.org.br\/es\/?s={search_term_string}"},"query-input":{"@type":"PropertyValueSpecification","valueRequired":true,"valueName":"search_term_string"}}],"inLanguage":"es"},{"@type":"Person","@id":"https:\/\/clam.org.br\/es\/#\/schema\/person\/fbd9a86032bf7479f94b0ded196f1010","name":"fw2","image":{"@type":"ImageObject","inLanguage":"es","@id":"https:\/\/clam.org.br\/es\/#\/schema\/person\/image\/","url":"https:\/\/secure.gravatar.com\/avatar\/c38472c0cdbde82d9b6fcc26adb3779d?s=96&d=mm&r=g","contentUrl":"https:\/\/secure.gravatar.com\/avatar\/c38472c0cdbde82d9b6fcc26adb3779d?s=96&d=mm&r=g","caption":"fw2"},"sameAs":["https:\/\/clam.fw2web.com.br"],"url":"https:\/\/clam.org.br\/es\/author\/fw2\/"}]}},"jetpack_featured_media_url":"","jetpack_sharing_enabled":true,"_links":{"self":[{"href":"https:\/\/clam.org.br\/es\/wp-json\/wp\/v2\/posts\/30898","targetHints":{"allow":["GET"]}}],"collection":[{"href":"https:\/\/clam.org.br\/es\/wp-json\/wp\/v2\/posts"}],"about":[{"href":"https:\/\/clam.org.br\/es\/wp-json\/wp\/v2\/types\/post"}],"author":[{"embeddable":true,"href":"https:\/\/clam.org.br\/es\/wp-json\/wp\/v2\/users\/1"}],"replies":[{"embeddable":true,"href":"https:\/\/clam.org.br\/es\/wp-json\/wp\/v2\/comments?post=30898"}],"version-history":[{"count":0,"href":"https:\/\/clam.org.br\/es\/wp-json\/wp\/v2\/posts\/30898\/revisions"}],"wp:attachment":[{"href":"https:\/\/clam.org.br\/es\/wp-json\/wp\/v2\/media?parent=30898"}],"wp:term":[{"taxonomy":"category","embeddable":true,"href":"https:\/\/clam.org.br\/es\/wp-json\/wp\/v2\/categories?post=30898"},{"taxonomy":"post_tag","embeddable":true,"href":"https:\/\/clam.org.br\/es\/wp-json\/wp\/v2\/tags?post=30898"}],"curies":[{"name":"wp","href":"https:\/\/api.w.org\/{rel}","templated":true}]}}